{"id":10071,"date":"2024-12-17T08:44:20","date_gmt":"2024-12-17T11:44:20","guid":{"rendered":"https:\/\/expresso.estadao.com.br\/sao-paulo\/?p=10071"},"modified":"2024-12-17T10:46:02","modified_gmt":"2024-12-17T13:46:02","slug":"cemiterios-de-sp-novos-servicos-e-reducao-de-precos","status":"publish","type":"post","link":"https:\/\/expresso.estadao.com.br\/sao-paulo\/2024\/12\/17\/cemiterios-de-sp-novos-servicos-e-reducao-de-precos\/","title":{"rendered":"Cemit\u00e9rios de SP: novos servi\u00e7os e redu\u00e7\u00e3o de pre\u00e7os"},"content":{"rendered":"<p><strong>Este conte\u00fado \u00e9 produzido pelo Estad\u00e3o Blue Studio em parceria com a Prefeitura de S\u00e3o Paulo<\/strong><\/p>\n<p>A Prefeitura de S\u00e3o Paulo iniciou no ano passado um processo de transforma\u00e7\u00e3o nos servi\u00e7os funer\u00e1rios para melhorar o atendimento \u00e0 popula\u00e7\u00e3o. Em janeiro de 2023, a gest\u00e3o dos 21 cemit\u00e9rios municipais e do cremat\u00f3rio da Vila Alpina foram concedidos a quatro concession\u00e1rias. Os objetivos foram modernizar a infraestrutura, combater a corrup\u00e7\u00e3o, melhorar a qualidade dos servi\u00e7os e garantir o acesso a pacotes funer\u00e1rios com valores aceit\u00e1veis.<\/p>\n<p>A\u00e7\u00f5es que come\u00e7aram a ser colocadas em pr\u00e1tica em resposta a desafios hist\u00f3ricos enfrentados pela administra\u00e7\u00e3o p\u00fablica: cemit\u00e9rios degradados, infraestrutura deficiente, inseguran\u00e7a e den\u00fancias de corrup\u00e7\u00e3o. Al\u00e9m disso, o modelo de gest\u00e3o baseado em covas rasas atingiu um limite, exigindo reformula\u00e7\u00e3o e investimentos.<\/p>\n<p>As melhorias apareceram em apenas dois anos. Um dos avan\u00e7os foi a amplia\u00e7\u00e3o da rede de ag\u00eancias funer\u00e1rias, que agora soma 42 unidades pela cidade. E para garantir a execu\u00e7\u00e3o dos contratos, a transi\u00e7\u00e3o foi marcada por um r\u00edgido sistema de fiscaliza\u00e7\u00e3o. Destacam-se entre as melhorias f\u00edsicas a constru\u00e7\u00e3o de gavetas, acabando com sepultamentos em covas de terra, e a revitaliza\u00e7\u00e3o das \u00e1reas comuns dos cemit\u00e9rios. O cemit\u00e9rio de Itaquera, por exemplo, recebeu obras de drenagem e seguran\u00e7a.<\/p>\n<p>O plano de interven\u00e7\u00f5es prev\u00ea reformar todos os cemit\u00e9rios at\u00e9 2027. Das 42 ag\u00eancias funer\u00e1rias, 11 foram reformadas e as demais s\u00e3o novas, equipadas com infraestrutura moderna. Agora, os pacotes funer\u00e1rios s\u00e3o padronizados em cinco categorias \u2013 Social (R$ 585,79), Popular (R$ 1.494,13), Padr\u00e3o (R$ 3.408,02), Luxo (R$ 5.737,26) e Israelita (R$ 3.153,33), al\u00e9m da categoria gratuita, que atende cerca de 7 mil fam\u00edlias anualmente.<\/p>\n<p>Com a concess\u00e3o, em janeiro de 2023, os pre\u00e7os dos pacotes ficaram 25% mais baixos. Atualmente, os valores foram reajustados em 3,49%, abaixo do IPCA, que ficou em 8,68%.<\/p>\n<p><strong>Gratuidade<\/strong><\/p>\n<p>As concession\u00e1rias s\u00e3o obrigadas a disponibilizar gratuidades para grupos vulner\u00e1veis em todas as suas ag\u00eancias, com a qualidade do servi\u00e7o regulamentada e fiscalizada pela SP Regula, \u00f3rg\u00e3o respons\u00e1vel pela supervis\u00e3o na cidade. A gratuidade \u00e9 destinada a pessoas cadastradas no Cad\u00danico, moradores de rua, benefici\u00e1rios do BPC (Benef\u00edcio de Presta\u00e7\u00e3o Continuada), doadores de \u00f3rg\u00e3os, indiv\u00edduos n\u00e3o identificados ou sem familiares, al\u00e9m de casos acompanhados por assistentes sociais.<\/p>\n<p><strong>Fiscaliza\u00e7\u00e3o<\/strong><\/p>\n<p>A fiscaliza\u00e7\u00e3o dos servi\u00e7os funer\u00e1rios foi intensificada pela SP Regula com o aumento do n\u00famero de fiscais e utiliza\u00e7\u00e3o de intelig\u00eancia de dados para monitorar as atividades das concession\u00e1rias. Outro avan\u00e7o foi a introdu\u00e7\u00e3o do Guia de Transporte de Cad\u00e1veres para coibir a atua\u00e7\u00e3o de funer\u00e1rias irregulares. Multas t\u00eam sido aplicadas por falhas e problemas de zeladoria s\u00e3o alvo de intenso monitoramento.<\/p>\n<p><strong>Este conte\u00fado \u00e9 produzido pelo Estad\u00e3o Blue Studio em parceria com a Prefeitura de S\u00e3o Paulo<\/strong><\/p>\n","protected":false},"excerpt":{"rendered":"<p>Este conte\u00fado \u00e9 produzido pelo Estad\u00e3o Blue Studio em parceria com a Prefeitura de S\u00e3o Paulo A Prefeitura de S\u00e3o Paulo iniciou no ano passado um processo de transforma\u00e7\u00e3o nos servi\u00e7os funer\u00e1rios para melhorar o atendimento \u00e0 popula\u00e7\u00e3o. Em janeiro de 2023, a gest\u00e3o dos 21 cemit\u00e9rios municipais e do cremat\u00f3rio da Vila Alpina foram [&hellip;]<\/p>\n","protected":false},"author":4,"featured_media":10073,"comment_status":"open","ping_status":"closed","sticky":false,"template":"","format":"standard","meta":{"_acf_changed":false,"_monsterinsights_skip_tracking":false,"_monsterinsights_sitenote_active":false,"_monsterinsights_sitenote_note":"","_monsterinsights_sitenote_category":0,"footnotes":""},"categories":[751],"tags":[1157,1158,52],"class_list":["post-10071","post","type-post","status-publish","format-standard","has-post-thumbnail","hentry","category-gestao","tag-cemiterios","tag-concessionarias","tag-prefeitura-de-sao-paulo"],"acf":[],"yoast_head":"<!-- This site is optimized with the Yoast SEO plugin v24.1 - https:\/\/yoast.com\/wordpress\/plugins\/seo\/ -->\n<title>Cemit\u00e9rios de SP - Estad\u00e3o Expresso S\u00e3o Paulo<\/title>\n<meta name=\"description\" content=\"Concession\u00e1rias oferecem pacotes gratuitos e sociais, dispon\u00edveis para todos agora na rede ampliada de 42 ag\u00eancias funer\u00e1rias\" \/>\n<meta name=\"robots\" content=\"index, follow, max-snippet:-1, max-image-preview:large, max-video-preview:-1\" \/>\n<link rel=\"canonical\" href=\"https:\/\/expresso.estadao.com.br\/sao-paulo\/2024\/12\/17\/cemiterios-de-sp-novos-servicos-e-reducao-de-precos\/\" \/>\n<meta property=\"og:locale\" content=\"pt_BR\" \/>\n<meta property=\"og:type\" content=\"article\" \/>\n<meta property=\"og:title\" content=\"Cemit\u00e9rios de SP - Estad\u00e3o Expresso S\u00e3o Paulo\" \/>\n<meta property=\"og:description\" content=\"Concession\u00e1rias oferecem pacotes gratuitos e sociais, dispon\u00edveis para todos agora na rede ampliada de 42 ag\u00eancias funer\u00e1rias\" \/>\n<meta property=\"og:url\" content=\"https:\/\/expresso.estadao.com.br\/sao-paulo\/2024\/12\/17\/cemiterios-de-sp-novos-servicos-e-reducao-de-precos\/\" \/>\n<meta property=\"og:site_name\" content=\"Estad\u00e3o Expresso S\u00e3o Paulo\" \/>\n<meta property=\"article:published_time\" content=\"2024-12-17T11:44:20+00:00\" \/>\n<meta property=\"article:modified_time\" content=\"2024-12-17T13:46:02+00:00\" \/>\n<meta property=\"og:image\" content=\"https:\/\/expresso.estadao.com.br\/sao-paulo\/wp-content\/uploads\/2024\/12\/20191030_CemiterioConsolacao_MP_7627.jpg\" \/>\n\t<meta property=\"og:image:type\" content=\"image\/jpeg\" \/>\n<meta name=\"author\" content=\"fabio_bairros\" \/>\n<meta name=\"twitter:card\" content=\"summary_large_image\" \/>\n<meta name=\"twitter:label1\" content=\"Escrito por\" \/>\n\t<meta name=\"twitter:data1\" content=\"fabio_bairros\" \/>\n\t<meta name=\"twitter:label2\" content=\"Est. tempo de leitura\" \/>\n\t<meta name=\"twitter:data2\" content=\"3 minutos\" \/>\n<script type=\"application\/ld+json\" class=\"yoast-schema-graph\">{\"@context\":\"https:\/\/schema.org\",\"@graph\":[{\"@type\":\"WebPage\",\"@id\":\"https:\/\/expresso.estadao.com.br\/sao-paulo\/2024\/12\/17\/cemiterios-de-sp-novos-servicos-e-reducao-de-precos\/\",\"url\":\"https:\/\/expresso.estadao.com.br\/sao-paulo\/2024\/12\/17\/cemiterios-de-sp-novos-servicos-e-reducao-de-precos\/\",\"name\":\"Cemit\u00e9rios de SP - Estad\u00e3o Expresso S\u00e3o Paulo\",\"isPartOf\":{\"@id\":\"https:\/\/expresso.estadao.com.br\/sao-paulo\/#website\"},\"primaryImageOfPage\":{\"@id\":\"https:\/\/expresso.estadao.com.br\/sao-paulo\/2024\/12\/17\/cemiterios-de-sp-novos-servicos-e-reducao-de-precos\/#primaryimage\"},\"image\":{\"@id\":\"https:\/\/expresso.estadao.com.br\/sao-paulo\/2024\/12\/17\/cemiterios-de-sp-novos-servicos-e-reducao-de-precos\/#primaryimage\"},\"thumbnailUrl\":\"https:\/\/expresso.estadao.com.br\/sao-paulo\/wp-content\/uploads\/2024\/12\/20191030_CemiterioConsolacao_MP_7627.jpg\",\"datePublished\":\"2024-12-17T11:44:20+00:00\",\"dateModified\":\"2024-12-17T13:46:02+00:00\",\"author\":{\"@id\":\"https:\/\/expresso.estadao.com.br\/sao-paulo\/#\/schema\/person\/f45f9e313ba8cbe5af9424f387ddef42\"},\"description\":\"Concession\u00e1rias oferecem pacotes gratuitos e sociais, dispon\u00edveis para todos agora na rede ampliada de 42 ag\u00eancias funer\u00e1rias\",\"breadcrumb\":{\"@id\":\"https:\/\/expresso.estadao.com.br\/sao-paulo\/2024\/12\/17\/cemiterios-de-sp-novos-servicos-e-reducao-de-precos\/#breadcrumb\"},\"inLanguage\":\"pt-BR\",\"potentialAction\":[{\"@type\":\"ReadAction\",\"target\":[\"https:\/\/expresso.estadao.com.br\/sao-paulo\/2024\/12\/17\/cemiterios-de-sp-novos-servicos-e-reducao-de-precos\/\"]}]},{\"@type\":\"ImageObject\",\"inLanguage\":\"pt-BR\",\"@id\":\"https:\/\/expresso.estadao.com.br\/sao-paulo\/2024\/12\/17\/cemiterios-de-sp-novos-servicos-e-reducao-de-precos\/#primaryimage\",\"url\":\"https:\/\/expresso.estadao.com.br\/sao-paulo\/wp-content\/uploads\/2024\/12\/20191030_CemiterioConsolacao_MP_7627.jpg\",\"contentUrl\":\"https:\/\/expresso.estadao.com.br\/sao-paulo\/wp-content\/uploads\/2024\/12\/20191030_CemiterioConsolacao_MP_7627.jpg\",\"width\":2000,\"height\":1333,\"caption\":\"Marcelo Pereira\/Prefeitura SP\"},{\"@type\":\"BreadcrumbList\",\"@id\":\"https:\/\/expresso.estadao.com.br\/sao-paulo\/2024\/12\/17\/cemiterios-de-sp-novos-servicos-e-reducao-de-precos\/#breadcrumb\",\"itemListElement\":[{\"@type\":\"ListItem\",\"position\":1,\"name\":\"In\u00edcio\",\"item\":\"https:\/\/expresso.estadao.com.br\/sao-paulo\/\"},{\"@type\":\"ListItem\",\"position\":2,\"name\":\"Cemit\u00e9rios de SP: novos servi\u00e7os e redu\u00e7\u00e3o de pre\u00e7os\"}]},{\"@type\":\"WebSite\",\"@id\":\"https:\/\/expresso.estadao.com.br\/sao-paulo\/#website\",\"url\":\"https:\/\/expresso.estadao.com.br\/sao-paulo\/\",\"name\":\"Estad\u00e3o Expresso S\u00e3o Paulo\",\"description\":\"Conte\u00fado de presta\u00e7\u00e3o de servi\u00e7o para que os moradores da cidade de S\u00e3o Paulo possam se informar melhor e usar de maneira mais eficaz os servi\u00e7os p\u00fablicos municipais.\",\"potentialAction\":[{\"@type\":\"SearchAction\",\"target\":{\"@type\":\"EntryPoint\",\"urlTemplate\":\"https:\/\/expresso.estadao.com.br\/sao-paulo\/?s={search_term_string}\"},\"query-input\":{\"@type\":\"PropertyValueSpecification\",\"valueRequired\":true,\"valueName\":\"search_term_string\"}}],\"inLanguage\":\"pt-BR\"},{\"@type\":\"Person\",\"@id\":\"https:\/\/expresso.estadao.com.br\/sao-paulo\/#\/schema\/person\/f45f9e313ba8cbe5af9424f387ddef42\",\"name\":\"fabio_bairros\",\"image\":{\"@type\":\"ImageObject\",\"inLanguage\":\"pt-BR\",\"@id\":\"https:\/\/expresso.estadao.com.br\/sao-paulo\/#\/schema\/person\/image\/\",\"url\":\"https:\/\/secure.gravatar.com\/avatar\/fbecca90befcfda9505216ce0dc87261326cb6644deb5861e7ab404061c24246?s=96&d=mm&r=g\",\"contentUrl\":\"https:\/\/secure.gravatar.com\/avatar\/fbecca90befcfda9505216ce0dc87261326cb6644deb5861e7ab404061c24246?s=96&d=mm&r=g\",\"caption\":\"fabio_bairros\"}}]}<\/script>\n<!-- \/ Yoast SEO plugin. -->","yoast_head_json":{"title":"Cemit\u00e9rios de SP - Estad\u00e3o Expresso S\u00e3o Paulo","description":"Concession\u00e1rias oferecem pacotes gratuitos e sociais, dispon\u00edveis para todos agora na rede ampliada de 42 ag\u00eancias funer\u00e1rias","robots":{"index":"index","follow":"follow","max-snippet":"max-snippet:-1","max-image-preview":"max-image-preview:large","max-video-preview":"max-video-preview:-1"},"canonical":"https:\/\/expresso.estadao.com.br\/sao-paulo\/2024\/12\/17\/cemiterios-de-sp-novos-servicos-e-reducao-de-precos\/","og_locale":"pt_BR","og_type":"article","og_title":"Cemit\u00e9rios de SP - Estad\u00e3o Expresso S\u00e3o Paulo","og_description":"Concession\u00e1rias oferecem pacotes gratuitos e sociais, dispon\u00edveis para todos agora na rede ampliada de 42 ag\u00eancias funer\u00e1rias","og_url":"https:\/\/expresso.estadao.com.br\/sao-paulo\/2024\/12\/17\/cemiterios-de-sp-novos-servicos-e-reducao-de-precos\/","og_site_name":"Estad\u00e3o Expresso S\u00e3o Paulo","article_published_time":"2024-12-17T11:44:20+00:00","article_modified_time":"2024-12-17T13:46:02+00:00","og_image":[{"width":"","height":"","url":"https:\/\/expresso.estadao.com.br\/sao-paulo\/wp-content\/uploads\/2024\/12\/20191030_CemiterioConsolacao_MP_7627.jpg","type":"image\/jpeg"}],"author":"fabio_bairros","twitter_card":"summary_large_image","twitter_misc":{"Escrito por":"fabio_bairros","Est. tempo de leitura":"3 minutos"},"schema":{"@context":"https:\/\/schema.org","@graph":[{"@type":"WebPage","@id":"https:\/\/expresso.estadao.com.br\/sao-paulo\/2024\/12\/17\/cemiterios-de-sp-novos-servicos-e-reducao-de-precos\/","url":"https:\/\/expresso.estadao.com.br\/sao-paulo\/2024\/12\/17\/cemiterios-de-sp-novos-servicos-e-reducao-de-precos\/","name":"Cemit\u00e9rios de SP - Estad\u00e3o Expresso S\u00e3o Paulo","isPartOf":{"@id":"https:\/\/expresso.estadao.com.br\/sao-paulo\/#website"},"primaryImageOfPage":{"@id":"https:\/\/expresso.estadao.com.br\/sao-paulo\/2024\/12\/17\/cemiterios-de-sp-novos-servicos-e-reducao-de-precos\/#primaryimage"},"image":{"@id":"https:\/\/expresso.estadao.com.br\/sao-paulo\/2024\/12\/17\/cemiterios-de-sp-novos-servicos-e-reducao-de-precos\/#primaryimage"},"thumbnailUrl":"https:\/\/expresso.estadao.com.br\/sao-paulo\/wp-content\/uploads\/2024\/12\/20191030_CemiterioConsolacao_MP_7627.jpg","datePublished":"2024-12-17T11:44:20+00:00","dateModified":"2024-12-17T13:46:02+00:00","author":{"@id":"https:\/\/expresso.estadao.com.br\/sao-paulo\/#\/schema\/person\/f45f9e313ba8cbe5af9424f387ddef42"},"description":"Concession\u00e1rias oferecem pacotes gratuitos e sociais, dispon\u00edveis para todos agora na rede ampliada de 42 ag\u00eancias funer\u00e1rias","breadcrumb":{"@id":"https:\/\/expresso.estadao.com.br\/sao-paulo\/2024\/12\/17\/cemiterios-de-sp-novos-servicos-e-reducao-de-precos\/#breadcrumb"},"inLanguage":"pt-BR","potentialAction":[{"@type":"ReadAction","target":["https:\/\/expresso.estadao.com.br\/sao-paulo\/2024\/12\/17\/cemiterios-de-sp-novos-servicos-e-reducao-de-precos\/"]}]},{"@type":"ImageObject","inLanguage":"pt-BR","@id":"https:\/\/expresso.estadao.com.br\/sao-paulo\/2024\/12\/17\/cemiterios-de-sp-novos-servicos-e-reducao-de-precos\/#primaryimage","url":"https:\/\/expresso.estadao.com.br\/sao-paulo\/wp-content\/uploads\/2024\/12\/20191030_CemiterioConsolacao_MP_7627.jpg","contentUrl":"https:\/\/expresso.estadao.com.br\/sao-paulo\/wp-content\/uploads\/2024\/12\/20191030_CemiterioConsolacao_MP_7627.jpg","width":2000,"height":1333,"caption":"Marcelo Pereira\/Prefeitura SP"},{"@type":"BreadcrumbList","@id":"https:\/\/expresso.estadao.com.br\/sao-paulo\/2024\/12\/17\/cemiterios-de-sp-novos-servicos-e-reducao-de-precos\/#breadcrumb","itemListElement":[{"@type":"ListItem","position":1,"name":"In\u00edcio","item":"https:\/\/expresso.estadao.com.br\/sao-paulo\/"},{"@type":"ListItem","position":2,"name":"Cemit\u00e9rios de SP: novos servi\u00e7os e redu\u00e7\u00e3o de pre\u00e7os"}]},{"@type":"WebSite","@id":"https:\/\/expresso.estadao.com.br\/sao-paulo\/#website","url":"https:\/\/expresso.estadao.com.br\/sao-paulo\/","name":"Estad\u00e3o Expresso S\u00e3o Paulo","description":"Conte\u00fado de presta\u00e7\u00e3o de servi\u00e7o para que os moradores da cidade de S\u00e3o Paulo possam se informar melhor e usar de maneira mais eficaz os servi\u00e7os p\u00fablicos municipais.","potentialAction":[{"@type":"SearchAction","target":{"@type":"EntryPoint","urlTemplate":"https:\/\/expresso.estadao.com.br\/sao-paulo\/?s={search_term_string}"},"query-input":{"@type":"PropertyValueSpecification","valueRequired":true,"valueName":"search_term_string"}}],"inLanguage":"pt-BR"},{"@type":"Person","@id":"https:\/\/expresso.estadao.com.br\/sao-paulo\/#\/schema\/person\/f45f9e313ba8cbe5af9424f387ddef42","name":"fabio_bairros","image":{"@type":"ImageObject","inLanguage":"pt-BR","@id":"https:\/\/expresso.estadao.com.br\/sao-paulo\/#\/schema\/person\/image\/","url":"https:\/\/secure.gravatar.com\/avatar\/fbecca90befcfda9505216ce0dc87261326cb6644deb5861e7ab404061c24246?s=96&d=mm&r=g","contentUrl":"https:\/\/secure.gravatar.com\/avatar\/fbecca90befcfda9505216ce0dc87261326cb6644deb5861e7ab404061c24246?s=96&d=mm&r=g","caption":"fabio_bairros"}}]}},"_links":{"self":[{"href":"https:\/\/expresso.estadao.com.br\/sao-paulo\/wp-json\/wp\/v2\/posts\/10071","targetHints":{"allow":["GET"]}}],"collection":[{"href":"https:\/\/expresso.estadao.com.br\/sao-paulo\/wp-json\/wp\/v2\/posts"}],"about":[{"href":"https:\/\/expresso.estadao.com.br\/sao-paulo\/wp-json\/wp\/v2\/types\/post"}],"author":[{"embeddable":true,"href":"https:\/\/expresso.estadao.com.br\/sao-paulo\/wp-json\/wp\/v2\/users\/4"}],"replies":[{"embeddable":true,"href":"https:\/\/expresso.estadao.com.br\/sao-paulo\/wp-json\/wp\/v2\/comments?post=10071"}],"version-history":[{"count":2,"href":"https:\/\/expresso.estadao.com.br\/sao-paulo\/wp-json\/wp\/v2\/posts\/10071\/revisions"}],"predecessor-version":[{"id":10087,"href":"https:\/\/expresso.estadao.com.br\/sao-paulo\/wp-json\/wp\/v2\/posts\/10071\/revisions\/10087"}],"wp:featuredmedia":[{"embeddable":true,"href":"https:\/\/expresso.estadao.com.br\/sao-paulo\/wp-json\/wp\/v2\/media\/10073"}],"wp:attachment":[{"href":"https:\/\/expresso.estadao.com.br\/sao-paulo\/wp-json\/wp\/v2\/media?parent=10071"}],"wp:term":[{"taxonomy":"category","embeddable":true,"href":"https:\/\/expresso.estadao.com.br\/sao-paulo\/wp-json\/wp\/v2\/categories?post=10071"},{"taxonomy":"post_tag","embeddable":true,"href":"https:\/\/expresso.estadao.com.br\/sao-paulo\/wp-json\/wp\/v2\/tags?post=10071"}],"curies":[{"name":"wp","href":"https:\/\/api.w.org\/{rel}","templated":true}]}}