{"id":10250,"date":"2025-03-20T07:48:08","date_gmt":"2025-03-20T10:48:08","guid":{"rendered":"https:\/\/expresso.estadao.com.br\/sao-paulo\/?p=10250"},"modified":"2025-03-20T07:48:08","modified_gmt":"2025-03-20T10:48:08","slug":"capital-aumenta-frota-sustentavel-para-coleta-de-lixo","status":"publish","type":"post","link":"https:\/\/expresso.estadao.com.br\/sao-paulo\/2025\/03\/20\/capital-aumenta-frota-sustentavel-para-coleta-de-lixo\/","title":{"rendered":"Capital aumenta frota sustent\u00e1vel para coleta de lixo"},"content":{"rendered":"<p>A Prefeitura de S\u00e3o Paulo entregou nesta segunda-feira (17) mais 22 caminh\u00f5es da coleta de res\u00edduos movidos a energia limpa.<\/p>\n<p>Em dezembro, a administra\u00e7\u00e3o municipal j\u00e1 havia apresentado 27 carretas movidas a biometano destinadas \u00e0 limpeza. Agora, os novos compactadores s\u00e3o movidos a biometano e GNV, o que deve reduzir o consumo de 65 mil litros de \u00f3leo diesel por m\u00eas, evitando a emiss\u00e3o de 161 toneladas de g\u00e1s carb\u00f4nico e de 1,3 tonelada de \u00f3xidos de nitrog\u00eanio.<\/p>\n<p>Os novos ve\u00edculos s\u00e3o da concession\u00e1ria Ecourbis Ambiental, respons\u00e1vel pela coleta de res\u00edduos de bairros de 19 das 32 subprefeituras, dentro do Agrupamento Sudeste, nas zonas Sul e Leste. A empresa promete incorporar \u00e0 frota mais 100 ve\u00edculos desse tipo at\u00e9 outubro de 2025.<\/p>\n<p>Esses caminh\u00f5es ser\u00e3o utilizados na coleta regular de res\u00edduos comuns e recicl\u00e1veis, al\u00e9m do transporte dos provenientes dos servi\u00e7os de sa\u00fade.<\/p>\n<p>Por ano, segundo a Prefeitura, 780 mil litros por ano deixar\u00e3o de ser consumidos, o que resulta na redu\u00e7\u00e3o de cerca de 2.059 toneladas de di\u00f3xido de carbono (CO2). Essa redu\u00e7\u00e3o \u00e9 equivalente \u00e0 retirada de cerca de 430 ve\u00edculos de passeio das ruas ou \u00e0 redu\u00e7\u00e3o da emiss\u00e3o de gases de efeito estufa equivalente \u00e0 energia consumida por cerca de 1.100 resid\u00eancias por um ano.<\/p>\n<p>Al\u00e9m dos novos ve\u00edculos, a Ecourbis apresentou os quadriciclos el\u00e9tricos, uma alternativa para otimizar a coleta de res\u00edduos em regi\u00f5es de dif\u00edcil acesso, por onde os caminh\u00f5es n\u00e3o conseguem circular.<\/p>\n<p><strong>Impacto da nova frota<\/strong><br \/>\nA redu\u00e7\u00e3o de 65 mil litros de \u00f3leo diesel por m\u00eas pode diminuir as emiss\u00f5es de gases de efeito estufa e poluentes atmosf\u00e9ricos nas seguintes propor\u00e7\u00f5es:<\/p>\n<p>&#8211; Di\u00f3xido de carbono (CO2): cerca de 161 toneladas por m\u00eas (considerando que 1 litro de \u00f3leo diesel emite aproximadamente 2,64 kg de CO2)<br \/>\n&#8211; \u00d3xidos de nitrog\u00eanio (NOx): cerca de 1,3 tonelada por m\u00eas (considerando que 1 litro de \u00f3leo diesel emite aproximadamente 0,02 kg de NOx)<br \/>\n&#8211; Di\u00f3xido de enxofre (SO2): cerca de 0,2 tonelada por m\u00eas (considerando que 1 litro de \u00f3leo diesel emite aproximadamente 0,003 kg de SO2)<br \/>\n&#8211; Hidrocarbonetos (HC): cerca de 0,3 tonelada por m\u00eas (considerando que 1 litro de \u00f3leo diesel emite aproximadamente 0,004 kg de HC)<br \/>\n&#8211; Mon\u00f3xido de carbono (CO): cerca de 1,6 tonelada por m\u00eas (considerando que 1 litro de \u00f3leo diesel emite aproximadamente 0,025 kg de CO)<\/p>\n","protected":false},"excerpt":{"rendered":"<p>A Prefeitura de S\u00e3o Paulo entregou nesta segunda-feira (17) mais 22 caminh\u00f5es da coleta de res\u00edduos movidos a energia limpa. Em dezembro, a administra\u00e7\u00e3o municipal j\u00e1 havia apresentado 27 carretas movidas a biometano destinadas \u00e0 limpeza. Agora, os novos compactadores s\u00e3o movidos a biometano e GNV, o que deve reduzir o consumo de 65 mil [&hellip;]<\/p>\n","protected":false},"author":4,"featured_media":10252,"comment_status":"open","ping_status":"closed","sticky":false,"template":"","format":"standard","meta":{"_acf_changed":false,"_monsterinsights_skip_tracking":false,"_monsterinsights_sitenote_active":false,"_monsterinsights_sitenote_note":"","_monsterinsights_sitenote_category":0,"footnotes":""},"categories":[756],"tags":[1166,52],"class_list":["post-10250","post","type-post","status-publish","format-standard","has-post-thumbnail","hentry","category-meio-ambiente","tag-coleta-de-lixo","tag-prefeitura-de-sao-paulo"],"acf":[],"yoast_head":"<!-- This site is optimized with the Yoast SEO plugin v24.1 - https:\/\/yoast.com\/wordpress\/plugins\/seo\/ -->\n<title>Coleta de lixo em S\u00e3o Paulo - Estad\u00e3o Expresso S\u00e3o Paulo<\/title>\n<meta name=\"description\" content=\"Ve\u00edculos de coleta de lixo entregues pela Prefeitura de SP, que atender\u00e3o a bairros de 19 subprefeituras, s\u00e3o movidos a biometano e GNV\" \/>\n<meta name=\"robots\" content=\"index, follow, max-snippet:-1, max-image-preview:large, max-video-preview:-1\" \/>\n<link rel=\"canonical\" href=\"https:\/\/expresso.estadao.com.br\/sao-paulo\/2025\/03\/20\/capital-aumenta-frota-sustentavel-para-coleta-de-lixo\/\" \/>\n<meta property=\"og:locale\" content=\"pt_BR\" \/>\n<meta property=\"og:type\" content=\"article\" \/>\n<meta property=\"og:title\" content=\"Coleta de lixo em S\u00e3o Paulo - Estad\u00e3o Expresso S\u00e3o Paulo\" \/>\n<meta property=\"og:description\" content=\"Ve\u00edculos de coleta de lixo entregues pela Prefeitura de SP, que atender\u00e3o a bairros de 19 subprefeituras, s\u00e3o movidos a biometano e GNV\" \/>\n<meta property=\"og:url\" content=\"https:\/\/expresso.estadao.com.br\/sao-paulo\/2025\/03\/20\/capital-aumenta-frota-sustentavel-para-coleta-de-lixo\/\" \/>\n<meta property=\"og:site_name\" content=\"Estad\u00e3o Expresso S\u00e3o Paulo\" \/>\n<meta property=\"article:published_time\" content=\"2025-03-20T10:48:08+00:00\" \/>\n<meta property=\"og:image\" content=\"https:\/\/expresso.estadao.com.br\/sao-paulo\/wp-content\/uploads\/2025\/03\/20250317_Caminhoes-Compactadores-Residuos-Biometano_MP_4935-scaled.jpg\" \/>\n\t<meta property=\"og:image:type\" content=\"image\/jpeg\" \/>\n<meta name=\"author\" content=\"fabio_bairros\" \/>\n<meta name=\"twitter:card\" content=\"summary_large_image\" \/>\n<meta name=\"twitter:label1\" content=\"Escrito por\" \/>\n\t<meta name=\"twitter:data1\" content=\"fabio_bairros\" \/>\n\t<meta name=\"twitter:label2\" content=\"Est. tempo de leitura\" \/>\n\t<meta name=\"twitter:data2\" content=\"3 minutos\" \/>\n<script type=\"application\/ld+json\" class=\"yoast-schema-graph\">{\"@context\":\"https:\/\/schema.org\",\"@graph\":[{\"@type\":\"WebPage\",\"@id\":\"https:\/\/expresso.estadao.com.br\/sao-paulo\/2025\/03\/20\/capital-aumenta-frota-sustentavel-para-coleta-de-lixo\/\",\"url\":\"https:\/\/expresso.estadao.com.br\/sao-paulo\/2025\/03\/20\/capital-aumenta-frota-sustentavel-para-coleta-de-lixo\/\",\"name\":\"Coleta de lixo em S\u00e3o Paulo - Estad\u00e3o Expresso S\u00e3o Paulo\",\"isPartOf\":{\"@id\":\"https:\/\/expresso.estadao.com.br\/sao-paulo\/#website\"},\"primaryImageOfPage\":{\"@id\":\"https:\/\/expresso.estadao.com.br\/sao-paulo\/2025\/03\/20\/capital-aumenta-frota-sustentavel-para-coleta-de-lixo\/#primaryimage\"},\"image\":{\"@id\":\"https:\/\/expresso.estadao.com.br\/sao-paulo\/2025\/03\/20\/capital-aumenta-frota-sustentavel-para-coleta-de-lixo\/#primaryimage\"},\"thumbnailUrl\":\"https:\/\/expresso.estadao.com.br\/sao-paulo\/wp-content\/uploads\/2025\/03\/20250317_Caminhoes-Compactadores-Residuos-Biometano_MP_4935-scaled.jpg\",\"datePublished\":\"2025-03-20T10:48:08+00:00\",\"dateModified\":\"2025-03-20T10:48:08+00:00\",\"author\":{\"@id\":\"https:\/\/expresso.estadao.com.br\/sao-paulo\/#\/schema\/person\/f45f9e313ba8cbe5af9424f387ddef42\"},\"description\":\"Ve\u00edculos de coleta de lixo entregues pela Prefeitura de SP, que atender\u00e3o a bairros de 19 subprefeituras, s\u00e3o movidos a biometano e GNV\",\"breadcrumb\":{\"@id\":\"https:\/\/expresso.estadao.com.br\/sao-paulo\/2025\/03\/20\/capital-aumenta-frota-sustentavel-para-coleta-de-lixo\/#breadcrumb\"},\"inLanguage\":\"pt-BR\",\"potentialAction\":[{\"@type\":\"ReadAction\",\"target\":[\"https:\/\/expresso.estadao.com.br\/sao-paulo\/2025\/03\/20\/capital-aumenta-frota-sustentavel-para-coleta-de-lixo\/\"]}]},{\"@type\":\"ImageObject\",\"inLanguage\":\"pt-BR\",\"@id\":\"https:\/\/expresso.estadao.com.br\/sao-paulo\/2025\/03\/20\/capital-aumenta-frota-sustentavel-para-coleta-de-lixo\/#primaryimage\",\"url\":\"https:\/\/expresso.estadao.com.br\/sao-paulo\/wp-content\/uploads\/2025\/03\/20250317_Caminhoes-Compactadores-Residuos-Biometano_MP_4935-scaled.jpg\",\"contentUrl\":\"https:\/\/expresso.estadao.com.br\/sao-paulo\/wp-content\/uploads\/2025\/03\/20250317_Caminhoes-Compactadores-Residuos-Biometano_MP_4935-scaled.jpg\",\"width\":2560,\"height\":1707,\"caption\":\"Caminh\u00e3o movido a energia limpa - Foto: Marcelo Pereira\/Prefeitura SP\"},{\"@type\":\"BreadcrumbList\",\"@id\":\"https:\/\/expresso.estadao.com.br\/sao-paulo\/2025\/03\/20\/capital-aumenta-frota-sustentavel-para-coleta-de-lixo\/#breadcrumb\",\"itemListElement\":[{\"@type\":\"ListItem\",\"position\":1,\"name\":\"In\u00edcio\",\"item\":\"https:\/\/expresso.estadao.com.br\/sao-paulo\/\"},{\"@type\":\"ListItem\",\"position\":2,\"name\":\"Capital aumenta frota sustent\u00e1vel para coleta de lixo\"}]},{\"@type\":\"WebSite\",\"@id\":\"https:\/\/expresso.estadao.com.br\/sao-paulo\/#website\",\"url\":\"https:\/\/expresso.estadao.com.br\/sao-paulo\/\",\"name\":\"Estad\u00e3o Expresso S\u00e3o Paulo\",\"description\":\"Conte\u00fado de presta\u00e7\u00e3o de servi\u00e7o para que os moradores da cidade de S\u00e3o Paulo possam se informar melhor e usar de maneira mais eficaz os servi\u00e7os p\u00fablicos municipais.\",\"potentialAction\":[{\"@type\":\"SearchAction\",\"target\":{\"@type\":\"EntryPoint\",\"urlTemplate\":\"https:\/\/expresso.estadao.com.br\/sao-paulo\/?s={search_term_string}\"},\"query-input\":{\"@type\":\"PropertyValueSpecification\",\"valueRequired\":true,\"valueName\":\"search_term_string\"}}],\"inLanguage\":\"pt-BR\"},{\"@type\":\"Person\",\"@id\":\"https:\/\/expresso.estadao.com.br\/sao-paulo\/#\/schema\/person\/f45f9e313ba8cbe5af9424f387ddef42\",\"name\":\"fabio_bairros\",\"image\":{\"@type\":\"ImageObject\",\"inLanguage\":\"pt-BR\",\"@id\":\"https:\/\/expresso.estadao.com.br\/sao-paulo\/#\/schema\/person\/image\/\",\"url\":\"https:\/\/secure.gravatar.com\/avatar\/fbecca90befcfda9505216ce0dc87261326cb6644deb5861e7ab404061c24246?s=96&d=mm&r=g\",\"contentUrl\":\"https:\/\/secure.gravatar.com\/avatar\/fbecca90befcfda9505216ce0dc87261326cb6644deb5861e7ab404061c24246?s=96&d=mm&r=g\",\"caption\":\"fabio_bairros\"}}]}<\/script>\n<!-- \/ Yoast SEO plugin. -->","yoast_head_json":{"title":"Coleta de lixo em S\u00e3o Paulo - Estad\u00e3o Expresso S\u00e3o Paulo","description":"Ve\u00edculos de coleta de lixo entregues pela Prefeitura de SP, que atender\u00e3o a bairros de 19 subprefeituras, s\u00e3o movidos a biometano e GNV","robots":{"index":"index","follow":"follow","max-snippet":"max-snippet:-1","max-image-preview":"max-image-preview:large","max-video-preview":"max-video-preview:-1"},"canonical":"https:\/\/expresso.estadao.com.br\/sao-paulo\/2025\/03\/20\/capital-aumenta-frota-sustentavel-para-coleta-de-lixo\/","og_locale":"pt_BR","og_type":"article","og_title":"Coleta de lixo em S\u00e3o Paulo - Estad\u00e3o Expresso S\u00e3o Paulo","og_description":"Ve\u00edculos de coleta de lixo entregues pela Prefeitura de SP, que atender\u00e3o a bairros de 19 subprefeituras, s\u00e3o movidos a biometano e GNV","og_url":"https:\/\/expresso.estadao.com.br\/sao-paulo\/2025\/03\/20\/capital-aumenta-frota-sustentavel-para-coleta-de-lixo\/","og_site_name":"Estad\u00e3o Expresso S\u00e3o Paulo","article_published_time":"2025-03-20T10:48:08+00:00","og_image":[{"width":"","height":"","url":"https:\/\/expresso.estadao.com.br\/sao-paulo\/wp-content\/uploads\/2025\/03\/20250317_Caminhoes-Compactadores-Residuos-Biometano_MP_4935-scaled.jpg","type":"image\/jpeg"}],"author":"fabio_bairros","twitter_card":"summary_large_image","twitter_misc":{"Escrito por":"fabio_bairros","Est. tempo de leitura":"3 minutos"},"schema":{"@context":"https:\/\/schema.org","@graph":[{"@type":"WebPage","@id":"https:\/\/expresso.estadao.com.br\/sao-paulo\/2025\/03\/20\/capital-aumenta-frota-sustentavel-para-coleta-de-lixo\/","url":"https:\/\/expresso.estadao.com.br\/sao-paulo\/2025\/03\/20\/capital-aumenta-frota-sustentavel-para-coleta-de-lixo\/","name":"Coleta de lixo em S\u00e3o Paulo - Estad\u00e3o Expresso S\u00e3o Paulo","isPartOf":{"@id":"https:\/\/expresso.estadao.com.br\/sao-paulo\/#website"},"primaryImageOfPage":{"@id":"https:\/\/expresso.estadao.com.br\/sao-paulo\/2025\/03\/20\/capital-aumenta-frota-sustentavel-para-coleta-de-lixo\/#primaryimage"},"image":{"@id":"https:\/\/expresso.estadao.com.br\/sao-paulo\/2025\/03\/20\/capital-aumenta-frota-sustentavel-para-coleta-de-lixo\/#primaryimage"},"thumbnailUrl":"https:\/\/expresso.estadao.com.br\/sao-paulo\/wp-content\/uploads\/2025\/03\/20250317_Caminhoes-Compactadores-Residuos-Biometano_MP_4935-scaled.jpg","datePublished":"2025-03-20T10:48:08+00:00","dateModified":"2025-03-20T10:48:08+00:00","author":{"@id":"https:\/\/expresso.estadao.com.br\/sao-paulo\/#\/schema\/person\/f45f9e313ba8cbe5af9424f387ddef42"},"description":"Ve\u00edculos de coleta de lixo entregues pela Prefeitura de SP, que atender\u00e3o a bairros de 19 subprefeituras, s\u00e3o movidos a biometano e GNV","breadcrumb":{"@id":"https:\/\/expresso.estadao.com.br\/sao-paulo\/2025\/03\/20\/capital-aumenta-frota-sustentavel-para-coleta-de-lixo\/#breadcrumb"},"inLanguage":"pt-BR","potentialAction":[{"@type":"ReadAction","target":["https:\/\/expresso.estadao.com.br\/sao-paulo\/2025\/03\/20\/capital-aumenta-frota-sustentavel-para-coleta-de-lixo\/"]}]},{"@type":"ImageObject","inLanguage":"pt-BR","@id":"https:\/\/expresso.estadao.com.br\/sao-paulo\/2025\/03\/20\/capital-aumenta-frota-sustentavel-para-coleta-de-lixo\/#primaryimage","url":"https:\/\/expresso.estadao.com.br\/sao-paulo\/wp-content\/uploads\/2025\/03\/20250317_Caminhoes-Compactadores-Residuos-Biometano_MP_4935-scaled.jpg","contentUrl":"https:\/\/expresso.estadao.com.br\/sao-paulo\/wp-content\/uploads\/2025\/03\/20250317_Caminhoes-Compactadores-Residuos-Biometano_MP_4935-scaled.jpg","width":2560,"height":1707,"caption":"Caminh\u00e3o movido a energia limpa - Foto: Marcelo Pereira\/Prefeitura SP"},{"@type":"BreadcrumbList","@id":"https:\/\/expresso.estadao.com.br\/sao-paulo\/2025\/03\/20\/capital-aumenta-frota-sustentavel-para-coleta-de-lixo\/#breadcrumb","itemListElement":[{"@type":"ListItem","position":1,"name":"In\u00edcio","item":"https:\/\/expresso.estadao.com.br\/sao-paulo\/"},{"@type":"ListItem","position":2,"name":"Capital aumenta frota sustent\u00e1vel para coleta de lixo"}]},{"@type":"WebSite","@id":"https:\/\/expresso.estadao.com.br\/sao-paulo\/#website","url":"https:\/\/expresso.estadao.com.br\/sao-paulo\/","name":"Estad\u00e3o Expresso S\u00e3o Paulo","description":"Conte\u00fado de presta\u00e7\u00e3o de servi\u00e7o para que os moradores da cidade de S\u00e3o Paulo possam se informar melhor e usar de maneira mais eficaz os servi\u00e7os p\u00fablicos municipais.","potentialAction":[{"@type":"SearchAction","target":{"@type":"EntryPoint","urlTemplate":"https:\/\/expresso.estadao.com.br\/sao-paulo\/?s={search_term_string}"},"query-input":{"@type":"PropertyValueSpecification","valueRequired":true,"valueName":"search_term_string"}}],"inLanguage":"pt-BR"},{"@type":"Person","@id":"https:\/\/expresso.estadao.com.br\/sao-paulo\/#\/schema\/person\/f45f9e313ba8cbe5af9424f387ddef42","name":"fabio_bairros","image":{"@type":"ImageObject","inLanguage":"pt-BR","@id":"https:\/\/expresso.estadao.com.br\/sao-paulo\/#\/schema\/person\/image\/","url":"https:\/\/secure.gravatar.com\/avatar\/fbecca90befcfda9505216ce0dc87261326cb6644deb5861e7ab404061c24246?s=96&d=mm&r=g","contentUrl":"https:\/\/secure.gravatar.com\/avatar\/fbecca90befcfda9505216ce0dc87261326cb6644deb5861e7ab404061c24246?s=96&d=mm&r=g","caption":"fabio_bairros"}}]}},"_links":{"self":[{"href":"https:\/\/expresso.estadao.com.br\/sao-paulo\/wp-json\/wp\/v2\/posts\/10250","targetHints":{"allow":["GET"]}}],"collection":[{"href":"https:\/\/expresso.estadao.com.br\/sao-paulo\/wp-json\/wp\/v2\/posts"}],"about":[{"href":"https:\/\/expresso.estadao.com.br\/sao-paulo\/wp-json\/wp\/v2\/types\/post"}],"author":[{"embeddable":true,"href":"https:\/\/expresso.estadao.com.br\/sao-paulo\/wp-json\/wp\/v2\/users\/4"}],"replies":[{"embeddable":true,"href":"https:\/\/expresso.estadao.com.br\/sao-paulo\/wp-json\/wp\/v2\/comments?post=10250"}],"version-history":[{"count":3,"href":"https:\/\/expresso.estadao.com.br\/sao-paulo\/wp-json\/wp\/v2\/posts\/10250\/revisions"}],"predecessor-version":[{"id":10254,"href":"https:\/\/expresso.estadao.com.br\/sao-paulo\/wp-json\/wp\/v2\/posts\/10250\/revisions\/10254"}],"wp:featuredmedia":[{"embeddable":true,"href":"https:\/\/expresso.estadao.com.br\/sao-paulo\/wp-json\/wp\/v2\/media\/10252"}],"wp:attachment":[{"href":"https:\/\/expresso.estadao.com.br\/sao-paulo\/wp-json\/wp\/v2\/media?parent=10250"}],"wp:term":[{"taxonomy":"category","embeddable":true,"href":"https:\/\/expresso.estadao.com.br\/sao-paulo\/wp-json\/wp\/v2\/categories?post=10250"},{"taxonomy":"post_tag","embeddable":true,"href":"https:\/\/expresso.estadao.com.br\/sao-paulo\/wp-json\/wp\/v2\/tags?post=10250"}],"curies":[{"name":"wp","href":"https:\/\/api.w.org\/{rel}","templated":true}]}}