{"id":10457,"date":"2025-04-18T15:29:35","date_gmt":"2025-04-18T18:29:35","guid":{"rendered":"https:\/\/expresso.estadao.com.br\/sao-paulo\/?p=10457"},"modified":"2025-04-18T15:29:35","modified_gmt":"2025-04-18T18:29:35","slug":"circo-social-promove-inclusao-e-cidadania-unindo-arte-e-esporte","status":"publish","type":"post","link":"https:\/\/expresso.estadao.com.br\/sao-paulo\/2025\/04\/18\/circo-social-promove-inclusao-e-cidadania-unindo-arte-e-esporte\/","title":{"rendered":"Circo Social promove inclus\u00e3o e cidadania unindo arte e esporte"},"content":{"rendered":"<p>Voltado \u00e0 prote\u00e7\u00e3o social de crian\u00e7as e adolescentes em situa\u00e7\u00e3o de vulnerabilidade, o programa Circo Social, da Prefeitura de S\u00e3o Paulo, utiliza a arte circense e outras express\u00f5es culturais como ferramentas para estimular habilidades, criatividade e promover a inclus\u00e3o. Em 2024, a iniciativa atendeu mais de 2.400 jovens entre 6 e 17 anos.<\/p>\n<p>Com cinco unidades distribu\u00eddas pelas zonas norte, sul e leste da capital, o programa oferece um ambiente oferece atividades art\u00edsticas, esportivas e culturais. As modalidades incluem acrobacia, malabares, teatro, dan\u00e7a, capoeira, esportes, m\u00fasica, artes pl\u00e1sticas, al\u00e9m de oficinas voltadas \u00e0 qualidade de vida e ao universo digital.<\/p>\n<p>As unidades contam com salas adaptadas e picadeiros preparados para o ensino das t\u00e9cnicas circenses. O atendimento \u00e9 realizado de segunda a sexta-feira, das 8h \u00e0s 17h. As inscri\u00e7\u00f5es podem ser feitas pelos pais ou respons\u00e1veis diretamente nas unidades ou por meio dos Centros de Refer\u00eancia de Assist\u00eancia Social (CRAS). Encaminhamentos da rede socioassistencial tamb\u00e9m s\u00e3o aceitos.<\/p>\n<p>O programa atende jovens em diferentes situa\u00e7\u00f5es de vulnerabilidade, como benefici\u00e1rios de programas de transfer\u00eancia de renda, crian\u00e7as em situa\u00e7\u00e3o de isolamento social, ruptura de v\u00ednculos familiares, viv\u00eancia de viol\u00eancia ou neglig\u00eancia, al\u00e9m de jovens em situa\u00e7\u00e3o de rua.<\/p>\n<p><img loading=\"lazy\" decoding=\"async\" class=\"alignnone size-large wp-image-10517\" src=\"https:\/\/expresso.estadao.com.br\/sao-paulo\/wp-content\/uploads\/2025\/04\/54414610624_ee6e97ba87_k-1110x740.jpg\" alt=\"\" width=\"1110\" height=\"740\" srcset=\"https:\/\/expresso.estadao.com.br\/sao-paulo\/wp-content\/uploads\/2025\/04\/54414610624_ee6e97ba87_k-1110x740.jpg 1110w, https:\/\/expresso.estadao.com.br\/sao-paulo\/wp-content\/uploads\/2025\/04\/54414610624_ee6e97ba87_k-450x300.jpg 450w, https:\/\/expresso.estadao.com.br\/sao-paulo\/wp-content\/uploads\/2025\/04\/54414610624_ee6e97ba87_k-768x512.jpg 768w, https:\/\/expresso.estadao.com.br\/sao-paulo\/wp-content\/uploads\/2025\/04\/54414610624_ee6e97ba87_k-1536x1024.jpg 1536w, https:\/\/expresso.estadao.com.br\/sao-paulo\/wp-content\/uploads\/2025\/04\/54414610624_ee6e97ba87_k.jpg 2048w\" sizes=\"auto, (max-width: 1110px) 100vw, 1110px\" \/><\/p>\n<p><strong>Unidades do Circo Social em S\u00e3o Paulo<\/strong><\/p>\n<p><strong>Zona Norte<\/strong><\/p>\n<p><strong>Circo Social Brasil\u00e2ndia<\/strong><br \/>\nEndere\u00e7o: Rua Amauri de Medeiros, 20 \u2013 Vila Penteado<br \/>\nVagas: 300<br \/>\nAtividades: Artes circenses, musicaliza\u00e7\u00e3o, artes pl\u00e1sticas, esportes, qualidade de vida, universo digital, leitura e pensamento<br \/>\nOSC respons\u00e1vel: Promove A\u00e7\u00e3o S\u00f3cio Cultural<\/p>\n<p><strong>Zona Sul<\/strong><\/p>\n<p><strong>Circo Social Graja\u00fa<\/strong><br \/>\nEndere\u00e7o: Rua Ezequiel Lopes Cardoso, 333 \u2013 Parque Graja\u00fa<br \/>\nVagas: 300<br \/>\nAtividades: Artes visuais, percuss\u00e3o, esportes, acrobacia, a\u00e9reos, malabares, capoeira e dan\u00e7a<br \/>\nOSC respons\u00e1vel: CEDECA Interlagos (Centro de Defesa dos Direitos da Crian\u00e7a e do Adolescente de Interlagos)<\/p>\n<p><strong>Zona Leste<\/strong><\/p>\n<p><strong>Circo Social \u00c1guia de Haia<\/strong><br \/>\nEndere\u00e7o: Rua Arbela, 07 A \u2013 Cidade A.E. Carvalho<br \/>\nVagas: 300<br \/>\nAtividades: Circo, dan\u00e7a, artes pl\u00e1sticas, teatro, capoeira, atletismo e m\u00fasica<br \/>\nOSC respons\u00e1vel: Instituto Crian\u00e7a Cidad\u00e3<\/p>\n<p><strong>Circo Social Dom Bosco<\/strong><br \/>\nEndere\u00e7o: Rua do Contorno, s\/n\u00ba \u2013 Cidade Tiradentes<br \/>\nVagas: 800<br \/>\nAtividades: Acrobacia, malabarismo, arte e lazer, atletismo, capoeira, dan\u00e7a, futebol, futsal, gin\u00e1stica art\u00edstica e r\u00edtmica, m\u00fasica, taekwondo e teatro<br \/>\nOSC respons\u00e1vel: Obra Social Dom Bosco<\/p>\n<p><strong>Circo Social Vila R\u00e9<br \/>\n<\/strong>Endere\u00e7o: Rua Santo Henrique, 50 \u2013 Cidade Patriarca<br \/>\nVagas: 400<br \/>\nAtividades: Desenvolvimento infantil, artes, esportes, circo, m\u00fasica, dan\u00e7a e gin\u00e1stica ol\u00edmpica. A unidade tamb\u00e9m promove rodas de conversa, atendimentos em grupo e acompanhamento individual com as fam\u00edlias<br \/>\nOSC respons\u00e1vel: Associa\u00e7\u00e3o Crist\u00e3 de Mo\u00e7os de S\u00e3o Paulo (ACM)<\/p>\n","protected":false},"excerpt":{"rendered":"<p>Voltado \u00e0 prote\u00e7\u00e3o social de crian\u00e7as e adolescentes em situa\u00e7\u00e3o de vulnerabilidade, o programa Circo Social, da Prefeitura de S\u00e3o Paulo, utiliza a arte circense e outras express\u00f5es culturais como ferramentas para estimular habilidades, criatividade e promover a inclus\u00e3o. Em 2024, a iniciativa atendeu mais de 2.400 jovens entre 6 e 17 anos. Com cinco [&hellip;]<\/p>\n","protected":false},"author":4,"featured_media":10516,"comment_status":"open","ping_status":"closed","sticky":false,"template":"","format":"standard","meta":{"_acf_changed":false,"_monsterinsights_skip_tracking":false,"_monsterinsights_sitenote_active":false,"_monsterinsights_sitenote_note":"","_monsterinsights_sitenote_category":0,"footnotes":""},"categories":[741],"tags":[1196,52],"class_list":["post-10457","post","type-post","status-publish","format-standard","has-post-thumbnail","hentry","category-cultura","tag-circo-social","tag-prefeitura-de-sao-paulo"],"acf":[],"yoast_head":"<!-- This site is optimized with the Yoast SEO plugin v24.1 - https:\/\/yoast.com\/wordpress\/plugins\/seo\/ -->\n<title>Circo social - Estad\u00e3o Expresso S\u00e3o Paulo<\/title>\n<meta name=\"description\" content=\"Em 2024, Circo Social, iniciativa da Prefeitura, atendeu mais de 2.400 jovens entre 6 e 17 anos na cidade de S\u00e3o Paulo\" \/>\n<meta name=\"robots\" content=\"index, follow, max-snippet:-1, max-image-preview:large, max-video-preview:-1\" \/>\n<link rel=\"canonical\" href=\"https:\/\/expresso.estadao.com.br\/sao-paulo\/2025\/04\/18\/circo-social-promove-inclusao-e-cidadania-unindo-arte-e-esporte\/\" \/>\n<meta property=\"og:locale\" content=\"pt_BR\" \/>\n<meta property=\"og:type\" content=\"article\" \/>\n<meta property=\"og:title\" content=\"Circo social - Estad\u00e3o Expresso S\u00e3o Paulo\" \/>\n<meta property=\"og:description\" content=\"Em 2024, Circo Social, iniciativa da Prefeitura, atendeu mais de 2.400 jovens entre 6 e 17 anos na cidade de S\u00e3o Paulo\" \/>\n<meta property=\"og:url\" content=\"https:\/\/expresso.estadao.com.br\/sao-paulo\/2025\/04\/18\/circo-social-promove-inclusao-e-cidadania-unindo-arte-e-esporte\/\" \/>\n<meta property=\"og:site_name\" content=\"Estad\u00e3o Expresso S\u00e3o Paulo\" \/>\n<meta property=\"article:published_time\" content=\"2025-04-18T18:29:35+00:00\" \/>\n<meta property=\"og:image\" content=\"https:\/\/expresso.estadao.com.br\/sao-paulo\/wp-content\/uploads\/2025\/04\/54414609889_11026436de_k.jpg\" \/>\n\t<meta property=\"og:image:type\" content=\"image\/jpeg\" \/>\n<meta name=\"author\" content=\"fabio_bairros\" \/>\n<meta name=\"twitter:card\" content=\"summary_large_image\" \/>\n<meta name=\"twitter:label1\" content=\"Escrito por\" \/>\n\t<meta name=\"twitter:data1\" content=\"fabio_bairros\" \/>\n\t<meta name=\"twitter:label2\" content=\"Est. tempo de leitura\" \/>\n\t<meta name=\"twitter:data2\" content=\"3 minutos\" \/>\n<script type=\"application\/ld+json\" class=\"yoast-schema-graph\">{\"@context\":\"https:\/\/schema.org\",\"@graph\":[{\"@type\":\"WebPage\",\"@id\":\"https:\/\/expresso.estadao.com.br\/sao-paulo\/2025\/04\/18\/circo-social-promove-inclusao-e-cidadania-unindo-arte-e-esporte\/\",\"url\":\"https:\/\/expresso.estadao.com.br\/sao-paulo\/2025\/04\/18\/circo-social-promove-inclusao-e-cidadania-unindo-arte-e-esporte\/\",\"name\":\"Circo social - Estad\u00e3o Expresso S\u00e3o Paulo\",\"isPartOf\":{\"@id\":\"https:\/\/expresso.estadao.com.br\/sao-paulo\/#website\"},\"primaryImageOfPage\":{\"@id\":\"https:\/\/expresso.estadao.com.br\/sao-paulo\/2025\/04\/18\/circo-social-promove-inclusao-e-cidadania-unindo-arte-e-esporte\/#primaryimage\"},\"image\":{\"@id\":\"https:\/\/expresso.estadao.com.br\/sao-paulo\/2025\/04\/18\/circo-social-promove-inclusao-e-cidadania-unindo-arte-e-esporte\/#primaryimage\"},\"thumbnailUrl\":\"https:\/\/expresso.estadao.com.br\/sao-paulo\/wp-content\/uploads\/2025\/04\/54414609889_11026436de_k.jpg\",\"datePublished\":\"2025-04-18T18:29:35+00:00\",\"dateModified\":\"2025-04-18T18:29:35+00:00\",\"author\":{\"@id\":\"https:\/\/expresso.estadao.com.br\/sao-paulo\/#\/schema\/person\/f45f9e313ba8cbe5af9424f387ddef42\"},\"description\":\"Em 2024, Circo Social, iniciativa da Prefeitura, atendeu mais de 2.400 jovens entre 6 e 17 anos na cidade de S\u00e3o Paulo\",\"breadcrumb\":{\"@id\":\"https:\/\/expresso.estadao.com.br\/sao-paulo\/2025\/04\/18\/circo-social-promove-inclusao-e-cidadania-unindo-arte-e-esporte\/#breadcrumb\"},\"inLanguage\":\"pt-BR\",\"potentialAction\":[{\"@type\":\"ReadAction\",\"target\":[\"https:\/\/expresso.estadao.com.br\/sao-paulo\/2025\/04\/18\/circo-social-promove-inclusao-e-cidadania-unindo-arte-e-esporte\/\"]}]},{\"@type\":\"ImageObject\",\"inLanguage\":\"pt-BR\",\"@id\":\"https:\/\/expresso.estadao.com.br\/sao-paulo\/2025\/04\/18\/circo-social-promove-inclusao-e-cidadania-unindo-arte-e-esporte\/#primaryimage\",\"url\":\"https:\/\/expresso.estadao.com.br\/sao-paulo\/wp-content\/uploads\/2025\/04\/54414609889_11026436de_k.jpg\",\"contentUrl\":\"https:\/\/expresso.estadao.com.br\/sao-paulo\/wp-content\/uploads\/2025\/04\/54414609889_11026436de_k.jpg\",\"width\":2048,\"height\":1365,\"caption\":\"Fotos: Ciete Silverio\/Divulga\u00e7\u00e3o\/Prefeitura SP\"},{\"@type\":\"BreadcrumbList\",\"@id\":\"https:\/\/expresso.estadao.com.br\/sao-paulo\/2025\/04\/18\/circo-social-promove-inclusao-e-cidadania-unindo-arte-e-esporte\/#breadcrumb\",\"itemListElement\":[{\"@type\":\"ListItem\",\"position\":1,\"name\":\"In\u00edcio\",\"item\":\"https:\/\/expresso.estadao.com.br\/sao-paulo\/\"},{\"@type\":\"ListItem\",\"position\":2,\"name\":\"Circo Social promove inclus\u00e3o e cidadania unindo arte e esporte\"}]},{\"@type\":\"WebSite\",\"@id\":\"https:\/\/expresso.estadao.com.br\/sao-paulo\/#website\",\"url\":\"https:\/\/expresso.estadao.com.br\/sao-paulo\/\",\"name\":\"Estad\u00e3o Expresso S\u00e3o Paulo\",\"description\":\"Conte\u00fado de presta\u00e7\u00e3o de servi\u00e7o para que os moradores da cidade de S\u00e3o Paulo possam se informar melhor e usar de maneira mais eficaz os servi\u00e7os p\u00fablicos municipais.\",\"potentialAction\":[{\"@type\":\"SearchAction\",\"target\":{\"@type\":\"EntryPoint\",\"urlTemplate\":\"https:\/\/expresso.estadao.com.br\/sao-paulo\/?s={search_term_string}\"},\"query-input\":{\"@type\":\"PropertyValueSpecification\",\"valueRequired\":true,\"valueName\":\"search_term_string\"}}],\"inLanguage\":\"pt-BR\"},{\"@type\":\"Person\",\"@id\":\"https:\/\/expresso.estadao.com.br\/sao-paulo\/#\/schema\/person\/f45f9e313ba8cbe5af9424f387ddef42\",\"name\":\"fabio_bairros\",\"image\":{\"@type\":\"ImageObject\",\"inLanguage\":\"pt-BR\",\"@id\":\"https:\/\/expresso.estadao.com.br\/sao-paulo\/#\/schema\/person\/image\/\",\"url\":\"https:\/\/secure.gravatar.com\/avatar\/fbecca90befcfda9505216ce0dc87261326cb6644deb5861e7ab404061c24246?s=96&d=mm&r=g\",\"contentUrl\":\"https:\/\/secure.gravatar.com\/avatar\/fbecca90befcfda9505216ce0dc87261326cb6644deb5861e7ab404061c24246?s=96&d=mm&r=g\",\"caption\":\"fabio_bairros\"}}]}<\/script>\n<!-- \/ Yoast SEO plugin. -->","yoast_head_json":{"title":"Circo social - Estad\u00e3o Expresso S\u00e3o Paulo","description":"Em 2024, Circo Social, iniciativa da Prefeitura, atendeu mais de 2.400 jovens entre 6 e 17 anos na cidade de S\u00e3o Paulo","robots":{"index":"index","follow":"follow","max-snippet":"max-snippet:-1","max-image-preview":"max-image-preview:large","max-video-preview":"max-video-preview:-1"},"canonical":"https:\/\/expresso.estadao.com.br\/sao-paulo\/2025\/04\/18\/circo-social-promove-inclusao-e-cidadania-unindo-arte-e-esporte\/","og_locale":"pt_BR","og_type":"article","og_title":"Circo social - Estad\u00e3o Expresso S\u00e3o Paulo","og_description":"Em 2024, Circo Social, iniciativa da Prefeitura, atendeu mais de 2.400 jovens entre 6 e 17 anos na cidade de S\u00e3o Paulo","og_url":"https:\/\/expresso.estadao.com.br\/sao-paulo\/2025\/04\/18\/circo-social-promove-inclusao-e-cidadania-unindo-arte-e-esporte\/","og_site_name":"Estad\u00e3o Expresso S\u00e3o Paulo","article_published_time":"2025-04-18T18:29:35+00:00","og_image":[{"width":"","height":"","url":"https:\/\/expresso.estadao.com.br\/sao-paulo\/wp-content\/uploads\/2025\/04\/54414609889_11026436de_k.jpg","type":"image\/jpeg"}],"author":"fabio_bairros","twitter_card":"summary_large_image","twitter_misc":{"Escrito por":"fabio_bairros","Est. tempo de leitura":"3 minutos"},"schema":{"@context":"https:\/\/schema.org","@graph":[{"@type":"WebPage","@id":"https:\/\/expresso.estadao.com.br\/sao-paulo\/2025\/04\/18\/circo-social-promove-inclusao-e-cidadania-unindo-arte-e-esporte\/","url":"https:\/\/expresso.estadao.com.br\/sao-paulo\/2025\/04\/18\/circo-social-promove-inclusao-e-cidadania-unindo-arte-e-esporte\/","name":"Circo social - Estad\u00e3o Expresso S\u00e3o Paulo","isPartOf":{"@id":"https:\/\/expresso.estadao.com.br\/sao-paulo\/#website"},"primaryImageOfPage":{"@id":"https:\/\/expresso.estadao.com.br\/sao-paulo\/2025\/04\/18\/circo-social-promove-inclusao-e-cidadania-unindo-arte-e-esporte\/#primaryimage"},"image":{"@id":"https:\/\/expresso.estadao.com.br\/sao-paulo\/2025\/04\/18\/circo-social-promove-inclusao-e-cidadania-unindo-arte-e-esporte\/#primaryimage"},"thumbnailUrl":"https:\/\/expresso.estadao.com.br\/sao-paulo\/wp-content\/uploads\/2025\/04\/54414609889_11026436de_k.jpg","datePublished":"2025-04-18T18:29:35+00:00","dateModified":"2025-04-18T18:29:35+00:00","author":{"@id":"https:\/\/expresso.estadao.com.br\/sao-paulo\/#\/schema\/person\/f45f9e313ba8cbe5af9424f387ddef42"},"description":"Em 2024, Circo Social, iniciativa da Prefeitura, atendeu mais de 2.400 jovens entre 6 e 17 anos na cidade de S\u00e3o Paulo","breadcrumb":{"@id":"https:\/\/expresso.estadao.com.br\/sao-paulo\/2025\/04\/18\/circo-social-promove-inclusao-e-cidadania-unindo-arte-e-esporte\/#breadcrumb"},"inLanguage":"pt-BR","potentialAction":[{"@type":"ReadAction","target":["https:\/\/expresso.estadao.com.br\/sao-paulo\/2025\/04\/18\/circo-social-promove-inclusao-e-cidadania-unindo-arte-e-esporte\/"]}]},{"@type":"ImageObject","inLanguage":"pt-BR","@id":"https:\/\/expresso.estadao.com.br\/sao-paulo\/2025\/04\/18\/circo-social-promove-inclusao-e-cidadania-unindo-arte-e-esporte\/#primaryimage","url":"https:\/\/expresso.estadao.com.br\/sao-paulo\/wp-content\/uploads\/2025\/04\/54414609889_11026436de_k.jpg","contentUrl":"https:\/\/expresso.estadao.com.br\/sao-paulo\/wp-content\/uploads\/2025\/04\/54414609889_11026436de_k.jpg","width":2048,"height":1365,"caption":"Fotos: Ciete Silverio\/Divulga\u00e7\u00e3o\/Prefeitura SP"},{"@type":"BreadcrumbList","@id":"https:\/\/expresso.estadao.com.br\/sao-paulo\/2025\/04\/18\/circo-social-promove-inclusao-e-cidadania-unindo-arte-e-esporte\/#breadcrumb","itemListElement":[{"@type":"ListItem","position":1,"name":"In\u00edcio","item":"https:\/\/expresso.estadao.com.br\/sao-paulo\/"},{"@type":"ListItem","position":2,"name":"Circo Social promove inclus\u00e3o e cidadania unindo arte e esporte"}]},{"@type":"WebSite","@id":"https:\/\/expresso.estadao.com.br\/sao-paulo\/#website","url":"https:\/\/expresso.estadao.com.br\/sao-paulo\/","name":"Estad\u00e3o Expresso S\u00e3o Paulo","description":"Conte\u00fado de presta\u00e7\u00e3o de servi\u00e7o para que os moradores da cidade de S\u00e3o Paulo possam se informar melhor e usar de maneira mais eficaz os servi\u00e7os p\u00fablicos municipais.","potentialAction":[{"@type":"SearchAction","target":{"@type":"EntryPoint","urlTemplate":"https:\/\/expresso.estadao.com.br\/sao-paulo\/?s={search_term_string}"},"query-input":{"@type":"PropertyValueSpecification","valueRequired":true,"valueName":"search_term_string"}}],"inLanguage":"pt-BR"},{"@type":"Person","@id":"https:\/\/expresso.estadao.com.br\/sao-paulo\/#\/schema\/person\/f45f9e313ba8cbe5af9424f387ddef42","name":"fabio_bairros","image":{"@type":"ImageObject","inLanguage":"pt-BR","@id":"https:\/\/expresso.estadao.com.br\/sao-paulo\/#\/schema\/person\/image\/","url":"https:\/\/secure.gravatar.com\/avatar\/fbecca90befcfda9505216ce0dc87261326cb6644deb5861e7ab404061c24246?s=96&d=mm&r=g","contentUrl":"https:\/\/secure.gravatar.com\/avatar\/fbecca90befcfda9505216ce0dc87261326cb6644deb5861e7ab404061c24246?s=96&d=mm&r=g","caption":"fabio_bairros"}}]}},"_links":{"self":[{"href":"https:\/\/expresso.estadao.com.br\/sao-paulo\/wp-json\/wp\/v2\/posts\/10457","targetHints":{"allow":["GET"]}}],"collection":[{"href":"https:\/\/expresso.estadao.com.br\/sao-paulo\/wp-json\/wp\/v2\/posts"}],"about":[{"href":"https:\/\/expresso.estadao.com.br\/sao-paulo\/wp-json\/wp\/v2\/types\/post"}],"author":[{"embeddable":true,"href":"https:\/\/expresso.estadao.com.br\/sao-paulo\/wp-json\/wp\/v2\/users\/4"}],"replies":[{"embeddable":true,"href":"https:\/\/expresso.estadao.com.br\/sao-paulo\/wp-json\/wp\/v2\/comments?post=10457"}],"version-history":[{"count":2,"href":"https:\/\/expresso.estadao.com.br\/sao-paulo\/wp-json\/wp\/v2\/posts\/10457\/revisions"}],"predecessor-version":[{"id":10518,"href":"https:\/\/expresso.estadao.com.br\/sao-paulo\/wp-json\/wp\/v2\/posts\/10457\/revisions\/10518"}],"wp:featuredmedia":[{"embeddable":true,"href":"https:\/\/expresso.estadao.com.br\/sao-paulo\/wp-json\/wp\/v2\/media\/10516"}],"wp:attachment":[{"href":"https:\/\/expresso.estadao.com.br\/sao-paulo\/wp-json\/wp\/v2\/media?parent=10457"}],"wp:term":[{"taxonomy":"category","embeddable":true,"href":"https:\/\/expresso.estadao.com.br\/sao-paulo\/wp-json\/wp\/v2\/categories?post=10457"},{"taxonomy":"post_tag","embeddable":true,"href":"https:\/\/expresso.estadao.com.br\/sao-paulo\/wp-json\/wp\/v2\/tags?post=10457"}],"curies":[{"name":"wp","href":"https:\/\/api.w.org\/{rel}","templated":true}]}}