{"id":10664,"date":"2025-04-25T10:27:03","date_gmt":"2025-04-25T13:27:03","guid":{"rendered":"https:\/\/expresso.estadao.com.br\/sao-paulo\/?p=10664"},"modified":"2025-04-25T10:27:03","modified_gmt":"2025-04-25T13:27:03","slug":"bras-recebe-playground-voltado-a-primeira-infancia","status":"publish","type":"post","link":"https:\/\/expresso.estadao.com.br\/sao-paulo\/2025\/04\/25\/bras-recebe-playground-voltado-a-primeira-infancia\/","title":{"rendered":"Br\u00e1s recebe playground voltado \u00e0 primeira inf\u00e2ncia"},"content":{"rendered":"<p>A Prefeitura de S\u00e3o Paulo inaugurou no dia 4 de abril o Play L\u00fadico Camila Taliberti, o primeiro da regi\u00e3o da Subprefeitura da Mooca voltado a crian\u00e7as de 0 a 6 anos. Localizado na Pra\u00e7a Camila Taliberti, no Br\u00e1s, o novo espa\u00e7o se soma a outros tr\u00eas j\u00e1 existentes na cidade \u2014 na Vila Mariana, Ipiranga e Casa Verde.<\/p>\n<p>Com tema \u201cuniverso\u201d, o playground oferece um ambiente colorido e interativo, com escorregadores, estrutura de escalada, labirinto transparente, gangorra, gira-gira, mesas e um espa\u00e7o para fam\u00edlias. O local conta com port\u00f5es de seguran\u00e7a e piso emborrachado que reduz impactos em caso de queda. A obra, entregue dentro do prazo, custou R$ 1,95 milh\u00e3o.<\/p>\n<p><img loading=\"lazy\" decoding=\"async\" class=\"alignnone size-large wp-image-10667\" src=\"https:\/\/expresso.estadao.com.br\/sao-paulo\/wp-content\/uploads\/2025\/04\/54468664382_2939cb7391_k-1110x740.jpg\" alt=\"\" width=\"1110\" height=\"740\" srcset=\"https:\/\/expresso.estadao.com.br\/sao-paulo\/wp-content\/uploads\/2025\/04\/54468664382_2939cb7391_k-1110x740.jpg 1110w, https:\/\/expresso.estadao.com.br\/sao-paulo\/wp-content\/uploads\/2025\/04\/54468664382_2939cb7391_k-450x300.jpg 450w, https:\/\/expresso.estadao.com.br\/sao-paulo\/wp-content\/uploads\/2025\/04\/54468664382_2939cb7391_k-768x512.jpg 768w, https:\/\/expresso.estadao.com.br\/sao-paulo\/wp-content\/uploads\/2025\/04\/54468664382_2939cb7391_k-1536x1024.jpg 1536w, https:\/\/expresso.estadao.com.br\/sao-paulo\/wp-content\/uploads\/2025\/04\/54468664382_2939cb7391_k.jpg 2048w\" sizes=\"auto, (max-width: 1110px) 100vw, 1110px\" \/><\/p>\n<p>A constru\u00e7\u00e3o do espa\u00e7o foi uma das demandas apresentadas pelos conselheiros do CPM da Mooca, eleitos para representar a sociedade civil e aproximar as demandas da popula\u00e7\u00e3o das a\u00e7\u00f5es do poder p\u00fablico. Al\u00e9m da Pra\u00e7a Camila Taliberti, a subprefeitura desenvolve dois outros espa\u00e7os l\u00fadicos: um na Rua Miguel Capalbo, no Pari, e outro no Parque Salim Farah Maluf.<\/p>\n<p>Com a renova\u00e7\u00e3o do conselho em 2024, os novos representantes do CPM da Mooca definir\u00e3o, em conjunto com a administra\u00e7\u00e3o regional, como ser\u00e3o investidos R$ 10 milh\u00f5es em novos projetos na regi\u00e3o.<\/p>\n","protected":false},"excerpt":{"rendered":"<p>A Prefeitura de S\u00e3o Paulo inaugurou no dia 4 de abril o Play L\u00fadico Camila Taliberti, o primeiro da regi\u00e3o da Subprefeitura da Mooca voltado a crian\u00e7as de 0 a 6 anos. Localizado na Pra\u00e7a Camila Taliberti, no Br\u00e1s, o novo espa\u00e7o se soma a outros tr\u00eas j\u00e1 existentes na cidade \u2014 na Vila Mariana, [&hellip;]<\/p>\n","protected":false},"author":4,"featured_media":10666,"comment_status":"open","ping_status":"closed","sticky":false,"template":"","format":"standard","meta":{"_acf_changed":false,"_monsterinsights_skip_tracking":false,"_monsterinsights_sitenote_active":false,"_monsterinsights_sitenote_note":"","_monsterinsights_sitenote_category":0,"footnotes":""},"categories":[897],"tags":[782,52],"class_list":["post-10664","post","type-post","status-publish","format-standard","has-post-thumbnail","hentry","category-subprefeituras","tag-play-ludico","tag-prefeitura-de-sao-paulo"],"acf":[],"yoast_head":"<!-- This site is optimized with the Yoast SEO plugin v24.1 - https:\/\/yoast.com\/wordpress\/plugins\/seo\/ -->\n<title>Br\u00e1s recebe playground para primeira inf\u00e2ncia - Estad\u00e3o Expresso<\/title>\n<meta name=\"description\" content=\"Espa\u00e7o se soma a outros tr\u00eas j\u00e1 existentes na cidade \u2014 na Vila Mariana, Ipiranga e Casa Verde\" \/>\n<meta name=\"robots\" content=\"index, follow, max-snippet:-1, max-image-preview:large, max-video-preview:-1\" \/>\n<link rel=\"canonical\" href=\"https:\/\/expresso.estadao.com.br\/sao-paulo\/2025\/04\/25\/bras-recebe-playground-voltado-a-primeira-infancia\/\" \/>\n<meta property=\"og:locale\" content=\"pt_BR\" \/>\n<meta property=\"og:type\" content=\"article\" \/>\n<meta property=\"og:title\" content=\"Br\u00e1s recebe playground para primeira inf\u00e2ncia - Estad\u00e3o Expresso\" \/>\n<meta property=\"og:description\" content=\"Espa\u00e7o se soma a outros tr\u00eas j\u00e1 existentes na cidade \u2014 na Vila Mariana, Ipiranga e Casa Verde\" \/>\n<meta property=\"og:url\" content=\"https:\/\/expresso.estadao.com.br\/sao-paulo\/2025\/04\/25\/bras-recebe-playground-voltado-a-primeira-infancia\/\" \/>\n<meta property=\"og:site_name\" content=\"Estad\u00e3o Expresso S\u00e3o Paulo\" \/>\n<meta property=\"article:published_time\" content=\"2025-04-25T13:27:03+00:00\" \/>\n<meta property=\"og:image\" content=\"https:\/\/expresso.estadao.com.br\/sao-paulo\/wp-content\/uploads\/2025\/04\/54469695004_e8b6cda298_k.jpg\" \/>\n\t<meta property=\"og:image:type\" content=\"image\/jpeg\" \/>\n<meta name=\"author\" content=\"fabio_bairros\" \/>\n<meta name=\"twitter:card\" content=\"summary_large_image\" \/>\n<meta name=\"twitter:label1\" content=\"Escrito por\" \/>\n\t<meta name=\"twitter:data1\" content=\"fabio_bairros\" \/>\n\t<meta name=\"twitter:label2\" content=\"Est. tempo de leitura\" \/>\n\t<meta name=\"twitter:data2\" content=\"2 minutos\" \/>\n<script type=\"application\/ld+json\" class=\"yoast-schema-graph\">{\"@context\":\"https:\/\/schema.org\",\"@graph\":[{\"@type\":\"WebPage\",\"@id\":\"https:\/\/expresso.estadao.com.br\/sao-paulo\/2025\/04\/25\/bras-recebe-playground-voltado-a-primeira-infancia\/\",\"url\":\"https:\/\/expresso.estadao.com.br\/sao-paulo\/2025\/04\/25\/bras-recebe-playground-voltado-a-primeira-infancia\/\",\"name\":\"Br\u00e1s recebe playground para primeira inf\u00e2ncia - Estad\u00e3o Expresso\",\"isPartOf\":{\"@id\":\"https:\/\/expresso.estadao.com.br\/sao-paulo\/#website\"},\"primaryImageOfPage\":{\"@id\":\"https:\/\/expresso.estadao.com.br\/sao-paulo\/2025\/04\/25\/bras-recebe-playground-voltado-a-primeira-infancia\/#primaryimage\"},\"image\":{\"@id\":\"https:\/\/expresso.estadao.com.br\/sao-paulo\/2025\/04\/25\/bras-recebe-playground-voltado-a-primeira-infancia\/#primaryimage\"},\"thumbnailUrl\":\"https:\/\/expresso.estadao.com.br\/sao-paulo\/wp-content\/uploads\/2025\/04\/54469695004_e8b6cda298_k.jpg\",\"datePublished\":\"2025-04-25T13:27:03+00:00\",\"dateModified\":\"2025-04-25T13:27:03+00:00\",\"author\":{\"@id\":\"https:\/\/expresso.estadao.com.br\/sao-paulo\/#\/schema\/person\/f45f9e313ba8cbe5af9424f387ddef42\"},\"description\":\"Espa\u00e7o se soma a outros tr\u00eas j\u00e1 existentes na cidade \u2014 na Vila Mariana, Ipiranga e Casa Verde\",\"breadcrumb\":{\"@id\":\"https:\/\/expresso.estadao.com.br\/sao-paulo\/2025\/04\/25\/bras-recebe-playground-voltado-a-primeira-infancia\/#breadcrumb\"},\"inLanguage\":\"pt-BR\",\"potentialAction\":[{\"@type\":\"ReadAction\",\"target\":[\"https:\/\/expresso.estadao.com.br\/sao-paulo\/2025\/04\/25\/bras-recebe-playground-voltado-a-primeira-infancia\/\"]}]},{\"@type\":\"ImageObject\",\"inLanguage\":\"pt-BR\",\"@id\":\"https:\/\/expresso.estadao.com.br\/sao-paulo\/2025\/04\/25\/bras-recebe-playground-voltado-a-primeira-infancia\/#primaryimage\",\"url\":\"https:\/\/expresso.estadao.com.br\/sao-paulo\/wp-content\/uploads\/2025\/04\/54469695004_e8b6cda298_k.jpg\",\"contentUrl\":\"https:\/\/expresso.estadao.com.br\/sao-paulo\/wp-content\/uploads\/2025\/04\/54469695004_e8b6cda298_k.jpg\",\"width\":2048,\"height\":1365,\"caption\":\"Fotos: Ciete Silv\u00e9rio\/Divulga\u00e7\u00e3o\/Prefeitura SP\"},{\"@type\":\"BreadcrumbList\",\"@id\":\"https:\/\/expresso.estadao.com.br\/sao-paulo\/2025\/04\/25\/bras-recebe-playground-voltado-a-primeira-infancia\/#breadcrumb\",\"itemListElement\":[{\"@type\":\"ListItem\",\"position\":1,\"name\":\"In\u00edcio\",\"item\":\"https:\/\/expresso.estadao.com.br\/sao-paulo\/\"},{\"@type\":\"ListItem\",\"position\":2,\"name\":\"Br\u00e1s recebe playground voltado \u00e0 primeira inf\u00e2ncia\"}]},{\"@type\":\"WebSite\",\"@id\":\"https:\/\/expresso.estadao.com.br\/sao-paulo\/#website\",\"url\":\"https:\/\/expresso.estadao.com.br\/sao-paulo\/\",\"name\":\"Estad\u00e3o Expresso S\u00e3o Paulo\",\"description\":\"Conte\u00fado de presta\u00e7\u00e3o de servi\u00e7o para que os moradores da cidade de S\u00e3o Paulo possam se informar melhor e usar de maneira mais eficaz os servi\u00e7os p\u00fablicos municipais.\",\"potentialAction\":[{\"@type\":\"SearchAction\",\"target\":{\"@type\":\"EntryPoint\",\"urlTemplate\":\"https:\/\/expresso.estadao.com.br\/sao-paulo\/?s={search_term_string}\"},\"query-input\":{\"@type\":\"PropertyValueSpecification\",\"valueRequired\":true,\"valueName\":\"search_term_string\"}}],\"inLanguage\":\"pt-BR\"},{\"@type\":\"Person\",\"@id\":\"https:\/\/expresso.estadao.com.br\/sao-paulo\/#\/schema\/person\/f45f9e313ba8cbe5af9424f387ddef42\",\"name\":\"fabio_bairros\",\"image\":{\"@type\":\"ImageObject\",\"inLanguage\":\"pt-BR\",\"@id\":\"https:\/\/expresso.estadao.com.br\/sao-paulo\/#\/schema\/person\/image\/\",\"url\":\"https:\/\/secure.gravatar.com\/avatar\/fbecca90befcfda9505216ce0dc87261326cb6644deb5861e7ab404061c24246?s=96&d=mm&r=g\",\"contentUrl\":\"https:\/\/secure.gravatar.com\/avatar\/fbecca90befcfda9505216ce0dc87261326cb6644deb5861e7ab404061c24246?s=96&d=mm&r=g\",\"caption\":\"fabio_bairros\"}}]}<\/script>\n<!-- \/ Yoast SEO plugin. -->","yoast_head_json":{"title":"Br\u00e1s recebe playground para primeira inf\u00e2ncia - Estad\u00e3o Expresso","description":"Espa\u00e7o se soma a outros tr\u00eas j\u00e1 existentes na cidade \u2014 na Vila Mariana, Ipiranga e Casa Verde","robots":{"index":"index","follow":"follow","max-snippet":"max-snippet:-1","max-image-preview":"max-image-preview:large","max-video-preview":"max-video-preview:-1"},"canonical":"https:\/\/expresso.estadao.com.br\/sao-paulo\/2025\/04\/25\/bras-recebe-playground-voltado-a-primeira-infancia\/","og_locale":"pt_BR","og_type":"article","og_title":"Br\u00e1s recebe playground para primeira inf\u00e2ncia - Estad\u00e3o Expresso","og_description":"Espa\u00e7o se soma a outros tr\u00eas j\u00e1 existentes na cidade \u2014 na Vila Mariana, Ipiranga e Casa Verde","og_url":"https:\/\/expresso.estadao.com.br\/sao-paulo\/2025\/04\/25\/bras-recebe-playground-voltado-a-primeira-infancia\/","og_site_name":"Estad\u00e3o Expresso S\u00e3o Paulo","article_published_time":"2025-04-25T13:27:03+00:00","og_image":[{"width":"","height":"","url":"https:\/\/expresso.estadao.com.br\/sao-paulo\/wp-content\/uploads\/2025\/04\/54469695004_e8b6cda298_k.jpg","type":"image\/jpeg"}],"author":"fabio_bairros","twitter_card":"summary_large_image","twitter_misc":{"Escrito por":"fabio_bairros","Est. tempo de leitura":"2 minutos"},"schema":{"@context":"https:\/\/schema.org","@graph":[{"@type":"WebPage","@id":"https:\/\/expresso.estadao.com.br\/sao-paulo\/2025\/04\/25\/bras-recebe-playground-voltado-a-primeira-infancia\/","url":"https:\/\/expresso.estadao.com.br\/sao-paulo\/2025\/04\/25\/bras-recebe-playground-voltado-a-primeira-infancia\/","name":"Br\u00e1s recebe playground para primeira inf\u00e2ncia - Estad\u00e3o Expresso","isPartOf":{"@id":"https:\/\/expresso.estadao.com.br\/sao-paulo\/#website"},"primaryImageOfPage":{"@id":"https:\/\/expresso.estadao.com.br\/sao-paulo\/2025\/04\/25\/bras-recebe-playground-voltado-a-primeira-infancia\/#primaryimage"},"image":{"@id":"https:\/\/expresso.estadao.com.br\/sao-paulo\/2025\/04\/25\/bras-recebe-playground-voltado-a-primeira-infancia\/#primaryimage"},"thumbnailUrl":"https:\/\/expresso.estadao.com.br\/sao-paulo\/wp-content\/uploads\/2025\/04\/54469695004_e8b6cda298_k.jpg","datePublished":"2025-04-25T13:27:03+00:00","dateModified":"2025-04-25T13:27:03+00:00","author":{"@id":"https:\/\/expresso.estadao.com.br\/sao-paulo\/#\/schema\/person\/f45f9e313ba8cbe5af9424f387ddef42"},"description":"Espa\u00e7o se soma a outros tr\u00eas j\u00e1 existentes na cidade \u2014 na Vila Mariana, Ipiranga e Casa Verde","breadcrumb":{"@id":"https:\/\/expresso.estadao.com.br\/sao-paulo\/2025\/04\/25\/bras-recebe-playground-voltado-a-primeira-infancia\/#breadcrumb"},"inLanguage":"pt-BR","potentialAction":[{"@type":"ReadAction","target":["https:\/\/expresso.estadao.com.br\/sao-paulo\/2025\/04\/25\/bras-recebe-playground-voltado-a-primeira-infancia\/"]}]},{"@type":"ImageObject","inLanguage":"pt-BR","@id":"https:\/\/expresso.estadao.com.br\/sao-paulo\/2025\/04\/25\/bras-recebe-playground-voltado-a-primeira-infancia\/#primaryimage","url":"https:\/\/expresso.estadao.com.br\/sao-paulo\/wp-content\/uploads\/2025\/04\/54469695004_e8b6cda298_k.jpg","contentUrl":"https:\/\/expresso.estadao.com.br\/sao-paulo\/wp-content\/uploads\/2025\/04\/54469695004_e8b6cda298_k.jpg","width":2048,"height":1365,"caption":"Fotos: Ciete Silv\u00e9rio\/Divulga\u00e7\u00e3o\/Prefeitura SP"},{"@type":"BreadcrumbList","@id":"https:\/\/expresso.estadao.com.br\/sao-paulo\/2025\/04\/25\/bras-recebe-playground-voltado-a-primeira-infancia\/#breadcrumb","itemListElement":[{"@type":"ListItem","position":1,"name":"In\u00edcio","item":"https:\/\/expresso.estadao.com.br\/sao-paulo\/"},{"@type":"ListItem","position":2,"name":"Br\u00e1s recebe playground voltado \u00e0 primeira inf\u00e2ncia"}]},{"@type":"WebSite","@id":"https:\/\/expresso.estadao.com.br\/sao-paulo\/#website","url":"https:\/\/expresso.estadao.com.br\/sao-paulo\/","name":"Estad\u00e3o Expresso S\u00e3o Paulo","description":"Conte\u00fado de presta\u00e7\u00e3o de servi\u00e7o para que os moradores da cidade de S\u00e3o Paulo possam se informar melhor e usar de maneira mais eficaz os servi\u00e7os p\u00fablicos municipais.","potentialAction":[{"@type":"SearchAction","target":{"@type":"EntryPoint","urlTemplate":"https:\/\/expresso.estadao.com.br\/sao-paulo\/?s={search_term_string}"},"query-input":{"@type":"PropertyValueSpecification","valueRequired":true,"valueName":"search_term_string"}}],"inLanguage":"pt-BR"},{"@type":"Person","@id":"https:\/\/expresso.estadao.com.br\/sao-paulo\/#\/schema\/person\/f45f9e313ba8cbe5af9424f387ddef42","name":"fabio_bairros","image":{"@type":"ImageObject","inLanguage":"pt-BR","@id":"https:\/\/expresso.estadao.com.br\/sao-paulo\/#\/schema\/person\/image\/","url":"https:\/\/secure.gravatar.com\/avatar\/fbecca90befcfda9505216ce0dc87261326cb6644deb5861e7ab404061c24246?s=96&d=mm&r=g","contentUrl":"https:\/\/secure.gravatar.com\/avatar\/fbecca90befcfda9505216ce0dc87261326cb6644deb5861e7ab404061c24246?s=96&d=mm&r=g","caption":"fabio_bairros"}}]}},"_links":{"self":[{"href":"https:\/\/expresso.estadao.com.br\/sao-paulo\/wp-json\/wp\/v2\/posts\/10664","targetHints":{"allow":["GET"]}}],"collection":[{"href":"https:\/\/expresso.estadao.com.br\/sao-paulo\/wp-json\/wp\/v2\/posts"}],"about":[{"href":"https:\/\/expresso.estadao.com.br\/sao-paulo\/wp-json\/wp\/v2\/types\/post"}],"author":[{"embeddable":true,"href":"https:\/\/expresso.estadao.com.br\/sao-paulo\/wp-json\/wp\/v2\/users\/4"}],"replies":[{"embeddable":true,"href":"https:\/\/expresso.estadao.com.br\/sao-paulo\/wp-json\/wp\/v2\/comments?post=10664"}],"version-history":[{"count":2,"href":"https:\/\/expresso.estadao.com.br\/sao-paulo\/wp-json\/wp\/v2\/posts\/10664\/revisions"}],"predecessor-version":[{"id":10668,"href":"https:\/\/expresso.estadao.com.br\/sao-paulo\/wp-json\/wp\/v2\/posts\/10664\/revisions\/10668"}],"wp:featuredmedia":[{"embeddable":true,"href":"https:\/\/expresso.estadao.com.br\/sao-paulo\/wp-json\/wp\/v2\/media\/10666"}],"wp:attachment":[{"href":"https:\/\/expresso.estadao.com.br\/sao-paulo\/wp-json\/wp\/v2\/media?parent=10664"}],"wp:term":[{"taxonomy":"category","embeddable":true,"href":"https:\/\/expresso.estadao.com.br\/sao-paulo\/wp-json\/wp\/v2\/categories?post=10664"},{"taxonomy":"post_tag","embeddable":true,"href":"https:\/\/expresso.estadao.com.br\/sao-paulo\/wp-json\/wp\/v2\/tags?post=10664"}],"curies":[{"name":"wp","href":"https:\/\/api.w.org\/{rel}","templated":true}]}}