{"id":10714,"date":"2025-05-16T09:07:20","date_gmt":"2025-05-16T12:07:20","guid":{"rendered":"https:\/\/expresso.estadao.com.br\/sao-paulo\/?p=10714"},"modified":"2025-05-16T09:07:20","modified_gmt":"2025-05-16T12:07:20","slug":"biblioteca-mario-de-andrade-recebe-verba-para-preservacao-de-acervo","status":"publish","type":"post","link":"https:\/\/expresso.estadao.com.br\/sao-paulo\/2025\/05\/16\/biblioteca-mario-de-andrade-recebe-verba-para-preservacao-de-acervo\/","title":{"rendered":"Biblioteca M\u00e1rio de Andrade recebe verba para preserva\u00e7\u00e3o de acervo"},"content":{"rendered":"<p class=\"\" data-start=\"253\" data-end=\"605\">A Biblioteca M\u00e1rio de Andrade, da Prefeitura de S\u00e3o Paulo, receber\u00e1 R$ 4,4 milh\u00f5es por meio de um conv\u00eanio com a Financiadora de Estudos e Projetos (Finep), vinculada ao <a href=\"https:\/\/www.gov.br\/mcti\/pt-br\">Minist\u00e9rio da Ci\u00eancia, Tecnologia e Inova\u00e7\u00e3o<\/a>. O investimento ser\u00e1 destinado \u00e0 preserva\u00e7\u00e3o, digitaliza\u00e7\u00e3o e amplia\u00e7\u00e3o do acesso ao acervo da biblioteca, que completa 100 anos em 2025.<\/p>\n<p class=\"\" data-start=\"607\" data-end=\"903\">O projeto prev\u00ea quatro frentes principais: implanta\u00e7\u00e3o de um laborat\u00f3rio de preserva\u00e7\u00e3o e conserva\u00e7\u00e3o; tratamento t\u00e9cnico e digitaliza\u00e7\u00e3o de documentos do <a href=\"https:\/\/capital.sp.gov.br\/web\/cultura\/arquivo_historico\">Arquivo Hist\u00f3rico<\/a> e da Se\u00e7\u00e3o de Obras Raras e Especiais; e cria\u00e7\u00e3o de um reposit\u00f3rio digital para acesso remoto e preserva\u00e7\u00e3o de longo prazo.<\/p>\n<div id=\"attachment_10729\" style=\"width: 1120px\" class=\"wp-caption alignnone\"><img loading=\"lazy\" decoding=\"async\" aria-describedby=\"caption-attachment-10729\" class=\"wp-image-10729 size-large\" src=\"https:\/\/expresso.estadao.com.br\/sao-paulo\/wp-content\/uploads\/2025\/05\/santos-229-1110x832.jpg\" alt=\"\" width=\"1110\" height=\"832\" srcset=\"https:\/\/expresso.estadao.com.br\/sao-paulo\/wp-content\/uploads\/2025\/05\/santos-229-1110x832.jpg 1110w, https:\/\/expresso.estadao.com.br\/sao-paulo\/wp-content\/uploads\/2025\/05\/santos-229-400x300.jpg 400w, https:\/\/expresso.estadao.com.br\/sao-paulo\/wp-content\/uploads\/2025\/05\/santos-229-768x576.jpg 768w, https:\/\/expresso.estadao.com.br\/sao-paulo\/wp-content\/uploads\/2025\/05\/santos-229-1536x1152.jpg 1536w, https:\/\/expresso.estadao.com.br\/sao-paulo\/wp-content\/uploads\/2025\/05\/santos-229-2048x1536.jpg 2048w\" sizes=\"auto, (max-width: 1110px) 100vw, 1110px\" \/><p id=\"caption-attachment-10729\" class=\"wp-caption-text\">Parte do acervo da biblioteca<\/p><\/div>\n<p class=\"\" data-start=\"905\" data-end=\"1198\">Entre os materiais que ser\u00e3o digitalizados est\u00e3o manuscritos do engenheiro Paula Souza e peri\u00f3dicos paulistanos dos s\u00e9culos 19 e 20. O objetivo \u00e9 proteger o acervo da deteriora\u00e7\u00e3o f\u00edsica e ampliar o acesso ao p\u00fablico, incluindo pesquisadores, estudantes e interessados no Brasil e no exterior.<\/p>\n<p class=\"\" data-start=\"1200\" data-end=\"1504\">A assinatura simb\u00f3lica do projeto, intitulado Do modernismo \u00e0 era digital: proposta de preserva\u00e7\u00e3o de acervos da Biblioteca M\u00e1rio de Andrade, foi realizada no dia 28 de abril. A iniciativa foi selecionada na chamada p\u00fablica FINEP\/MCTI\/FNDCT \u2013 Identidade Brasil: Recupera\u00e7\u00e3o e Preserva\u00e7\u00e3o de Acervos 2024.<\/p>\n","protected":false},"excerpt":{"rendered":"<p>A Biblioteca M\u00e1rio de Andrade, da Prefeitura de S\u00e3o Paulo, receber\u00e1 R$ 4,4 milh\u00f5es por meio de um conv\u00eanio com a Financiadora de Estudos e Projetos (Finep), vinculada ao Minist\u00e9rio da Ci\u00eancia, Tecnologia e Inova\u00e7\u00e3o. O investimento ser\u00e1 destinado \u00e0 preserva\u00e7\u00e3o, digitaliza\u00e7\u00e3o e amplia\u00e7\u00e3o do acesso ao acervo da biblioteca, que completa 100 anos em [&hellip;]<\/p>\n","protected":false},"author":4,"featured_media":10730,"comment_status":"open","ping_status":"closed","sticky":false,"template":"","format":"standard","meta":{"_acf_changed":false,"_monsterinsights_skip_tracking":false,"_monsterinsights_sitenote_active":false,"_monsterinsights_sitenote_note":"","_monsterinsights_sitenote_category":0,"footnotes":""},"categories":[741],"tags":[1211,1210,52],"class_list":["post-10714","post","type-post","status-publish","format-standard","has-post-thumbnail","hentry","category-cultura","tag-acervo","tag-biblioteca-mario-de-andrade","tag-prefeitura-de-sao-paulo"],"acf":[],"yoast_head":"<!-- This site is optimized with the Yoast SEO plugin v24.1 - https:\/\/yoast.com\/wordpress\/plugins\/seo\/ -->\n<title>Biblioteca M\u00e1rio de Andrade - Estad\u00e3o Expresso S\u00e3o Paulo<\/title>\n<meta name=\"description\" content=\"Recursos ser\u00e3o usados para laborat\u00f3rio, digitaliza\u00e7\u00e3o de documentos e cria\u00e7\u00e3o de reposit\u00f3rio digital\" \/>\n<meta name=\"robots\" content=\"index, follow, max-snippet:-1, max-image-preview:large, max-video-preview:-1\" \/>\n<link rel=\"canonical\" href=\"https:\/\/expresso.estadao.com.br\/sao-paulo\/2025\/05\/16\/biblioteca-mario-de-andrade-recebe-verba-para-preservacao-de-acervo\/\" \/>\n<meta property=\"og:locale\" content=\"pt_BR\" \/>\n<meta property=\"og:type\" content=\"article\" \/>\n<meta property=\"og:title\" content=\"Biblioteca M\u00e1rio de Andrade - Estad\u00e3o Expresso S\u00e3o Paulo\" \/>\n<meta property=\"og:description\" content=\"Recursos ser\u00e3o usados para laborat\u00f3rio, digitaliza\u00e7\u00e3o de documentos e cria\u00e7\u00e3o de reposit\u00f3rio digital\" \/>\n<meta property=\"og:url\" content=\"https:\/\/expresso.estadao.com.br\/sao-paulo\/2025\/05\/16\/biblioteca-mario-de-andrade-recebe-verba-para-preservacao-de-acervo\/\" \/>\n<meta property=\"og:site_name\" content=\"Estad\u00e3o Expresso S\u00e3o Paulo\" \/>\n<meta property=\"article:published_time\" content=\"2025-05-16T12:07:20+00:00\" \/>\n<meta property=\"og:image\" content=\"https:\/\/expresso.estadao.com.br\/sao-paulo\/wp-content\/uploads\/2025\/05\/santos-228-scaled.jpg\" \/>\n\t<meta property=\"og:image:type\" content=\"image\/jpeg\" \/>\n<meta name=\"author\" content=\"fabio_bairros\" \/>\n<meta name=\"twitter:card\" content=\"summary_large_image\" \/>\n<meta name=\"twitter:label1\" content=\"Escrito por\" \/>\n\t<meta name=\"twitter:data1\" content=\"fabio_bairros\" \/>\n\t<meta name=\"twitter:label2\" content=\"Est. tempo de leitura\" \/>\n\t<meta name=\"twitter:data2\" content=\"2 minutos\" \/>\n<script type=\"application\/ld+json\" class=\"yoast-schema-graph\">{\"@context\":\"https:\/\/schema.org\",\"@graph\":[{\"@type\":\"WebPage\",\"@id\":\"https:\/\/expresso.estadao.com.br\/sao-paulo\/2025\/05\/16\/biblioteca-mario-de-andrade-recebe-verba-para-preservacao-de-acervo\/\",\"url\":\"https:\/\/expresso.estadao.com.br\/sao-paulo\/2025\/05\/16\/biblioteca-mario-de-andrade-recebe-verba-para-preservacao-de-acervo\/\",\"name\":\"Biblioteca M\u00e1rio de Andrade - Estad\u00e3o Expresso S\u00e3o Paulo\",\"isPartOf\":{\"@id\":\"https:\/\/expresso.estadao.com.br\/sao-paulo\/#website\"},\"primaryImageOfPage\":{\"@id\":\"https:\/\/expresso.estadao.com.br\/sao-paulo\/2025\/05\/16\/biblioteca-mario-de-andrade-recebe-verba-para-preservacao-de-acervo\/#primaryimage\"},\"image\":{\"@id\":\"https:\/\/expresso.estadao.com.br\/sao-paulo\/2025\/05\/16\/biblioteca-mario-de-andrade-recebe-verba-para-preservacao-de-acervo\/#primaryimage\"},\"thumbnailUrl\":\"https:\/\/expresso.estadao.com.br\/sao-paulo\/wp-content\/uploads\/2025\/05\/santos-228-scaled.jpg\",\"datePublished\":\"2025-05-16T12:07:20+00:00\",\"dateModified\":\"2025-05-16T12:07:20+00:00\",\"author\":{\"@id\":\"https:\/\/expresso.estadao.com.br\/sao-paulo\/#\/schema\/person\/f45f9e313ba8cbe5af9424f387ddef42\"},\"description\":\"Recursos ser\u00e3o usados para laborat\u00f3rio, digitaliza\u00e7\u00e3o de documentos e cria\u00e7\u00e3o de reposit\u00f3rio digital\",\"breadcrumb\":{\"@id\":\"https:\/\/expresso.estadao.com.br\/sao-paulo\/2025\/05\/16\/biblioteca-mario-de-andrade-recebe-verba-para-preservacao-de-acervo\/#breadcrumb\"},\"inLanguage\":\"pt-BR\",\"potentialAction\":[{\"@type\":\"ReadAction\",\"target\":[\"https:\/\/expresso.estadao.com.br\/sao-paulo\/2025\/05\/16\/biblioteca-mario-de-andrade-recebe-verba-para-preservacao-de-acervo\/\"]}]},{\"@type\":\"ImageObject\",\"inLanguage\":\"pt-BR\",\"@id\":\"https:\/\/expresso.estadao.com.br\/sao-paulo\/2025\/05\/16\/biblioteca-mario-de-andrade-recebe-verba-para-preservacao-de-acervo\/#primaryimage\",\"url\":\"https:\/\/expresso.estadao.com.br\/sao-paulo\/wp-content\/uploads\/2025\/05\/santos-228-scaled.jpg\",\"contentUrl\":\"https:\/\/expresso.estadao.com.br\/sao-paulo\/wp-content\/uploads\/2025\/05\/santos-228-scaled.jpg\",\"width\":2560,\"height\":1920,\"caption\":\"Fachada da biblioteca - Fotos: L. Santana\/Especial para o Estad\u00e3o\"},{\"@type\":\"BreadcrumbList\",\"@id\":\"https:\/\/expresso.estadao.com.br\/sao-paulo\/2025\/05\/16\/biblioteca-mario-de-andrade-recebe-verba-para-preservacao-de-acervo\/#breadcrumb\",\"itemListElement\":[{\"@type\":\"ListItem\",\"position\":1,\"name\":\"In\u00edcio\",\"item\":\"https:\/\/expresso.estadao.com.br\/sao-paulo\/\"},{\"@type\":\"ListItem\",\"position\":2,\"name\":\"Biblioteca M\u00e1rio de Andrade recebe verba para preserva\u00e7\u00e3o de acervo\"}]},{\"@type\":\"WebSite\",\"@id\":\"https:\/\/expresso.estadao.com.br\/sao-paulo\/#website\",\"url\":\"https:\/\/expresso.estadao.com.br\/sao-paulo\/\",\"name\":\"Estad\u00e3o Expresso S\u00e3o Paulo\",\"description\":\"Conte\u00fado de presta\u00e7\u00e3o de servi\u00e7o para que os moradores da cidade de S\u00e3o Paulo possam se informar melhor e usar de maneira mais eficaz os servi\u00e7os p\u00fablicos municipais.\",\"potentialAction\":[{\"@type\":\"SearchAction\",\"target\":{\"@type\":\"EntryPoint\",\"urlTemplate\":\"https:\/\/expresso.estadao.com.br\/sao-paulo\/?s={search_term_string}\"},\"query-input\":{\"@type\":\"PropertyValueSpecification\",\"valueRequired\":true,\"valueName\":\"search_term_string\"}}],\"inLanguage\":\"pt-BR\"},{\"@type\":\"Person\",\"@id\":\"https:\/\/expresso.estadao.com.br\/sao-paulo\/#\/schema\/person\/f45f9e313ba8cbe5af9424f387ddef42\",\"name\":\"fabio_bairros\",\"image\":{\"@type\":\"ImageObject\",\"inLanguage\":\"pt-BR\",\"@id\":\"https:\/\/expresso.estadao.com.br\/sao-paulo\/#\/schema\/person\/image\/\",\"url\":\"https:\/\/secure.gravatar.com\/avatar\/fbecca90befcfda9505216ce0dc87261326cb6644deb5861e7ab404061c24246?s=96&d=mm&r=g\",\"contentUrl\":\"https:\/\/secure.gravatar.com\/avatar\/fbecca90befcfda9505216ce0dc87261326cb6644deb5861e7ab404061c24246?s=96&d=mm&r=g\",\"caption\":\"fabio_bairros\"}}]}<\/script>\n<!-- \/ Yoast SEO plugin. -->","yoast_head_json":{"title":"Biblioteca M\u00e1rio de Andrade - Estad\u00e3o Expresso S\u00e3o Paulo","description":"Recursos ser\u00e3o usados para laborat\u00f3rio, digitaliza\u00e7\u00e3o de documentos e cria\u00e7\u00e3o de reposit\u00f3rio digital","robots":{"index":"index","follow":"follow","max-snippet":"max-snippet:-1","max-image-preview":"max-image-preview:large","max-video-preview":"max-video-preview:-1"},"canonical":"https:\/\/expresso.estadao.com.br\/sao-paulo\/2025\/05\/16\/biblioteca-mario-de-andrade-recebe-verba-para-preservacao-de-acervo\/","og_locale":"pt_BR","og_type":"article","og_title":"Biblioteca M\u00e1rio de Andrade - Estad\u00e3o Expresso S\u00e3o Paulo","og_description":"Recursos ser\u00e3o usados para laborat\u00f3rio, digitaliza\u00e7\u00e3o de documentos e cria\u00e7\u00e3o de reposit\u00f3rio digital","og_url":"https:\/\/expresso.estadao.com.br\/sao-paulo\/2025\/05\/16\/biblioteca-mario-de-andrade-recebe-verba-para-preservacao-de-acervo\/","og_site_name":"Estad\u00e3o Expresso S\u00e3o Paulo","article_published_time":"2025-05-16T12:07:20+00:00","og_image":[{"width":"","height":"","url":"https:\/\/expresso.estadao.com.br\/sao-paulo\/wp-content\/uploads\/2025\/05\/santos-228-scaled.jpg","type":"image\/jpeg"}],"author":"fabio_bairros","twitter_card":"summary_large_image","twitter_misc":{"Escrito por":"fabio_bairros","Est. tempo de leitura":"2 minutos"},"schema":{"@context":"https:\/\/schema.org","@graph":[{"@type":"WebPage","@id":"https:\/\/expresso.estadao.com.br\/sao-paulo\/2025\/05\/16\/biblioteca-mario-de-andrade-recebe-verba-para-preservacao-de-acervo\/","url":"https:\/\/expresso.estadao.com.br\/sao-paulo\/2025\/05\/16\/biblioteca-mario-de-andrade-recebe-verba-para-preservacao-de-acervo\/","name":"Biblioteca M\u00e1rio de Andrade - Estad\u00e3o Expresso S\u00e3o Paulo","isPartOf":{"@id":"https:\/\/expresso.estadao.com.br\/sao-paulo\/#website"},"primaryImageOfPage":{"@id":"https:\/\/expresso.estadao.com.br\/sao-paulo\/2025\/05\/16\/biblioteca-mario-de-andrade-recebe-verba-para-preservacao-de-acervo\/#primaryimage"},"image":{"@id":"https:\/\/expresso.estadao.com.br\/sao-paulo\/2025\/05\/16\/biblioteca-mario-de-andrade-recebe-verba-para-preservacao-de-acervo\/#primaryimage"},"thumbnailUrl":"https:\/\/expresso.estadao.com.br\/sao-paulo\/wp-content\/uploads\/2025\/05\/santos-228-scaled.jpg","datePublished":"2025-05-16T12:07:20+00:00","dateModified":"2025-05-16T12:07:20+00:00","author":{"@id":"https:\/\/expresso.estadao.com.br\/sao-paulo\/#\/schema\/person\/f45f9e313ba8cbe5af9424f387ddef42"},"description":"Recursos ser\u00e3o usados para laborat\u00f3rio, digitaliza\u00e7\u00e3o de documentos e cria\u00e7\u00e3o de reposit\u00f3rio digital","breadcrumb":{"@id":"https:\/\/expresso.estadao.com.br\/sao-paulo\/2025\/05\/16\/biblioteca-mario-de-andrade-recebe-verba-para-preservacao-de-acervo\/#breadcrumb"},"inLanguage":"pt-BR","potentialAction":[{"@type":"ReadAction","target":["https:\/\/expresso.estadao.com.br\/sao-paulo\/2025\/05\/16\/biblioteca-mario-de-andrade-recebe-verba-para-preservacao-de-acervo\/"]}]},{"@type":"ImageObject","inLanguage":"pt-BR","@id":"https:\/\/expresso.estadao.com.br\/sao-paulo\/2025\/05\/16\/biblioteca-mario-de-andrade-recebe-verba-para-preservacao-de-acervo\/#primaryimage","url":"https:\/\/expresso.estadao.com.br\/sao-paulo\/wp-content\/uploads\/2025\/05\/santos-228-scaled.jpg","contentUrl":"https:\/\/expresso.estadao.com.br\/sao-paulo\/wp-content\/uploads\/2025\/05\/santos-228-scaled.jpg","width":2560,"height":1920,"caption":"Fachada da biblioteca - Fotos: L. Santana\/Especial para o Estad\u00e3o"},{"@type":"BreadcrumbList","@id":"https:\/\/expresso.estadao.com.br\/sao-paulo\/2025\/05\/16\/biblioteca-mario-de-andrade-recebe-verba-para-preservacao-de-acervo\/#breadcrumb","itemListElement":[{"@type":"ListItem","position":1,"name":"In\u00edcio","item":"https:\/\/expresso.estadao.com.br\/sao-paulo\/"},{"@type":"ListItem","position":2,"name":"Biblioteca M\u00e1rio de Andrade recebe verba para preserva\u00e7\u00e3o de acervo"}]},{"@type":"WebSite","@id":"https:\/\/expresso.estadao.com.br\/sao-paulo\/#website","url":"https:\/\/expresso.estadao.com.br\/sao-paulo\/","name":"Estad\u00e3o Expresso S\u00e3o Paulo","description":"Conte\u00fado de presta\u00e7\u00e3o de servi\u00e7o para que os moradores da cidade de S\u00e3o Paulo possam se informar melhor e usar de maneira mais eficaz os servi\u00e7os p\u00fablicos municipais.","potentialAction":[{"@type":"SearchAction","target":{"@type":"EntryPoint","urlTemplate":"https:\/\/expresso.estadao.com.br\/sao-paulo\/?s={search_term_string}"},"query-input":{"@type":"PropertyValueSpecification","valueRequired":true,"valueName":"search_term_string"}}],"inLanguage":"pt-BR"},{"@type":"Person","@id":"https:\/\/expresso.estadao.com.br\/sao-paulo\/#\/schema\/person\/f45f9e313ba8cbe5af9424f387ddef42","name":"fabio_bairros","image":{"@type":"ImageObject","inLanguage":"pt-BR","@id":"https:\/\/expresso.estadao.com.br\/sao-paulo\/#\/schema\/person\/image\/","url":"https:\/\/secure.gravatar.com\/avatar\/fbecca90befcfda9505216ce0dc87261326cb6644deb5861e7ab404061c24246?s=96&d=mm&r=g","contentUrl":"https:\/\/secure.gravatar.com\/avatar\/fbecca90befcfda9505216ce0dc87261326cb6644deb5861e7ab404061c24246?s=96&d=mm&r=g","caption":"fabio_bairros"}}]}},"_links":{"self":[{"href":"https:\/\/expresso.estadao.com.br\/sao-paulo\/wp-json\/wp\/v2\/posts\/10714","targetHints":{"allow":["GET"]}}],"collection":[{"href":"https:\/\/expresso.estadao.com.br\/sao-paulo\/wp-json\/wp\/v2\/posts"}],"about":[{"href":"https:\/\/expresso.estadao.com.br\/sao-paulo\/wp-json\/wp\/v2\/types\/post"}],"author":[{"embeddable":true,"href":"https:\/\/expresso.estadao.com.br\/sao-paulo\/wp-json\/wp\/v2\/users\/4"}],"replies":[{"embeddable":true,"href":"https:\/\/expresso.estadao.com.br\/sao-paulo\/wp-json\/wp\/v2\/comments?post=10714"}],"version-history":[{"count":4,"href":"https:\/\/expresso.estadao.com.br\/sao-paulo\/wp-json\/wp\/v2\/posts\/10714\/revisions"}],"predecessor-version":[{"id":10769,"href":"https:\/\/expresso.estadao.com.br\/sao-paulo\/wp-json\/wp\/v2\/posts\/10714\/revisions\/10769"}],"wp:featuredmedia":[{"embeddable":true,"href":"https:\/\/expresso.estadao.com.br\/sao-paulo\/wp-json\/wp\/v2\/media\/10730"}],"wp:attachment":[{"href":"https:\/\/expresso.estadao.com.br\/sao-paulo\/wp-json\/wp\/v2\/media?parent=10714"}],"wp:term":[{"taxonomy":"category","embeddable":true,"href":"https:\/\/expresso.estadao.com.br\/sao-paulo\/wp-json\/wp\/v2\/categories?post=10714"},{"taxonomy":"post_tag","embeddable":true,"href":"https:\/\/expresso.estadao.com.br\/sao-paulo\/wp-json\/wp\/v2\/tags?post=10714"}],"curies":[{"name":"wp","href":"https:\/\/api.w.org\/{rel}","templated":true}]}}