{"id":10866,"date":"2025-05-26T09:26:54","date_gmt":"2025-05-26T12:26:54","guid":{"rendered":"https:\/\/expresso.estadao.com.br\/sao-paulo\/?p=10866"},"modified":"2025-05-26T10:06:18","modified_gmt":"2025-05-26T13:06:18","slug":"balanco-parcial-aponta-poucas-ocorrencias-na-virada-cultural-2025","status":"publish","type":"post","link":"https:\/\/expresso.estadao.com.br\/sao-paulo\/2025\/05\/26\/balanco-parcial-aponta-poucas-ocorrencias-na-virada-cultural-2025\/","title":{"rendered":"Balan\u00e7o parcial aponta poucas ocorr\u00eancias na Virada Cultural 2025"},"content":{"rendered":"<p>O balan\u00e7o parcial de atendimentos m\u00e9dicos e de seguran\u00e7a mostra que as estrat\u00e9gias da Prefeitura para sa\u00fade e seguran\u00e7a para a Virada Cultural 2025 deram certo. N\u00e3o houve registro de ocorr\u00eancia grave. A expectativa de p\u00fablico ficou e torno de 4,5 milh\u00f5es de pessoas divididas em 1.200 atra\u00e7\u00f5es.<\/p>\n<p>At\u00e9 o meio-dia deste domingo (25), a Guarda Civil Metropolitana (GCM) atendeu duas ocorr\u00eancias, sendo uma por roubo de celular, com deten\u00e7\u00e3o e encaminhamento do suspeito ao 47\u00ba Distrito Policial, e outra por mal s\u00fabito, com pronto atendimento \u00e0 v\u00edtima. A GCM tamb\u00e9m prestou 167 apoios a turistas e realizou 16 voos com drones.<\/p>\n<p>Entre 17h e 23h59 de s\u00e1bado, a Pol\u00edcia Militar fez tr\u00eas pris\u00f5es de procurados pela Justi\u00e7a, uma deten\u00e7\u00e3o por tr\u00e1fico de entorpecentes e uma por picha\u00e7\u00e3o no Centro, e registrou tr\u00eas ocorr\u00eancias de furto de celular relacionadas ao evento.<\/p>\n<p><img loading=\"lazy\" decoding=\"async\" class=\"alignnone size-large wp-image-10872\" src=\"https:\/\/expresso.estadao.com.br\/sao-paulo\/wp-content\/uploads\/2025\/05\/54545222243_4ff5c105f9_k-1110x740.jpg\" alt=\"\" width=\"1110\" height=\"740\" srcset=\"https:\/\/expresso.estadao.com.br\/sao-paulo\/wp-content\/uploads\/2025\/05\/54545222243_4ff5c105f9_k-1110x740.jpg 1110w, https:\/\/expresso.estadao.com.br\/sao-paulo\/wp-content\/uploads\/2025\/05\/54545222243_4ff5c105f9_k-450x300.jpg 450w, https:\/\/expresso.estadao.com.br\/sao-paulo\/wp-content\/uploads\/2025\/05\/54545222243_4ff5c105f9_k-768x512.jpg 768w, https:\/\/expresso.estadao.com.br\/sao-paulo\/wp-content\/uploads\/2025\/05\/54545222243_4ff5c105f9_k-1536x1024.jpg 1536w, https:\/\/expresso.estadao.com.br\/sao-paulo\/wp-content\/uploads\/2025\/05\/54545222243_4ff5c105f9_k.jpg 2047w\" sizes=\"auto, (max-width: 1110px) 100vw, 1110px\" \/><\/p>\n<p>&nbsp;<\/p>\n<p><strong>Smart Sampa<\/strong><\/p>\n<p>Al\u00e9m das 26 mil c\u00e2meras do Programa Smart Sampa instaladas em pontos estrat\u00e9gicos em toda a cidade, a Prefeitura desenvolveu uma estrat\u00e9gia que une tecnologia e refor\u00e7o no policiamento para garantir a seguran\u00e7a do p\u00fablico nas 24 horas da Virada.<\/p>\n<p>Os 21 palcos s\u00e3o monitorados com apoio de drones e c\u00e2meras do Smart Sampa. Al\u00e9m disso, 10 mil profissionais de seguran\u00e7a refor\u00e7am o policiamento, sendo 4.200 policiais militares, 1.900 guardas civis metropolitanos e 3.860 seguran\u00e7as privados.<\/p>\n<p>A estrat\u00e9gia de seguran\u00e7a inclui a Patrulha Maria da Penha, com presen\u00e7a de viaturas e policiamento preventivo em todas as regi\u00f5es.<\/p>\n<p><strong>Sa\u00fade<\/strong><\/p>\n<p>Na sa\u00fade, das 15 horas de s\u00e1bado (24) at\u00e9 o meio-dia deste domingo, haviam sido feitos 176 atendimentos m\u00e9dicos durante a Virada Cultural, com 10 remo\u00e7\u00f5es para hospitais e Unidades de Pronto Atendimento (UPAs).<\/p>\n<p>Para garantir um atendimento r\u00e1pido, a Prefeitura montou 13 postos m\u00e9dicos avan\u00e7ados nos palcos e espa\u00e7os da Virada, disponibilizou 60 ambul\u00e2ncias e UTIs m\u00f3veis em opera\u00e7\u00e3o e 34 UPAs funcionando 24 horas. A estrutura est\u00e1 capacitada para n\u00e3o impactar o sistema de sa\u00fade.<\/p>\n","protected":false},"excerpt":{"rendered":"<p>O balan\u00e7o parcial de atendimentos m\u00e9dicos e de seguran\u00e7a mostra que as estrat\u00e9gias da Prefeitura para sa\u00fade e seguran\u00e7a para a Virada Cultural 2025 deram certo. N\u00e3o houve registro de ocorr\u00eancia grave. A expectativa de p\u00fablico ficou e torno de 4,5 milh\u00f5es de pessoas divididas em 1.200 atra\u00e7\u00f5es. At\u00e9 o meio-dia deste domingo (25), a [&hellip;]<\/p>\n","protected":false},"author":4,"featured_media":10868,"comment_status":"open","ping_status":"closed","sticky":false,"template":"","format":"standard","meta":{"_acf_changed":false,"_monsterinsights_skip_tracking":false,"_monsterinsights_sitenote_active":false,"_monsterinsights_sitenote_note":"","_monsterinsights_sitenote_category":0,"footnotes":""},"categories":[744],"tags":[52,1208],"class_list":["post-10866","post","type-post","status-publish","format-standard","has-post-thumbnail","hentry","category-turismo","tag-prefeitura-de-sao-paulo","tag-virada-cultural-2025"],"acf":[],"yoast_head":"<!-- This site is optimized with the Yoast SEO plugin v24.1 - https:\/\/yoast.com\/wordpress\/plugins\/seo\/ -->\n<title>Virada Cultural 2025<\/title>\n<meta name=\"description\" content=\"Prefeitura disponibiliza estrutura para atendimento m\u00e9dico e refor\u00e7o da vigil\u00e2ncia no evento\" \/>\n<meta name=\"robots\" content=\"index, follow, max-snippet:-1, max-image-preview:large, max-video-preview:-1\" \/>\n<link rel=\"canonical\" href=\"https:\/\/expresso.estadao.com.br\/sao-paulo\/2025\/05\/26\/balanco-parcial-aponta-poucas-ocorrencias-na-virada-cultural-2025\/\" \/>\n<meta property=\"og:locale\" content=\"pt_BR\" \/>\n<meta property=\"og:type\" content=\"article\" \/>\n<meta property=\"og:title\" content=\"Virada Cultural 2025\" \/>\n<meta property=\"og:description\" content=\"Prefeitura disponibiliza estrutura para atendimento m\u00e9dico e refor\u00e7o da vigil\u00e2ncia no evento\" \/>\n<meta property=\"og:url\" content=\"https:\/\/expresso.estadao.com.br\/sao-paulo\/2025\/05\/26\/balanco-parcial-aponta-poucas-ocorrencias-na-virada-cultural-2025\/\" \/>\n<meta property=\"og:site_name\" content=\"Estad\u00e3o Expresso S\u00e3o Paulo\" \/>\n<meta property=\"article:published_time\" content=\"2025-05-26T12:26:54+00:00\" \/>\n<meta property=\"article:modified_time\" content=\"2025-05-26T13:06:18+00:00\" \/>\n<meta property=\"og:image\" content=\"https:\/\/expresso.estadao.com.br\/sao-paulo\/wp-content\/uploads\/2025\/05\/20250525_ViradaNoCentro_4.jpg\" \/>\n\t<meta property=\"og:image:type\" content=\"image\/jpeg\" \/>\n<meta name=\"author\" content=\"fabio_bairros\" \/>\n<meta name=\"twitter:card\" content=\"summary_large_image\" \/>\n<meta name=\"twitter:label1\" content=\"Escrito por\" \/>\n\t<meta name=\"twitter:data1\" content=\"fabio_bairros\" \/>\n\t<meta name=\"twitter:label2\" content=\"Est. tempo de leitura\" \/>\n\t<meta name=\"twitter:data2\" content=\"3 minutos\" \/>\n<script type=\"application\/ld+json\" class=\"yoast-schema-graph\">{\"@context\":\"https:\/\/schema.org\",\"@graph\":[{\"@type\":\"WebPage\",\"@id\":\"https:\/\/expresso.estadao.com.br\/sao-paulo\/2025\/05\/26\/balanco-parcial-aponta-poucas-ocorrencias-na-virada-cultural-2025\/\",\"url\":\"https:\/\/expresso.estadao.com.br\/sao-paulo\/2025\/05\/26\/balanco-parcial-aponta-poucas-ocorrencias-na-virada-cultural-2025\/\",\"name\":\"Virada Cultural 2025\",\"isPartOf\":{\"@id\":\"https:\/\/expresso.estadao.com.br\/sao-paulo\/#website\"},\"primaryImageOfPage\":{\"@id\":\"https:\/\/expresso.estadao.com.br\/sao-paulo\/2025\/05\/26\/balanco-parcial-aponta-poucas-ocorrencias-na-virada-cultural-2025\/#primaryimage\"},\"image\":{\"@id\":\"https:\/\/expresso.estadao.com.br\/sao-paulo\/2025\/05\/26\/balanco-parcial-aponta-poucas-ocorrencias-na-virada-cultural-2025\/#primaryimage\"},\"thumbnailUrl\":\"https:\/\/expresso.estadao.com.br\/sao-paulo\/wp-content\/uploads\/2025\/05\/20250525_ViradaNoCentro_4.jpg\",\"datePublished\":\"2025-05-26T12:26:54+00:00\",\"dateModified\":\"2025-05-26T13:06:18+00:00\",\"author\":{\"@id\":\"https:\/\/expresso.estadao.com.br\/sao-paulo\/#\/schema\/person\/f45f9e313ba8cbe5af9424f387ddef42\"},\"description\":\"Prefeitura disponibiliza estrutura para atendimento m\u00e9dico e refor\u00e7o da vigil\u00e2ncia no evento\",\"breadcrumb\":{\"@id\":\"https:\/\/expresso.estadao.com.br\/sao-paulo\/2025\/05\/26\/balanco-parcial-aponta-poucas-ocorrencias-na-virada-cultural-2025\/#breadcrumb\"},\"inLanguage\":\"pt-BR\",\"potentialAction\":[{\"@type\":\"ReadAction\",\"target\":[\"https:\/\/expresso.estadao.com.br\/sao-paulo\/2025\/05\/26\/balanco-parcial-aponta-poucas-ocorrencias-na-virada-cultural-2025\/\"]}]},{\"@type\":\"ImageObject\",\"inLanguage\":\"pt-BR\",\"@id\":\"https:\/\/expresso.estadao.com.br\/sao-paulo\/2025\/05\/26\/balanco-parcial-aponta-poucas-ocorrencias-na-virada-cultural-2025\/#primaryimage\",\"url\":\"https:\/\/expresso.estadao.com.br\/sao-paulo\/wp-content\/uploads\/2025\/05\/20250525_ViradaNoCentro_4.jpg\",\"contentUrl\":\"https:\/\/expresso.estadao.com.br\/sao-paulo\/wp-content\/uploads\/2025\/05\/20250525_ViradaNoCentro_4.jpg\",\"width\":1600,\"height\":1050,\"caption\":\"Movimenta\u00e7\u00e3o do p\u00fablico no centro s\u00e1bado - Fotos: Ciete Silv\u00e9rio\/Divulga\u00e7\u00e3o\/Prefeitura SP\"},{\"@type\":\"BreadcrumbList\",\"@id\":\"https:\/\/expresso.estadao.com.br\/sao-paulo\/2025\/05\/26\/balanco-parcial-aponta-poucas-ocorrencias-na-virada-cultural-2025\/#breadcrumb\",\"itemListElement\":[{\"@type\":\"ListItem\",\"position\":1,\"name\":\"In\u00edcio\",\"item\":\"https:\/\/expresso.estadao.com.br\/sao-paulo\/\"},{\"@type\":\"ListItem\",\"position\":2,\"name\":\"Balan\u00e7o parcial aponta poucas ocorr\u00eancias na Virada Cultural 2025\"}]},{\"@type\":\"WebSite\",\"@id\":\"https:\/\/expresso.estadao.com.br\/sao-paulo\/#website\",\"url\":\"https:\/\/expresso.estadao.com.br\/sao-paulo\/\",\"name\":\"Estad\u00e3o Expresso S\u00e3o Paulo\",\"description\":\"Conte\u00fado de presta\u00e7\u00e3o de servi\u00e7o para que os moradores da cidade de S\u00e3o Paulo possam se informar melhor e usar de maneira mais eficaz os servi\u00e7os p\u00fablicos municipais.\",\"potentialAction\":[{\"@type\":\"SearchAction\",\"target\":{\"@type\":\"EntryPoint\",\"urlTemplate\":\"https:\/\/expresso.estadao.com.br\/sao-paulo\/?s={search_term_string}\"},\"query-input\":{\"@type\":\"PropertyValueSpecification\",\"valueRequired\":true,\"valueName\":\"search_term_string\"}}],\"inLanguage\":\"pt-BR\"},{\"@type\":\"Person\",\"@id\":\"https:\/\/expresso.estadao.com.br\/sao-paulo\/#\/schema\/person\/f45f9e313ba8cbe5af9424f387ddef42\",\"name\":\"fabio_bairros\",\"image\":{\"@type\":\"ImageObject\",\"inLanguage\":\"pt-BR\",\"@id\":\"https:\/\/expresso.estadao.com.br\/sao-paulo\/#\/schema\/person\/image\/\",\"url\":\"https:\/\/secure.gravatar.com\/avatar\/fbecca90befcfda9505216ce0dc87261326cb6644deb5861e7ab404061c24246?s=96&d=mm&r=g\",\"contentUrl\":\"https:\/\/secure.gravatar.com\/avatar\/fbecca90befcfda9505216ce0dc87261326cb6644deb5861e7ab404061c24246?s=96&d=mm&r=g\",\"caption\":\"fabio_bairros\"}}]}<\/script>\n<!-- \/ Yoast SEO plugin. -->","yoast_head_json":{"title":"Virada Cultural 2025","description":"Prefeitura disponibiliza estrutura para atendimento m\u00e9dico e refor\u00e7o da vigil\u00e2ncia no evento","robots":{"index":"index","follow":"follow","max-snippet":"max-snippet:-1","max-image-preview":"max-image-preview:large","max-video-preview":"max-video-preview:-1"},"canonical":"https:\/\/expresso.estadao.com.br\/sao-paulo\/2025\/05\/26\/balanco-parcial-aponta-poucas-ocorrencias-na-virada-cultural-2025\/","og_locale":"pt_BR","og_type":"article","og_title":"Virada Cultural 2025","og_description":"Prefeitura disponibiliza estrutura para atendimento m\u00e9dico e refor\u00e7o da vigil\u00e2ncia no evento","og_url":"https:\/\/expresso.estadao.com.br\/sao-paulo\/2025\/05\/26\/balanco-parcial-aponta-poucas-ocorrencias-na-virada-cultural-2025\/","og_site_name":"Estad\u00e3o Expresso S\u00e3o Paulo","article_published_time":"2025-05-26T12:26:54+00:00","article_modified_time":"2025-05-26T13:06:18+00:00","og_image":[{"width":"","height":"","url":"https:\/\/expresso.estadao.com.br\/sao-paulo\/wp-content\/uploads\/2025\/05\/20250525_ViradaNoCentro_4.jpg","type":"image\/jpeg"}],"author":"fabio_bairros","twitter_card":"summary_large_image","twitter_misc":{"Escrito por":"fabio_bairros","Est. tempo de leitura":"3 minutos"},"schema":{"@context":"https:\/\/schema.org","@graph":[{"@type":"WebPage","@id":"https:\/\/expresso.estadao.com.br\/sao-paulo\/2025\/05\/26\/balanco-parcial-aponta-poucas-ocorrencias-na-virada-cultural-2025\/","url":"https:\/\/expresso.estadao.com.br\/sao-paulo\/2025\/05\/26\/balanco-parcial-aponta-poucas-ocorrencias-na-virada-cultural-2025\/","name":"Virada Cultural 2025","isPartOf":{"@id":"https:\/\/expresso.estadao.com.br\/sao-paulo\/#website"},"primaryImageOfPage":{"@id":"https:\/\/expresso.estadao.com.br\/sao-paulo\/2025\/05\/26\/balanco-parcial-aponta-poucas-ocorrencias-na-virada-cultural-2025\/#primaryimage"},"image":{"@id":"https:\/\/expresso.estadao.com.br\/sao-paulo\/2025\/05\/26\/balanco-parcial-aponta-poucas-ocorrencias-na-virada-cultural-2025\/#primaryimage"},"thumbnailUrl":"https:\/\/expresso.estadao.com.br\/sao-paulo\/wp-content\/uploads\/2025\/05\/20250525_ViradaNoCentro_4.jpg","datePublished":"2025-05-26T12:26:54+00:00","dateModified":"2025-05-26T13:06:18+00:00","author":{"@id":"https:\/\/expresso.estadao.com.br\/sao-paulo\/#\/schema\/person\/f45f9e313ba8cbe5af9424f387ddef42"},"description":"Prefeitura disponibiliza estrutura para atendimento m\u00e9dico e refor\u00e7o da vigil\u00e2ncia no evento","breadcrumb":{"@id":"https:\/\/expresso.estadao.com.br\/sao-paulo\/2025\/05\/26\/balanco-parcial-aponta-poucas-ocorrencias-na-virada-cultural-2025\/#breadcrumb"},"inLanguage":"pt-BR","potentialAction":[{"@type":"ReadAction","target":["https:\/\/expresso.estadao.com.br\/sao-paulo\/2025\/05\/26\/balanco-parcial-aponta-poucas-ocorrencias-na-virada-cultural-2025\/"]}]},{"@type":"ImageObject","inLanguage":"pt-BR","@id":"https:\/\/expresso.estadao.com.br\/sao-paulo\/2025\/05\/26\/balanco-parcial-aponta-poucas-ocorrencias-na-virada-cultural-2025\/#primaryimage","url":"https:\/\/expresso.estadao.com.br\/sao-paulo\/wp-content\/uploads\/2025\/05\/20250525_ViradaNoCentro_4.jpg","contentUrl":"https:\/\/expresso.estadao.com.br\/sao-paulo\/wp-content\/uploads\/2025\/05\/20250525_ViradaNoCentro_4.jpg","width":1600,"height":1050,"caption":"Movimenta\u00e7\u00e3o do p\u00fablico no centro s\u00e1bado - Fotos: Ciete Silv\u00e9rio\/Divulga\u00e7\u00e3o\/Prefeitura SP"},{"@type":"BreadcrumbList","@id":"https:\/\/expresso.estadao.com.br\/sao-paulo\/2025\/05\/26\/balanco-parcial-aponta-poucas-ocorrencias-na-virada-cultural-2025\/#breadcrumb","itemListElement":[{"@type":"ListItem","position":1,"name":"In\u00edcio","item":"https:\/\/expresso.estadao.com.br\/sao-paulo\/"},{"@type":"ListItem","position":2,"name":"Balan\u00e7o parcial aponta poucas ocorr\u00eancias na Virada Cultural 2025"}]},{"@type":"WebSite","@id":"https:\/\/expresso.estadao.com.br\/sao-paulo\/#website","url":"https:\/\/expresso.estadao.com.br\/sao-paulo\/","name":"Estad\u00e3o Expresso S\u00e3o Paulo","description":"Conte\u00fado de presta\u00e7\u00e3o de servi\u00e7o para que os moradores da cidade de S\u00e3o Paulo possam se informar melhor e usar de maneira mais eficaz os servi\u00e7os p\u00fablicos municipais.","potentialAction":[{"@type":"SearchAction","target":{"@type":"EntryPoint","urlTemplate":"https:\/\/expresso.estadao.com.br\/sao-paulo\/?s={search_term_string}"},"query-input":{"@type":"PropertyValueSpecification","valueRequired":true,"valueName":"search_term_string"}}],"inLanguage":"pt-BR"},{"@type":"Person","@id":"https:\/\/expresso.estadao.com.br\/sao-paulo\/#\/schema\/person\/f45f9e313ba8cbe5af9424f387ddef42","name":"fabio_bairros","image":{"@type":"ImageObject","inLanguage":"pt-BR","@id":"https:\/\/expresso.estadao.com.br\/sao-paulo\/#\/schema\/person\/image\/","url":"https:\/\/secure.gravatar.com\/avatar\/fbecca90befcfda9505216ce0dc87261326cb6644deb5861e7ab404061c24246?s=96&d=mm&r=g","contentUrl":"https:\/\/secure.gravatar.com\/avatar\/fbecca90befcfda9505216ce0dc87261326cb6644deb5861e7ab404061c24246?s=96&d=mm&r=g","caption":"fabio_bairros"}}]}},"_links":{"self":[{"href":"https:\/\/expresso.estadao.com.br\/sao-paulo\/wp-json\/wp\/v2\/posts\/10866","targetHints":{"allow":["GET"]}}],"collection":[{"href":"https:\/\/expresso.estadao.com.br\/sao-paulo\/wp-json\/wp\/v2\/posts"}],"about":[{"href":"https:\/\/expresso.estadao.com.br\/sao-paulo\/wp-json\/wp\/v2\/types\/post"}],"author":[{"embeddable":true,"href":"https:\/\/expresso.estadao.com.br\/sao-paulo\/wp-json\/wp\/v2\/users\/4"}],"replies":[{"embeddable":true,"href":"https:\/\/expresso.estadao.com.br\/sao-paulo\/wp-json\/wp\/v2\/comments?post=10866"}],"version-history":[{"count":3,"href":"https:\/\/expresso.estadao.com.br\/sao-paulo\/wp-json\/wp\/v2\/posts\/10866\/revisions"}],"predecessor-version":[{"id":10873,"href":"https:\/\/expresso.estadao.com.br\/sao-paulo\/wp-json\/wp\/v2\/posts\/10866\/revisions\/10873"}],"wp:featuredmedia":[{"embeddable":true,"href":"https:\/\/expresso.estadao.com.br\/sao-paulo\/wp-json\/wp\/v2\/media\/10868"}],"wp:attachment":[{"href":"https:\/\/expresso.estadao.com.br\/sao-paulo\/wp-json\/wp\/v2\/media?parent=10866"}],"wp:term":[{"taxonomy":"category","embeddable":true,"href":"https:\/\/expresso.estadao.com.br\/sao-paulo\/wp-json\/wp\/v2\/categories?post=10866"},{"taxonomy":"post_tag","embeddable":true,"href":"https:\/\/expresso.estadao.com.br\/sao-paulo\/wp-json\/wp\/v2\/tags?post=10866"}],"curies":[{"name":"wp","href":"https:\/\/api.w.org\/{rel}","templated":true}]}}