{"id":11011,"date":"2025-06-15T10:44:31","date_gmt":"2025-06-15T13:44:31","guid":{"rendered":"https:\/\/expresso.estadao.com.br\/sao-paulo\/?p=11011"},"modified":"2025-06-15T10:51:21","modified_gmt":"2025-06-15T13:51:21","slug":"prefeitura-inicia-requalificacao-da-amaral-gurgel-sob-o-minhocao","status":"publish","type":"post","link":"https:\/\/expresso.estadao.com.br\/sao-paulo\/2025\/06\/15\/prefeitura-inicia-requalificacao-da-amaral-gurgel-sob-o-minhocao\/","title":{"rendered":"Prefeitura inicia requalifica\u00e7\u00e3o da Amaral Gurgel sob o Minhoc\u00e3o"},"content":{"rendered":"<p>A Prefeitura de S\u00e3o Paulo iniciou as obras da segunda fase de requalifica\u00e7\u00e3o da Avenida Amaral Gurgel sob o Elevado Presidente Jo\u00e3o Goulart, o Minhoc\u00e3o, na regi\u00e3o central da cidade. Essa etapa, nos quatro quarteir\u00f5es entre as ruas Cunha Horta e Jaguaribe, vai priorizar solu\u00e7\u00f5es baseadas na natureza para melhorar a permeabilidade do solo e tamb\u00e9m o aspecto visual dessa \u00e1rea.<\/p>\n<p><img loading=\"lazy\" decoding=\"async\" class=\"alignnone size-large wp-image-11013\" src=\"https:\/\/expresso.estadao.com.br\/sao-paulo\/wp-content\/uploads\/2025\/06\/WhatsApp-Image-2025-06-08-at-17.59.38-1110x656.jpeg\" alt=\"\" width=\"1110\" height=\"656\" srcset=\"https:\/\/expresso.estadao.com.br\/sao-paulo\/wp-content\/uploads\/2025\/06\/WhatsApp-Image-2025-06-08-at-17.59.38-1110x656.jpeg 1110w, https:\/\/expresso.estadao.com.br\/sao-paulo\/wp-content\/uploads\/2025\/06\/WhatsApp-Image-2025-06-08-at-17.59.38-507x300.jpeg 507w, https:\/\/expresso.estadao.com.br\/sao-paulo\/wp-content\/uploads\/2025\/06\/WhatsApp-Image-2025-06-08-at-17.59.38-768x454.jpeg 768w, https:\/\/expresso.estadao.com.br\/sao-paulo\/wp-content\/uploads\/2025\/06\/WhatsApp-Image-2025-06-08-at-17.59.38-1536x908.jpeg 1536w, https:\/\/expresso.estadao.com.br\/sao-paulo\/wp-content\/uploads\/2025\/06\/WhatsApp-Image-2025-06-08-at-17.59.38.jpeg 1600w\" sizes=\"auto, (max-width: 1110px) 100vw, 1110px\" \/><\/p>\n<p>No trecho entre as ruas Santa Isabel e Cunha Horta ser\u00e3o instalados Jardins de Chuva e floreiras, al\u00e9m dos pilares que receber\u00e3o trepadeiras. Tamb\u00e9m haver\u00e1 espa\u00e7o para ponto de aluguel de bicicletas. A ciclofaixa da via ser\u00e1 mantida. A previs\u00e3o de dura\u00e7\u00e3o da obra \u00e9 de 30 dias.<\/p>\n<p>Na quadra entre as ruas Santa Isabel e Jaguaribe, o projeto prev\u00ea ainda um bols\u00e3o para taxistas, cuja dimens\u00e3o ser\u00e1 analisada pelo Departamento de Transportes P\u00fablicos (DTP).<\/p>\n<p><img loading=\"lazy\" decoding=\"async\" class=\"alignnone size-full wp-image-11012\" src=\"https:\/\/expresso.estadao.com.br\/sao-paulo\/wp-content\/uploads\/2025\/06\/WhatsApp-Image-2025-06-08-at-16.39.13.jpeg\" alt=\"\" width=\"826\" height=\"483\" srcset=\"https:\/\/expresso.estadao.com.br\/sao-paulo\/wp-content\/uploads\/2025\/06\/WhatsApp-Image-2025-06-08-at-16.39.13.jpeg 826w, https:\/\/expresso.estadao.com.br\/sao-paulo\/wp-content\/uploads\/2025\/06\/WhatsApp-Image-2025-06-08-at-16.39.13-513x300.jpeg 513w, https:\/\/expresso.estadao.com.br\/sao-paulo\/wp-content\/uploads\/2025\/06\/WhatsApp-Image-2025-06-08-at-16.39.13-768x449.jpeg 768w\" sizes=\"auto, (max-width: 826px) 100vw, 826px\" \/><\/p>\n<p>Os Jardins de Chuva do Minhoc\u00e3o ser\u00e3o ligados \u00e0 rede de drenagem superficial da Rua Amaral Gurgel. As estruturas v\u00e3o aumentar a \u00e1rea perme\u00e1vel da regi\u00e3o mesmo localizadas em espa\u00e7o coberto. As obras foram iniciadas no dia 7 de junho e s\u00e3o realizadas pela Secretaria Municipal das Subprefeituras.<\/p>\n<p>Atualmente, S\u00e3o Paulo conta com 420 jardins de chuva e a meta da Prefeitura \u00e9 chegar a mil jardins at\u00e9 2028. Esses jardins cont\u00eam reservat\u00f3rios subterr\u00e2neos que armazenam a \u00e1gua da chuva, ajudando a desafogar o sistema de escoamento que, normalmente, direcionaria a \u00e1gua para os bueiros.<\/p>\n<p>Eles s\u00e3o formados por tr\u00eas camadas principais: um po\u00e7o de infiltra\u00e7\u00e3o com cerca de um metro de profundidade, uma estrutura com pedras grandes, brita e solo e a camada superficial com flores.<\/p>\n","protected":false},"excerpt":{"rendered":"<p>A Prefeitura de S\u00e3o Paulo iniciou as obras da segunda fase de requalifica\u00e7\u00e3o da Avenida Amaral Gurgel sob o Elevado Presidente Jo\u00e3o Goulart, o Minhoc\u00e3o, na regi\u00e3o central da cidade. Essa etapa, nos quatro quarteir\u00f5es entre as ruas Cunha Horta e Jaguaribe, vai priorizar solu\u00e7\u00f5es baseadas na natureza para melhorar a permeabilidade do solo e [&hellip;]<\/p>\n","protected":false},"author":4,"featured_media":11030,"comment_status":"open","ping_status":"closed","sticky":false,"template":"","format":"standard","meta":{"_acf_changed":false,"_monsterinsights_skip_tracking":false,"_monsterinsights_sitenote_active":false,"_monsterinsights_sitenote_note":"","_monsterinsights_sitenote_category":0,"footnotes":""},"categories":[897],"tags":[1232,182,107,52],"class_list":["post-11011","post","type-post","status-publish","format-standard","has-post-thumbnail","hentry","category-subprefeituras","tag-amaral-gurgel","tag-jardins-de-chuva","tag-obras","tag-prefeitura-de-sao-paulo"],"acf":[],"yoast_head":"<!-- This site is optimized with the Yoast SEO plugin v24.1 - https:\/\/yoast.com\/wordpress\/plugins\/seo\/ -->\n<title>Obras na Amaral Gurgel - Estad\u00e3o Expresso S\u00e3o Paulo<\/title>\n<meta name=\"description\" content=\"Obras incluem instala\u00e7\u00e3o de jardins de chuva, floreiras, ponto de aluguel de bicicletas e plantio de trepadeiras nos pilares; ciclovia ser\u00e1 mantida\" \/>\n<meta name=\"robots\" content=\"index, follow, max-snippet:-1, max-image-preview:large, max-video-preview:-1\" \/>\n<link rel=\"canonical\" href=\"https:\/\/expresso.estadao.com.br\/sao-paulo\/2025\/06\/15\/prefeitura-inicia-requalificacao-da-amaral-gurgel-sob-o-minhocao\/\" \/>\n<meta property=\"og:locale\" content=\"pt_BR\" \/>\n<meta property=\"og:type\" content=\"article\" \/>\n<meta property=\"og:title\" content=\"Obras na Amaral Gurgel - Estad\u00e3o Expresso S\u00e3o Paulo\" \/>\n<meta property=\"og:description\" content=\"Obras incluem instala\u00e7\u00e3o de jardins de chuva, floreiras, ponto de aluguel de bicicletas e plantio de trepadeiras nos pilares; ciclovia ser\u00e1 mantida\" \/>\n<meta property=\"og:url\" content=\"https:\/\/expresso.estadao.com.br\/sao-paulo\/2025\/06\/15\/prefeitura-inicia-requalificacao-da-amaral-gurgel-sob-o-minhocao\/\" \/>\n<meta property=\"og:site_name\" content=\"Estad\u00e3o Expresso S\u00e3o Paulo\" \/>\n<meta property=\"article:published_time\" content=\"2025-06-15T13:44:31+00:00\" \/>\n<meta property=\"article:modified_time\" content=\"2025-06-15T13:51:21+00:00\" \/>\n<meta property=\"og:image\" content=\"https:\/\/expresso.estadao.com.br\/sao-paulo\/wp-content\/uploads\/2025\/06\/obra-minhocao-scaled.jpg\" \/>\n\t<meta property=\"og:image:type\" content=\"image\/jpeg\" \/>\n<meta name=\"author\" content=\"fabio_bairros\" \/>\n<meta name=\"twitter:card\" content=\"summary_large_image\" \/>\n<meta name=\"twitter:label1\" content=\"Escrito por\" \/>\n\t<meta name=\"twitter:data1\" content=\"fabio_bairros\" \/>\n\t<meta name=\"twitter:label2\" content=\"Est. tempo de leitura\" \/>\n\t<meta name=\"twitter:data2\" content=\"3 minutos\" \/>\n<script type=\"application\/ld+json\" class=\"yoast-schema-graph\">{\"@context\":\"https:\/\/schema.org\",\"@graph\":[{\"@type\":\"WebPage\",\"@id\":\"https:\/\/expresso.estadao.com.br\/sao-paulo\/2025\/06\/15\/prefeitura-inicia-requalificacao-da-amaral-gurgel-sob-o-minhocao\/\",\"url\":\"https:\/\/expresso.estadao.com.br\/sao-paulo\/2025\/06\/15\/prefeitura-inicia-requalificacao-da-amaral-gurgel-sob-o-minhocao\/\",\"name\":\"Obras na Amaral Gurgel - Estad\u00e3o Expresso S\u00e3o Paulo\",\"isPartOf\":{\"@id\":\"https:\/\/expresso.estadao.com.br\/sao-paulo\/#website\"},\"primaryImageOfPage\":{\"@id\":\"https:\/\/expresso.estadao.com.br\/sao-paulo\/2025\/06\/15\/prefeitura-inicia-requalificacao-da-amaral-gurgel-sob-o-minhocao\/#primaryimage\"},\"image\":{\"@id\":\"https:\/\/expresso.estadao.com.br\/sao-paulo\/2025\/06\/15\/prefeitura-inicia-requalificacao-da-amaral-gurgel-sob-o-minhocao\/#primaryimage\"},\"thumbnailUrl\":\"https:\/\/expresso.estadao.com.br\/sao-paulo\/wp-content\/uploads\/2025\/06\/obra-minhocao-scaled.jpg\",\"datePublished\":\"2025-06-15T13:44:31+00:00\",\"dateModified\":\"2025-06-15T13:51:21+00:00\",\"author\":{\"@id\":\"https:\/\/expresso.estadao.com.br\/sao-paulo\/#\/schema\/person\/f45f9e313ba8cbe5af9424f387ddef42\"},\"description\":\"Obras incluem instala\u00e7\u00e3o de jardins de chuva, floreiras, ponto de aluguel de bicicletas e plantio de trepadeiras nos pilares; ciclovia ser\u00e1 mantida\",\"breadcrumb\":{\"@id\":\"https:\/\/expresso.estadao.com.br\/sao-paulo\/2025\/06\/15\/prefeitura-inicia-requalificacao-da-amaral-gurgel-sob-o-minhocao\/#breadcrumb\"},\"inLanguage\":\"pt-BR\",\"potentialAction\":[{\"@type\":\"ReadAction\",\"target\":[\"https:\/\/expresso.estadao.com.br\/sao-paulo\/2025\/06\/15\/prefeitura-inicia-requalificacao-da-amaral-gurgel-sob-o-minhocao\/\"]}]},{\"@type\":\"ImageObject\",\"inLanguage\":\"pt-BR\",\"@id\":\"https:\/\/expresso.estadao.com.br\/sao-paulo\/2025\/06\/15\/prefeitura-inicia-requalificacao-da-amaral-gurgel-sob-o-minhocao\/#primaryimage\",\"url\":\"https:\/\/expresso.estadao.com.br\/sao-paulo\/wp-content\/uploads\/2025\/06\/obra-minhocao-scaled.jpg\",\"contentUrl\":\"https:\/\/expresso.estadao.com.br\/sao-paulo\/wp-content\/uploads\/2025\/06\/obra-minhocao-scaled.jpg\",\"width\":2560,\"height\":1920,\"caption\":\"Est\u00e1gio da obra no dia 11 de junho - Foto: LZ Santana\/Especial para o Estad\u00e3o\"},{\"@type\":\"BreadcrumbList\",\"@id\":\"https:\/\/expresso.estadao.com.br\/sao-paulo\/2025\/06\/15\/prefeitura-inicia-requalificacao-da-amaral-gurgel-sob-o-minhocao\/#breadcrumb\",\"itemListElement\":[{\"@type\":\"ListItem\",\"position\":1,\"name\":\"In\u00edcio\",\"item\":\"https:\/\/expresso.estadao.com.br\/sao-paulo\/\"},{\"@type\":\"ListItem\",\"position\":2,\"name\":\"Prefeitura inicia requalifica\u00e7\u00e3o da Amaral Gurgel sob o Minhoc\u00e3o\"}]},{\"@type\":\"WebSite\",\"@id\":\"https:\/\/expresso.estadao.com.br\/sao-paulo\/#website\",\"url\":\"https:\/\/expresso.estadao.com.br\/sao-paulo\/\",\"name\":\"Estad\u00e3o Expresso S\u00e3o Paulo\",\"description\":\"Conte\u00fado de presta\u00e7\u00e3o de servi\u00e7o para que os moradores da cidade de S\u00e3o Paulo possam se informar melhor e usar de maneira mais eficaz os servi\u00e7os p\u00fablicos municipais.\",\"potentialAction\":[{\"@type\":\"SearchAction\",\"target\":{\"@type\":\"EntryPoint\",\"urlTemplate\":\"https:\/\/expresso.estadao.com.br\/sao-paulo\/?s={search_term_string}\"},\"query-input\":{\"@type\":\"PropertyValueSpecification\",\"valueRequired\":true,\"valueName\":\"search_term_string\"}}],\"inLanguage\":\"pt-BR\"},{\"@type\":\"Person\",\"@id\":\"https:\/\/expresso.estadao.com.br\/sao-paulo\/#\/schema\/person\/f45f9e313ba8cbe5af9424f387ddef42\",\"name\":\"fabio_bairros\",\"image\":{\"@type\":\"ImageObject\",\"inLanguage\":\"pt-BR\",\"@id\":\"https:\/\/expresso.estadao.com.br\/sao-paulo\/#\/schema\/person\/image\/\",\"url\":\"https:\/\/secure.gravatar.com\/avatar\/fbecca90befcfda9505216ce0dc87261326cb6644deb5861e7ab404061c24246?s=96&d=mm&r=g\",\"contentUrl\":\"https:\/\/secure.gravatar.com\/avatar\/fbecca90befcfda9505216ce0dc87261326cb6644deb5861e7ab404061c24246?s=96&d=mm&r=g\",\"caption\":\"fabio_bairros\"}}]}<\/script>\n<!-- \/ Yoast SEO plugin. -->","yoast_head_json":{"title":"Obras na Amaral Gurgel - Estad\u00e3o Expresso S\u00e3o Paulo","description":"Obras incluem instala\u00e7\u00e3o de jardins de chuva, floreiras, ponto de aluguel de bicicletas e plantio de trepadeiras nos pilares; ciclovia ser\u00e1 mantida","robots":{"index":"index","follow":"follow","max-snippet":"max-snippet:-1","max-image-preview":"max-image-preview:large","max-video-preview":"max-video-preview:-1"},"canonical":"https:\/\/expresso.estadao.com.br\/sao-paulo\/2025\/06\/15\/prefeitura-inicia-requalificacao-da-amaral-gurgel-sob-o-minhocao\/","og_locale":"pt_BR","og_type":"article","og_title":"Obras na Amaral Gurgel - Estad\u00e3o Expresso S\u00e3o Paulo","og_description":"Obras incluem instala\u00e7\u00e3o de jardins de chuva, floreiras, ponto de aluguel de bicicletas e plantio de trepadeiras nos pilares; ciclovia ser\u00e1 mantida","og_url":"https:\/\/expresso.estadao.com.br\/sao-paulo\/2025\/06\/15\/prefeitura-inicia-requalificacao-da-amaral-gurgel-sob-o-minhocao\/","og_site_name":"Estad\u00e3o Expresso S\u00e3o Paulo","article_published_time":"2025-06-15T13:44:31+00:00","article_modified_time":"2025-06-15T13:51:21+00:00","og_image":[{"width":"","height":"","url":"https:\/\/expresso.estadao.com.br\/sao-paulo\/wp-content\/uploads\/2025\/06\/obra-minhocao-scaled.jpg","type":"image\/jpeg"}],"author":"fabio_bairros","twitter_card":"summary_large_image","twitter_misc":{"Escrito por":"fabio_bairros","Est. tempo de leitura":"3 minutos"},"schema":{"@context":"https:\/\/schema.org","@graph":[{"@type":"WebPage","@id":"https:\/\/expresso.estadao.com.br\/sao-paulo\/2025\/06\/15\/prefeitura-inicia-requalificacao-da-amaral-gurgel-sob-o-minhocao\/","url":"https:\/\/expresso.estadao.com.br\/sao-paulo\/2025\/06\/15\/prefeitura-inicia-requalificacao-da-amaral-gurgel-sob-o-minhocao\/","name":"Obras na Amaral Gurgel - Estad\u00e3o Expresso S\u00e3o Paulo","isPartOf":{"@id":"https:\/\/expresso.estadao.com.br\/sao-paulo\/#website"},"primaryImageOfPage":{"@id":"https:\/\/expresso.estadao.com.br\/sao-paulo\/2025\/06\/15\/prefeitura-inicia-requalificacao-da-amaral-gurgel-sob-o-minhocao\/#primaryimage"},"image":{"@id":"https:\/\/expresso.estadao.com.br\/sao-paulo\/2025\/06\/15\/prefeitura-inicia-requalificacao-da-amaral-gurgel-sob-o-minhocao\/#primaryimage"},"thumbnailUrl":"https:\/\/expresso.estadao.com.br\/sao-paulo\/wp-content\/uploads\/2025\/06\/obra-minhocao-scaled.jpg","datePublished":"2025-06-15T13:44:31+00:00","dateModified":"2025-06-15T13:51:21+00:00","author":{"@id":"https:\/\/expresso.estadao.com.br\/sao-paulo\/#\/schema\/person\/f45f9e313ba8cbe5af9424f387ddef42"},"description":"Obras incluem instala\u00e7\u00e3o de jardins de chuva, floreiras, ponto de aluguel de bicicletas e plantio de trepadeiras nos pilares; ciclovia ser\u00e1 mantida","breadcrumb":{"@id":"https:\/\/expresso.estadao.com.br\/sao-paulo\/2025\/06\/15\/prefeitura-inicia-requalificacao-da-amaral-gurgel-sob-o-minhocao\/#breadcrumb"},"inLanguage":"pt-BR","potentialAction":[{"@type":"ReadAction","target":["https:\/\/expresso.estadao.com.br\/sao-paulo\/2025\/06\/15\/prefeitura-inicia-requalificacao-da-amaral-gurgel-sob-o-minhocao\/"]}]},{"@type":"ImageObject","inLanguage":"pt-BR","@id":"https:\/\/expresso.estadao.com.br\/sao-paulo\/2025\/06\/15\/prefeitura-inicia-requalificacao-da-amaral-gurgel-sob-o-minhocao\/#primaryimage","url":"https:\/\/expresso.estadao.com.br\/sao-paulo\/wp-content\/uploads\/2025\/06\/obra-minhocao-scaled.jpg","contentUrl":"https:\/\/expresso.estadao.com.br\/sao-paulo\/wp-content\/uploads\/2025\/06\/obra-minhocao-scaled.jpg","width":2560,"height":1920,"caption":"Est\u00e1gio da obra no dia 11 de junho - Foto: LZ Santana\/Especial para o Estad\u00e3o"},{"@type":"BreadcrumbList","@id":"https:\/\/expresso.estadao.com.br\/sao-paulo\/2025\/06\/15\/prefeitura-inicia-requalificacao-da-amaral-gurgel-sob-o-minhocao\/#breadcrumb","itemListElement":[{"@type":"ListItem","position":1,"name":"In\u00edcio","item":"https:\/\/expresso.estadao.com.br\/sao-paulo\/"},{"@type":"ListItem","position":2,"name":"Prefeitura inicia requalifica\u00e7\u00e3o da Amaral Gurgel sob o Minhoc\u00e3o"}]},{"@type":"WebSite","@id":"https:\/\/expresso.estadao.com.br\/sao-paulo\/#website","url":"https:\/\/expresso.estadao.com.br\/sao-paulo\/","name":"Estad\u00e3o Expresso S\u00e3o Paulo","description":"Conte\u00fado de presta\u00e7\u00e3o de servi\u00e7o para que os moradores da cidade de S\u00e3o Paulo possam se informar melhor e usar de maneira mais eficaz os servi\u00e7os p\u00fablicos municipais.","potentialAction":[{"@type":"SearchAction","target":{"@type":"EntryPoint","urlTemplate":"https:\/\/expresso.estadao.com.br\/sao-paulo\/?s={search_term_string}"},"query-input":{"@type":"PropertyValueSpecification","valueRequired":true,"valueName":"search_term_string"}}],"inLanguage":"pt-BR"},{"@type":"Person","@id":"https:\/\/expresso.estadao.com.br\/sao-paulo\/#\/schema\/person\/f45f9e313ba8cbe5af9424f387ddef42","name":"fabio_bairros","image":{"@type":"ImageObject","inLanguage":"pt-BR","@id":"https:\/\/expresso.estadao.com.br\/sao-paulo\/#\/schema\/person\/image\/","url":"https:\/\/secure.gravatar.com\/avatar\/fbecca90befcfda9505216ce0dc87261326cb6644deb5861e7ab404061c24246?s=96&d=mm&r=g","contentUrl":"https:\/\/secure.gravatar.com\/avatar\/fbecca90befcfda9505216ce0dc87261326cb6644deb5861e7ab404061c24246?s=96&d=mm&r=g","caption":"fabio_bairros"}}]}},"_links":{"self":[{"href":"https:\/\/expresso.estadao.com.br\/sao-paulo\/wp-json\/wp\/v2\/posts\/11011","targetHints":{"allow":["GET"]}}],"collection":[{"href":"https:\/\/expresso.estadao.com.br\/sao-paulo\/wp-json\/wp\/v2\/posts"}],"about":[{"href":"https:\/\/expresso.estadao.com.br\/sao-paulo\/wp-json\/wp\/v2\/types\/post"}],"author":[{"embeddable":true,"href":"https:\/\/expresso.estadao.com.br\/sao-paulo\/wp-json\/wp\/v2\/users\/4"}],"replies":[{"embeddable":true,"href":"https:\/\/expresso.estadao.com.br\/sao-paulo\/wp-json\/wp\/v2\/comments?post=11011"}],"version-history":[{"count":4,"href":"https:\/\/expresso.estadao.com.br\/sao-paulo\/wp-json\/wp\/v2\/posts\/11011\/revisions"}],"predecessor-version":[{"id":11031,"href":"https:\/\/expresso.estadao.com.br\/sao-paulo\/wp-json\/wp\/v2\/posts\/11011\/revisions\/11031"}],"wp:featuredmedia":[{"embeddable":true,"href":"https:\/\/expresso.estadao.com.br\/sao-paulo\/wp-json\/wp\/v2\/media\/11030"}],"wp:attachment":[{"href":"https:\/\/expresso.estadao.com.br\/sao-paulo\/wp-json\/wp\/v2\/media?parent=11011"}],"wp:term":[{"taxonomy":"category","embeddable":true,"href":"https:\/\/expresso.estadao.com.br\/sao-paulo\/wp-json\/wp\/v2\/categories?post=11011"},{"taxonomy":"post_tag","embeddable":true,"href":"https:\/\/expresso.estadao.com.br\/sao-paulo\/wp-json\/wp\/v2\/tags?post=11011"}],"curies":[{"name":"wp","href":"https:\/\/api.w.org\/{rel}","templated":true}]}}