{"id":11213,"date":"2025-06-27T14:49:12","date_gmt":"2025-06-27T17:49:12","guid":{"rendered":"https:\/\/expresso.estadao.com.br\/sao-paulo\/?p=11213"},"modified":"2025-06-27T14:49:12","modified_gmt":"2025-06-27T17:49:12","slug":"saiba-onde-estao-sendo-construidos-reservatorios-para-conter-enchentes","status":"publish","type":"post","link":"https:\/\/expresso.estadao.com.br\/sao-paulo\/2025\/06\/27\/saiba-onde-estao-sendo-construidos-reservatorios-para-conter-enchentes\/","title":{"rendered":"Saiba onde est\u00e3o sendo constru\u00eddos reservat\u00f3rios para conter enchentes"},"content":{"rendered":"<p>A Prefeitura de S\u00e3o Paulo est\u00e1 construindo dez novos reservat\u00f3rios para conter enchentes e alagamentos. Desde 2021, seis j\u00e1 foram entregues, com investimento total de R$ 1,6 bilh\u00e3o. As obras s\u00e3o executadas pela Secretaria Municipal de Infraestrutura Urbana e Obras e abrangem todas as regi\u00f5es da capital.<\/p>\n<p><strong>Reservat\u00f3rios j\u00e1 entregues<\/strong><\/p>\n<ul data-start=\"709\" data-end=\"1090\">\n<li data-start=\"709\" data-end=\"796\">\n<p data-start=\"711\" data-end=\"796\">Capacidade total: 853 mil m\u00b3 de \u00e1gua (equivalente a mais de 341 piscinas ol\u00edmpicas)<\/p>\n<\/li>\n<li data-start=\"797\" data-end=\"882\">\n<p data-start=\"799\" data-end=\"882\">Localiza\u00e7\u00e3o: Tucuruvi (Paci\u00eancia), Perus (R1A, R2 e R3), Aricanduva (Tabo\u00e3o e R3)<\/p>\n<\/li>\n<li data-start=\"883\" data-end=\"1090\">\n<p data-start=\"885\" data-end=\"957\">Fun\u00e7\u00e3o: complementar o sistema de drenagem urbana com outras a\u00e7\u00f5es como:<\/p>\n<ul data-start=\"960\" data-end=\"1090\">\n<li data-start=\"960\" data-end=\"985\">\n<p data-start=\"962\" data-end=\"985\">Canaliza\u00e7\u00e3o de c\u00f3rregos<\/p>\n<\/li>\n<li data-start=\"988\" data-end=\"1020\">\n<p data-start=\"990\" data-end=\"1020\">Amplia\u00e7\u00e3o de galerias pluviais<\/p>\n<\/li>\n<li data-start=\"1023\" data-end=\"1046\">\n<p data-start=\"1025\" data-end=\"1046\">Pra\u00e7as de infiltra\u00e7\u00e3o<\/p>\n<\/li>\n<li data-start=\"1049\" data-end=\"1090\">\n<p data-start=\"1051\" data-end=\"1090\">Parques lineares com \u00e1reas inund\u00e1veis<\/p>\n<\/li>\n<\/ul>\n<\/li>\n<\/ul>\n<p data-start=\"1092\" data-end=\"1106\"><strong data-start=\"1092\" data-end=\"1106\">Zona Oeste<\/strong><\/p>\n<ul data-start=\"1108\" data-end=\"1401\">\n<li data-start=\"1108\" data-end=\"1401\">\n<p data-start=\"1110\" data-end=\"1153\"><strong data-start=\"1110\" data-end=\"1151\">Morumbi (Pra\u00e7a Roberto Gomes Pedrosa)<\/strong><\/p>\n<ul data-start=\"1156\" data-end=\"1401\">\n<li data-start=\"1156\" data-end=\"1203\">\n<p data-start=\"1158\" data-end=\"1203\">Reservat\u00f3rio para \u00e1guas do c\u00f3rrego Antonico<\/p>\n<\/li>\n<li data-start=\"1206\" data-end=\"1286\">\n<p data-start=\"1208\" data-end=\"1286\">Execu\u00e7\u00e3o de 663 metros de galerias pluviais na Rua Senador Ot\u00e1vio Mangabeira<\/p>\n<\/li>\n<li data-start=\"1289\" data-end=\"1326\">\n<p data-start=\"1291\" data-end=\"1326\">Previs\u00e3o de entrega: maio de 2026<\/p>\n<\/li>\n<li data-start=\"1329\" data-end=\"1401\">\n<p data-start=\"1331\" data-end=\"1401\">Projeto da nova pra\u00e7a em consulta p\u00fablica no <em data-start=\"1376\" data-end=\"1389\">Participe +<\/em> at\u00e9 29\/06<\/p>\n<\/li>\n<\/ul>\n<\/li>\n<\/ul>\n<p data-start=\"1403\" data-end=\"1415\"><strong data-start=\"1403\" data-end=\"1415\">Zona Sul<\/strong><\/p>\n<ul data-start=\"1417\" data-end=\"1970\">\n<li data-start=\"1417\" data-end=\"1586\">\n<p data-start=\"1419\" data-end=\"1438\"><strong data-start=\"1419\" data-end=\"1436\">Cap\u00e3o Redondo<\/strong><\/p>\n<ul data-start=\"1441\" data-end=\"1586\">\n<li data-start=\"1441\" data-end=\"1475\">\n<p data-start=\"1443\" data-end=\"1475\">Reservat\u00f3rio na Av. Ellis Maas<\/p>\n<\/li>\n<li data-start=\"1478\" data-end=\"1545\">\n<p data-start=\"1480\" data-end=\"1545\">Canaliza\u00e7\u00e3o do c\u00f3rrego \u00c1gua dos Brancos (bacia do \u201cMorro do S\u201d)<\/p>\n<\/li>\n<li data-start=\"1548\" data-end=\"1586\">\n<p data-start=\"1550\" data-end=\"1586\">Previs\u00e3o de entrega: ainda em 2025<\/p>\n<\/li>\n<\/ul>\n<\/li>\n<li data-start=\"1588\" data-end=\"1795\">\n<p data-start=\"1590\" data-end=\"1608\"><strong data-start=\"1590\" data-end=\"1606\">Vila Mariana<\/strong><\/p>\n<ul data-start=\"1611\" data-end=\"1795\">\n<li data-start=\"1611\" data-end=\"1669\">\n<p data-start=\"1613\" data-end=\"1669\">Reservat\u00f3rios dos c\u00f3rregos Paraguai\/\u00c9guas e Uberabinha<\/p>\n<\/li>\n<li data-start=\"1672\" data-end=\"1749\">\n<p data-start=\"1674\" data-end=\"1749\">Localiza\u00e7\u00e3o: Pra\u00e7a Juca Mulato e cruzamento da Rua Gaivota com Av. Ibija\u00fa<\/p>\n<\/li>\n<li data-start=\"1752\" data-end=\"1795\">\n<p data-start=\"1754\" data-end=\"1795\">Conclus\u00e3o prevista: 1\u00ba semestre de 2027<\/p>\n<\/li>\n<\/ul>\n<\/li>\n<li data-start=\"1797\" data-end=\"1970\">\n<p data-start=\"1799\" data-end=\"1818\"><strong data-start=\"1799\" data-end=\"1816\">Cidade Ademar<\/strong><\/p>\n<ul data-start=\"1821\" data-end=\"1970\">\n<li data-start=\"1821\" data-end=\"1903\">\n<p data-start=\"1823\" data-end=\"1903\">Implanta\u00e7\u00e3o de piscin\u00e3o na Rua Hermenegildo Martini (bacia do C\u00f3rrego Zavuvus)<\/p>\n<\/li>\n<li data-start=\"1906\" data-end=\"1970\">\n<p data-start=\"1908\" data-end=\"1970\">Ordem de Servi\u00e7o emitida; fase de tratativas administrativas<\/p>\n<\/li>\n<\/ul>\n<\/li>\n<\/ul>\n<p data-start=\"1972\" data-end=\"1986\"><strong data-start=\"1972\" data-end=\"1986\">Zona Norte<\/strong><\/p>\n<ul data-start=\"1988\" data-end=\"2407\">\n<li data-start=\"1988\" data-end=\"2192\">\n<p data-start=\"1990\" data-end=\"2028\"><strong data-start=\"1990\" data-end=\"2026\">Brasil\u00e2ndia (Av. Manoel Bol\u00edvar)<\/strong><\/p>\n<ul data-start=\"2031\" data-end=\"2192\">\n<li data-start=\"2031\" data-end=\"2085\">\n<p data-start=\"2033\" data-end=\"2085\">Duas novas galerias de reserva\u00e7\u00e3o de \u00e1gua da chuva<\/p>\n<\/li>\n<li data-start=\"2088\" data-end=\"2126\">\n<p data-start=\"2090\" data-end=\"2126\">Entrada em opera\u00e7\u00e3o: abril de 2026<\/p>\n<\/li>\n<li data-start=\"2129\" data-end=\"2192\">\n<p data-start=\"2131\" data-end=\"2192\">Prote\u00e7\u00e3o para \u00e1reas pr\u00f3ximas aos c\u00f3rregos Carumb\u00e9 e Bananal<\/p>\n<\/li>\n<\/ul>\n<\/li>\n<li data-start=\"2194\" data-end=\"2407\">\n<p data-start=\"2196\" data-end=\"2221\"><strong data-start=\"2196\" data-end=\"2219\">Perus (Vila Aurora)<\/strong><\/p>\n<ul data-start=\"2224\" data-end=\"2407\">\n<li data-start=\"2224\" data-end=\"2269\">\n<p data-start=\"2226\" data-end=\"2269\">Reservat\u00f3rios R1A, R2 e R3 j\u00e1 em opera\u00e7\u00e3o<\/p>\n<\/li>\n<li data-start=\"2272\" data-end=\"2315\">\n<p data-start=\"2274\" data-end=\"2315\">Canaliza\u00e7\u00e3o de 1,1 km do Ribeir\u00e3o Perus<\/p>\n<\/li>\n<li data-start=\"2318\" data-end=\"2347\">\n<p data-start=\"2320\" data-end=\"2347\">Alteamento de tr\u00eas pontes<\/p>\n<\/li>\n<li data-start=\"2350\" data-end=\"2407\">\n<p data-start=\"2352\" data-end=\"2407\">Implanta\u00e7\u00e3o do piscin\u00e3o \u201cArei\u00e3o\u201d, pr\u00f3ximo ao Rodoanel<\/p>\n<\/li>\n<\/ul>\n<\/li>\n<\/ul>\n<p data-start=\"2409\" data-end=\"2423\"><strong data-start=\"2409\" data-end=\"2423\">Zona Leste<\/strong><\/p>\n<ul data-start=\"2425\" data-end=\"3203\">\n<li data-start=\"2425\" data-end=\"2661\">\n<p data-start=\"2427\" data-end=\"2446\"><strong data-start=\"2427\" data-end=\"2444\">Vila Prudente<\/strong><\/p>\n<ul data-start=\"2449\" data-end=\"2661\">\n<li data-start=\"2449\" data-end=\"2485\">\n<p data-start=\"2451\" data-end=\"2485\">Reservat\u00f3rio do c\u00f3rrego da Mooca<\/p>\n<\/li>\n<li data-start=\"2488\" data-end=\"2569\">\n<p data-start=\"2490\" data-end=\"2569\">Local: entre Av. Anhaia Mello e Av. Jacinto Menezes Palhares (CE Vila Alpina)<\/p>\n<\/li>\n<li data-start=\"2572\" data-end=\"2611\">\n<p data-start=\"2574\" data-end=\"2611\">Previs\u00e3o de entrega: agosto de 2026<\/p>\n<\/li>\n<li data-start=\"2614\" data-end=\"2661\">\n<p data-start=\"2616\" data-end=\"2661\">\u00c1rea de lazer ser\u00e1 restaurada ap\u00f3s as obras<\/p>\n<\/li>\n<\/ul>\n<\/li>\n<li data-start=\"2663\" data-end=\"2887\">\n<p data-start=\"2665\" data-end=\"2690\"><strong data-start=\"2665\" data-end=\"2688\">S\u00e3o Miguel Paulista<\/strong><\/p>\n<ul data-start=\"2693\" data-end=\"2887\">\n<li data-start=\"2693\" data-end=\"2724\">\n<p data-start=\"2695\" data-end=\"2724\">Piscin\u00e3o no c\u00f3rrego Lapenna<\/p>\n<\/li>\n<li data-start=\"2727\" data-end=\"2802\">\n<p data-start=\"2729\" data-end=\"2802\">Local: entre Av. Jacu-P\u00eassego, CEI Jardim Lapenna I e esta\u00e7\u00e3o da SABESP<\/p>\n<\/li>\n<li data-start=\"2805\" data-end=\"2845\">\n<p data-start=\"2807\" data-end=\"2845\">Canaliza\u00e7\u00e3o de 929 metros do c\u00f3rrego<\/p>\n<\/li>\n<li data-start=\"2848\" data-end=\"2887\">\n<p data-start=\"2850\" data-end=\"2887\">Entrada em opera\u00e7\u00e3o: in\u00edcio de 2026<\/p>\n<\/li>\n<\/ul>\n<\/li>\n<li data-start=\"2889\" data-end=\"3203\">\n<p data-start=\"2891\" data-end=\"2905\"><strong data-start=\"2891\" data-end=\"2903\">Itaquera<\/strong><\/p>\n<ul data-start=\"2908\" data-end=\"3203\">\n<li data-start=\"2908\" data-end=\"2978\">\n<p data-start=\"2910\" data-end=\"2978\">Adequa\u00e7\u00e3o do lago do Parque do Carmo para armazenar \u00e1guas da chuva<\/p>\n<\/li>\n<li data-start=\"2981\" data-end=\"3016\">\n<p data-start=\"2983\" data-end=\"3016\">Projetos em fase de atualiza\u00e7\u00e3o<\/p>\n<\/li>\n<li data-start=\"3019\" data-end=\"3107\">\n<p data-start=\"3021\" data-end=\"3107\">Novo piscin\u00e3o no c\u00f3rrego Rio Verde (Parque Linear do Rio Verde, Rua Tomazzo Ferrara)<\/p>\n<\/li>\n<li data-start=\"3110\" data-end=\"3159\">\n<p data-start=\"3112\" data-end=\"3159\">Investimento previsto: mais de R$ 300 milh\u00f5es<\/p>\n<\/li>\n<li data-start=\"3162\" data-end=\"3203\">\n<p data-start=\"3164\" data-end=\"3203\">Processo de contrata\u00e7\u00e3o em fase final<\/p>\n<\/li>\n<\/ul>\n<\/li>\n<\/ul>\n","protected":false},"excerpt":{"rendered":"<p>A Prefeitura de S\u00e3o Paulo est\u00e1 construindo dez novos reservat\u00f3rios para conter enchentes e alagamentos. Desde 2021, seis j\u00e1 foram entregues, com investimento total de R$ 1,6 bilh\u00e3o. As obras s\u00e3o executadas pela Secretaria Municipal de Infraestrutura Urbana e Obras e abrangem todas as regi\u00f5es da capital. Reservat\u00f3rios j\u00e1 entregues Capacidade total: 853 mil m\u00b3 [&hellip;]<\/p>\n","protected":false},"author":4,"featured_media":11216,"comment_status":"open","ping_status":"closed","sticky":false,"template":"","format":"standard","meta":{"_acf_changed":false,"_monsterinsights_skip_tracking":false,"_monsterinsights_sitenote_active":false,"_monsterinsights_sitenote_note":"","_monsterinsights_sitenote_category":0,"footnotes":""},"categories":[752],"tags":[108,107,260],"class_list":["post-11213","post","type-post","status-publish","format-standard","has-post-thumbnail","hentry","category-infraestrutura-e-obras","tag-enchentes","tag-obras","tag-piscinoes"],"acf":[],"yoast_head":"<!-- This site is optimized with the Yoast SEO plugin v24.1 - https:\/\/yoast.com\/wordpress\/plugins\/seo\/ -->\n<title>Reservat\u00f3rios para conter enchentes - Estad\u00e3o Expresso SP<\/title>\n<meta name=\"description\" content=\"Obras abrangem todas as regi\u00f5es da cidade e somam mais de R$ 1,6 bilh\u00e3o em investimentos\" \/>\n<meta name=\"robots\" content=\"index, follow, max-snippet:-1, max-image-preview:large, max-video-preview:-1\" \/>\n<link rel=\"canonical\" href=\"https:\/\/expresso.estadao.com.br\/sao-paulo\/2025\/06\/27\/saiba-onde-estao-sendo-construidos-reservatorios-para-conter-enchentes\/\" \/>\n<meta property=\"og:locale\" content=\"pt_BR\" \/>\n<meta property=\"og:type\" content=\"article\" \/>\n<meta property=\"og:title\" content=\"Reservat\u00f3rios para conter enchentes - Estad\u00e3o Expresso SP\" \/>\n<meta property=\"og:description\" content=\"Obras abrangem todas as regi\u00f5es da cidade e somam mais de R$ 1,6 bilh\u00e3o em investimentos\" \/>\n<meta property=\"og:url\" content=\"https:\/\/expresso.estadao.com.br\/sao-paulo\/2025\/06\/27\/saiba-onde-estao-sendo-construidos-reservatorios-para-conter-enchentes\/\" \/>\n<meta property=\"og:site_name\" content=\"Estad\u00e3o Expresso S\u00e3o Paulo\" \/>\n<meta property=\"article:published_time\" content=\"2025-06-27T17:49:12+00:00\" \/>\n<meta property=\"og:image\" content=\"https:\/\/expresso.estadao.com.br\/sao-paulo\/wp-content\/uploads\/2025\/06\/IMG_4627-scaled.jpg\" \/>\n\t<meta property=\"og:image:type\" content=\"image\/jpeg\" \/>\n<meta name=\"author\" content=\"fabio_bairros\" \/>\n<meta name=\"twitter:card\" content=\"summary_large_image\" \/>\n<meta name=\"twitter:label1\" content=\"Escrito por\" \/>\n\t<meta name=\"twitter:data1\" content=\"fabio_bairros\" \/>\n\t<meta name=\"twitter:label2\" content=\"Est. tempo de leitura\" \/>\n\t<meta name=\"twitter:data2\" content=\"3 minutos\" \/>\n<script type=\"application\/ld+json\" class=\"yoast-schema-graph\">{\"@context\":\"https:\/\/schema.org\",\"@graph\":[{\"@type\":\"WebPage\",\"@id\":\"https:\/\/expresso.estadao.com.br\/sao-paulo\/2025\/06\/27\/saiba-onde-estao-sendo-construidos-reservatorios-para-conter-enchentes\/\",\"url\":\"https:\/\/expresso.estadao.com.br\/sao-paulo\/2025\/06\/27\/saiba-onde-estao-sendo-construidos-reservatorios-para-conter-enchentes\/\",\"name\":\"Reservat\u00f3rios para conter enchentes - Estad\u00e3o Expresso SP\",\"isPartOf\":{\"@id\":\"https:\/\/expresso.estadao.com.br\/sao-paulo\/#website\"},\"primaryImageOfPage\":{\"@id\":\"https:\/\/expresso.estadao.com.br\/sao-paulo\/2025\/06\/27\/saiba-onde-estao-sendo-construidos-reservatorios-para-conter-enchentes\/#primaryimage\"},\"image\":{\"@id\":\"https:\/\/expresso.estadao.com.br\/sao-paulo\/2025\/06\/27\/saiba-onde-estao-sendo-construidos-reservatorios-para-conter-enchentes\/#primaryimage\"},\"thumbnailUrl\":\"https:\/\/expresso.estadao.com.br\/sao-paulo\/wp-content\/uploads\/2025\/06\/IMG_4627-scaled.jpg\",\"datePublished\":\"2025-06-27T17:49:12+00:00\",\"dateModified\":\"2025-06-27T17:49:12+00:00\",\"author\":{\"@id\":\"https:\/\/expresso.estadao.com.br\/sao-paulo\/#\/schema\/person\/f45f9e313ba8cbe5af9424f387ddef42\"},\"description\":\"Obras abrangem todas as regi\u00f5es da cidade e somam mais de R$ 1,6 bilh\u00e3o em investimentos\",\"breadcrumb\":{\"@id\":\"https:\/\/expresso.estadao.com.br\/sao-paulo\/2025\/06\/27\/saiba-onde-estao-sendo-construidos-reservatorios-para-conter-enchentes\/#breadcrumb\"},\"inLanguage\":\"pt-BR\",\"potentialAction\":[{\"@type\":\"ReadAction\",\"target\":[\"https:\/\/expresso.estadao.com.br\/sao-paulo\/2025\/06\/27\/saiba-onde-estao-sendo-construidos-reservatorios-para-conter-enchentes\/\"]}]},{\"@type\":\"ImageObject\",\"inLanguage\":\"pt-BR\",\"@id\":\"https:\/\/expresso.estadao.com.br\/sao-paulo\/2025\/06\/27\/saiba-onde-estao-sendo-construidos-reservatorios-para-conter-enchentes\/#primaryimage\",\"url\":\"https:\/\/expresso.estadao.com.br\/sao-paulo\/wp-content\/uploads\/2025\/06\/IMG_4627-scaled.jpg\",\"contentUrl\":\"https:\/\/expresso.estadao.com.br\/sao-paulo\/wp-content\/uploads\/2025\/06\/IMG_4627-scaled.jpg\",\"width\":2560,\"height\":1920,\"caption\":\"Reservat\u00f3rio para o c\u00f3rrego Antonico na frente do est\u00e1dio do S\u00e3o Paulo - Foto: LZ Santana\/Especial para o Estad\u00e3o\"},{\"@type\":\"BreadcrumbList\",\"@id\":\"https:\/\/expresso.estadao.com.br\/sao-paulo\/2025\/06\/27\/saiba-onde-estao-sendo-construidos-reservatorios-para-conter-enchentes\/#breadcrumb\",\"itemListElement\":[{\"@type\":\"ListItem\",\"position\":1,\"name\":\"In\u00edcio\",\"item\":\"https:\/\/expresso.estadao.com.br\/sao-paulo\/\"},{\"@type\":\"ListItem\",\"position\":2,\"name\":\"Saiba onde est\u00e3o sendo constru\u00eddos reservat\u00f3rios para conter enchentes\"}]},{\"@type\":\"WebSite\",\"@id\":\"https:\/\/expresso.estadao.com.br\/sao-paulo\/#website\",\"url\":\"https:\/\/expresso.estadao.com.br\/sao-paulo\/\",\"name\":\"Estad\u00e3o Expresso S\u00e3o Paulo\",\"description\":\"Conte\u00fado de presta\u00e7\u00e3o de servi\u00e7o para que os moradores da cidade de S\u00e3o Paulo possam se informar melhor e usar de maneira mais eficaz os servi\u00e7os p\u00fablicos municipais.\",\"potentialAction\":[{\"@type\":\"SearchAction\",\"target\":{\"@type\":\"EntryPoint\",\"urlTemplate\":\"https:\/\/expresso.estadao.com.br\/sao-paulo\/?s={search_term_string}\"},\"query-input\":{\"@type\":\"PropertyValueSpecification\",\"valueRequired\":true,\"valueName\":\"search_term_string\"}}],\"inLanguage\":\"pt-BR\"},{\"@type\":\"Person\",\"@id\":\"https:\/\/expresso.estadao.com.br\/sao-paulo\/#\/schema\/person\/f45f9e313ba8cbe5af9424f387ddef42\",\"name\":\"fabio_bairros\",\"image\":{\"@type\":\"ImageObject\",\"inLanguage\":\"pt-BR\",\"@id\":\"https:\/\/expresso.estadao.com.br\/sao-paulo\/#\/schema\/person\/image\/\",\"url\":\"https:\/\/secure.gravatar.com\/avatar\/fbecca90befcfda9505216ce0dc87261326cb6644deb5861e7ab404061c24246?s=96&d=mm&r=g\",\"contentUrl\":\"https:\/\/secure.gravatar.com\/avatar\/fbecca90befcfda9505216ce0dc87261326cb6644deb5861e7ab404061c24246?s=96&d=mm&r=g\",\"caption\":\"fabio_bairros\"}}]}<\/script>\n<!-- \/ Yoast SEO plugin. -->","yoast_head_json":{"title":"Reservat\u00f3rios para conter enchentes - Estad\u00e3o Expresso SP","description":"Obras abrangem todas as regi\u00f5es da cidade e somam mais de R$ 1,6 bilh\u00e3o em investimentos","robots":{"index":"index","follow":"follow","max-snippet":"max-snippet:-1","max-image-preview":"max-image-preview:large","max-video-preview":"max-video-preview:-1"},"canonical":"https:\/\/expresso.estadao.com.br\/sao-paulo\/2025\/06\/27\/saiba-onde-estao-sendo-construidos-reservatorios-para-conter-enchentes\/","og_locale":"pt_BR","og_type":"article","og_title":"Reservat\u00f3rios para conter enchentes - Estad\u00e3o Expresso SP","og_description":"Obras abrangem todas as regi\u00f5es da cidade e somam mais de R$ 1,6 bilh\u00e3o em investimentos","og_url":"https:\/\/expresso.estadao.com.br\/sao-paulo\/2025\/06\/27\/saiba-onde-estao-sendo-construidos-reservatorios-para-conter-enchentes\/","og_site_name":"Estad\u00e3o Expresso S\u00e3o Paulo","article_published_time":"2025-06-27T17:49:12+00:00","og_image":[{"width":"","height":"","url":"https:\/\/expresso.estadao.com.br\/sao-paulo\/wp-content\/uploads\/2025\/06\/IMG_4627-scaled.jpg","type":"image\/jpeg"}],"author":"fabio_bairros","twitter_card":"summary_large_image","twitter_misc":{"Escrito por":"fabio_bairros","Est. tempo de leitura":"3 minutos"},"schema":{"@context":"https:\/\/schema.org","@graph":[{"@type":"WebPage","@id":"https:\/\/expresso.estadao.com.br\/sao-paulo\/2025\/06\/27\/saiba-onde-estao-sendo-construidos-reservatorios-para-conter-enchentes\/","url":"https:\/\/expresso.estadao.com.br\/sao-paulo\/2025\/06\/27\/saiba-onde-estao-sendo-construidos-reservatorios-para-conter-enchentes\/","name":"Reservat\u00f3rios para conter enchentes - Estad\u00e3o Expresso SP","isPartOf":{"@id":"https:\/\/expresso.estadao.com.br\/sao-paulo\/#website"},"primaryImageOfPage":{"@id":"https:\/\/expresso.estadao.com.br\/sao-paulo\/2025\/06\/27\/saiba-onde-estao-sendo-construidos-reservatorios-para-conter-enchentes\/#primaryimage"},"image":{"@id":"https:\/\/expresso.estadao.com.br\/sao-paulo\/2025\/06\/27\/saiba-onde-estao-sendo-construidos-reservatorios-para-conter-enchentes\/#primaryimage"},"thumbnailUrl":"https:\/\/expresso.estadao.com.br\/sao-paulo\/wp-content\/uploads\/2025\/06\/IMG_4627-scaled.jpg","datePublished":"2025-06-27T17:49:12+00:00","dateModified":"2025-06-27T17:49:12+00:00","author":{"@id":"https:\/\/expresso.estadao.com.br\/sao-paulo\/#\/schema\/person\/f45f9e313ba8cbe5af9424f387ddef42"},"description":"Obras abrangem todas as regi\u00f5es da cidade e somam mais de R$ 1,6 bilh\u00e3o em investimentos","breadcrumb":{"@id":"https:\/\/expresso.estadao.com.br\/sao-paulo\/2025\/06\/27\/saiba-onde-estao-sendo-construidos-reservatorios-para-conter-enchentes\/#breadcrumb"},"inLanguage":"pt-BR","potentialAction":[{"@type":"ReadAction","target":["https:\/\/expresso.estadao.com.br\/sao-paulo\/2025\/06\/27\/saiba-onde-estao-sendo-construidos-reservatorios-para-conter-enchentes\/"]}]},{"@type":"ImageObject","inLanguage":"pt-BR","@id":"https:\/\/expresso.estadao.com.br\/sao-paulo\/2025\/06\/27\/saiba-onde-estao-sendo-construidos-reservatorios-para-conter-enchentes\/#primaryimage","url":"https:\/\/expresso.estadao.com.br\/sao-paulo\/wp-content\/uploads\/2025\/06\/IMG_4627-scaled.jpg","contentUrl":"https:\/\/expresso.estadao.com.br\/sao-paulo\/wp-content\/uploads\/2025\/06\/IMG_4627-scaled.jpg","width":2560,"height":1920,"caption":"Reservat\u00f3rio para o c\u00f3rrego Antonico na frente do est\u00e1dio do S\u00e3o Paulo - Foto: LZ Santana\/Especial para o Estad\u00e3o"},{"@type":"BreadcrumbList","@id":"https:\/\/expresso.estadao.com.br\/sao-paulo\/2025\/06\/27\/saiba-onde-estao-sendo-construidos-reservatorios-para-conter-enchentes\/#breadcrumb","itemListElement":[{"@type":"ListItem","position":1,"name":"In\u00edcio","item":"https:\/\/expresso.estadao.com.br\/sao-paulo\/"},{"@type":"ListItem","position":2,"name":"Saiba onde est\u00e3o sendo constru\u00eddos reservat\u00f3rios para conter enchentes"}]},{"@type":"WebSite","@id":"https:\/\/expresso.estadao.com.br\/sao-paulo\/#website","url":"https:\/\/expresso.estadao.com.br\/sao-paulo\/","name":"Estad\u00e3o Expresso S\u00e3o Paulo","description":"Conte\u00fado de presta\u00e7\u00e3o de servi\u00e7o para que os moradores da cidade de S\u00e3o Paulo possam se informar melhor e usar de maneira mais eficaz os servi\u00e7os p\u00fablicos municipais.","potentialAction":[{"@type":"SearchAction","target":{"@type":"EntryPoint","urlTemplate":"https:\/\/expresso.estadao.com.br\/sao-paulo\/?s={search_term_string}"},"query-input":{"@type":"PropertyValueSpecification","valueRequired":true,"valueName":"search_term_string"}}],"inLanguage":"pt-BR"},{"@type":"Person","@id":"https:\/\/expresso.estadao.com.br\/sao-paulo\/#\/schema\/person\/f45f9e313ba8cbe5af9424f387ddef42","name":"fabio_bairros","image":{"@type":"ImageObject","inLanguage":"pt-BR","@id":"https:\/\/expresso.estadao.com.br\/sao-paulo\/#\/schema\/person\/image\/","url":"https:\/\/secure.gravatar.com\/avatar\/fbecca90befcfda9505216ce0dc87261326cb6644deb5861e7ab404061c24246?s=96&d=mm&r=g","contentUrl":"https:\/\/secure.gravatar.com\/avatar\/fbecca90befcfda9505216ce0dc87261326cb6644deb5861e7ab404061c24246?s=96&d=mm&r=g","caption":"fabio_bairros"}}]}},"_links":{"self":[{"href":"https:\/\/expresso.estadao.com.br\/sao-paulo\/wp-json\/wp\/v2\/posts\/11213","targetHints":{"allow":["GET"]}}],"collection":[{"href":"https:\/\/expresso.estadao.com.br\/sao-paulo\/wp-json\/wp\/v2\/posts"}],"about":[{"href":"https:\/\/expresso.estadao.com.br\/sao-paulo\/wp-json\/wp\/v2\/types\/post"}],"author":[{"embeddable":true,"href":"https:\/\/expresso.estadao.com.br\/sao-paulo\/wp-json\/wp\/v2\/users\/4"}],"replies":[{"embeddable":true,"href":"https:\/\/expresso.estadao.com.br\/sao-paulo\/wp-json\/wp\/v2\/comments?post=11213"}],"version-history":[{"count":2,"href":"https:\/\/expresso.estadao.com.br\/sao-paulo\/wp-json\/wp\/v2\/posts\/11213\/revisions"}],"predecessor-version":[{"id":11217,"href":"https:\/\/expresso.estadao.com.br\/sao-paulo\/wp-json\/wp\/v2\/posts\/11213\/revisions\/11217"}],"wp:featuredmedia":[{"embeddable":true,"href":"https:\/\/expresso.estadao.com.br\/sao-paulo\/wp-json\/wp\/v2\/media\/11216"}],"wp:attachment":[{"href":"https:\/\/expresso.estadao.com.br\/sao-paulo\/wp-json\/wp\/v2\/media?parent=11213"}],"wp:term":[{"taxonomy":"category","embeddable":true,"href":"https:\/\/expresso.estadao.com.br\/sao-paulo\/wp-json\/wp\/v2\/categories?post=11213"},{"taxonomy":"post_tag","embeddable":true,"href":"https:\/\/expresso.estadao.com.br\/sao-paulo\/wp-json\/wp\/v2\/tags?post=11213"}],"curies":[{"name":"wp","href":"https:\/\/api.w.org\/{rel}","templated":true}]}}