{"id":11242,"date":"2025-07-07T11:13:14","date_gmt":"2025-07-07T14:13:14","guid":{"rendered":"https:\/\/expresso.estadao.com.br\/sao-paulo\/?p=11242"},"modified":"2025-07-07T11:28:19","modified_gmt":"2025-07-07T14:28:19","slug":"restauracao-preserva-postes-historicos-no-centro-de-sao-paulo","status":"publish","type":"post","link":"https:\/\/expresso.estadao.com.br\/sao-paulo\/2025\/07\/07\/restauracao-preserva-postes-historicos-no-centro-de-sao-paulo\/","title":{"rendered":"Restaura\u00e7\u00e3o preserva postes hist\u00f3ricos no Centro de S\u00e3o Paulo"},"content":{"rendered":"<p>Para preservar o patrim\u00f4nio hist\u00f3rico do Centro da cidade, est\u00e3o em curso obras de restaura\u00e7\u00e3o de postes ornamentais instalados originalmente no in\u00edcio do s\u00e9culo 20.<\/p>\n<p>Vinte equipamentos localizados na Pra\u00e7a da Rep\u00fablica e no Largo do Arouche passam atualmente por manuten\u00e7\u00e3o. Entre os processos adotados est\u00e1 o uso de tecnologia 3D para a confec\u00e7\u00e3o de pe\u00e7as que precisam ser repostas. Desde 2018, j\u00e1 foram restauradas 711 estruturas similares, segundo a Prefeitura.<\/p>\n<p>A recupera\u00e7\u00e3o envolve etapas com atua\u00e7\u00e3o de equipes especializadas em an\u00e1lise estrutural, mec\u00e2nica, el\u00e9trica, solda, pintura e fabrica\u00e7\u00e3o de pe\u00e7as. O processo come\u00e7a com o lixamento do poste para remo\u00e7\u00e3o da tinta antiga. Depois, \u00e9 aplicada uma camada de zarc\u00e3o, material anticorrosivo que protege contra ferrugem. Por fim, o acabamento \u00e9 feito com pintura preta de esmalte sint\u00e9tico, com brilho leve.<\/p>\n<p>Pe\u00e7as como globos, soquetes e cabeamentos s\u00e3o industrializadas e compradas no mercado. J\u00e1 partes em ferro fundido exigem outro m\u00e9todo: uma amostra \u00e9 retirada, escaneada em 3D e usada na produ\u00e7\u00e3o de moldes de madeira, necess\u00e1rios para fundir novas pe\u00e7as.<\/p>\n<div id=\"attachment_11264\" style=\"width: 1120px\" class=\"wp-caption alignnone\"><img loading=\"lazy\" decoding=\"async\" aria-describedby=\"caption-attachment-11264\" class=\"wp-image-11264 size-large\" src=\"https:\/\/expresso.estadao.com.br\/sao-paulo\/wp-content\/uploads\/2025\/07\/WhatsApp-Image-2025-07-02-at-17.30.28-1110x728.jpeg\" alt=\"\" width=\"1110\" height=\"728\" srcset=\"https:\/\/expresso.estadao.com.br\/sao-paulo\/wp-content\/uploads\/2025\/07\/WhatsApp-Image-2025-07-02-at-17.30.28-1110x728.jpeg 1110w, https:\/\/expresso.estadao.com.br\/sao-paulo\/wp-content\/uploads\/2025\/07\/WhatsApp-Image-2025-07-02-at-17.30.28-457x300.jpeg 457w, https:\/\/expresso.estadao.com.br\/sao-paulo\/wp-content\/uploads\/2025\/07\/WhatsApp-Image-2025-07-02-at-17.30.28-768x504.jpeg 768w, https:\/\/expresso.estadao.com.br\/sao-paulo\/wp-content\/uploads\/2025\/07\/WhatsApp-Image-2025-07-02-at-17.30.28-1536x1008.jpeg 1536w, https:\/\/expresso.estadao.com.br\/sao-paulo\/wp-content\/uploads\/2025\/07\/WhatsApp-Image-2025-07-02-at-17.30.28.jpeg 1600w\" sizes=\"auto, (max-width: 1110px) 100vw, 1110px\" \/><p id=\"caption-attachment-11264\" class=\"wp-caption-text\">Foto: Divulga\u00e7\u00e3o\/Secom<\/p><\/div>\n<p>Os postes restaurados est\u00e3o espalhados por pontos simb\u00f3licos da cidade, como o entorno do Museu do Ipiranga, Viaduto Santa Ifig\u00eania, Rua Brigadeiro Tobias, Avenida Prestes Maia e Pra\u00e7a Pedro Lessa.<\/p>\n<p>Instalados a partir de 1907 no tri\u00e2ngulo hist\u00f3rico, os postes tinham inicialmente 24 modelos distintos. Hoje, o centro de S\u00e3o Paulo conta com 1716 postes de oito estilos diferentes. A manuten\u00e7\u00e3o \u00e9 feita pela Ilumina SP, da SP Regula, \u00f3rg\u00e3o respons\u00e1vel pela fiscaliza\u00e7\u00e3o e gest\u00e3o dos contratos de concess\u00e3o da rede de ilumina\u00e7\u00e3o p\u00fablica.<\/p>\n<p>Dois tipos de poste se destacam no Centro: os exclusivos do Theatro Municipal, feitos pelo Liceu de Artes e Of\u00edcio com patroc\u00ednio da Light, e os do Pateo do Collegio, movidos a g\u00e1s natural, instalados pela antiga San Paulo Gas Company (atual Comg\u00e1s) no s\u00e9culo 19.<\/p>\n<p><strong>Lampi\u00f5es a g\u00e1s do Pateo do Collegio<\/strong><\/p>\n<p>O Pateo do Collegio conta atualmente com 38 lampi\u00f5es a g\u00e1s, instalados nas \u00e1reas internas e externas, todos com estilo cl\u00e1ssico inspirado nos modelos do s\u00e9culo 19. O acendimento \u00e9 autom\u00e1tico, por fotoc\u00e9lula, que libera o g\u00e1s com a queda da luminosidade e desliga o sistema ao amanhecer.<\/p>\n<p>A ilumina\u00e7\u00e3o a g\u00e1s faz parte da hist\u00f3ria paulistana desde 1873, ano em que os primeiros lampi\u00f5es come\u00e7aram a ser instalados. Na \u00e9poca, o acendimento era manual e chegou a haver cerca de 700 postes a g\u00e1s na cidade. O \u00faltimo deles foi desativado em 1936.<\/p>\n<p>Em 2023, uma parceria entre a Subprefeitura S\u00e9 e a Comg\u00e1s refor\u00e7ou o compromisso com a preserva\u00e7\u00e3o desses marcos hist\u00f3ricos, garantindo a manuten\u00e7\u00e3o dos lampi\u00f5es a g\u00e1s do Pateo.<\/p>\n<p><strong>Postes do Theatro Municipal<\/strong><\/p>\n<p>Na inaugura\u00e7\u00e3o do Theatro Municipal, em 1911, a Light projetou postes ornamentais exclusivos para valorizar a nova constru\u00e7\u00e3o. As pe\u00e7as foram inicialmente talhadas em madeira por Afonso Adinolfi e depois fundidas em ferro e bronze, tornando-se refer\u00eancia na cidade.<\/p>\n<p>O sucesso dos postes refor\u00e7ou o prest\u00edgio da empresa, que mais tarde se tornaria respons\u00e1vel oficial pelo fornecimento de energia el\u00e9trica na capital at\u00e9 1981. Hoje, a manuten\u00e7\u00e3o desses postes tamb\u00e9m \u00e9 feita pela SP Regula, que cuida da limpeza e conserva\u00e7\u00e3o peri\u00f3dica das estruturas.<\/p>\n<p>&nbsp;<\/p>\n","protected":false},"excerpt":{"rendered":"<p>Para preservar o patrim\u00f4nio hist\u00f3rico do Centro da cidade, est\u00e3o em curso obras de restaura\u00e7\u00e3o de postes ornamentais instalados originalmente no in\u00edcio do s\u00e9culo 20. Vinte equipamentos localizados na Pra\u00e7a da Rep\u00fablica e no Largo do Arouche passam atualmente por manuten\u00e7\u00e3o. Entre os processos adotados est\u00e1 o uso de tecnologia 3D para a confec\u00e7\u00e3o de [&hellip;]<\/p>\n","protected":false},"author":4,"featured_media":11270,"comment_status":"open","ping_status":"closed","sticky":false,"template":"","format":"standard","meta":{"_acf_changed":false,"_monsterinsights_skip_tracking":false,"_monsterinsights_sitenote_active":false,"_monsterinsights_sitenote_note":"","_monsterinsights_sitenote_category":0,"footnotes":""},"categories":[760],"tags":[1246,52,1247],"class_list":["post-11242","post","type-post","status-publish","format-standard","has-post-thumbnail","hentry","category-urbanismo","tag-postes","tag-prefeitura-de-sao-paulo","tag-restauracao"],"acf":[],"yoast_head":"<!-- This site is optimized with the Yoast SEO plugin v24.1 - https:\/\/yoast.com\/wordpress\/plugins\/seo\/ -->\n<title>Restaura\u00e7\u00e3o de postes hist\u00f3ricos - Estad\u00e3o Expresso S\u00e3o Paulo<\/title>\n<meta name=\"description\" content=\"Postes ornamentais recebem manuten\u00e7\u00e3o com uso de tecnologia 3D e t\u00e9cnicas artesanais\" \/>\n<meta name=\"robots\" content=\"index, follow, max-snippet:-1, max-image-preview:large, max-video-preview:-1\" \/>\n<link rel=\"canonical\" href=\"https:\/\/expresso.estadao.com.br\/sao-paulo\/2025\/07\/07\/restauracao-preserva-postes-historicos-no-centro-de-sao-paulo\/\" \/>\n<meta property=\"og:locale\" content=\"pt_BR\" \/>\n<meta property=\"og:type\" content=\"article\" \/>\n<meta property=\"og:title\" content=\"Restaura\u00e7\u00e3o de postes hist\u00f3ricos - Estad\u00e3o Expresso S\u00e3o Paulo\" \/>\n<meta property=\"og:description\" content=\"Postes ornamentais recebem manuten\u00e7\u00e3o com uso de tecnologia 3D e t\u00e9cnicas artesanais\" \/>\n<meta property=\"og:url\" content=\"https:\/\/expresso.estadao.com.br\/sao-paulo\/2025\/07\/07\/restauracao-preserva-postes-historicos-no-centro-de-sao-paulo\/\" \/>\n<meta property=\"og:site_name\" content=\"Estad\u00e3o Expresso S\u00e3o Paulo\" \/>\n<meta property=\"article:published_time\" content=\"2025-07-07T14:13:14+00:00\" \/>\n<meta property=\"article:modified_time\" content=\"2025-07-07T14:28:19+00:00\" \/>\n<meta property=\"og:image\" content=\"https:\/\/expresso.estadao.com.br\/sao-paulo\/wp-content\/uploads\/2025\/07\/calcadas-republica-2-scaled.jpg\" \/>\n\t<meta property=\"og:image:type\" content=\"image\/jpeg\" \/>\n<meta name=\"author\" content=\"fabio_bairros\" \/>\n<meta name=\"twitter:card\" content=\"summary_large_image\" \/>\n<meta name=\"twitter:label1\" content=\"Escrito por\" \/>\n\t<meta name=\"twitter:data1\" content=\"fabio_bairros\" \/>\n\t<meta name=\"twitter:label2\" content=\"Est. tempo de leitura\" \/>\n\t<meta name=\"twitter:data2\" content=\"4 minutos\" \/>\n<script type=\"application\/ld+json\" class=\"yoast-schema-graph\">{\"@context\":\"https:\/\/schema.org\",\"@graph\":[{\"@type\":\"WebPage\",\"@id\":\"https:\/\/expresso.estadao.com.br\/sao-paulo\/2025\/07\/07\/restauracao-preserva-postes-historicos-no-centro-de-sao-paulo\/\",\"url\":\"https:\/\/expresso.estadao.com.br\/sao-paulo\/2025\/07\/07\/restauracao-preserva-postes-historicos-no-centro-de-sao-paulo\/\",\"name\":\"Restaura\u00e7\u00e3o de postes hist\u00f3ricos - Estad\u00e3o Expresso S\u00e3o Paulo\",\"isPartOf\":{\"@id\":\"https:\/\/expresso.estadao.com.br\/sao-paulo\/#website\"},\"primaryImageOfPage\":{\"@id\":\"https:\/\/expresso.estadao.com.br\/sao-paulo\/2025\/07\/07\/restauracao-preserva-postes-historicos-no-centro-de-sao-paulo\/#primaryimage\"},\"image\":{\"@id\":\"https:\/\/expresso.estadao.com.br\/sao-paulo\/2025\/07\/07\/restauracao-preserva-postes-historicos-no-centro-de-sao-paulo\/#primaryimage\"},\"thumbnailUrl\":\"https:\/\/expresso.estadao.com.br\/sao-paulo\/wp-content\/uploads\/2025\/07\/calcadas-republica-2-scaled.jpg\",\"datePublished\":\"2025-07-07T14:13:14+00:00\",\"dateModified\":\"2025-07-07T14:28:19+00:00\",\"author\":{\"@id\":\"https:\/\/expresso.estadao.com.br\/sao-paulo\/#\/schema\/person\/f45f9e313ba8cbe5af9424f387ddef42\"},\"description\":\"Postes ornamentais recebem manuten\u00e7\u00e3o com uso de tecnologia 3D e t\u00e9cnicas artesanais\",\"breadcrumb\":{\"@id\":\"https:\/\/expresso.estadao.com.br\/sao-paulo\/2025\/07\/07\/restauracao-preserva-postes-historicos-no-centro-de-sao-paulo\/#breadcrumb\"},\"inLanguage\":\"pt-BR\",\"potentialAction\":[{\"@type\":\"ReadAction\",\"target\":[\"https:\/\/expresso.estadao.com.br\/sao-paulo\/2025\/07\/07\/restauracao-preserva-postes-historicos-no-centro-de-sao-paulo\/\"]}]},{\"@type\":\"ImageObject\",\"inLanguage\":\"pt-BR\",\"@id\":\"https:\/\/expresso.estadao.com.br\/sao-paulo\/2025\/07\/07\/restauracao-preserva-postes-historicos-no-centro-de-sao-paulo\/#primaryimage\",\"url\":\"https:\/\/expresso.estadao.com.br\/sao-paulo\/wp-content\/uploads\/2025\/07\/calcadas-republica-2-scaled.jpg\",\"contentUrl\":\"https:\/\/expresso.estadao.com.br\/sao-paulo\/wp-content\/uploads\/2025\/07\/calcadas-republica-2-scaled.jpg\",\"width\":2560,\"height\":1707,\"caption\":\"Poste hist\u00f3rico na Pra\u00e7a da Rep\u00fablica - Foto: LZ Santana\/Especial para o Estad\u00e3o\"},{\"@type\":\"BreadcrumbList\",\"@id\":\"https:\/\/expresso.estadao.com.br\/sao-paulo\/2025\/07\/07\/restauracao-preserva-postes-historicos-no-centro-de-sao-paulo\/#breadcrumb\",\"itemListElement\":[{\"@type\":\"ListItem\",\"position\":1,\"name\":\"In\u00edcio\",\"item\":\"https:\/\/expresso.estadao.com.br\/sao-paulo\/\"},{\"@type\":\"ListItem\",\"position\":2,\"name\":\"Restaura\u00e7\u00e3o preserva postes hist\u00f3ricos no Centro de S\u00e3o Paulo\"}]},{\"@type\":\"WebSite\",\"@id\":\"https:\/\/expresso.estadao.com.br\/sao-paulo\/#website\",\"url\":\"https:\/\/expresso.estadao.com.br\/sao-paulo\/\",\"name\":\"Estad\u00e3o Expresso S\u00e3o Paulo\",\"description\":\"Conte\u00fado de presta\u00e7\u00e3o de servi\u00e7o para que os moradores da cidade de S\u00e3o Paulo possam se informar melhor e usar de maneira mais eficaz os servi\u00e7os p\u00fablicos municipais.\",\"potentialAction\":[{\"@type\":\"SearchAction\",\"target\":{\"@type\":\"EntryPoint\",\"urlTemplate\":\"https:\/\/expresso.estadao.com.br\/sao-paulo\/?s={search_term_string}\"},\"query-input\":{\"@type\":\"PropertyValueSpecification\",\"valueRequired\":true,\"valueName\":\"search_term_string\"}}],\"inLanguage\":\"pt-BR\"},{\"@type\":\"Person\",\"@id\":\"https:\/\/expresso.estadao.com.br\/sao-paulo\/#\/schema\/person\/f45f9e313ba8cbe5af9424f387ddef42\",\"name\":\"fabio_bairros\",\"image\":{\"@type\":\"ImageObject\",\"inLanguage\":\"pt-BR\",\"@id\":\"https:\/\/expresso.estadao.com.br\/sao-paulo\/#\/schema\/person\/image\/\",\"url\":\"https:\/\/secure.gravatar.com\/avatar\/fbecca90befcfda9505216ce0dc87261326cb6644deb5861e7ab404061c24246?s=96&d=mm&r=g\",\"contentUrl\":\"https:\/\/secure.gravatar.com\/avatar\/fbecca90befcfda9505216ce0dc87261326cb6644deb5861e7ab404061c24246?s=96&d=mm&r=g\",\"caption\":\"fabio_bairros\"}}]}<\/script>\n<!-- \/ Yoast SEO plugin. -->","yoast_head_json":{"title":"Restaura\u00e7\u00e3o de postes hist\u00f3ricos - Estad\u00e3o Expresso S\u00e3o Paulo","description":"Postes ornamentais recebem manuten\u00e7\u00e3o com uso de tecnologia 3D e t\u00e9cnicas artesanais","robots":{"index":"index","follow":"follow","max-snippet":"max-snippet:-1","max-image-preview":"max-image-preview:large","max-video-preview":"max-video-preview:-1"},"canonical":"https:\/\/expresso.estadao.com.br\/sao-paulo\/2025\/07\/07\/restauracao-preserva-postes-historicos-no-centro-de-sao-paulo\/","og_locale":"pt_BR","og_type":"article","og_title":"Restaura\u00e7\u00e3o de postes hist\u00f3ricos - Estad\u00e3o Expresso S\u00e3o Paulo","og_description":"Postes ornamentais recebem manuten\u00e7\u00e3o com uso de tecnologia 3D e t\u00e9cnicas artesanais","og_url":"https:\/\/expresso.estadao.com.br\/sao-paulo\/2025\/07\/07\/restauracao-preserva-postes-historicos-no-centro-de-sao-paulo\/","og_site_name":"Estad\u00e3o Expresso S\u00e3o Paulo","article_published_time":"2025-07-07T14:13:14+00:00","article_modified_time":"2025-07-07T14:28:19+00:00","og_image":[{"width":"","height":"","url":"https:\/\/expresso.estadao.com.br\/sao-paulo\/wp-content\/uploads\/2025\/07\/calcadas-republica-2-scaled.jpg","type":"image\/jpeg"}],"author":"fabio_bairros","twitter_card":"summary_large_image","twitter_misc":{"Escrito por":"fabio_bairros","Est. tempo de leitura":"4 minutos"},"schema":{"@context":"https:\/\/schema.org","@graph":[{"@type":"WebPage","@id":"https:\/\/expresso.estadao.com.br\/sao-paulo\/2025\/07\/07\/restauracao-preserva-postes-historicos-no-centro-de-sao-paulo\/","url":"https:\/\/expresso.estadao.com.br\/sao-paulo\/2025\/07\/07\/restauracao-preserva-postes-historicos-no-centro-de-sao-paulo\/","name":"Restaura\u00e7\u00e3o de postes hist\u00f3ricos - Estad\u00e3o Expresso S\u00e3o Paulo","isPartOf":{"@id":"https:\/\/expresso.estadao.com.br\/sao-paulo\/#website"},"primaryImageOfPage":{"@id":"https:\/\/expresso.estadao.com.br\/sao-paulo\/2025\/07\/07\/restauracao-preserva-postes-historicos-no-centro-de-sao-paulo\/#primaryimage"},"image":{"@id":"https:\/\/expresso.estadao.com.br\/sao-paulo\/2025\/07\/07\/restauracao-preserva-postes-historicos-no-centro-de-sao-paulo\/#primaryimage"},"thumbnailUrl":"https:\/\/expresso.estadao.com.br\/sao-paulo\/wp-content\/uploads\/2025\/07\/calcadas-republica-2-scaled.jpg","datePublished":"2025-07-07T14:13:14+00:00","dateModified":"2025-07-07T14:28:19+00:00","author":{"@id":"https:\/\/expresso.estadao.com.br\/sao-paulo\/#\/schema\/person\/f45f9e313ba8cbe5af9424f387ddef42"},"description":"Postes ornamentais recebem manuten\u00e7\u00e3o com uso de tecnologia 3D e t\u00e9cnicas artesanais","breadcrumb":{"@id":"https:\/\/expresso.estadao.com.br\/sao-paulo\/2025\/07\/07\/restauracao-preserva-postes-historicos-no-centro-de-sao-paulo\/#breadcrumb"},"inLanguage":"pt-BR","potentialAction":[{"@type":"ReadAction","target":["https:\/\/expresso.estadao.com.br\/sao-paulo\/2025\/07\/07\/restauracao-preserva-postes-historicos-no-centro-de-sao-paulo\/"]}]},{"@type":"ImageObject","inLanguage":"pt-BR","@id":"https:\/\/expresso.estadao.com.br\/sao-paulo\/2025\/07\/07\/restauracao-preserva-postes-historicos-no-centro-de-sao-paulo\/#primaryimage","url":"https:\/\/expresso.estadao.com.br\/sao-paulo\/wp-content\/uploads\/2025\/07\/calcadas-republica-2-scaled.jpg","contentUrl":"https:\/\/expresso.estadao.com.br\/sao-paulo\/wp-content\/uploads\/2025\/07\/calcadas-republica-2-scaled.jpg","width":2560,"height":1707,"caption":"Poste hist\u00f3rico na Pra\u00e7a da Rep\u00fablica - Foto: LZ Santana\/Especial para o Estad\u00e3o"},{"@type":"BreadcrumbList","@id":"https:\/\/expresso.estadao.com.br\/sao-paulo\/2025\/07\/07\/restauracao-preserva-postes-historicos-no-centro-de-sao-paulo\/#breadcrumb","itemListElement":[{"@type":"ListItem","position":1,"name":"In\u00edcio","item":"https:\/\/expresso.estadao.com.br\/sao-paulo\/"},{"@type":"ListItem","position":2,"name":"Restaura\u00e7\u00e3o preserva postes hist\u00f3ricos no Centro de S\u00e3o Paulo"}]},{"@type":"WebSite","@id":"https:\/\/expresso.estadao.com.br\/sao-paulo\/#website","url":"https:\/\/expresso.estadao.com.br\/sao-paulo\/","name":"Estad\u00e3o Expresso S\u00e3o Paulo","description":"Conte\u00fado de presta\u00e7\u00e3o de servi\u00e7o para que os moradores da cidade de S\u00e3o Paulo possam se informar melhor e usar de maneira mais eficaz os servi\u00e7os p\u00fablicos municipais.","potentialAction":[{"@type":"SearchAction","target":{"@type":"EntryPoint","urlTemplate":"https:\/\/expresso.estadao.com.br\/sao-paulo\/?s={search_term_string}"},"query-input":{"@type":"PropertyValueSpecification","valueRequired":true,"valueName":"search_term_string"}}],"inLanguage":"pt-BR"},{"@type":"Person","@id":"https:\/\/expresso.estadao.com.br\/sao-paulo\/#\/schema\/person\/f45f9e313ba8cbe5af9424f387ddef42","name":"fabio_bairros","image":{"@type":"ImageObject","inLanguage":"pt-BR","@id":"https:\/\/expresso.estadao.com.br\/sao-paulo\/#\/schema\/person\/image\/","url":"https:\/\/secure.gravatar.com\/avatar\/fbecca90befcfda9505216ce0dc87261326cb6644deb5861e7ab404061c24246?s=96&d=mm&r=g","contentUrl":"https:\/\/secure.gravatar.com\/avatar\/fbecca90befcfda9505216ce0dc87261326cb6644deb5861e7ab404061c24246?s=96&d=mm&r=g","caption":"fabio_bairros"}}]}},"_links":{"self":[{"href":"https:\/\/expresso.estadao.com.br\/sao-paulo\/wp-json\/wp\/v2\/posts\/11242","targetHints":{"allow":["GET"]}}],"collection":[{"href":"https:\/\/expresso.estadao.com.br\/sao-paulo\/wp-json\/wp\/v2\/posts"}],"about":[{"href":"https:\/\/expresso.estadao.com.br\/sao-paulo\/wp-json\/wp\/v2\/types\/post"}],"author":[{"embeddable":true,"href":"https:\/\/expresso.estadao.com.br\/sao-paulo\/wp-json\/wp\/v2\/users\/4"}],"replies":[{"embeddable":true,"href":"https:\/\/expresso.estadao.com.br\/sao-paulo\/wp-json\/wp\/v2\/comments?post=11242"}],"version-history":[{"count":3,"href":"https:\/\/expresso.estadao.com.br\/sao-paulo\/wp-json\/wp\/v2\/posts\/11242\/revisions"}],"predecessor-version":[{"id":11267,"href":"https:\/\/expresso.estadao.com.br\/sao-paulo\/wp-json\/wp\/v2\/posts\/11242\/revisions\/11267"}],"wp:featuredmedia":[{"embeddable":true,"href":"https:\/\/expresso.estadao.com.br\/sao-paulo\/wp-json\/wp\/v2\/media\/11270"}],"wp:attachment":[{"href":"https:\/\/expresso.estadao.com.br\/sao-paulo\/wp-json\/wp\/v2\/media?parent=11242"}],"wp:term":[{"taxonomy":"category","embeddable":true,"href":"https:\/\/expresso.estadao.com.br\/sao-paulo\/wp-json\/wp\/v2\/categories?post=11242"},{"taxonomy":"post_tag","embeddable":true,"href":"https:\/\/expresso.estadao.com.br\/sao-paulo\/wp-json\/wp\/v2\/tags?post=11242"}],"curies":[{"name":"wp","href":"https:\/\/api.w.org\/{rel}","templated":true}]}}