{"id":11547,"date":"2025-08-19T10:42:38","date_gmt":"2025-08-19T13:42:38","guid":{"rendered":"https:\/\/expresso.estadao.com.br\/sao-paulo\/?p=11547"},"modified":"2025-08-19T10:42:38","modified_gmt":"2025-08-19T13:42:38","slug":"prefeitura-inaugura-primeira-escola-bilingue-da-rede-municipal","status":"publish","type":"post","link":"https:\/\/expresso.estadao.com.br\/sao-paulo\/2025\/08\/19\/prefeitura-inaugura-primeira-escola-bilingue-da-rede-municipal\/","title":{"rendered":"Prefeitura inaugura primeira escola bil\u00edngue da rede municipal"},"content":{"rendered":"<p data-start=\"112\" data-end=\"427\">A Prefeitura de S\u00e3o Paulo inaugurou nesta segunda-feira (18) a Escola Municipal de Educa\u00e7\u00e3o Infantil (EMEI) Cora Coralina, na Vila Inglesa, regi\u00e3o de Cidade Ademar, zona sul. A unidade tem capacidade para 256 crian\u00e7as de 4 e 5 anos em per\u00edodo integral. \u00c9 a 40\u00aa escola entregue desde 2023 e a 12\u00aa apenas neste ano.<\/p>\n<p data-start=\"429\" data-end=\"609\">A EMEI ser\u00e1 a primeira bil\u00edngue da rede municipal. O trabalho pedag\u00f3gico ser\u00e1 orientado pelo \u201cCurr\u00edculo da Cidade \u2013 Educa\u00e7\u00e3o Infantil\u201d e incluir\u00e1 contato com o ingl\u00eas desde cedo.<\/p>\n<p data-start=\"611\" data-end=\"964\">O novo pr\u00e9dio substitui a antiga constru\u00e7\u00e3o, interditada pela Defesa Civil em 2020 por problemas estruturais e demolida no mesmo terreno. A estrutura atual \u00e9 ampla, acess\u00edvel e conta com brinquedoteca, parque, cozinha, secretaria e salas adaptadas, al\u00e9m de placas fotovoltaicas e sistema de reuso de \u00e1gua da chuva. O investimento foi de R$ 12 milh\u00f5es.<\/p>\n<p data-start=\"611\" data-end=\"964\"><strong>Sonho<\/strong><\/p>\n<p data-start=\"966\" data-end=\"1253\">A diretora da unidade, Adriana Cec\u00edlia Kroll V\u00e1zquez, destacou que a entrega representa a realiza\u00e7\u00e3o de um sonho coletivo da comunidade. Moradores tamb\u00e9m ressaltaram a import\u00e2ncia do atendimento em per\u00edodo integral, com tr\u00eas refei\u00e7\u00f5es di\u00e1rias e atividades educativas em tempo ampliado.<\/p>\n<p data-start=\"1255\" data-end=\"1545\">Desde 2023, a gest\u00e3o municipal inaugurou 25 Centros de Educa\u00e7\u00e3o Infantil (CEIs), 2 Centros Municipais de Educa\u00e7\u00e3o Infantil (CEMEIs), 7 EMEIs, 3 Escolas Municipais de Ensino Fundamental (EMEFs) e 3 Centros Educacionais Unificados (CEUs). Em 2025, j\u00e1 s\u00e3o 12 novas unidades em funcionamento.<\/p>\n<p data-start=\"1547\" data-end=\"1701\" data-is-last-node=\"\" data-is-only-node=\"\">A escola homenageia a escritora Cora Coralina (1889\u20131985), refer\u00eancia da literatura brasileira e s\u00edmbolo de perseveran\u00e7a e valoriza\u00e7\u00e3o da cultura popular.<\/p>\n","protected":false},"excerpt":{"rendered":"<p>A Prefeitura de S\u00e3o Paulo inaugurou nesta segunda-feira (18) a Escola Municipal de Educa\u00e7\u00e3o Infantil (EMEI) Cora Coralina, na Vila Inglesa, regi\u00e3o de Cidade Ademar, zona sul. A unidade tem capacidade para 256 crian\u00e7as de 4 e 5 anos em per\u00edodo integral. \u00c9 a 40\u00aa escola entregue desde 2023 e a 12\u00aa apenas neste ano. [&hellip;]<\/p>\n","protected":false},"author":4,"featured_media":11549,"comment_status":"open","ping_status":"closed","sticky":false,"template":"","format":"standard","meta":{"_acf_changed":false,"_monsterinsights_skip_tracking":false,"_monsterinsights_sitenote_active":false,"_monsterinsights_sitenote_note":"","_monsterinsights_sitenote_category":0,"footnotes":""},"categories":[747],"tags":[66,1277,52],"class_list":["post-11547","post","type-post","status-publish","format-standard","has-post-thumbnail","hentry","category-educacao","tag-educacao","tag-emei-cora-coralina","tag-prefeitura-de-sao-paulo"],"acf":[],"yoast_head":"<!-- This site is optimized with the Yoast SEO plugin v24.1 - https:\/\/yoast.com\/wordpress\/plugins\/seo\/ -->\n<title>Escola bil\u00edngue de S\u00e3o Paulo - Estad\u00e3o Expresso S\u00e3o Paulo<\/title>\n<meta name=\"description\" content=\"Unidade na zona sul tem capacidade para 256 crian\u00e7as em per\u00edodo integral e conta com infraestrutura sustent\u00e1vel e acess\u00edvel\" \/>\n<meta name=\"robots\" content=\"index, follow, max-snippet:-1, max-image-preview:large, max-video-preview:-1\" \/>\n<link rel=\"canonical\" href=\"https:\/\/expresso.estadao.com.br\/sao-paulo\/2025\/08\/19\/prefeitura-inaugura-primeira-escola-bilingue-da-rede-municipal\/\" \/>\n<meta property=\"og:locale\" content=\"pt_BR\" \/>\n<meta property=\"og:type\" content=\"article\" \/>\n<meta property=\"og:title\" content=\"Escola bil\u00edngue de S\u00e3o Paulo - Estad\u00e3o Expresso S\u00e3o Paulo\" \/>\n<meta property=\"og:description\" content=\"Unidade na zona sul tem capacidade para 256 crian\u00e7as em per\u00edodo integral e conta com infraestrutura sustent\u00e1vel e acess\u00edvel\" \/>\n<meta property=\"og:url\" content=\"https:\/\/expresso.estadao.com.br\/sao-paulo\/2025\/08\/19\/prefeitura-inaugura-primeira-escola-bilingue-da-rede-municipal\/\" \/>\n<meta property=\"og:site_name\" content=\"Estad\u00e3o Expresso S\u00e3o Paulo\" \/>\n<meta property=\"article:published_time\" content=\"2025-08-19T13:42:38+00:00\" \/>\n<meta property=\"og:image\" content=\"https:\/\/expresso.estadao.com.br\/sao-paulo\/wp-content\/uploads\/2025\/08\/escola-coa-scaled.jpg\" \/>\n\t<meta property=\"og:image:type\" content=\"image\/jpeg\" \/>\n<meta name=\"author\" content=\"fabio_bairros\" \/>\n<meta name=\"twitter:card\" content=\"summary_large_image\" \/>\n<meta name=\"twitter:label1\" content=\"Escrito por\" \/>\n\t<meta name=\"twitter:data1\" content=\"fabio_bairros\" \/>\n\t<meta name=\"twitter:label2\" content=\"Est. tempo de leitura\" \/>\n\t<meta name=\"twitter:data2\" content=\"2 minutos\" \/>\n<script type=\"application\/ld+json\" class=\"yoast-schema-graph\">{\"@context\":\"https:\/\/schema.org\",\"@graph\":[{\"@type\":\"WebPage\",\"@id\":\"https:\/\/expresso.estadao.com.br\/sao-paulo\/2025\/08\/19\/prefeitura-inaugura-primeira-escola-bilingue-da-rede-municipal\/\",\"url\":\"https:\/\/expresso.estadao.com.br\/sao-paulo\/2025\/08\/19\/prefeitura-inaugura-primeira-escola-bilingue-da-rede-municipal\/\",\"name\":\"Escola bil\u00edngue de S\u00e3o Paulo - Estad\u00e3o Expresso S\u00e3o Paulo\",\"isPartOf\":{\"@id\":\"https:\/\/expresso.estadao.com.br\/sao-paulo\/#website\"},\"primaryImageOfPage\":{\"@id\":\"https:\/\/expresso.estadao.com.br\/sao-paulo\/2025\/08\/19\/prefeitura-inaugura-primeira-escola-bilingue-da-rede-municipal\/#primaryimage\"},\"image\":{\"@id\":\"https:\/\/expresso.estadao.com.br\/sao-paulo\/2025\/08\/19\/prefeitura-inaugura-primeira-escola-bilingue-da-rede-municipal\/#primaryimage\"},\"thumbnailUrl\":\"https:\/\/expresso.estadao.com.br\/sao-paulo\/wp-content\/uploads\/2025\/08\/escola-coa-scaled.jpg\",\"datePublished\":\"2025-08-19T13:42:38+00:00\",\"dateModified\":\"2025-08-19T13:42:38+00:00\",\"author\":{\"@id\":\"https:\/\/expresso.estadao.com.br\/sao-paulo\/#\/schema\/person\/f45f9e313ba8cbe5af9424f387ddef42\"},\"description\":\"Unidade na zona sul tem capacidade para 256 crian\u00e7as em per\u00edodo integral e conta com infraestrutura sustent\u00e1vel e acess\u00edvel\",\"breadcrumb\":{\"@id\":\"https:\/\/expresso.estadao.com.br\/sao-paulo\/2025\/08\/19\/prefeitura-inaugura-primeira-escola-bilingue-da-rede-municipal\/#breadcrumb\"},\"inLanguage\":\"pt-BR\",\"potentialAction\":[{\"@type\":\"ReadAction\",\"target\":[\"https:\/\/expresso.estadao.com.br\/sao-paulo\/2025\/08\/19\/prefeitura-inaugura-primeira-escola-bilingue-da-rede-municipal\/\"]}]},{\"@type\":\"ImageObject\",\"inLanguage\":\"pt-BR\",\"@id\":\"https:\/\/expresso.estadao.com.br\/sao-paulo\/2025\/08\/19\/prefeitura-inaugura-primeira-escola-bilingue-da-rede-municipal\/#primaryimage\",\"url\":\"https:\/\/expresso.estadao.com.br\/sao-paulo\/wp-content\/uploads\/2025\/08\/escola-coa-scaled.jpg\",\"contentUrl\":\"https:\/\/expresso.estadao.com.br\/sao-paulo\/wp-content\/uploads\/2025\/08\/escola-coa-scaled.jpg\",\"width\":2048,\"height\":1416,\"caption\":\"Emei Cora Coralina - Foto: Sergio Barzaghi\/Divulga\u00e7\u00e3o\/Secom\"},{\"@type\":\"BreadcrumbList\",\"@id\":\"https:\/\/expresso.estadao.com.br\/sao-paulo\/2025\/08\/19\/prefeitura-inaugura-primeira-escola-bilingue-da-rede-municipal\/#breadcrumb\",\"itemListElement\":[{\"@type\":\"ListItem\",\"position\":1,\"name\":\"In\u00edcio\",\"item\":\"https:\/\/expresso.estadao.com.br\/sao-paulo\/\"},{\"@type\":\"ListItem\",\"position\":2,\"name\":\"Prefeitura inaugura primeira escola bil\u00edngue da rede municipal\"}]},{\"@type\":\"WebSite\",\"@id\":\"https:\/\/expresso.estadao.com.br\/sao-paulo\/#website\",\"url\":\"https:\/\/expresso.estadao.com.br\/sao-paulo\/\",\"name\":\"Estad\u00e3o Expresso S\u00e3o Paulo\",\"description\":\"Conte\u00fado de presta\u00e7\u00e3o de servi\u00e7o para que os moradores da cidade de S\u00e3o Paulo possam se informar melhor e usar de maneira mais eficaz os servi\u00e7os p\u00fablicos municipais.\",\"potentialAction\":[{\"@type\":\"SearchAction\",\"target\":{\"@type\":\"EntryPoint\",\"urlTemplate\":\"https:\/\/expresso.estadao.com.br\/sao-paulo\/?s={search_term_string}\"},\"query-input\":{\"@type\":\"PropertyValueSpecification\",\"valueRequired\":true,\"valueName\":\"search_term_string\"}}],\"inLanguage\":\"pt-BR\"},{\"@type\":\"Person\",\"@id\":\"https:\/\/expresso.estadao.com.br\/sao-paulo\/#\/schema\/person\/f45f9e313ba8cbe5af9424f387ddef42\",\"name\":\"fabio_bairros\",\"image\":{\"@type\":\"ImageObject\",\"inLanguage\":\"pt-BR\",\"@id\":\"https:\/\/expresso.estadao.com.br\/sao-paulo\/#\/schema\/person\/image\/\",\"url\":\"https:\/\/secure.gravatar.com\/avatar\/fbecca90befcfda9505216ce0dc87261326cb6644deb5861e7ab404061c24246?s=96&d=mm&r=g\",\"contentUrl\":\"https:\/\/secure.gravatar.com\/avatar\/fbecca90befcfda9505216ce0dc87261326cb6644deb5861e7ab404061c24246?s=96&d=mm&r=g\",\"caption\":\"fabio_bairros\"}}]}<\/script>\n<!-- \/ Yoast SEO plugin. -->","yoast_head_json":{"title":"Escola bil\u00edngue de S\u00e3o Paulo - Estad\u00e3o Expresso S\u00e3o Paulo","description":"Unidade na zona sul tem capacidade para 256 crian\u00e7as em per\u00edodo integral e conta com infraestrutura sustent\u00e1vel e acess\u00edvel","robots":{"index":"index","follow":"follow","max-snippet":"max-snippet:-1","max-image-preview":"max-image-preview:large","max-video-preview":"max-video-preview:-1"},"canonical":"https:\/\/expresso.estadao.com.br\/sao-paulo\/2025\/08\/19\/prefeitura-inaugura-primeira-escola-bilingue-da-rede-municipal\/","og_locale":"pt_BR","og_type":"article","og_title":"Escola bil\u00edngue de S\u00e3o Paulo - Estad\u00e3o Expresso S\u00e3o Paulo","og_description":"Unidade na zona sul tem capacidade para 256 crian\u00e7as em per\u00edodo integral e conta com infraestrutura sustent\u00e1vel e acess\u00edvel","og_url":"https:\/\/expresso.estadao.com.br\/sao-paulo\/2025\/08\/19\/prefeitura-inaugura-primeira-escola-bilingue-da-rede-municipal\/","og_site_name":"Estad\u00e3o Expresso S\u00e3o Paulo","article_published_time":"2025-08-19T13:42:38+00:00","og_image":[{"width":"","height":"","url":"https:\/\/expresso.estadao.com.br\/sao-paulo\/wp-content\/uploads\/2025\/08\/escola-coa-scaled.jpg","type":"image\/jpeg"}],"author":"fabio_bairros","twitter_card":"summary_large_image","twitter_misc":{"Escrito por":"fabio_bairros","Est. tempo de leitura":"2 minutos"},"schema":{"@context":"https:\/\/schema.org","@graph":[{"@type":"WebPage","@id":"https:\/\/expresso.estadao.com.br\/sao-paulo\/2025\/08\/19\/prefeitura-inaugura-primeira-escola-bilingue-da-rede-municipal\/","url":"https:\/\/expresso.estadao.com.br\/sao-paulo\/2025\/08\/19\/prefeitura-inaugura-primeira-escola-bilingue-da-rede-municipal\/","name":"Escola bil\u00edngue de S\u00e3o Paulo - Estad\u00e3o Expresso S\u00e3o Paulo","isPartOf":{"@id":"https:\/\/expresso.estadao.com.br\/sao-paulo\/#website"},"primaryImageOfPage":{"@id":"https:\/\/expresso.estadao.com.br\/sao-paulo\/2025\/08\/19\/prefeitura-inaugura-primeira-escola-bilingue-da-rede-municipal\/#primaryimage"},"image":{"@id":"https:\/\/expresso.estadao.com.br\/sao-paulo\/2025\/08\/19\/prefeitura-inaugura-primeira-escola-bilingue-da-rede-municipal\/#primaryimage"},"thumbnailUrl":"https:\/\/expresso.estadao.com.br\/sao-paulo\/wp-content\/uploads\/2025\/08\/escola-coa-scaled.jpg","datePublished":"2025-08-19T13:42:38+00:00","dateModified":"2025-08-19T13:42:38+00:00","author":{"@id":"https:\/\/expresso.estadao.com.br\/sao-paulo\/#\/schema\/person\/f45f9e313ba8cbe5af9424f387ddef42"},"description":"Unidade na zona sul tem capacidade para 256 crian\u00e7as em per\u00edodo integral e conta com infraestrutura sustent\u00e1vel e acess\u00edvel","breadcrumb":{"@id":"https:\/\/expresso.estadao.com.br\/sao-paulo\/2025\/08\/19\/prefeitura-inaugura-primeira-escola-bilingue-da-rede-municipal\/#breadcrumb"},"inLanguage":"pt-BR","potentialAction":[{"@type":"ReadAction","target":["https:\/\/expresso.estadao.com.br\/sao-paulo\/2025\/08\/19\/prefeitura-inaugura-primeira-escola-bilingue-da-rede-municipal\/"]}]},{"@type":"ImageObject","inLanguage":"pt-BR","@id":"https:\/\/expresso.estadao.com.br\/sao-paulo\/2025\/08\/19\/prefeitura-inaugura-primeira-escola-bilingue-da-rede-municipal\/#primaryimage","url":"https:\/\/expresso.estadao.com.br\/sao-paulo\/wp-content\/uploads\/2025\/08\/escola-coa-scaled.jpg","contentUrl":"https:\/\/expresso.estadao.com.br\/sao-paulo\/wp-content\/uploads\/2025\/08\/escola-coa-scaled.jpg","width":2048,"height":1416,"caption":"Emei Cora Coralina - Foto: Sergio Barzaghi\/Divulga\u00e7\u00e3o\/Secom"},{"@type":"BreadcrumbList","@id":"https:\/\/expresso.estadao.com.br\/sao-paulo\/2025\/08\/19\/prefeitura-inaugura-primeira-escola-bilingue-da-rede-municipal\/#breadcrumb","itemListElement":[{"@type":"ListItem","position":1,"name":"In\u00edcio","item":"https:\/\/expresso.estadao.com.br\/sao-paulo\/"},{"@type":"ListItem","position":2,"name":"Prefeitura inaugura primeira escola bil\u00edngue da rede municipal"}]},{"@type":"WebSite","@id":"https:\/\/expresso.estadao.com.br\/sao-paulo\/#website","url":"https:\/\/expresso.estadao.com.br\/sao-paulo\/","name":"Estad\u00e3o Expresso S\u00e3o Paulo","description":"Conte\u00fado de presta\u00e7\u00e3o de servi\u00e7o para que os moradores da cidade de S\u00e3o Paulo possam se informar melhor e usar de maneira mais eficaz os servi\u00e7os p\u00fablicos municipais.","potentialAction":[{"@type":"SearchAction","target":{"@type":"EntryPoint","urlTemplate":"https:\/\/expresso.estadao.com.br\/sao-paulo\/?s={search_term_string}"},"query-input":{"@type":"PropertyValueSpecification","valueRequired":true,"valueName":"search_term_string"}}],"inLanguage":"pt-BR"},{"@type":"Person","@id":"https:\/\/expresso.estadao.com.br\/sao-paulo\/#\/schema\/person\/f45f9e313ba8cbe5af9424f387ddef42","name":"fabio_bairros","image":{"@type":"ImageObject","inLanguage":"pt-BR","@id":"https:\/\/expresso.estadao.com.br\/sao-paulo\/#\/schema\/person\/image\/","url":"https:\/\/secure.gravatar.com\/avatar\/fbecca90befcfda9505216ce0dc87261326cb6644deb5861e7ab404061c24246?s=96&d=mm&r=g","contentUrl":"https:\/\/secure.gravatar.com\/avatar\/fbecca90befcfda9505216ce0dc87261326cb6644deb5861e7ab404061c24246?s=96&d=mm&r=g","caption":"fabio_bairros"}}]}},"_links":{"self":[{"href":"https:\/\/expresso.estadao.com.br\/sao-paulo\/wp-json\/wp\/v2\/posts\/11547","targetHints":{"allow":["GET"]}}],"collection":[{"href":"https:\/\/expresso.estadao.com.br\/sao-paulo\/wp-json\/wp\/v2\/posts"}],"about":[{"href":"https:\/\/expresso.estadao.com.br\/sao-paulo\/wp-json\/wp\/v2\/types\/post"}],"author":[{"embeddable":true,"href":"https:\/\/expresso.estadao.com.br\/sao-paulo\/wp-json\/wp\/v2\/users\/4"}],"replies":[{"embeddable":true,"href":"https:\/\/expresso.estadao.com.br\/sao-paulo\/wp-json\/wp\/v2\/comments?post=11547"}],"version-history":[{"count":2,"href":"https:\/\/expresso.estadao.com.br\/sao-paulo\/wp-json\/wp\/v2\/posts\/11547\/revisions"}],"predecessor-version":[{"id":11551,"href":"https:\/\/expresso.estadao.com.br\/sao-paulo\/wp-json\/wp\/v2\/posts\/11547\/revisions\/11551"}],"wp:featuredmedia":[{"embeddable":true,"href":"https:\/\/expresso.estadao.com.br\/sao-paulo\/wp-json\/wp\/v2\/media\/11549"}],"wp:attachment":[{"href":"https:\/\/expresso.estadao.com.br\/sao-paulo\/wp-json\/wp\/v2\/media?parent=11547"}],"wp:term":[{"taxonomy":"category","embeddable":true,"href":"https:\/\/expresso.estadao.com.br\/sao-paulo\/wp-json\/wp\/v2\/categories?post=11547"},{"taxonomy":"post_tag","embeddable":true,"href":"https:\/\/expresso.estadao.com.br\/sao-paulo\/wp-json\/wp\/v2\/tags?post=11547"}],"curies":[{"name":"wp","href":"https:\/\/api.w.org\/{rel}","templated":true}]}}