{"id":11568,"date":"2025-08-21T10:41:32","date_gmt":"2025-08-21T13:41:32","guid":{"rendered":"https:\/\/expresso.estadao.com.br\/sao-paulo\/?p=11568"},"modified":"2025-08-21T10:41:32","modified_gmt":"2025-08-21T13:41:32","slug":"prefeitura-promove-multivacinacao-no-museu-do-ipiranga","status":"publish","type":"post","link":"https:\/\/expresso.estadao.com.br\/sao-paulo\/2025\/08\/21\/prefeitura-promove-multivacinacao-no-museu-do-ipiranga\/","title":{"rendered":"Prefeitura promove multivacina\u00e7\u00e3o no Museu do Ipiranga"},"content":{"rendered":"<p data-start=\"0\" data-end=\"85\">\u00a0A Prefeitura de S\u00e3o Paulo realiza nos dias 27 e 30 uma a\u00e7\u00e3o de intensifica\u00e7\u00e3o de multivacina\u00e7\u00e3o na \u00e1rea de acolhimento do Museu do Ipiranga, na zona sul, pr\u00f3ximo \u00e0 bilheteria. A a\u00e7\u00e3o come\u00e7ou no dia 20. As vacinas contra febre amarela, influenza e SCR, que protege contra sarampo, caxumba e rub\u00e9ola, ser\u00e3o aplicadas das 10h \u00e0s 16h.<\/p>\n<p data-start=\"489\" data-end=\"713\">A vacina\u00e7\u00e3o tamb\u00e9m ocorre em Centros Educacionais Unificados (CEUs), aos s\u00e1bados, das 9h \u00e0s 17h, nos dias 23 e 30, e em 21 terminais de \u00f4nibus, rodovi\u00e1rios, esta\u00e7\u00f5es do Metr\u00f4 e da CPTM, al\u00e9m de locais de grande circula\u00e7\u00e3o.<\/p>\n<p data-start=\"489\" data-end=\"713\">A a\u00e7\u00e3o \u00e9 organizada pelo Programa Municipal de Imuniza\u00e7\u00f5es (PMI) da Coordenadoria de Vigil\u00e2ncia em Sa\u00fade (Covisa).<\/p>\n<p data-start=\"715\" data-end=\"1089\" data-is-last-node=\"\" data-is-only-node=\"\">As Unidades B\u00e1sicas de Sa\u00fade (UBSs) atendem de segunda a sexta-feira, das 7h \u00e0s 19h, e as Assist\u00eancias M\u00e9dicas Ambulatoriais (AMAs)\/UBS Integradas funcionam aos s\u00e1bados no mesmo hor\u00e1rio. A unidade mais pr\u00f3xima pode ser localizada pelo Busca Sa\u00fade, dispon\u00edvel <a href=\"https:\/\/www.prefeitura.sp.gov.br\/cidade\/secretarias\/saude\/programas_saude\/imunizacao\/index.php?p=203421\">neste link<\/a>.<\/p>\n","protected":false},"excerpt":{"rendered":"<p>\u00a0A Prefeitura de S\u00e3o Paulo realiza nos dias 27 e 30 uma a\u00e7\u00e3o de intensifica\u00e7\u00e3o de multivacina\u00e7\u00e3o na \u00e1rea de acolhimento do Museu do Ipiranga, na zona sul, pr\u00f3ximo \u00e0 bilheteria. A a\u00e7\u00e3o come\u00e7ou no dia 20. As vacinas contra febre amarela, influenza e SCR, que protege contra sarampo, caxumba e rub\u00e9ola, ser\u00e3o aplicadas das [&hellip;]<\/p>\n","protected":false},"author":4,"featured_media":11570,"comment_status":"open","ping_status":"closed","sticky":false,"template":"","format":"standard","meta":{"_acf_changed":false,"_monsterinsights_skip_tracking":false,"_monsterinsights_sitenote_active":false,"_monsterinsights_sitenote_note":"","_monsterinsights_sitenote_category":0,"footnotes":""},"categories":[758],"tags":[1279,52,170],"class_list":["post-11568","post","type-post","status-publish","format-standard","has-post-thumbnail","hentry","category-saude","tag-multivacinacao","tag-prefeitura-de-sao-paulo","tag-saude"],"acf":[],"yoast_head":"<!-- This site is optimized with the Yoast SEO plugin v24.1 - https:\/\/yoast.com\/wordpress\/plugins\/seo\/ -->\n<title>Multivacina\u00e7\u00e3o no Museu do Ipiranga - Estad\u00e3o Expresso SP<\/title>\n<meta name=\"description\" content=\"Imunizantes contra febre amarela, influenza e SCR estar\u00e3o dispon\u00edveis em diferentes locais\" \/>\n<meta name=\"robots\" content=\"index, follow, max-snippet:-1, max-image-preview:large, max-video-preview:-1\" \/>\n<link rel=\"canonical\" href=\"https:\/\/expresso.estadao.com.br\/sao-paulo\/2025\/08\/21\/prefeitura-promove-multivacinacao-no-museu-do-ipiranga\/\" \/>\n<meta property=\"og:locale\" content=\"pt_BR\" \/>\n<meta property=\"og:type\" content=\"article\" \/>\n<meta property=\"og:title\" content=\"Multivacina\u00e7\u00e3o no Museu do Ipiranga - Estad\u00e3o Expresso SP\" \/>\n<meta property=\"og:description\" content=\"Imunizantes contra febre amarela, influenza e SCR estar\u00e3o dispon\u00edveis em diferentes locais\" \/>\n<meta property=\"og:url\" content=\"https:\/\/expresso.estadao.com.br\/sao-paulo\/2025\/08\/21\/prefeitura-promove-multivacinacao-no-museu-do-ipiranga\/\" \/>\n<meta property=\"og:site_name\" content=\"Estad\u00e3o Expresso S\u00e3o Paulo\" \/>\n<meta property=\"article:published_time\" content=\"2025-08-21T13:41:32+00:00\" \/>\n<meta property=\"og:image\" content=\"https:\/\/expresso.estadao.com.br\/sao-paulo\/wp-content\/uploads\/2025\/08\/AdobeStock_574416586-scaled.jpeg\" \/>\n\t<meta property=\"og:image:type\" content=\"image\/jpeg\" \/>\n<meta name=\"author\" content=\"fabio_bairros\" \/>\n<meta name=\"twitter:card\" content=\"summary_large_image\" \/>\n<meta name=\"twitter:label1\" content=\"Escrito por\" \/>\n\t<meta name=\"twitter:data1\" content=\"fabio_bairros\" \/>\n\t<meta name=\"twitter:label2\" content=\"Est. tempo de leitura\" \/>\n\t<meta name=\"twitter:data2\" content=\"2 minutos\" \/>\n<script type=\"application\/ld+json\" class=\"yoast-schema-graph\">{\"@context\":\"https:\/\/schema.org\",\"@graph\":[{\"@type\":\"WebPage\",\"@id\":\"https:\/\/expresso.estadao.com.br\/sao-paulo\/2025\/08\/21\/prefeitura-promove-multivacinacao-no-museu-do-ipiranga\/\",\"url\":\"https:\/\/expresso.estadao.com.br\/sao-paulo\/2025\/08\/21\/prefeitura-promove-multivacinacao-no-museu-do-ipiranga\/\",\"name\":\"Multivacina\u00e7\u00e3o no Museu do Ipiranga - Estad\u00e3o Expresso SP\",\"isPartOf\":{\"@id\":\"https:\/\/expresso.estadao.com.br\/sao-paulo\/#website\"},\"primaryImageOfPage\":{\"@id\":\"https:\/\/expresso.estadao.com.br\/sao-paulo\/2025\/08\/21\/prefeitura-promove-multivacinacao-no-museu-do-ipiranga\/#primaryimage\"},\"image\":{\"@id\":\"https:\/\/expresso.estadao.com.br\/sao-paulo\/2025\/08\/21\/prefeitura-promove-multivacinacao-no-museu-do-ipiranga\/#primaryimage\"},\"thumbnailUrl\":\"https:\/\/expresso.estadao.com.br\/sao-paulo\/wp-content\/uploads\/2025\/08\/AdobeStock_574416586-scaled.jpeg\",\"datePublished\":\"2025-08-21T13:41:32+00:00\",\"dateModified\":\"2025-08-21T13:41:32+00:00\",\"author\":{\"@id\":\"https:\/\/expresso.estadao.com.br\/sao-paulo\/#\/schema\/person\/f45f9e313ba8cbe5af9424f387ddef42\"},\"description\":\"Imunizantes contra febre amarela, influenza e SCR estar\u00e3o dispon\u00edveis em diferentes locais\",\"breadcrumb\":{\"@id\":\"https:\/\/expresso.estadao.com.br\/sao-paulo\/2025\/08\/21\/prefeitura-promove-multivacinacao-no-museu-do-ipiranga\/#breadcrumb\"},\"inLanguage\":\"pt-BR\",\"potentialAction\":[{\"@type\":\"ReadAction\",\"target\":[\"https:\/\/expresso.estadao.com.br\/sao-paulo\/2025\/08\/21\/prefeitura-promove-multivacinacao-no-museu-do-ipiranga\/\"]}]},{\"@type\":\"ImageObject\",\"inLanguage\":\"pt-BR\",\"@id\":\"https:\/\/expresso.estadao.com.br\/sao-paulo\/2025\/08\/21\/prefeitura-promove-multivacinacao-no-museu-do-ipiranga\/#primaryimage\",\"url\":\"https:\/\/expresso.estadao.com.br\/sao-paulo\/wp-content\/uploads\/2025\/08\/AdobeStock_574416586-scaled.jpeg\",\"contentUrl\":\"https:\/\/expresso.estadao.com.br\/sao-paulo\/wp-content\/uploads\/2025\/08\/AdobeStock_574416586-scaled.jpeg\",\"width\":2560,\"height\":1576,\"caption\":\"Foto: Ligia Moreira Fotos\/Adobe Stock\"},{\"@type\":\"BreadcrumbList\",\"@id\":\"https:\/\/expresso.estadao.com.br\/sao-paulo\/2025\/08\/21\/prefeitura-promove-multivacinacao-no-museu-do-ipiranga\/#breadcrumb\",\"itemListElement\":[{\"@type\":\"ListItem\",\"position\":1,\"name\":\"In\u00edcio\",\"item\":\"https:\/\/expresso.estadao.com.br\/sao-paulo\/\"},{\"@type\":\"ListItem\",\"position\":2,\"name\":\"Prefeitura promove multivacina\u00e7\u00e3o no Museu do Ipiranga\"}]},{\"@type\":\"WebSite\",\"@id\":\"https:\/\/expresso.estadao.com.br\/sao-paulo\/#website\",\"url\":\"https:\/\/expresso.estadao.com.br\/sao-paulo\/\",\"name\":\"Estad\u00e3o Expresso S\u00e3o Paulo\",\"description\":\"Conte\u00fado de presta\u00e7\u00e3o de servi\u00e7o para que os moradores da cidade de S\u00e3o Paulo possam se informar melhor e usar de maneira mais eficaz os servi\u00e7os p\u00fablicos municipais.\",\"potentialAction\":[{\"@type\":\"SearchAction\",\"target\":{\"@type\":\"EntryPoint\",\"urlTemplate\":\"https:\/\/expresso.estadao.com.br\/sao-paulo\/?s={search_term_string}\"},\"query-input\":{\"@type\":\"PropertyValueSpecification\",\"valueRequired\":true,\"valueName\":\"search_term_string\"}}],\"inLanguage\":\"pt-BR\"},{\"@type\":\"Person\",\"@id\":\"https:\/\/expresso.estadao.com.br\/sao-paulo\/#\/schema\/person\/f45f9e313ba8cbe5af9424f387ddef42\",\"name\":\"fabio_bairros\",\"image\":{\"@type\":\"ImageObject\",\"inLanguage\":\"pt-BR\",\"@id\":\"https:\/\/expresso.estadao.com.br\/sao-paulo\/#\/schema\/person\/image\/\",\"url\":\"https:\/\/secure.gravatar.com\/avatar\/fbecca90befcfda9505216ce0dc87261326cb6644deb5861e7ab404061c24246?s=96&d=mm&r=g\",\"contentUrl\":\"https:\/\/secure.gravatar.com\/avatar\/fbecca90befcfda9505216ce0dc87261326cb6644deb5861e7ab404061c24246?s=96&d=mm&r=g\",\"caption\":\"fabio_bairros\"}}]}<\/script>\n<!-- \/ Yoast SEO plugin. -->","yoast_head_json":{"title":"Multivacina\u00e7\u00e3o no Museu do Ipiranga - Estad\u00e3o Expresso SP","description":"Imunizantes contra febre amarela, influenza e SCR estar\u00e3o dispon\u00edveis em diferentes locais","robots":{"index":"index","follow":"follow","max-snippet":"max-snippet:-1","max-image-preview":"max-image-preview:large","max-video-preview":"max-video-preview:-1"},"canonical":"https:\/\/expresso.estadao.com.br\/sao-paulo\/2025\/08\/21\/prefeitura-promove-multivacinacao-no-museu-do-ipiranga\/","og_locale":"pt_BR","og_type":"article","og_title":"Multivacina\u00e7\u00e3o no Museu do Ipiranga - Estad\u00e3o Expresso SP","og_description":"Imunizantes contra febre amarela, influenza e SCR estar\u00e3o dispon\u00edveis em diferentes locais","og_url":"https:\/\/expresso.estadao.com.br\/sao-paulo\/2025\/08\/21\/prefeitura-promove-multivacinacao-no-museu-do-ipiranga\/","og_site_name":"Estad\u00e3o Expresso S\u00e3o Paulo","article_published_time":"2025-08-21T13:41:32+00:00","og_image":[{"width":"","height":"","url":"https:\/\/expresso.estadao.com.br\/sao-paulo\/wp-content\/uploads\/2025\/08\/AdobeStock_574416586-scaled.jpeg","type":"image\/jpeg"}],"author":"fabio_bairros","twitter_card":"summary_large_image","twitter_misc":{"Escrito por":"fabio_bairros","Est. tempo de leitura":"2 minutos"},"schema":{"@context":"https:\/\/schema.org","@graph":[{"@type":"WebPage","@id":"https:\/\/expresso.estadao.com.br\/sao-paulo\/2025\/08\/21\/prefeitura-promove-multivacinacao-no-museu-do-ipiranga\/","url":"https:\/\/expresso.estadao.com.br\/sao-paulo\/2025\/08\/21\/prefeitura-promove-multivacinacao-no-museu-do-ipiranga\/","name":"Multivacina\u00e7\u00e3o no Museu do Ipiranga - Estad\u00e3o Expresso SP","isPartOf":{"@id":"https:\/\/expresso.estadao.com.br\/sao-paulo\/#website"},"primaryImageOfPage":{"@id":"https:\/\/expresso.estadao.com.br\/sao-paulo\/2025\/08\/21\/prefeitura-promove-multivacinacao-no-museu-do-ipiranga\/#primaryimage"},"image":{"@id":"https:\/\/expresso.estadao.com.br\/sao-paulo\/2025\/08\/21\/prefeitura-promove-multivacinacao-no-museu-do-ipiranga\/#primaryimage"},"thumbnailUrl":"https:\/\/expresso.estadao.com.br\/sao-paulo\/wp-content\/uploads\/2025\/08\/AdobeStock_574416586-scaled.jpeg","datePublished":"2025-08-21T13:41:32+00:00","dateModified":"2025-08-21T13:41:32+00:00","author":{"@id":"https:\/\/expresso.estadao.com.br\/sao-paulo\/#\/schema\/person\/f45f9e313ba8cbe5af9424f387ddef42"},"description":"Imunizantes contra febre amarela, influenza e SCR estar\u00e3o dispon\u00edveis em diferentes locais","breadcrumb":{"@id":"https:\/\/expresso.estadao.com.br\/sao-paulo\/2025\/08\/21\/prefeitura-promove-multivacinacao-no-museu-do-ipiranga\/#breadcrumb"},"inLanguage":"pt-BR","potentialAction":[{"@type":"ReadAction","target":["https:\/\/expresso.estadao.com.br\/sao-paulo\/2025\/08\/21\/prefeitura-promove-multivacinacao-no-museu-do-ipiranga\/"]}]},{"@type":"ImageObject","inLanguage":"pt-BR","@id":"https:\/\/expresso.estadao.com.br\/sao-paulo\/2025\/08\/21\/prefeitura-promove-multivacinacao-no-museu-do-ipiranga\/#primaryimage","url":"https:\/\/expresso.estadao.com.br\/sao-paulo\/wp-content\/uploads\/2025\/08\/AdobeStock_574416586-scaled.jpeg","contentUrl":"https:\/\/expresso.estadao.com.br\/sao-paulo\/wp-content\/uploads\/2025\/08\/AdobeStock_574416586-scaled.jpeg","width":2560,"height":1576,"caption":"Foto: Ligia Moreira Fotos\/Adobe Stock"},{"@type":"BreadcrumbList","@id":"https:\/\/expresso.estadao.com.br\/sao-paulo\/2025\/08\/21\/prefeitura-promove-multivacinacao-no-museu-do-ipiranga\/#breadcrumb","itemListElement":[{"@type":"ListItem","position":1,"name":"In\u00edcio","item":"https:\/\/expresso.estadao.com.br\/sao-paulo\/"},{"@type":"ListItem","position":2,"name":"Prefeitura promove multivacina\u00e7\u00e3o no Museu do Ipiranga"}]},{"@type":"WebSite","@id":"https:\/\/expresso.estadao.com.br\/sao-paulo\/#website","url":"https:\/\/expresso.estadao.com.br\/sao-paulo\/","name":"Estad\u00e3o Expresso S\u00e3o Paulo","description":"Conte\u00fado de presta\u00e7\u00e3o de servi\u00e7o para que os moradores da cidade de S\u00e3o Paulo possam se informar melhor e usar de maneira mais eficaz os servi\u00e7os p\u00fablicos municipais.","potentialAction":[{"@type":"SearchAction","target":{"@type":"EntryPoint","urlTemplate":"https:\/\/expresso.estadao.com.br\/sao-paulo\/?s={search_term_string}"},"query-input":{"@type":"PropertyValueSpecification","valueRequired":true,"valueName":"search_term_string"}}],"inLanguage":"pt-BR"},{"@type":"Person","@id":"https:\/\/expresso.estadao.com.br\/sao-paulo\/#\/schema\/person\/f45f9e313ba8cbe5af9424f387ddef42","name":"fabio_bairros","image":{"@type":"ImageObject","inLanguage":"pt-BR","@id":"https:\/\/expresso.estadao.com.br\/sao-paulo\/#\/schema\/person\/image\/","url":"https:\/\/secure.gravatar.com\/avatar\/fbecca90befcfda9505216ce0dc87261326cb6644deb5861e7ab404061c24246?s=96&d=mm&r=g","contentUrl":"https:\/\/secure.gravatar.com\/avatar\/fbecca90befcfda9505216ce0dc87261326cb6644deb5861e7ab404061c24246?s=96&d=mm&r=g","caption":"fabio_bairros"}}]}},"_links":{"self":[{"href":"https:\/\/expresso.estadao.com.br\/sao-paulo\/wp-json\/wp\/v2\/posts\/11568","targetHints":{"allow":["GET"]}}],"collection":[{"href":"https:\/\/expresso.estadao.com.br\/sao-paulo\/wp-json\/wp\/v2\/posts"}],"about":[{"href":"https:\/\/expresso.estadao.com.br\/sao-paulo\/wp-json\/wp\/v2\/types\/post"}],"author":[{"embeddable":true,"href":"https:\/\/expresso.estadao.com.br\/sao-paulo\/wp-json\/wp\/v2\/users\/4"}],"replies":[{"embeddable":true,"href":"https:\/\/expresso.estadao.com.br\/sao-paulo\/wp-json\/wp\/v2\/comments?post=11568"}],"version-history":[{"count":3,"href":"https:\/\/expresso.estadao.com.br\/sao-paulo\/wp-json\/wp\/v2\/posts\/11568\/revisions"}],"predecessor-version":[{"id":11572,"href":"https:\/\/expresso.estadao.com.br\/sao-paulo\/wp-json\/wp\/v2\/posts\/11568\/revisions\/11572"}],"wp:featuredmedia":[{"embeddable":true,"href":"https:\/\/expresso.estadao.com.br\/sao-paulo\/wp-json\/wp\/v2\/media\/11570"}],"wp:attachment":[{"href":"https:\/\/expresso.estadao.com.br\/sao-paulo\/wp-json\/wp\/v2\/media?parent=11568"}],"wp:term":[{"taxonomy":"category","embeddable":true,"href":"https:\/\/expresso.estadao.com.br\/sao-paulo\/wp-json\/wp\/v2\/categories?post=11568"},{"taxonomy":"post_tag","embeddable":true,"href":"https:\/\/expresso.estadao.com.br\/sao-paulo\/wp-json\/wp\/v2\/tags?post=11568"}],"curies":[{"name":"wp","href":"https:\/\/api.w.org\/{rel}","templated":true}]}}