{"id":11620,"date":"2025-08-28T08:17:04","date_gmt":"2025-08-28T11:17:04","guid":{"rendered":"https:\/\/expresso.estadao.com.br\/sao-paulo\/?p=11620"},"modified":"2025-08-28T08:17:04","modified_gmt":"2025-08-28T11:17:04","slug":"projeto-que-aumenta-multa-por-fio-solto-nas-ruas-e-aprovado","status":"publish","type":"post","link":"https:\/\/expresso.estadao.com.br\/sao-paulo\/2025\/08\/28\/projeto-que-aumenta-multa-por-fio-solto-nas-ruas-e-aprovado\/","title":{"rendered":"Projeto que aumenta multa por fio solto nas ruas \u00e9 aprovado"},"content":{"rendered":"<p>A C\u00e2mara Municipal aprovou na noite desta quarta-feira (27) o projeto de lei do Executivo que estabelece um aumento de 100 vezes no valor da multa aplicada \u00e0s concession\u00e1rias respons\u00e1veis por fios abandonados nos postes da cidade, passando de R$ 500 para R$ 50 mil por dia por quarteir\u00e3o com a irregularidade. O projeto ainda determina san\u00e7\u00f5es contra pichadores e quem cola cartazes do tipo lambe-lambe pela cidade.<\/p>\n<p>O objetivo da medida \u00e9 proteger os pedestres de fios ca\u00eddos em cal\u00e7adas, al\u00e9m de combater a polui\u00e7\u00e3o visual e f\u00edsica. No caso da fia\u00e7\u00e3o irregular, o texto estabelece que, inicialmente, as empresas respons\u00e1veis pelos fios abandonados sejam notificadas para a retirada dos cabos. Caso n\u00e3o cumpram a determina\u00e7\u00e3o, ser\u00e3o multadas conforme a nova lei.<\/p>\n<div id=\"attachment_11624\" style=\"width: 1120px\" class=\"wp-caption alignnone\"><img loading=\"lazy\" decoding=\"async\" aria-describedby=\"caption-attachment-11624\" class=\"wp-image-11624 size-large\" src=\"https:\/\/expresso.estadao.com.br\/sao-paulo\/wp-content\/uploads\/2025\/08\/fio-solto-1110x833.jpg\" alt=\"\" width=\"1110\" height=\"833\" srcset=\"https:\/\/expresso.estadao.com.br\/sao-paulo\/wp-content\/uploads\/2025\/08\/fio-solto-1110x833.jpg 1110w, https:\/\/expresso.estadao.com.br\/sao-paulo\/wp-content\/uploads\/2025\/08\/fio-solto-400x300.jpg 400w, https:\/\/expresso.estadao.com.br\/sao-paulo\/wp-content\/uploads\/2025\/08\/fio-solto-768x576.jpg 768w, https:\/\/expresso.estadao.com.br\/sao-paulo\/wp-content\/uploads\/2025\/08\/fio-solto-1536x1152.jpg 1536w, https:\/\/expresso.estadao.com.br\/sao-paulo\/wp-content\/uploads\/2025\/08\/fio-solto.jpg 2048w\" sizes=\"auto, (max-width: 1110px) 100vw, 1110px\" \/><p id=\"caption-attachment-11624\" class=\"wp-caption-text\">Pedestres passam por fio solto na rua Conselheiro Brotero<\/p><\/div>\n<p>As picha\u00e7\u00f5es e lambe-lambe (normalmente colados nos postes) tamb\u00e9m ter\u00e3o puni\u00e7\u00f5es mais r\u00edgidas. Agora a multa para o ato de picha\u00e7\u00e3o \u00e9 de R$ 10 mil e prev\u00ea puni\u00e7\u00e3o caso o autor seja identificado ap\u00f3s o ato. Se a picha\u00e7\u00e3o ocorrer em um monumento ou bem tombado, ou se contiver alus\u00e3o a crime ou fac\u00e7\u00e3o criminosa, a multa dobra para R$ 20 mil, al\u00e9m de obrigar o pichador a ressarcir os custos de restaura\u00e7\u00e3o do bem.<\/p>\n<p>No caso dos lambe-lambes, a multa segue os mesmos valores e a nova lei prev\u00ea ainda o bloqueio da linha telef\u00f4nica divulgada no cartaz, mediante conv\u00eanio com as empresas de telefonia.<\/p>\n","protected":false},"excerpt":{"rendered":"<p>A C\u00e2mara Municipal aprovou na noite desta quarta-feira (27) o projeto de lei do Executivo que estabelece um aumento de 100 vezes no valor da multa aplicada \u00e0s concession\u00e1rias respons\u00e1veis por fios abandonados nos postes da cidade, passando de R$ 500 para R$ 50 mil por dia por quarteir\u00e3o com a irregularidade. O projeto ainda [&hellip;]<\/p>\n","protected":false},"author":4,"featured_media":11623,"comment_status":"open","ping_status":"closed","sticky":false,"template":"","format":"standard","meta":{"_acf_changed":false,"_monsterinsights_skip_tracking":false,"_monsterinsights_sitenote_active":false,"_monsterinsights_sitenote_note":"","_monsterinsights_sitenote_category":0,"footnotes":""},"categories":[760],"tags":[1285,1158,1284,52],"class_list":["post-11620","post","type-post","status-publish","format-standard","has-post-thumbnail","hentry","category-urbanismo","tag-camara","tag-concessionarias","tag-fios-soltos","tag-prefeitura-de-sao-paulo"],"acf":[],"yoast_head":"<!-- This site is optimized with the Yoast SEO plugin v24.1 - https:\/\/yoast.com\/wordpress\/plugins\/seo\/ -->\n<title>Multa por fios soltos - Estad\u00e3o Expresso S\u00e3o Paulo<\/title>\n<meta name=\"description\" content=\"Valor da puni\u00e7\u00e3o aplicada a concession\u00e1rias passa de R$ 500 para R$ 50 mil por dia\" \/>\n<meta name=\"robots\" content=\"index, follow, max-snippet:-1, max-image-preview:large, max-video-preview:-1\" \/>\n<link rel=\"canonical\" href=\"https:\/\/expresso.estadao.com.br\/sao-paulo\/2025\/08\/28\/projeto-que-aumenta-multa-por-fio-solto-nas-ruas-e-aprovado\/\" \/>\n<meta property=\"og:locale\" content=\"pt_BR\" \/>\n<meta property=\"og:type\" content=\"article\" \/>\n<meta property=\"og:title\" content=\"Multa por fios soltos - Estad\u00e3o Expresso S\u00e3o Paulo\" \/>\n<meta property=\"og:description\" content=\"Valor da puni\u00e7\u00e3o aplicada a concession\u00e1rias passa de R$ 500 para R$ 50 mil por dia\" \/>\n<meta property=\"og:url\" content=\"https:\/\/expresso.estadao.com.br\/sao-paulo\/2025\/08\/28\/projeto-que-aumenta-multa-por-fio-solto-nas-ruas-e-aprovado\/\" \/>\n<meta property=\"og:site_name\" content=\"Estad\u00e3o Expresso S\u00e3o Paulo\" \/>\n<meta property=\"article:published_time\" content=\"2025-08-28T11:17:04+00:00\" \/>\n<meta property=\"og:image\" content=\"https:\/\/expresso.estadao.com.br\/sao-paulo\/wp-content\/uploads\/2025\/08\/fio-solto-1-1110x833.jpg\" \/>\n\t<meta property=\"og:image:type\" content=\"image\/jpeg\" \/>\n<meta name=\"author\" content=\"fabio_bairros\" \/>\n<meta name=\"twitter:card\" content=\"summary_large_image\" \/>\n<meta name=\"twitter:label1\" content=\"Escrito por\" \/>\n\t<meta name=\"twitter:data1\" content=\"fabio_bairros\" \/>\n\t<meta name=\"twitter:label2\" content=\"Est. tempo de leitura\" \/>\n\t<meta name=\"twitter:data2\" content=\"2 minutos\" \/>\n<script type=\"application\/ld+json\" class=\"yoast-schema-graph\">{\"@context\":\"https:\/\/schema.org\",\"@graph\":[{\"@type\":\"WebPage\",\"@id\":\"https:\/\/expresso.estadao.com.br\/sao-paulo\/2025\/08\/28\/projeto-que-aumenta-multa-por-fio-solto-nas-ruas-e-aprovado\/\",\"url\":\"https:\/\/expresso.estadao.com.br\/sao-paulo\/2025\/08\/28\/projeto-que-aumenta-multa-por-fio-solto-nas-ruas-e-aprovado\/\",\"name\":\"Multa por fios soltos - Estad\u00e3o Expresso S\u00e3o Paulo\",\"isPartOf\":{\"@id\":\"https:\/\/expresso.estadao.com.br\/sao-paulo\/#website\"},\"primaryImageOfPage\":{\"@id\":\"https:\/\/expresso.estadao.com.br\/sao-paulo\/2025\/08\/28\/projeto-que-aumenta-multa-por-fio-solto-nas-ruas-e-aprovado\/#primaryimage\"},\"image\":{\"@id\":\"https:\/\/expresso.estadao.com.br\/sao-paulo\/2025\/08\/28\/projeto-que-aumenta-multa-por-fio-solto-nas-ruas-e-aprovado\/#primaryimage\"},\"thumbnailUrl\":\"https:\/\/expresso.estadao.com.br\/sao-paulo\/wp-content\/uploads\/2025\/08\/fio-solto-1-scaled.jpg\",\"datePublished\":\"2025-08-28T11:17:04+00:00\",\"dateModified\":\"2025-08-28T11:17:04+00:00\",\"author\":{\"@id\":\"https:\/\/expresso.estadao.com.br\/sao-paulo\/#\/schema\/person\/f45f9e313ba8cbe5af9424f387ddef42\"},\"description\":\"Valor da puni\u00e7\u00e3o aplicada a concession\u00e1rias passa de R$ 500 para R$ 50 mil por dia\",\"breadcrumb\":{\"@id\":\"https:\/\/expresso.estadao.com.br\/sao-paulo\/2025\/08\/28\/projeto-que-aumenta-multa-por-fio-solto-nas-ruas-e-aprovado\/#breadcrumb\"},\"inLanguage\":\"pt-BR\",\"potentialAction\":[{\"@type\":\"ReadAction\",\"target\":[\"https:\/\/expresso.estadao.com.br\/sao-paulo\/2025\/08\/28\/projeto-que-aumenta-multa-por-fio-solto-nas-ruas-e-aprovado\/\"]}]},{\"@type\":\"ImageObject\",\"inLanguage\":\"pt-BR\",\"@id\":\"https:\/\/expresso.estadao.com.br\/sao-paulo\/2025\/08\/28\/projeto-que-aumenta-multa-por-fio-solto-nas-ruas-e-aprovado\/#primaryimage\",\"url\":\"https:\/\/expresso.estadao.com.br\/sao-paulo\/wp-content\/uploads\/2025\/08\/fio-solto-1-scaled.jpg\",\"contentUrl\":\"https:\/\/expresso.estadao.com.br\/sao-paulo\/wp-content\/uploads\/2025\/08\/fio-solto-1-scaled.jpg\",\"width\":2048,\"height\":1536,\"caption\":\"Fio quase encosta na cal\u00e7ada da rua Conselheiro Brotero, na Barra Funda - Fotos: LZ Santana\/Especial para o Estad\u00e3o\"},{\"@type\":\"BreadcrumbList\",\"@id\":\"https:\/\/expresso.estadao.com.br\/sao-paulo\/2025\/08\/28\/projeto-que-aumenta-multa-por-fio-solto-nas-ruas-e-aprovado\/#breadcrumb\",\"itemListElement\":[{\"@type\":\"ListItem\",\"position\":1,\"name\":\"In\u00edcio\",\"item\":\"https:\/\/expresso.estadao.com.br\/sao-paulo\/\"},{\"@type\":\"ListItem\",\"position\":2,\"name\":\"Projeto que aumenta multa por fio solto nas ruas \u00e9 aprovado\"}]},{\"@type\":\"WebSite\",\"@id\":\"https:\/\/expresso.estadao.com.br\/sao-paulo\/#website\",\"url\":\"https:\/\/expresso.estadao.com.br\/sao-paulo\/\",\"name\":\"Estad\u00e3o Expresso S\u00e3o Paulo\",\"description\":\"Conte\u00fado de presta\u00e7\u00e3o de servi\u00e7o para que os moradores da cidade de S\u00e3o Paulo possam se informar melhor e usar de maneira mais eficaz os servi\u00e7os p\u00fablicos municipais.\",\"potentialAction\":[{\"@type\":\"SearchAction\",\"target\":{\"@type\":\"EntryPoint\",\"urlTemplate\":\"https:\/\/expresso.estadao.com.br\/sao-paulo\/?s={search_term_string}\"},\"query-input\":{\"@type\":\"PropertyValueSpecification\",\"valueRequired\":true,\"valueName\":\"search_term_string\"}}],\"inLanguage\":\"pt-BR\"},{\"@type\":\"Person\",\"@id\":\"https:\/\/expresso.estadao.com.br\/sao-paulo\/#\/schema\/person\/f45f9e313ba8cbe5af9424f387ddef42\",\"name\":\"fabio_bairros\",\"image\":{\"@type\":\"ImageObject\",\"inLanguage\":\"pt-BR\",\"@id\":\"https:\/\/expresso.estadao.com.br\/sao-paulo\/#\/schema\/person\/image\/\",\"url\":\"https:\/\/secure.gravatar.com\/avatar\/fbecca90befcfda9505216ce0dc87261326cb6644deb5861e7ab404061c24246?s=96&d=mm&r=g\",\"contentUrl\":\"https:\/\/secure.gravatar.com\/avatar\/fbecca90befcfda9505216ce0dc87261326cb6644deb5861e7ab404061c24246?s=96&d=mm&r=g\",\"caption\":\"fabio_bairros\"}}]}<\/script>\n<!-- \/ Yoast SEO plugin. -->","yoast_head_json":{"title":"Multa por fios soltos - Estad\u00e3o Expresso S\u00e3o Paulo","description":"Valor da puni\u00e7\u00e3o aplicada a concession\u00e1rias passa de R$ 500 para R$ 50 mil por dia","robots":{"index":"index","follow":"follow","max-snippet":"max-snippet:-1","max-image-preview":"max-image-preview:large","max-video-preview":"max-video-preview:-1"},"canonical":"https:\/\/expresso.estadao.com.br\/sao-paulo\/2025\/08\/28\/projeto-que-aumenta-multa-por-fio-solto-nas-ruas-e-aprovado\/","og_locale":"pt_BR","og_type":"article","og_title":"Multa por fios soltos - Estad\u00e3o Expresso S\u00e3o Paulo","og_description":"Valor da puni\u00e7\u00e3o aplicada a concession\u00e1rias passa de R$ 500 para R$ 50 mil por dia","og_url":"https:\/\/expresso.estadao.com.br\/sao-paulo\/2025\/08\/28\/projeto-que-aumenta-multa-por-fio-solto-nas-ruas-e-aprovado\/","og_site_name":"Estad\u00e3o Expresso S\u00e3o Paulo","article_published_time":"2025-08-28T11:17:04+00:00","og_image":[{"width":"","height":"","url":"https:\/\/expresso.estadao.com.br\/sao-paulo\/wp-content\/uploads\/2025\/08\/fio-solto-1-1110x833.jpg","type":"image\/jpeg"}],"author":"fabio_bairros","twitter_card":"summary_large_image","twitter_misc":{"Escrito por":"fabio_bairros","Est. tempo de leitura":"2 minutos"},"schema":{"@context":"https:\/\/schema.org","@graph":[{"@type":"WebPage","@id":"https:\/\/expresso.estadao.com.br\/sao-paulo\/2025\/08\/28\/projeto-que-aumenta-multa-por-fio-solto-nas-ruas-e-aprovado\/","url":"https:\/\/expresso.estadao.com.br\/sao-paulo\/2025\/08\/28\/projeto-que-aumenta-multa-por-fio-solto-nas-ruas-e-aprovado\/","name":"Multa por fios soltos - Estad\u00e3o Expresso S\u00e3o Paulo","isPartOf":{"@id":"https:\/\/expresso.estadao.com.br\/sao-paulo\/#website"},"primaryImageOfPage":{"@id":"https:\/\/expresso.estadao.com.br\/sao-paulo\/2025\/08\/28\/projeto-que-aumenta-multa-por-fio-solto-nas-ruas-e-aprovado\/#primaryimage"},"image":{"@id":"https:\/\/expresso.estadao.com.br\/sao-paulo\/2025\/08\/28\/projeto-que-aumenta-multa-por-fio-solto-nas-ruas-e-aprovado\/#primaryimage"},"thumbnailUrl":"https:\/\/expresso.estadao.com.br\/sao-paulo\/wp-content\/uploads\/2025\/08\/fio-solto-1-scaled.jpg","datePublished":"2025-08-28T11:17:04+00:00","dateModified":"2025-08-28T11:17:04+00:00","author":{"@id":"https:\/\/expresso.estadao.com.br\/sao-paulo\/#\/schema\/person\/f45f9e313ba8cbe5af9424f387ddef42"},"description":"Valor da puni\u00e7\u00e3o aplicada a concession\u00e1rias passa de R$ 500 para R$ 50 mil por dia","breadcrumb":{"@id":"https:\/\/expresso.estadao.com.br\/sao-paulo\/2025\/08\/28\/projeto-que-aumenta-multa-por-fio-solto-nas-ruas-e-aprovado\/#breadcrumb"},"inLanguage":"pt-BR","potentialAction":[{"@type":"ReadAction","target":["https:\/\/expresso.estadao.com.br\/sao-paulo\/2025\/08\/28\/projeto-que-aumenta-multa-por-fio-solto-nas-ruas-e-aprovado\/"]}]},{"@type":"ImageObject","inLanguage":"pt-BR","@id":"https:\/\/expresso.estadao.com.br\/sao-paulo\/2025\/08\/28\/projeto-que-aumenta-multa-por-fio-solto-nas-ruas-e-aprovado\/#primaryimage","url":"https:\/\/expresso.estadao.com.br\/sao-paulo\/wp-content\/uploads\/2025\/08\/fio-solto-1-scaled.jpg","contentUrl":"https:\/\/expresso.estadao.com.br\/sao-paulo\/wp-content\/uploads\/2025\/08\/fio-solto-1-scaled.jpg","width":2048,"height":1536,"caption":"Fio quase encosta na cal\u00e7ada da rua Conselheiro Brotero, na Barra Funda - Fotos: LZ Santana\/Especial para o Estad\u00e3o"},{"@type":"BreadcrumbList","@id":"https:\/\/expresso.estadao.com.br\/sao-paulo\/2025\/08\/28\/projeto-que-aumenta-multa-por-fio-solto-nas-ruas-e-aprovado\/#breadcrumb","itemListElement":[{"@type":"ListItem","position":1,"name":"In\u00edcio","item":"https:\/\/expresso.estadao.com.br\/sao-paulo\/"},{"@type":"ListItem","position":2,"name":"Projeto que aumenta multa por fio solto nas ruas \u00e9 aprovado"}]},{"@type":"WebSite","@id":"https:\/\/expresso.estadao.com.br\/sao-paulo\/#website","url":"https:\/\/expresso.estadao.com.br\/sao-paulo\/","name":"Estad\u00e3o Expresso S\u00e3o Paulo","description":"Conte\u00fado de presta\u00e7\u00e3o de servi\u00e7o para que os moradores da cidade de S\u00e3o Paulo possam se informar melhor e usar de maneira mais eficaz os servi\u00e7os p\u00fablicos municipais.","potentialAction":[{"@type":"SearchAction","target":{"@type":"EntryPoint","urlTemplate":"https:\/\/expresso.estadao.com.br\/sao-paulo\/?s={search_term_string}"},"query-input":{"@type":"PropertyValueSpecification","valueRequired":true,"valueName":"search_term_string"}}],"inLanguage":"pt-BR"},{"@type":"Person","@id":"https:\/\/expresso.estadao.com.br\/sao-paulo\/#\/schema\/person\/f45f9e313ba8cbe5af9424f387ddef42","name":"fabio_bairros","image":{"@type":"ImageObject","inLanguage":"pt-BR","@id":"https:\/\/expresso.estadao.com.br\/sao-paulo\/#\/schema\/person\/image\/","url":"https:\/\/secure.gravatar.com\/avatar\/fbecca90befcfda9505216ce0dc87261326cb6644deb5861e7ab404061c24246?s=96&d=mm&r=g","contentUrl":"https:\/\/secure.gravatar.com\/avatar\/fbecca90befcfda9505216ce0dc87261326cb6644deb5861e7ab404061c24246?s=96&d=mm&r=g","caption":"fabio_bairros"}}]}},"_links":{"self":[{"href":"https:\/\/expresso.estadao.com.br\/sao-paulo\/wp-json\/wp\/v2\/posts\/11620","targetHints":{"allow":["GET"]}}],"collection":[{"href":"https:\/\/expresso.estadao.com.br\/sao-paulo\/wp-json\/wp\/v2\/posts"}],"about":[{"href":"https:\/\/expresso.estadao.com.br\/sao-paulo\/wp-json\/wp\/v2\/types\/post"}],"author":[{"embeddable":true,"href":"https:\/\/expresso.estadao.com.br\/sao-paulo\/wp-json\/wp\/v2\/users\/4"}],"replies":[{"embeddable":true,"href":"https:\/\/expresso.estadao.com.br\/sao-paulo\/wp-json\/wp\/v2\/comments?post=11620"}],"version-history":[{"count":3,"href":"https:\/\/expresso.estadao.com.br\/sao-paulo\/wp-json\/wp\/v2\/posts\/11620\/revisions"}],"predecessor-version":[{"id":11625,"href":"https:\/\/expresso.estadao.com.br\/sao-paulo\/wp-json\/wp\/v2\/posts\/11620\/revisions\/11625"}],"wp:featuredmedia":[{"embeddable":true,"href":"https:\/\/expresso.estadao.com.br\/sao-paulo\/wp-json\/wp\/v2\/media\/11623"}],"wp:attachment":[{"href":"https:\/\/expresso.estadao.com.br\/sao-paulo\/wp-json\/wp\/v2\/media?parent=11620"}],"wp:term":[{"taxonomy":"category","embeddable":true,"href":"https:\/\/expresso.estadao.com.br\/sao-paulo\/wp-json\/wp\/v2\/categories?post=11620"},{"taxonomy":"post_tag","embeddable":true,"href":"https:\/\/expresso.estadao.com.br\/sao-paulo\/wp-json\/wp\/v2\/tags?post=11620"}],"curies":[{"name":"wp","href":"https:\/\/api.w.org\/{rel}","templated":true}]}}