{"id":11638,"date":"2025-09-08T10:04:40","date_gmt":"2025-09-08T13:04:40","guid":{"rendered":"https:\/\/expresso.estadao.com.br\/sao-paulo\/?p=11638"},"modified":"2025-09-08T10:04:40","modified_gmt":"2025-09-08T13:04:40","slug":"prefeitura-entrega-primeira-piscina-publica-com-cobertura-retratil-da-cidade","status":"publish","type":"post","link":"https:\/\/expresso.estadao.com.br\/sao-paulo\/2025\/09\/08\/prefeitura-entrega-primeira-piscina-publica-com-cobertura-retratil-da-cidade\/","title":{"rendered":"Prefeitura entrega primeira piscina p\u00fablica com cobertura retr\u00e1til da cidade"},"content":{"rendered":"<p data-start=\"62\" data-end=\"274\">A Prefeitura de S\u00e3o Paulo entregou no dia 30 de agosto as obras de revitaliza\u00e7\u00e3o do Centro Esportivo Jardim Celeste \u2013 Balne\u00e1rio M\u00e1rio Moraes. O investimento de R$ 4,8 milh\u00f5es contemplou todo o complexo esportivo.<\/p>\n<p data-start=\"276\" data-end=\"566\">As melhorias inclu\u00edram a reforma geral da piscina, que ganhou cobertura retr\u00e1til e sistema de aquecimento para uso durante todo o ano; reforma da casa de m\u00e1quinas; pintura de todo o complexo; reparos hidr\u00e1ulicos e el\u00e9tricos e manuten\u00e7\u00f5es em sanit\u00e1rios, vesti\u00e1rios e quadra poliesportiva.<\/p>\n<p data-start=\"568\" data-end=\"818\">Com a entrega do dia 30, s\u00e3o oito Centros Esportivos requalificados em 2025: Jardim Celeste, Ipiranga, Santo Amaro, Casa Verde, Jaguar\u00e9, Jos\u00e9 Bonif\u00e1cio, Vila Guarani e Guarapiranga. Desde 2021, 29 unidades passaram por obras de revitaliza\u00e7\u00e3o.<\/p>\n<p data-start=\"820\" data-end=\"979\">O Centro Esportivo Jardim Celeste fica na Rua Edvard Carmilo, 840, na zona oeste. O espa\u00e7o oferece atividades como ioga, capoeira e polo aqu\u00e1tico.<\/p>\n<p data-start=\"981\" data-end=\"1297\"><strong>Centros Esportivos<\/strong><\/p>\n<p data-start=\"981\" data-end=\"1297\">A Secretaria Municipal de Esportes e Lazer administra 46 Centros Esportivos com atividades gratuitas para todas as idades. As estruturas incluem piscinas, quadras, campos de futebol, quadras de t\u00eanis, pistas de skate e espa\u00e7os para gin\u00e1stica, caminhada e alongamento. Mais informa\u00e7\u00f5es sobre as aulas est\u00e3o dispon\u00edveis em: <a class=\"decorated-link cursor-pointer\" target=\"_new\" rel=\"noopener\" data-start=\"1353\" data-end=\"1387\">https:\/\/sp156.prefeitura.sp.gov.br<\/a><\/p>\n<p data-start=\"1391\" data-end=\"1503\"><strong>Carteirinha<\/strong><\/p>\n<p data-start=\"1391\" data-end=\"1503\">Para utilizar os Centros Esportivos \u00e9 necess\u00e1rio ter a carteirinha, v\u00e1lida em todas as unidades.<\/p>\n<p data-start=\"1505\" data-end=\"1517\"><strong>Presencial<\/strong><\/p>\n<ul data-start=\"1518\" data-end=\"1716\">\n<li data-start=\"1518\" data-end=\"1562\">\n<p data-start=\"1520\" data-end=\"1562\">Comparecer ao Centro Esportivo escolhido<\/p>\n<\/li>\n<li data-start=\"1563\" data-end=\"1591\">\n<p data-start=\"1565\" data-end=\"1591\">Procurar a administra\u00e7\u00e3o<\/p>\n<\/li>\n<li data-start=\"1592\" data-end=\"1660\">\n<p data-start=\"1594\" data-end=\"1660\">Levar foto 3&#215;4, c\u00f3pia do RG, do CPF e do comprovante de endere\u00e7o<\/p>\n<\/li>\n<li data-start=\"1661\" data-end=\"1716\">\n<p data-start=\"1663\" data-end=\"1716\">O documento \u00e9 entregue de forma virtual ou impressa<\/p>\n<\/li>\n<\/ul>\n<p data-start=\"1718\" data-end=\"1726\"><strong>Online<\/strong><\/p>\n<ul data-start=\"1727\" data-end=\"1865\">\n<li data-start=\"1727\" data-end=\"1751\">\n<p data-start=\"1729\" data-end=\"1751\">Acessar o site SP156<\/p>\n<\/li>\n<li data-start=\"1752\" data-end=\"1801\">\n<p data-start=\"1754\" data-end=\"1801\">Realizar o cadastro e solicitar a carteirinha<\/p>\n<\/li>\n<li data-start=\"1802\" data-end=\"1865\">\n<p data-start=\"1804\" data-end=\"1865\">O site apresenta o passo a passo para conclus\u00e3o do processo<\/p>\n<\/li>\n<\/ul>\n","protected":false},"excerpt":{"rendered":"<p>A Prefeitura de S\u00e3o Paulo entregou no dia 30 de agosto as obras de revitaliza\u00e7\u00e3o do Centro Esportivo Jardim Celeste \u2013 Balne\u00e1rio M\u00e1rio Moraes. O investimento de R$ 4,8 milh\u00f5es contemplou todo o complexo esportivo. As melhorias inclu\u00edram a reforma geral da piscina, que ganhou cobertura retr\u00e1til e sistema de aquecimento para uso durante todo [&hellip;]<\/p>\n","protected":false},"author":4,"featured_media":11639,"comment_status":"open","ping_status":"closed","sticky":false,"template":"","format":"standard","meta":{"_acf_changed":false,"_monsterinsights_skip_tracking":false,"_monsterinsights_sitenote_active":false,"_monsterinsights_sitenote_note":"","_monsterinsights_sitenote_category":0,"footnotes":""},"categories":[748],"tags":[1288,341,52],"class_list":["post-11638","post","type-post","status-publish","format-standard","has-post-thumbnail","hentry","category-esportes-e-lazer","tag-centro-esportivo-jardim-celeste","tag-esportes","tag-prefeitura-de-sao-paulo"],"acf":[],"yoast_head":"<!-- This site is optimized with the Yoast SEO plugin v24.1 - https:\/\/yoast.com\/wordpress\/plugins\/seo\/ -->\n<title>Centro Esportivo Jardim Celeste - Estad\u00e3o Expresso S\u00e3o Paulo<\/title>\n<meta name=\"description\" content=\"Capital conta com outros 45 equipamentos como esse espalhados por todas as regi\u00f5es com atividades gratuitas\" \/>\n<meta name=\"robots\" content=\"index, follow, max-snippet:-1, max-image-preview:large, max-video-preview:-1\" \/>\n<link rel=\"canonical\" href=\"https:\/\/expresso.estadao.com.br\/sao-paulo\/2025\/09\/08\/prefeitura-entrega-primeira-piscina-publica-com-cobertura-retratil-da-cidade\/\" \/>\n<meta property=\"og:locale\" content=\"pt_BR\" \/>\n<meta property=\"og:type\" content=\"article\" \/>\n<meta property=\"og:title\" content=\"Centro Esportivo Jardim Celeste - Estad\u00e3o Expresso S\u00e3o Paulo\" \/>\n<meta property=\"og:description\" content=\"Capital conta com outros 45 equipamentos como esse espalhados por todas as regi\u00f5es com atividades gratuitas\" \/>\n<meta property=\"og:url\" content=\"https:\/\/expresso.estadao.com.br\/sao-paulo\/2025\/09\/08\/prefeitura-entrega-primeira-piscina-publica-com-cobertura-retratil-da-cidade\/\" \/>\n<meta property=\"og:site_name\" content=\"Estad\u00e3o Expresso S\u00e3o Paulo\" \/>\n<meta property=\"article:published_time\" content=\"2025-09-08T13:04:40+00:00\" \/>\n<meta property=\"og:image\" content=\"https:\/\/expresso.estadao.com.br\/sao-paulo\/wp-content\/uploads\/2025\/09\/20250830_CENTRO_ESPORTIVO_JARDIM_CELESTE_00555_JFD-scaled.jpg\" \/>\n\t<meta property=\"og:image:type\" content=\"image\/jpeg\" \/>\n<meta name=\"author\" content=\"fabio_bairros\" \/>\n<meta name=\"twitter:card\" content=\"summary_large_image\" \/>\n<meta name=\"twitter:label1\" content=\"Escrito por\" \/>\n\t<meta name=\"twitter:data1\" content=\"fabio_bairros\" \/>\n\t<meta name=\"twitter:label2\" content=\"Est. tempo de leitura\" \/>\n\t<meta name=\"twitter:data2\" content=\"2 minutos\" \/>\n<script type=\"application\/ld+json\" class=\"yoast-schema-graph\">{\"@context\":\"https:\/\/schema.org\",\"@graph\":[{\"@type\":\"WebPage\",\"@id\":\"https:\/\/expresso.estadao.com.br\/sao-paulo\/2025\/09\/08\/prefeitura-entrega-primeira-piscina-publica-com-cobertura-retratil-da-cidade\/\",\"url\":\"https:\/\/expresso.estadao.com.br\/sao-paulo\/2025\/09\/08\/prefeitura-entrega-primeira-piscina-publica-com-cobertura-retratil-da-cidade\/\",\"name\":\"Centro Esportivo Jardim Celeste - Estad\u00e3o Expresso S\u00e3o Paulo\",\"isPartOf\":{\"@id\":\"https:\/\/expresso.estadao.com.br\/sao-paulo\/#website\"},\"primaryImageOfPage\":{\"@id\":\"https:\/\/expresso.estadao.com.br\/sao-paulo\/2025\/09\/08\/prefeitura-entrega-primeira-piscina-publica-com-cobertura-retratil-da-cidade\/#primaryimage\"},\"image\":{\"@id\":\"https:\/\/expresso.estadao.com.br\/sao-paulo\/2025\/09\/08\/prefeitura-entrega-primeira-piscina-publica-com-cobertura-retratil-da-cidade\/#primaryimage\"},\"thumbnailUrl\":\"https:\/\/expresso.estadao.com.br\/sao-paulo\/wp-content\/uploads\/2025\/09\/20250830_CENTRO_ESPORTIVO_JARDIM_CELESTE_00555_JFD-scaled.jpg\",\"datePublished\":\"2025-09-08T13:04:40+00:00\",\"dateModified\":\"2025-09-08T13:04:40+00:00\",\"author\":{\"@id\":\"https:\/\/expresso.estadao.com.br\/sao-paulo\/#\/schema\/person\/f45f9e313ba8cbe5af9424f387ddef42\"},\"description\":\"Capital conta com outros 45 equipamentos como esse espalhados por todas as regi\u00f5es com atividades gratuitas\",\"breadcrumb\":{\"@id\":\"https:\/\/expresso.estadao.com.br\/sao-paulo\/2025\/09\/08\/prefeitura-entrega-primeira-piscina-publica-com-cobertura-retratil-da-cidade\/#breadcrumb\"},\"inLanguage\":\"pt-BR\",\"potentialAction\":[{\"@type\":\"ReadAction\",\"target\":[\"https:\/\/expresso.estadao.com.br\/sao-paulo\/2025\/09\/08\/prefeitura-entrega-primeira-piscina-publica-com-cobertura-retratil-da-cidade\/\"]}]},{\"@type\":\"ImageObject\",\"inLanguage\":\"pt-BR\",\"@id\":\"https:\/\/expresso.estadao.com.br\/sao-paulo\/2025\/09\/08\/prefeitura-entrega-primeira-piscina-publica-com-cobertura-retratil-da-cidade\/#primaryimage\",\"url\":\"https:\/\/expresso.estadao.com.br\/sao-paulo\/wp-content\/uploads\/2025\/09\/20250830_CENTRO_ESPORTIVO_JARDIM_CELESTE_00555_JFD-scaled.jpg\",\"contentUrl\":\"https:\/\/expresso.estadao.com.br\/sao-paulo\/wp-content\/uploads\/2025\/09\/20250830_CENTRO_ESPORTIVO_JARDIM_CELESTE_00555_JFD-scaled.jpg\",\"width\":2560,\"height\":1572,\"caption\":\"Foto: JF Diorio\/Divulga\u00e7\u00e3o\/Secom\"},{\"@type\":\"BreadcrumbList\",\"@id\":\"https:\/\/expresso.estadao.com.br\/sao-paulo\/2025\/09\/08\/prefeitura-entrega-primeira-piscina-publica-com-cobertura-retratil-da-cidade\/#breadcrumb\",\"itemListElement\":[{\"@type\":\"ListItem\",\"position\":1,\"name\":\"In\u00edcio\",\"item\":\"https:\/\/expresso.estadao.com.br\/sao-paulo\/\"},{\"@type\":\"ListItem\",\"position\":2,\"name\":\"Prefeitura entrega primeira piscina p\u00fablica com cobertura retr\u00e1til da cidade\"}]},{\"@type\":\"WebSite\",\"@id\":\"https:\/\/expresso.estadao.com.br\/sao-paulo\/#website\",\"url\":\"https:\/\/expresso.estadao.com.br\/sao-paulo\/\",\"name\":\"Estad\u00e3o Expresso S\u00e3o Paulo\",\"description\":\"Conte\u00fado de presta\u00e7\u00e3o de servi\u00e7o para que os moradores da cidade de S\u00e3o Paulo possam se informar melhor e usar de maneira mais eficaz os servi\u00e7os p\u00fablicos municipais.\",\"potentialAction\":[{\"@type\":\"SearchAction\",\"target\":{\"@type\":\"EntryPoint\",\"urlTemplate\":\"https:\/\/expresso.estadao.com.br\/sao-paulo\/?s={search_term_string}\"},\"query-input\":{\"@type\":\"PropertyValueSpecification\",\"valueRequired\":true,\"valueName\":\"search_term_string\"}}],\"inLanguage\":\"pt-BR\"},{\"@type\":\"Person\",\"@id\":\"https:\/\/expresso.estadao.com.br\/sao-paulo\/#\/schema\/person\/f45f9e313ba8cbe5af9424f387ddef42\",\"name\":\"fabio_bairros\",\"image\":{\"@type\":\"ImageObject\",\"inLanguage\":\"pt-BR\",\"@id\":\"https:\/\/expresso.estadao.com.br\/sao-paulo\/#\/schema\/person\/image\/\",\"url\":\"https:\/\/secure.gravatar.com\/avatar\/fbecca90befcfda9505216ce0dc87261326cb6644deb5861e7ab404061c24246?s=96&d=mm&r=g\",\"contentUrl\":\"https:\/\/secure.gravatar.com\/avatar\/fbecca90befcfda9505216ce0dc87261326cb6644deb5861e7ab404061c24246?s=96&d=mm&r=g\",\"caption\":\"fabio_bairros\"}}]}<\/script>\n<!-- \/ Yoast SEO plugin. -->","yoast_head_json":{"title":"Centro Esportivo Jardim Celeste - Estad\u00e3o Expresso S\u00e3o Paulo","description":"Capital conta com outros 45 equipamentos como esse espalhados por todas as regi\u00f5es com atividades gratuitas","robots":{"index":"index","follow":"follow","max-snippet":"max-snippet:-1","max-image-preview":"max-image-preview:large","max-video-preview":"max-video-preview:-1"},"canonical":"https:\/\/expresso.estadao.com.br\/sao-paulo\/2025\/09\/08\/prefeitura-entrega-primeira-piscina-publica-com-cobertura-retratil-da-cidade\/","og_locale":"pt_BR","og_type":"article","og_title":"Centro Esportivo Jardim Celeste - Estad\u00e3o Expresso S\u00e3o Paulo","og_description":"Capital conta com outros 45 equipamentos como esse espalhados por todas as regi\u00f5es com atividades gratuitas","og_url":"https:\/\/expresso.estadao.com.br\/sao-paulo\/2025\/09\/08\/prefeitura-entrega-primeira-piscina-publica-com-cobertura-retratil-da-cidade\/","og_site_name":"Estad\u00e3o Expresso S\u00e3o Paulo","article_published_time":"2025-09-08T13:04:40+00:00","og_image":[{"width":"","height":"","url":"https:\/\/expresso.estadao.com.br\/sao-paulo\/wp-content\/uploads\/2025\/09\/20250830_CENTRO_ESPORTIVO_JARDIM_CELESTE_00555_JFD-scaled.jpg","type":"image\/jpeg"}],"author":"fabio_bairros","twitter_card":"summary_large_image","twitter_misc":{"Escrito por":"fabio_bairros","Est. tempo de leitura":"2 minutos"},"schema":{"@context":"https:\/\/schema.org","@graph":[{"@type":"WebPage","@id":"https:\/\/expresso.estadao.com.br\/sao-paulo\/2025\/09\/08\/prefeitura-entrega-primeira-piscina-publica-com-cobertura-retratil-da-cidade\/","url":"https:\/\/expresso.estadao.com.br\/sao-paulo\/2025\/09\/08\/prefeitura-entrega-primeira-piscina-publica-com-cobertura-retratil-da-cidade\/","name":"Centro Esportivo Jardim Celeste - Estad\u00e3o Expresso S\u00e3o Paulo","isPartOf":{"@id":"https:\/\/expresso.estadao.com.br\/sao-paulo\/#website"},"primaryImageOfPage":{"@id":"https:\/\/expresso.estadao.com.br\/sao-paulo\/2025\/09\/08\/prefeitura-entrega-primeira-piscina-publica-com-cobertura-retratil-da-cidade\/#primaryimage"},"image":{"@id":"https:\/\/expresso.estadao.com.br\/sao-paulo\/2025\/09\/08\/prefeitura-entrega-primeira-piscina-publica-com-cobertura-retratil-da-cidade\/#primaryimage"},"thumbnailUrl":"https:\/\/expresso.estadao.com.br\/sao-paulo\/wp-content\/uploads\/2025\/09\/20250830_CENTRO_ESPORTIVO_JARDIM_CELESTE_00555_JFD-scaled.jpg","datePublished":"2025-09-08T13:04:40+00:00","dateModified":"2025-09-08T13:04:40+00:00","author":{"@id":"https:\/\/expresso.estadao.com.br\/sao-paulo\/#\/schema\/person\/f45f9e313ba8cbe5af9424f387ddef42"},"description":"Capital conta com outros 45 equipamentos como esse espalhados por todas as regi\u00f5es com atividades gratuitas","breadcrumb":{"@id":"https:\/\/expresso.estadao.com.br\/sao-paulo\/2025\/09\/08\/prefeitura-entrega-primeira-piscina-publica-com-cobertura-retratil-da-cidade\/#breadcrumb"},"inLanguage":"pt-BR","potentialAction":[{"@type":"ReadAction","target":["https:\/\/expresso.estadao.com.br\/sao-paulo\/2025\/09\/08\/prefeitura-entrega-primeira-piscina-publica-com-cobertura-retratil-da-cidade\/"]}]},{"@type":"ImageObject","inLanguage":"pt-BR","@id":"https:\/\/expresso.estadao.com.br\/sao-paulo\/2025\/09\/08\/prefeitura-entrega-primeira-piscina-publica-com-cobertura-retratil-da-cidade\/#primaryimage","url":"https:\/\/expresso.estadao.com.br\/sao-paulo\/wp-content\/uploads\/2025\/09\/20250830_CENTRO_ESPORTIVO_JARDIM_CELESTE_00555_JFD-scaled.jpg","contentUrl":"https:\/\/expresso.estadao.com.br\/sao-paulo\/wp-content\/uploads\/2025\/09\/20250830_CENTRO_ESPORTIVO_JARDIM_CELESTE_00555_JFD-scaled.jpg","width":2560,"height":1572,"caption":"Foto: JF Diorio\/Divulga\u00e7\u00e3o\/Secom"},{"@type":"BreadcrumbList","@id":"https:\/\/expresso.estadao.com.br\/sao-paulo\/2025\/09\/08\/prefeitura-entrega-primeira-piscina-publica-com-cobertura-retratil-da-cidade\/#breadcrumb","itemListElement":[{"@type":"ListItem","position":1,"name":"In\u00edcio","item":"https:\/\/expresso.estadao.com.br\/sao-paulo\/"},{"@type":"ListItem","position":2,"name":"Prefeitura entrega primeira piscina p\u00fablica com cobertura retr\u00e1til da cidade"}]},{"@type":"WebSite","@id":"https:\/\/expresso.estadao.com.br\/sao-paulo\/#website","url":"https:\/\/expresso.estadao.com.br\/sao-paulo\/","name":"Estad\u00e3o Expresso S\u00e3o Paulo","description":"Conte\u00fado de presta\u00e7\u00e3o de servi\u00e7o para que os moradores da cidade de S\u00e3o Paulo possam se informar melhor e usar de maneira mais eficaz os servi\u00e7os p\u00fablicos municipais.","potentialAction":[{"@type":"SearchAction","target":{"@type":"EntryPoint","urlTemplate":"https:\/\/expresso.estadao.com.br\/sao-paulo\/?s={search_term_string}"},"query-input":{"@type":"PropertyValueSpecification","valueRequired":true,"valueName":"search_term_string"}}],"inLanguage":"pt-BR"},{"@type":"Person","@id":"https:\/\/expresso.estadao.com.br\/sao-paulo\/#\/schema\/person\/f45f9e313ba8cbe5af9424f387ddef42","name":"fabio_bairros","image":{"@type":"ImageObject","inLanguage":"pt-BR","@id":"https:\/\/expresso.estadao.com.br\/sao-paulo\/#\/schema\/person\/image\/","url":"https:\/\/secure.gravatar.com\/avatar\/fbecca90befcfda9505216ce0dc87261326cb6644deb5861e7ab404061c24246?s=96&d=mm&r=g","contentUrl":"https:\/\/secure.gravatar.com\/avatar\/fbecca90befcfda9505216ce0dc87261326cb6644deb5861e7ab404061c24246?s=96&d=mm&r=g","caption":"fabio_bairros"}}]}},"_links":{"self":[{"href":"https:\/\/expresso.estadao.com.br\/sao-paulo\/wp-json\/wp\/v2\/posts\/11638","targetHints":{"allow":["GET"]}}],"collection":[{"href":"https:\/\/expresso.estadao.com.br\/sao-paulo\/wp-json\/wp\/v2\/posts"}],"about":[{"href":"https:\/\/expresso.estadao.com.br\/sao-paulo\/wp-json\/wp\/v2\/types\/post"}],"author":[{"embeddable":true,"href":"https:\/\/expresso.estadao.com.br\/sao-paulo\/wp-json\/wp\/v2\/users\/4"}],"replies":[{"embeddable":true,"href":"https:\/\/expresso.estadao.com.br\/sao-paulo\/wp-json\/wp\/v2\/comments?post=11638"}],"version-history":[{"count":4,"href":"https:\/\/expresso.estadao.com.br\/sao-paulo\/wp-json\/wp\/v2\/posts\/11638\/revisions"}],"predecessor-version":[{"id":11645,"href":"https:\/\/expresso.estadao.com.br\/sao-paulo\/wp-json\/wp\/v2\/posts\/11638\/revisions\/11645"}],"wp:featuredmedia":[{"embeddable":true,"href":"https:\/\/expresso.estadao.com.br\/sao-paulo\/wp-json\/wp\/v2\/media\/11639"}],"wp:attachment":[{"href":"https:\/\/expresso.estadao.com.br\/sao-paulo\/wp-json\/wp\/v2\/media?parent=11638"}],"wp:term":[{"taxonomy":"category","embeddable":true,"href":"https:\/\/expresso.estadao.com.br\/sao-paulo\/wp-json\/wp\/v2\/categories?post=11638"},{"taxonomy":"post_tag","embeddable":true,"href":"https:\/\/expresso.estadao.com.br\/sao-paulo\/wp-json\/wp\/v2\/tags?post=11638"}],"curies":[{"name":"wp","href":"https:\/\/api.w.org\/{rel}","templated":true}]}}