{"id":11708,"date":"2025-09-11T09:03:39","date_gmt":"2025-09-11T12:03:39","guid":{"rendered":"https:\/\/expresso.estadao.com.br\/sao-paulo\/?p=11708"},"modified":"2025-09-11T09:03:39","modified_gmt":"2025-09-11T12:03:39","slug":"concurso-vai-selecionar-projetos-inovadores-para-espacos-publicos","status":"publish","type":"post","link":"https:\/\/expresso.estadao.com.br\/sao-paulo\/2025\/09\/11\/concurso-vai-selecionar-projetos-inovadores-para-espacos-publicos\/","title":{"rendered":"Concurso vai selecionar projetos inovadores para espa\u00e7os p\u00fablicos"},"content":{"rendered":"<p data-start=\"133\" data-end=\"686\">Est\u00e3o abertas at\u00e9 o dia 15 de setembro as inscri\u00e7\u00f5es para o Concurso Nacional de Projetos para Espa\u00e7os P\u00fablicos, que busca selecionar propostas inovadoras, sustent\u00e1veis e inclusivas para qualificar \u00e1reas da cidade.<\/p>\n<p data-start=\"133\" data-end=\"686\">A iniciativa, organizada pela SP Urbanismo e pela Secretaria Municipal de Urbanismo e Licenciamento, \u00e9 destinada a profissionais de Arquitetura e Engenharia de todo o pa\u00eds, individualmente ou em equipe, desde que haja respons\u00e1vel t\u00e9cnico registrado no CAU ou CREA. As inscri\u00e7\u00f5es devem ser feitas pelo site <a href=\"https:\/\/concursomoburb.prefeitura.sp.gov.br\/\">concursomoburb.prefeitura.sp.gov.br<\/a>.<\/p>\n<p data-start=\"688\" data-end=\"1059\">Os projetos escolhidos v\u00e3o compor o conjunto de solu\u00e7\u00f5es de mobili\u00e1rio urbano que poder\u00e3o ser aplicadas em diferentes regi\u00f5es da cidade, com elementos como bancos, floreiras, lixeiras, totens e sanit\u00e1rios. A ideia \u00e9 estimular propostas que combinem criatividade, sustentabilidade, acessibilidade e integra\u00e7\u00e3o com novas tecnologias, al\u00e9m de valorizar a identidade local.<\/p>\n<p data-start=\"1061\" data-end=\"1502\">O concurso ser\u00e1 realizado em duas fases. Na primeira, tr\u00eas propostas em n\u00edvel de estudo preliminar ser\u00e3o selecionadas, sem ordem de classifica\u00e7\u00e3o. Na segunda, os escolhidos receber\u00e3o adiantamento de R$ 65 mil para desenvolver prot\u00f3tipos de seis elementos (banco coletivo com encosto, papeleira, paraciclo, balizador, floreira e vaso) e apresentar projetos em n\u00edvel b\u00e1sico. Ap\u00f3s avalia\u00e7\u00e3o final, haver\u00e1 classifica\u00e7\u00e3o em 1\u00ba, 2\u00ba e 3\u00ba lugares.<\/p>\n<p data-start=\"1504\" data-end=\"1660\"><strong>Premia\u00e7\u00e3o<\/strong><\/p>\n<p data-start=\"1504\" data-end=\"1660\">1\u00ba lugar: R$ 240.000,00<br data-start=\"1539\" data-end=\"1542\" \/>2\u00ba lugar: R$ 160.000,00<br data-start=\"1565\" data-end=\"1568\" \/>3\u00ba lugar: R$ 100.000,00<\/p>\n<p data-start=\"1504\" data-end=\"1660\">Men\u00e7\u00f5es honrosas poder\u00e3o ser concedidas a trabalhos de destaque.<\/p>\n<p data-start=\"1662\" data-end=\"2002\"><strong>Cronograma resumido<\/strong><\/p>\n<p data-start=\"1662\" data-end=\"2002\">Inscri\u00e7\u00f5es: at\u00e9 15\/09\/2025<br data-start=\"1710\" data-end=\"1713\" \/>Pedidos de esclarecimentos: at\u00e9 14\/09\/2025<br data-start=\"1755\" data-end=\"1758\" \/>Envio de propostas (estudo preliminar): 06\/10\/2025 a 17\/10\/2025<br data-start=\"1821\" data-end=\"1824\" \/>Divulga\u00e7\u00e3o das tr\u00eas propostas selecionadas: at\u00e9 10\/12\/2025<br data-start=\"1882\" data-end=\"1885\" \/>Apresenta\u00e7\u00e3o de prot\u00f3tipos: 24\/02\/2026<br data-start=\"1923\" data-end=\"1926\" \/>Entrega de projetos b\u00e1sicos: 20\/03\/2026<br data-start=\"1965\" data-end=\"1968\" \/>Premia\u00e7\u00e3o: entre 12 e 15\/05\/2026<\/p>\n<p data-start=\"2004\" data-end=\"2153\" data-is-last-node=\"\" data-is-only-node=\"\">Todo o processo, incluindo inscri\u00e7\u00e3o, envio de documentos, propostas e d\u00favidas, ser\u00e1 realizado pela plataforma <a href=\"https:\/\/concursomoburb.prefeitura.sp.gov.br\/\">concursomoburb.prefeitura.sp.gov.br.<\/a><\/p>\n","protected":false},"excerpt":{"rendered":"<p>Est\u00e3o abertas at\u00e9 o dia 15 de setembro as inscri\u00e7\u00f5es para o Concurso Nacional de Projetos para Espa\u00e7os P\u00fablicos, que busca selecionar propostas inovadoras, sustent\u00e1veis e inclusivas para qualificar \u00e1reas da cidade. A iniciativa, organizada pela SP Urbanismo e pela Secretaria Municipal de Urbanismo e Licenciamento, \u00e9 destinada a profissionais de Arquitetura e Engenharia de [&hellip;]<\/p>\n","protected":false},"author":4,"featured_media":11710,"comment_status":"open","ping_status":"closed","sticky":false,"template":"","format":"standard","meta":{"_acf_changed":false,"_monsterinsights_skip_tracking":false,"_monsterinsights_sitenote_active":false,"_monsterinsights_sitenote_note":"","_monsterinsights_sitenote_category":0,"footnotes":""},"categories":[760],"tags":[52,817],"class_list":["post-11708","post","type-post","status-publish","format-standard","has-post-thumbnail","hentry","category-urbanismo","tag-prefeitura-de-sao-paulo","tag-urbanismo"],"acf":[],"yoast_head":"<!-- This site is optimized with the Yoast SEO plugin v24.1 - https:\/\/yoast.com\/wordpress\/plugins\/seo\/ -->\n<title>Concurso vai selecionar projetos para espa\u00e7os p\u00fablicos - Estad\u00e3o<\/title>\n<meta name=\"description\" content=\"Inscri\u00e7\u00f5es est\u00e3o abertas at\u00e9 15 de setembro pela plataforma digital\" \/>\n<meta name=\"robots\" content=\"index, follow, max-snippet:-1, max-image-preview:large, max-video-preview:-1\" \/>\n<link rel=\"canonical\" href=\"https:\/\/expresso.estadao.com.br\/sao-paulo\/2025\/09\/11\/concurso-vai-selecionar-projetos-inovadores-para-espacos-publicos\/\" \/>\n<meta property=\"og:locale\" content=\"pt_BR\" \/>\n<meta property=\"og:type\" content=\"article\" \/>\n<meta property=\"og:title\" content=\"Concurso vai selecionar projetos para espa\u00e7os p\u00fablicos - Estad\u00e3o\" \/>\n<meta property=\"og:description\" content=\"Inscri\u00e7\u00f5es est\u00e3o abertas at\u00e9 15 de setembro pela plataforma digital\" \/>\n<meta property=\"og:url\" content=\"https:\/\/expresso.estadao.com.br\/sao-paulo\/2025\/09\/11\/concurso-vai-selecionar-projetos-inovadores-para-espacos-publicos\/\" \/>\n<meta property=\"og:site_name\" content=\"Estad\u00e3o Expresso S\u00e3o Paulo\" \/>\n<meta property=\"article:published_time\" content=\"2025-09-11T12:03:39+00:00\" \/>\n<meta property=\"og:image\" content=\"https:\/\/expresso.estadao.com.br\/sao-paulo\/wp-content\/uploads\/2025\/09\/SP-1110x740.jpg\" \/>\n\t<meta property=\"og:image:type\" content=\"image\/jpeg\" \/>\n<meta name=\"author\" content=\"fabio_bairros\" \/>\n<meta name=\"twitter:card\" content=\"summary_large_image\" \/>\n<meta name=\"twitter:label1\" content=\"Escrito por\" \/>\n\t<meta name=\"twitter:data1\" content=\"fabio_bairros\" \/>\n\t<meta name=\"twitter:label2\" content=\"Est. tempo de leitura\" \/>\n\t<meta name=\"twitter:data2\" content=\"2 minutos\" \/>\n<script type=\"application\/ld+json\" class=\"yoast-schema-graph\">{\"@context\":\"https:\/\/schema.org\",\"@graph\":[{\"@type\":\"WebPage\",\"@id\":\"https:\/\/expresso.estadao.com.br\/sao-paulo\/2025\/09\/11\/concurso-vai-selecionar-projetos-inovadores-para-espacos-publicos\/\",\"url\":\"https:\/\/expresso.estadao.com.br\/sao-paulo\/2025\/09\/11\/concurso-vai-selecionar-projetos-inovadores-para-espacos-publicos\/\",\"name\":\"Concurso vai selecionar projetos para espa\u00e7os p\u00fablicos - Estad\u00e3o\",\"isPartOf\":{\"@id\":\"https:\/\/expresso.estadao.com.br\/sao-paulo\/#website\"},\"primaryImageOfPage\":{\"@id\":\"https:\/\/expresso.estadao.com.br\/sao-paulo\/2025\/09\/11\/concurso-vai-selecionar-projetos-inovadores-para-espacos-publicos\/#primaryimage\"},\"image\":{\"@id\":\"https:\/\/expresso.estadao.com.br\/sao-paulo\/2025\/09\/11\/concurso-vai-selecionar-projetos-inovadores-para-espacos-publicos\/#primaryimage\"},\"thumbnailUrl\":\"https:\/\/expresso.estadao.com.br\/sao-paulo\/wp-content\/uploads\/2025\/09\/SP-scaled.jpg\",\"datePublished\":\"2025-09-11T12:03:39+00:00\",\"dateModified\":\"2025-09-11T12:03:39+00:00\",\"author\":{\"@id\":\"https:\/\/expresso.estadao.com.br\/sao-paulo\/#\/schema\/person\/f45f9e313ba8cbe5af9424f387ddef42\"},\"description\":\"Inscri\u00e7\u00f5es est\u00e3o abertas at\u00e9 15 de setembro pela plataforma digital\",\"breadcrumb\":{\"@id\":\"https:\/\/expresso.estadao.com.br\/sao-paulo\/2025\/09\/11\/concurso-vai-selecionar-projetos-inovadores-para-espacos-publicos\/#breadcrumb\"},\"inLanguage\":\"pt-BR\",\"potentialAction\":[{\"@type\":\"ReadAction\",\"target\":[\"https:\/\/expresso.estadao.com.br\/sao-paulo\/2025\/09\/11\/concurso-vai-selecionar-projetos-inovadores-para-espacos-publicos\/\"]}]},{\"@type\":\"ImageObject\",\"inLanguage\":\"pt-BR\",\"@id\":\"https:\/\/expresso.estadao.com.br\/sao-paulo\/2025\/09\/11\/concurso-vai-selecionar-projetos-inovadores-para-espacos-publicos\/#primaryimage\",\"url\":\"https:\/\/expresso.estadao.com.br\/sao-paulo\/wp-content\/uploads\/2025\/09\/SP-scaled.jpg\",\"contentUrl\":\"https:\/\/expresso.estadao.com.br\/sao-paulo\/wp-content\/uploads\/2025\/09\/SP-scaled.jpg\",\"width\":2048,\"height\":1366,\"caption\":\"Foto: LZ Santana\/Especial para o Estad\u00e3o\"},{\"@type\":\"BreadcrumbList\",\"@id\":\"https:\/\/expresso.estadao.com.br\/sao-paulo\/2025\/09\/11\/concurso-vai-selecionar-projetos-inovadores-para-espacos-publicos\/#breadcrumb\",\"itemListElement\":[{\"@type\":\"ListItem\",\"position\":1,\"name\":\"In\u00edcio\",\"item\":\"https:\/\/expresso.estadao.com.br\/sao-paulo\/\"},{\"@type\":\"ListItem\",\"position\":2,\"name\":\"Concurso vai selecionar projetos inovadores para espa\u00e7os p\u00fablicos\"}]},{\"@type\":\"WebSite\",\"@id\":\"https:\/\/expresso.estadao.com.br\/sao-paulo\/#website\",\"url\":\"https:\/\/expresso.estadao.com.br\/sao-paulo\/\",\"name\":\"Estad\u00e3o Expresso S\u00e3o Paulo\",\"description\":\"Conte\u00fado de presta\u00e7\u00e3o de servi\u00e7o para que os moradores da cidade de S\u00e3o Paulo possam se informar melhor e usar de maneira mais eficaz os servi\u00e7os p\u00fablicos municipais.\",\"potentialAction\":[{\"@type\":\"SearchAction\",\"target\":{\"@type\":\"EntryPoint\",\"urlTemplate\":\"https:\/\/expresso.estadao.com.br\/sao-paulo\/?s={search_term_string}\"},\"query-input\":{\"@type\":\"PropertyValueSpecification\",\"valueRequired\":true,\"valueName\":\"search_term_string\"}}],\"inLanguage\":\"pt-BR\"},{\"@type\":\"Person\",\"@id\":\"https:\/\/expresso.estadao.com.br\/sao-paulo\/#\/schema\/person\/f45f9e313ba8cbe5af9424f387ddef42\",\"name\":\"fabio_bairros\",\"image\":{\"@type\":\"ImageObject\",\"inLanguage\":\"pt-BR\",\"@id\":\"https:\/\/expresso.estadao.com.br\/sao-paulo\/#\/schema\/person\/image\/\",\"url\":\"https:\/\/secure.gravatar.com\/avatar\/fbecca90befcfda9505216ce0dc87261326cb6644deb5861e7ab404061c24246?s=96&d=mm&r=g\",\"contentUrl\":\"https:\/\/secure.gravatar.com\/avatar\/fbecca90befcfda9505216ce0dc87261326cb6644deb5861e7ab404061c24246?s=96&d=mm&r=g\",\"caption\":\"fabio_bairros\"}}]}<\/script>\n<!-- \/ Yoast SEO plugin. -->","yoast_head_json":{"title":"Concurso vai selecionar projetos para espa\u00e7os p\u00fablicos - Estad\u00e3o","description":"Inscri\u00e7\u00f5es est\u00e3o abertas at\u00e9 15 de setembro pela plataforma digital","robots":{"index":"index","follow":"follow","max-snippet":"max-snippet:-1","max-image-preview":"max-image-preview:large","max-video-preview":"max-video-preview:-1"},"canonical":"https:\/\/expresso.estadao.com.br\/sao-paulo\/2025\/09\/11\/concurso-vai-selecionar-projetos-inovadores-para-espacos-publicos\/","og_locale":"pt_BR","og_type":"article","og_title":"Concurso vai selecionar projetos para espa\u00e7os p\u00fablicos - Estad\u00e3o","og_description":"Inscri\u00e7\u00f5es est\u00e3o abertas at\u00e9 15 de setembro pela plataforma digital","og_url":"https:\/\/expresso.estadao.com.br\/sao-paulo\/2025\/09\/11\/concurso-vai-selecionar-projetos-inovadores-para-espacos-publicos\/","og_site_name":"Estad\u00e3o Expresso S\u00e3o Paulo","article_published_time":"2025-09-11T12:03:39+00:00","og_image":[{"width":"","height":"","url":"https:\/\/expresso.estadao.com.br\/sao-paulo\/wp-content\/uploads\/2025\/09\/SP-1110x740.jpg","type":"image\/jpeg"}],"author":"fabio_bairros","twitter_card":"summary_large_image","twitter_misc":{"Escrito por":"fabio_bairros","Est. tempo de leitura":"2 minutos"},"schema":{"@context":"https:\/\/schema.org","@graph":[{"@type":"WebPage","@id":"https:\/\/expresso.estadao.com.br\/sao-paulo\/2025\/09\/11\/concurso-vai-selecionar-projetos-inovadores-para-espacos-publicos\/","url":"https:\/\/expresso.estadao.com.br\/sao-paulo\/2025\/09\/11\/concurso-vai-selecionar-projetos-inovadores-para-espacos-publicos\/","name":"Concurso vai selecionar projetos para espa\u00e7os p\u00fablicos - Estad\u00e3o","isPartOf":{"@id":"https:\/\/expresso.estadao.com.br\/sao-paulo\/#website"},"primaryImageOfPage":{"@id":"https:\/\/expresso.estadao.com.br\/sao-paulo\/2025\/09\/11\/concurso-vai-selecionar-projetos-inovadores-para-espacos-publicos\/#primaryimage"},"image":{"@id":"https:\/\/expresso.estadao.com.br\/sao-paulo\/2025\/09\/11\/concurso-vai-selecionar-projetos-inovadores-para-espacos-publicos\/#primaryimage"},"thumbnailUrl":"https:\/\/expresso.estadao.com.br\/sao-paulo\/wp-content\/uploads\/2025\/09\/SP-scaled.jpg","datePublished":"2025-09-11T12:03:39+00:00","dateModified":"2025-09-11T12:03:39+00:00","author":{"@id":"https:\/\/expresso.estadao.com.br\/sao-paulo\/#\/schema\/person\/f45f9e313ba8cbe5af9424f387ddef42"},"description":"Inscri\u00e7\u00f5es est\u00e3o abertas at\u00e9 15 de setembro pela plataforma digital","breadcrumb":{"@id":"https:\/\/expresso.estadao.com.br\/sao-paulo\/2025\/09\/11\/concurso-vai-selecionar-projetos-inovadores-para-espacos-publicos\/#breadcrumb"},"inLanguage":"pt-BR","potentialAction":[{"@type":"ReadAction","target":["https:\/\/expresso.estadao.com.br\/sao-paulo\/2025\/09\/11\/concurso-vai-selecionar-projetos-inovadores-para-espacos-publicos\/"]}]},{"@type":"ImageObject","inLanguage":"pt-BR","@id":"https:\/\/expresso.estadao.com.br\/sao-paulo\/2025\/09\/11\/concurso-vai-selecionar-projetos-inovadores-para-espacos-publicos\/#primaryimage","url":"https:\/\/expresso.estadao.com.br\/sao-paulo\/wp-content\/uploads\/2025\/09\/SP-scaled.jpg","contentUrl":"https:\/\/expresso.estadao.com.br\/sao-paulo\/wp-content\/uploads\/2025\/09\/SP-scaled.jpg","width":2048,"height":1366,"caption":"Foto: LZ Santana\/Especial para o Estad\u00e3o"},{"@type":"BreadcrumbList","@id":"https:\/\/expresso.estadao.com.br\/sao-paulo\/2025\/09\/11\/concurso-vai-selecionar-projetos-inovadores-para-espacos-publicos\/#breadcrumb","itemListElement":[{"@type":"ListItem","position":1,"name":"In\u00edcio","item":"https:\/\/expresso.estadao.com.br\/sao-paulo\/"},{"@type":"ListItem","position":2,"name":"Concurso vai selecionar projetos inovadores para espa\u00e7os p\u00fablicos"}]},{"@type":"WebSite","@id":"https:\/\/expresso.estadao.com.br\/sao-paulo\/#website","url":"https:\/\/expresso.estadao.com.br\/sao-paulo\/","name":"Estad\u00e3o Expresso S\u00e3o Paulo","description":"Conte\u00fado de presta\u00e7\u00e3o de servi\u00e7o para que os moradores da cidade de S\u00e3o Paulo possam se informar melhor e usar de maneira mais eficaz os servi\u00e7os p\u00fablicos municipais.","potentialAction":[{"@type":"SearchAction","target":{"@type":"EntryPoint","urlTemplate":"https:\/\/expresso.estadao.com.br\/sao-paulo\/?s={search_term_string}"},"query-input":{"@type":"PropertyValueSpecification","valueRequired":true,"valueName":"search_term_string"}}],"inLanguage":"pt-BR"},{"@type":"Person","@id":"https:\/\/expresso.estadao.com.br\/sao-paulo\/#\/schema\/person\/f45f9e313ba8cbe5af9424f387ddef42","name":"fabio_bairros","image":{"@type":"ImageObject","inLanguage":"pt-BR","@id":"https:\/\/expresso.estadao.com.br\/sao-paulo\/#\/schema\/person\/image\/","url":"https:\/\/secure.gravatar.com\/avatar\/fbecca90befcfda9505216ce0dc87261326cb6644deb5861e7ab404061c24246?s=96&d=mm&r=g","contentUrl":"https:\/\/secure.gravatar.com\/avatar\/fbecca90befcfda9505216ce0dc87261326cb6644deb5861e7ab404061c24246?s=96&d=mm&r=g","caption":"fabio_bairros"}}]}},"_links":{"self":[{"href":"https:\/\/expresso.estadao.com.br\/sao-paulo\/wp-json\/wp\/v2\/posts\/11708","targetHints":{"allow":["GET"]}}],"collection":[{"href":"https:\/\/expresso.estadao.com.br\/sao-paulo\/wp-json\/wp\/v2\/posts"}],"about":[{"href":"https:\/\/expresso.estadao.com.br\/sao-paulo\/wp-json\/wp\/v2\/types\/post"}],"author":[{"embeddable":true,"href":"https:\/\/expresso.estadao.com.br\/sao-paulo\/wp-json\/wp\/v2\/users\/4"}],"replies":[{"embeddable":true,"href":"https:\/\/expresso.estadao.com.br\/sao-paulo\/wp-json\/wp\/v2\/comments?post=11708"}],"version-history":[{"count":5,"href":"https:\/\/expresso.estadao.com.br\/sao-paulo\/wp-json\/wp\/v2\/posts\/11708\/revisions"}],"predecessor-version":[{"id":11714,"href":"https:\/\/expresso.estadao.com.br\/sao-paulo\/wp-json\/wp\/v2\/posts\/11708\/revisions\/11714"}],"wp:featuredmedia":[{"embeddable":true,"href":"https:\/\/expresso.estadao.com.br\/sao-paulo\/wp-json\/wp\/v2\/media\/11710"}],"wp:attachment":[{"href":"https:\/\/expresso.estadao.com.br\/sao-paulo\/wp-json\/wp\/v2\/media?parent=11708"}],"wp:term":[{"taxonomy":"category","embeddable":true,"href":"https:\/\/expresso.estadao.com.br\/sao-paulo\/wp-json\/wp\/v2\/categories?post=11708"},{"taxonomy":"post_tag","embeddable":true,"href":"https:\/\/expresso.estadao.com.br\/sao-paulo\/wp-json\/wp\/v2\/tags?post=11708"}],"curies":[{"name":"wp","href":"https:\/\/api.w.org\/{rel}","templated":true}]}}