{"id":11757,"date":"2025-09-17T06:44:18","date_gmt":"2025-09-17T09:44:18","guid":{"rendered":"https:\/\/expresso.estadao.com.br\/sao-paulo\/?p=11757"},"modified":"2025-09-17T06:44:18","modified_gmt":"2025-09-17T09:44:18","slug":"concurso-de-mobiliario-urbano-em-sao-paulo-tem-prazo-prorrogado","status":"publish","type":"post","link":"https:\/\/expresso.estadao.com.br\/sao-paulo\/2025\/09\/17\/concurso-de-mobiliario-urbano-em-sao-paulo-tem-prazo-prorrogado\/","title":{"rendered":"Concurso de mobili\u00e1rio urbano em S\u00e3o Paulo tem prazo prorrogado"},"content":{"rendered":"<article class=\"text-token-text-primary w-full focus:outline-none scroll-mt-[calc(var(--header-height)+min(200px,max(70px,20svh)))]\" dir=\"auto\" tabindex=\"-1\" data-turn-id=\"f9957f59-4b2c-43a3-a387-8563df9ec7a8\" data-testid=\"conversation-turn-6\" data-scroll-anchor=\"true\" data-turn=\"assistant\">\n<div class=\"text-base my-auto mx-auto pb-10 [--thread-content-margin:--spacing(4)] thread-sm:[--thread-content-margin:--spacing(6)] thread-lg:[--thread-content-margin:--spacing(16)] px-(--thread-content-margin)\">\n<div class=\"[--thread-content-max-width:40rem] thread-lg:[--thread-content-max-width:48rem] mx-auto max-w-(--thread-content-max-width) flex-1 group\/turn-messages focus-visible:outline-hidden relative flex w-full min-w-0 flex-col agent-turn\" tabindex=\"-1\">\n<div class=\"flex max-w-full flex-col grow\">\n<div class=\"min-h-8 text-message relative flex w-full flex-col items-end gap-2 text-start break-words whitespace-normal [.text-message+&amp;]:mt-5\" dir=\"auto\" data-message-author-role=\"assistant\" data-message-id=\"39289bbd-b427-4d10-b529-393df80157c7\" data-message-model-slug=\"gpt-5\">\n<div class=\"flex w-full flex-col gap-1 empty:hidden first:pt-[3px]\">\n<div class=\"markdown prose dark:prose-invert w-full break-words light markdown-new-styling\">\n<p data-start=\"77\" data-end=\"341\">A Prefeitura de S\u00e3o Paulo prorrogou at\u00e9 22 de setembro de 2025 o prazo de inscri\u00e7\u00f5es para o Concurso Nacional de Mobili\u00e1rio Urbano. Lan\u00e7ado pela Secretaria Municipal de Urbanismo e Licenciamento (SMUL) e pela SP-Urbanismo, o concurso vai selecionar propostas para qualificar os espa\u00e7os p\u00fablicos da cidade. Os tr\u00eas melhores projetos receber\u00e3o pr\u00eamios que somam R$ 500 mil.<\/p>\n<p data-start=\"648\" data-end=\"1077\">As propostas devem oferecer solu\u00e7\u00f5es aplic\u00e1veis em obras e interven\u00e7\u00f5es de diferentes secretarias. Bancos, floreiras, lixeiras, totens e sanit\u00e1rios est\u00e3o entre os elementos previstos. A inten\u00e7\u00e3o \u00e9 estimular solu\u00e7\u00f5es criativas e sustent\u00e1veis, que melhorem o conforto dos cidad\u00e3os, respeitem o meio ambiente, incorporem novas tecnologias e valorizem a identidade paulistana.<\/p>\n<p data-start=\"1079\" data-end=\"1561\">O concurso ser\u00e1 realizado em duas fases. Na primeira, tr\u00eas propostas em n\u00edvel de estudo preliminar ser\u00e3o selecionadas, sem defini\u00e7\u00e3o de coloca\u00e7\u00e3o. Na segunda, os classificados receber\u00e3o R$ 65 mil como adiantamento e dever\u00e3o produzir prot\u00f3tipos de seis elementos \u2014 banco coletivo com encosto, lixeira, paraciclo, balizador, floreira e vaso \u2014 al\u00e9m de desenvolver projetos b\u00e1sicos. Ap\u00f3s a avalia\u00e7\u00e3o final, os trabalhos ser\u00e3o classificados em primeiro, segundo e terceiro lugar.<\/p>\n<p data-start=\"1563\" data-end=\"1987\">As propostas dever\u00e3o contemplar tr\u00eas grupos de mobili\u00e1rio urbano: o primeiro voltado \u00e0 utilidade p\u00fablica, com infraestrutura integrada como sanit\u00e1rios e quiosques; o segundo formado por mobili\u00e1rio tradicional que n\u00e3o depende de liga\u00e7\u00e3o com a infraestrutura urbana, como bancos e balizadores; e o terceiro com elementos que contribuam para a paisagem e adapta\u00e7\u00e3o clim\u00e1tica, como floreiras, vasos e estruturas de sombreamento.<\/p>\n<p data-start=\"1989\" data-end=\"2346\">Podem participar profissionais brasileiros, pessoas f\u00edsicas ou jur\u00eddicas, habilitados e registrados no Conselho de Arquitetura e Urbanismo (CAU) ou no Conselho de Engenharia e Agronomia (CREA). Tamb\u00e9m s\u00e3o aceitas inscri\u00e7\u00f5es em cons\u00f3rcio, com a participa\u00e7\u00e3o de designers e outros profissionais, desde que o respons\u00e1vel t\u00e9cnico seja registrado no CAU ou CREA.<\/p>\n<p data-start=\"2348\" data-end=\"2557\">Todo o processo acontece pela plataforma digital concursomoburb.prefeitura.sp.gov.br, que concentra o edital, termo de refer\u00eancia, inscri\u00e7\u00e3o, envio de propostas e documentos, al\u00e9m do acompanhamento das etapas.<\/p>\n<p data-start=\"2559\" data-end=\"2577\"><strong>Etapas do concurso<\/strong><\/p>\n<p data-start=\"2579\" data-end=\"2793\">Fase 1: sele\u00e7\u00e3o de tr\u00eas propostas em n\u00edvel de estudo preliminar, sem ordem de classifica\u00e7\u00e3o<br data-start=\"2670\" data-end=\"2673\" \/>Fase 2: desenvolvimento de prot\u00f3tipos e projetos em n\u00edvel b\u00e1sico, com avalia\u00e7\u00e3o final e premia\u00e7\u00e3o em 1\u00ba, 2\u00ba e 3\u00ba lugares<\/p>\n<p data-start=\"2795\" data-end=\"2804\"><strong>Premia\u00e7\u00e3o<\/strong><\/p>\n<p data-start=\"2806\" data-end=\"2883\">1\u00ba lugar: R$ 240.000,00<br data-start=\"2829\" data-end=\"2832\" \/>2\u00ba lugar: R$ 160.000,00<br data-start=\"2855\" data-end=\"2858\" \/>3\u00ba lugar: R$ 100.000,00<\/p>\n<p data-start=\"2885\" data-end=\"3011\">Os selecionados para a segunda fase receber\u00e3o um adiantamento de R$ 65.000,00. Tamb\u00e9m poder\u00e3o ser atribu\u00eddas men\u00e7\u00f5es honrosas.<\/p>\n<p data-start=\"3013\" data-end=\"3043\"><strong>Cronograma resumido atualizado<\/strong><\/p>\n<p data-start=\"3045\" data-end=\"3360\">Inscri\u00e7\u00f5es: 08\/09\/2025 a 22\/09\/2025<br data-start=\"3080\" data-end=\"3083\" \/>Envio de propostas (Estudo Preliminar): 13\/10\/2025 a 27\/10\/2025<br data-start=\"3146\" data-end=\"3149\" \/>Divulga\u00e7\u00e3o final das tr\u00eas propostas selecionadas para a fase 2: at\u00e9 10\/12\/2025<br data-start=\"3227\" data-end=\"3230\" \/>Apresenta\u00e7\u00e3o de prot\u00f3tipos: 24\/02\/2026<br data-start=\"3268\" data-end=\"3271\" \/>Entrega de projetos b\u00e1sicos: 20\/03\/2026<br data-start=\"3310\" data-end=\"3313\" \/>Cerim\u00f4nia de premia\u00e7\u00e3o: entre 12 e 15\/05\/2026<\/p>\n<p data-start=\"77\" data-end=\"341\">As inscri\u00e7\u00f5es devem ser feitas em <a href=\"https:\/\/concursomoburb.prefeitura.sp.gov.br\/\">concursomoburb.prefeitura.sp.gov.br<\/a>.<\/p>\n<p data-start=\"343\" data-end=\"646\">\n<\/div>\n<\/div>\n<\/div>\n<\/div>\n<div class=\"flex min-h-[46px] justify-start\"><\/div>\n<div class=\"mt-3 w-full empty:hidden\">\n<div class=\"text-center\"><\/div>\n<\/div>\n<\/div>\n<\/div>\n<\/article>\n<div class=\"pointer-events-none h-px w-px\" aria-hidden=\"true\" data-edge=\"true\"><\/div>\n","protected":false},"excerpt":{"rendered":"<p>A Prefeitura de S\u00e3o Paulo prorrogou at\u00e9 22 de setembro de 2025 o prazo de inscri\u00e7\u00f5es para o Concurso Nacional de Mobili\u00e1rio Urbano. Lan\u00e7ado pela Secretaria Municipal de Urbanismo e Licenciamento (SMUL) e pela SP-Urbanismo, o concurso vai selecionar propostas para qualificar os espa\u00e7os p\u00fablicos da cidade. Os tr\u00eas melhores projetos receber\u00e3o pr\u00eamios que somam [&hellip;]<\/p>\n","protected":false},"author":4,"featured_media":11762,"comment_status":"open","ping_status":"closed","sticky":false,"template":"","format":"standard","meta":{"_acf_changed":false,"_monsterinsights_skip_tracking":false,"_monsterinsights_sitenote_active":false,"_monsterinsights_sitenote_note":"","_monsterinsights_sitenote_category":0,"footnotes":""},"categories":[760],"tags":[1051,52],"class_list":["post-11757","post","type-post","status-publish","format-standard","has-post-thumbnail","hentry","category-urbanismo","tag-concurso","tag-prefeitura-de-sao-paulo"],"acf":[],"yoast_head":"<!-- This site is optimized with the Yoast SEO plugin v24.1 - https:\/\/yoast.com\/wordpress\/plugins\/seo\/ -->\n<title>Concurso mobili\u00e1rio urbano - Estad\u00e3o Expresso S\u00e3o Paulo<\/title>\n<meta name=\"description\" content=\"Inscri\u00e7\u00f5es v\u00e3o at\u00e9 22 de setembro e vencedores receber\u00e3o pr\u00eamios que somam R$ 500 mil\" \/>\n<meta name=\"robots\" content=\"index, follow, max-snippet:-1, max-image-preview:large, max-video-preview:-1\" \/>\n<link rel=\"canonical\" href=\"https:\/\/expresso.estadao.com.br\/sao-paulo\/2025\/09\/17\/concurso-de-mobiliario-urbano-em-sao-paulo-tem-prazo-prorrogado\/\" \/>\n<meta property=\"og:locale\" content=\"pt_BR\" \/>\n<meta property=\"og:type\" content=\"article\" \/>\n<meta property=\"og:title\" content=\"Concurso mobili\u00e1rio urbano - Estad\u00e3o Expresso S\u00e3o Paulo\" \/>\n<meta property=\"og:description\" content=\"Inscri\u00e7\u00f5es v\u00e3o at\u00e9 22 de setembro e vencedores receber\u00e3o pr\u00eamios que somam R$ 500 mil\" \/>\n<meta property=\"og:url\" content=\"https:\/\/expresso.estadao.com.br\/sao-paulo\/2025\/09\/17\/concurso-de-mobiliario-urbano-em-sao-paulo-tem-prazo-prorrogado\/\" \/>\n<meta property=\"og:site_name\" content=\"Estad\u00e3o Expresso S\u00e3o Paulo\" \/>\n<meta property=\"article:published_time\" content=\"2025-09-17T09:44:18+00:00\" \/>\n<meta property=\"og:image\" content=\"https:\/\/expresso.estadao.com.br\/sao-paulo\/wp-content\/uploads\/2025\/09\/centro-scaled.jpg\" \/>\n\t<meta property=\"og:image:type\" content=\"image\/jpeg\" \/>\n<meta name=\"author\" content=\"fabio_bairros\" \/>\n<meta name=\"twitter:card\" content=\"summary_large_image\" \/>\n<meta name=\"twitter:label1\" content=\"Escrito por\" \/>\n\t<meta name=\"twitter:data1\" content=\"fabio_bairros\" \/>\n\t<meta name=\"twitter:label2\" content=\"Est. tempo de leitura\" \/>\n\t<meta name=\"twitter:data2\" content=\"3 minutos\" \/>\n<script type=\"application\/ld+json\" class=\"yoast-schema-graph\">{\"@context\":\"https:\/\/schema.org\",\"@graph\":[{\"@type\":\"WebPage\",\"@id\":\"https:\/\/expresso.estadao.com.br\/sao-paulo\/2025\/09\/17\/concurso-de-mobiliario-urbano-em-sao-paulo-tem-prazo-prorrogado\/\",\"url\":\"https:\/\/expresso.estadao.com.br\/sao-paulo\/2025\/09\/17\/concurso-de-mobiliario-urbano-em-sao-paulo-tem-prazo-prorrogado\/\",\"name\":\"Concurso mobili\u00e1rio urbano - Estad\u00e3o Expresso S\u00e3o Paulo\",\"isPartOf\":{\"@id\":\"https:\/\/expresso.estadao.com.br\/sao-paulo\/#website\"},\"primaryImageOfPage\":{\"@id\":\"https:\/\/expresso.estadao.com.br\/sao-paulo\/2025\/09\/17\/concurso-de-mobiliario-urbano-em-sao-paulo-tem-prazo-prorrogado\/#primaryimage\"},\"image\":{\"@id\":\"https:\/\/expresso.estadao.com.br\/sao-paulo\/2025\/09\/17\/concurso-de-mobiliario-urbano-em-sao-paulo-tem-prazo-prorrogado\/#primaryimage\"},\"thumbnailUrl\":\"https:\/\/expresso.estadao.com.br\/sao-paulo\/wp-content\/uploads\/2025\/09\/centro-scaled.jpg\",\"datePublished\":\"2025-09-17T09:44:18+00:00\",\"dateModified\":\"2025-09-17T09:44:18+00:00\",\"author\":{\"@id\":\"https:\/\/expresso.estadao.com.br\/sao-paulo\/#\/schema\/person\/f45f9e313ba8cbe5af9424f387ddef42\"},\"description\":\"Inscri\u00e7\u00f5es v\u00e3o at\u00e9 22 de setembro e vencedores receber\u00e3o pr\u00eamios que somam R$ 500 mil\",\"breadcrumb\":{\"@id\":\"https:\/\/expresso.estadao.com.br\/sao-paulo\/2025\/09\/17\/concurso-de-mobiliario-urbano-em-sao-paulo-tem-prazo-prorrogado\/#breadcrumb\"},\"inLanguage\":\"pt-BR\",\"potentialAction\":[{\"@type\":\"ReadAction\",\"target\":[\"https:\/\/expresso.estadao.com.br\/sao-paulo\/2025\/09\/17\/concurso-de-mobiliario-urbano-em-sao-paulo-tem-prazo-prorrogado\/\"]}]},{\"@type\":\"ImageObject\",\"inLanguage\":\"pt-BR\",\"@id\":\"https:\/\/expresso.estadao.com.br\/sao-paulo\/2025\/09\/17\/concurso-de-mobiliario-urbano-em-sao-paulo-tem-prazo-prorrogado\/#primaryimage\",\"url\":\"https:\/\/expresso.estadao.com.br\/sao-paulo\/wp-content\/uploads\/2025\/09\/centro-scaled.jpg\",\"contentUrl\":\"https:\/\/expresso.estadao.com.br\/sao-paulo\/wp-content\/uploads\/2025\/09\/centro-scaled.jpg\",\"width\":2048,\"height\":1366,\"caption\":\"Foto: LZ Santana\/Especial para o Estad\u00e3o\"},{\"@type\":\"BreadcrumbList\",\"@id\":\"https:\/\/expresso.estadao.com.br\/sao-paulo\/2025\/09\/17\/concurso-de-mobiliario-urbano-em-sao-paulo-tem-prazo-prorrogado\/#breadcrumb\",\"itemListElement\":[{\"@type\":\"ListItem\",\"position\":1,\"name\":\"In\u00edcio\",\"item\":\"https:\/\/expresso.estadao.com.br\/sao-paulo\/\"},{\"@type\":\"ListItem\",\"position\":2,\"name\":\"Concurso de mobili\u00e1rio urbano em S\u00e3o Paulo tem prazo prorrogado\"}]},{\"@type\":\"WebSite\",\"@id\":\"https:\/\/expresso.estadao.com.br\/sao-paulo\/#website\",\"url\":\"https:\/\/expresso.estadao.com.br\/sao-paulo\/\",\"name\":\"Estad\u00e3o Expresso S\u00e3o Paulo\",\"description\":\"Conte\u00fado de presta\u00e7\u00e3o de servi\u00e7o para que os moradores da cidade de S\u00e3o Paulo possam se informar melhor e usar de maneira mais eficaz os servi\u00e7os p\u00fablicos municipais.\",\"potentialAction\":[{\"@type\":\"SearchAction\",\"target\":{\"@type\":\"EntryPoint\",\"urlTemplate\":\"https:\/\/expresso.estadao.com.br\/sao-paulo\/?s={search_term_string}\"},\"query-input\":{\"@type\":\"PropertyValueSpecification\",\"valueRequired\":true,\"valueName\":\"search_term_string\"}}],\"inLanguage\":\"pt-BR\"},{\"@type\":\"Person\",\"@id\":\"https:\/\/expresso.estadao.com.br\/sao-paulo\/#\/schema\/person\/f45f9e313ba8cbe5af9424f387ddef42\",\"name\":\"fabio_bairros\",\"image\":{\"@type\":\"ImageObject\",\"inLanguage\":\"pt-BR\",\"@id\":\"https:\/\/expresso.estadao.com.br\/sao-paulo\/#\/schema\/person\/image\/\",\"url\":\"https:\/\/secure.gravatar.com\/avatar\/fbecca90befcfda9505216ce0dc87261326cb6644deb5861e7ab404061c24246?s=96&d=mm&r=g\",\"contentUrl\":\"https:\/\/secure.gravatar.com\/avatar\/fbecca90befcfda9505216ce0dc87261326cb6644deb5861e7ab404061c24246?s=96&d=mm&r=g\",\"caption\":\"fabio_bairros\"}}]}<\/script>\n<!-- \/ Yoast SEO plugin. -->","yoast_head_json":{"title":"Concurso mobili\u00e1rio urbano - Estad\u00e3o Expresso S\u00e3o Paulo","description":"Inscri\u00e7\u00f5es v\u00e3o at\u00e9 22 de setembro e vencedores receber\u00e3o pr\u00eamios que somam R$ 500 mil","robots":{"index":"index","follow":"follow","max-snippet":"max-snippet:-1","max-image-preview":"max-image-preview:large","max-video-preview":"max-video-preview:-1"},"canonical":"https:\/\/expresso.estadao.com.br\/sao-paulo\/2025\/09\/17\/concurso-de-mobiliario-urbano-em-sao-paulo-tem-prazo-prorrogado\/","og_locale":"pt_BR","og_type":"article","og_title":"Concurso mobili\u00e1rio urbano - Estad\u00e3o Expresso S\u00e3o Paulo","og_description":"Inscri\u00e7\u00f5es v\u00e3o at\u00e9 22 de setembro e vencedores receber\u00e3o pr\u00eamios que somam R$ 500 mil","og_url":"https:\/\/expresso.estadao.com.br\/sao-paulo\/2025\/09\/17\/concurso-de-mobiliario-urbano-em-sao-paulo-tem-prazo-prorrogado\/","og_site_name":"Estad\u00e3o Expresso S\u00e3o Paulo","article_published_time":"2025-09-17T09:44:18+00:00","og_image":[{"width":"","height":"","url":"https:\/\/expresso.estadao.com.br\/sao-paulo\/wp-content\/uploads\/2025\/09\/centro-scaled.jpg","type":"image\/jpeg"}],"author":"fabio_bairros","twitter_card":"summary_large_image","twitter_misc":{"Escrito por":"fabio_bairros","Est. tempo de leitura":"3 minutos"},"schema":{"@context":"https:\/\/schema.org","@graph":[{"@type":"WebPage","@id":"https:\/\/expresso.estadao.com.br\/sao-paulo\/2025\/09\/17\/concurso-de-mobiliario-urbano-em-sao-paulo-tem-prazo-prorrogado\/","url":"https:\/\/expresso.estadao.com.br\/sao-paulo\/2025\/09\/17\/concurso-de-mobiliario-urbano-em-sao-paulo-tem-prazo-prorrogado\/","name":"Concurso mobili\u00e1rio urbano - Estad\u00e3o Expresso S\u00e3o Paulo","isPartOf":{"@id":"https:\/\/expresso.estadao.com.br\/sao-paulo\/#website"},"primaryImageOfPage":{"@id":"https:\/\/expresso.estadao.com.br\/sao-paulo\/2025\/09\/17\/concurso-de-mobiliario-urbano-em-sao-paulo-tem-prazo-prorrogado\/#primaryimage"},"image":{"@id":"https:\/\/expresso.estadao.com.br\/sao-paulo\/2025\/09\/17\/concurso-de-mobiliario-urbano-em-sao-paulo-tem-prazo-prorrogado\/#primaryimage"},"thumbnailUrl":"https:\/\/expresso.estadao.com.br\/sao-paulo\/wp-content\/uploads\/2025\/09\/centro-scaled.jpg","datePublished":"2025-09-17T09:44:18+00:00","dateModified":"2025-09-17T09:44:18+00:00","author":{"@id":"https:\/\/expresso.estadao.com.br\/sao-paulo\/#\/schema\/person\/f45f9e313ba8cbe5af9424f387ddef42"},"description":"Inscri\u00e7\u00f5es v\u00e3o at\u00e9 22 de setembro e vencedores receber\u00e3o pr\u00eamios que somam R$ 500 mil","breadcrumb":{"@id":"https:\/\/expresso.estadao.com.br\/sao-paulo\/2025\/09\/17\/concurso-de-mobiliario-urbano-em-sao-paulo-tem-prazo-prorrogado\/#breadcrumb"},"inLanguage":"pt-BR","potentialAction":[{"@type":"ReadAction","target":["https:\/\/expresso.estadao.com.br\/sao-paulo\/2025\/09\/17\/concurso-de-mobiliario-urbano-em-sao-paulo-tem-prazo-prorrogado\/"]}]},{"@type":"ImageObject","inLanguage":"pt-BR","@id":"https:\/\/expresso.estadao.com.br\/sao-paulo\/2025\/09\/17\/concurso-de-mobiliario-urbano-em-sao-paulo-tem-prazo-prorrogado\/#primaryimage","url":"https:\/\/expresso.estadao.com.br\/sao-paulo\/wp-content\/uploads\/2025\/09\/centro-scaled.jpg","contentUrl":"https:\/\/expresso.estadao.com.br\/sao-paulo\/wp-content\/uploads\/2025\/09\/centro-scaled.jpg","width":2048,"height":1366,"caption":"Foto: LZ Santana\/Especial para o Estad\u00e3o"},{"@type":"BreadcrumbList","@id":"https:\/\/expresso.estadao.com.br\/sao-paulo\/2025\/09\/17\/concurso-de-mobiliario-urbano-em-sao-paulo-tem-prazo-prorrogado\/#breadcrumb","itemListElement":[{"@type":"ListItem","position":1,"name":"In\u00edcio","item":"https:\/\/expresso.estadao.com.br\/sao-paulo\/"},{"@type":"ListItem","position":2,"name":"Concurso de mobili\u00e1rio urbano em S\u00e3o Paulo tem prazo prorrogado"}]},{"@type":"WebSite","@id":"https:\/\/expresso.estadao.com.br\/sao-paulo\/#website","url":"https:\/\/expresso.estadao.com.br\/sao-paulo\/","name":"Estad\u00e3o Expresso S\u00e3o Paulo","description":"Conte\u00fado de presta\u00e7\u00e3o de servi\u00e7o para que os moradores da cidade de S\u00e3o Paulo possam se informar melhor e usar de maneira mais eficaz os servi\u00e7os p\u00fablicos municipais.","potentialAction":[{"@type":"SearchAction","target":{"@type":"EntryPoint","urlTemplate":"https:\/\/expresso.estadao.com.br\/sao-paulo\/?s={search_term_string}"},"query-input":{"@type":"PropertyValueSpecification","valueRequired":true,"valueName":"search_term_string"}}],"inLanguage":"pt-BR"},{"@type":"Person","@id":"https:\/\/expresso.estadao.com.br\/sao-paulo\/#\/schema\/person\/f45f9e313ba8cbe5af9424f387ddef42","name":"fabio_bairros","image":{"@type":"ImageObject","inLanguage":"pt-BR","@id":"https:\/\/expresso.estadao.com.br\/sao-paulo\/#\/schema\/person\/image\/","url":"https:\/\/secure.gravatar.com\/avatar\/fbecca90befcfda9505216ce0dc87261326cb6644deb5861e7ab404061c24246?s=96&d=mm&r=g","contentUrl":"https:\/\/secure.gravatar.com\/avatar\/fbecca90befcfda9505216ce0dc87261326cb6644deb5861e7ab404061c24246?s=96&d=mm&r=g","caption":"fabio_bairros"}}]}},"_links":{"self":[{"href":"https:\/\/expresso.estadao.com.br\/sao-paulo\/wp-json\/wp\/v2\/posts\/11757","targetHints":{"allow":["GET"]}}],"collection":[{"href":"https:\/\/expresso.estadao.com.br\/sao-paulo\/wp-json\/wp\/v2\/posts"}],"about":[{"href":"https:\/\/expresso.estadao.com.br\/sao-paulo\/wp-json\/wp\/v2\/types\/post"}],"author":[{"embeddable":true,"href":"https:\/\/expresso.estadao.com.br\/sao-paulo\/wp-json\/wp\/v2\/users\/4"}],"replies":[{"embeddable":true,"href":"https:\/\/expresso.estadao.com.br\/sao-paulo\/wp-json\/wp\/v2\/comments?post=11757"}],"version-history":[{"count":5,"href":"https:\/\/expresso.estadao.com.br\/sao-paulo\/wp-json\/wp\/v2\/posts\/11757\/revisions"}],"predecessor-version":[{"id":11763,"href":"https:\/\/expresso.estadao.com.br\/sao-paulo\/wp-json\/wp\/v2\/posts\/11757\/revisions\/11763"}],"wp:featuredmedia":[{"embeddable":true,"href":"https:\/\/expresso.estadao.com.br\/sao-paulo\/wp-json\/wp\/v2\/media\/11762"}],"wp:attachment":[{"href":"https:\/\/expresso.estadao.com.br\/sao-paulo\/wp-json\/wp\/v2\/media?parent=11757"}],"wp:term":[{"taxonomy":"category","embeddable":true,"href":"https:\/\/expresso.estadao.com.br\/sao-paulo\/wp-json\/wp\/v2\/categories?post=11757"},{"taxonomy":"post_tag","embeddable":true,"href":"https:\/\/expresso.estadao.com.br\/sao-paulo\/wp-json\/wp\/v2\/tags?post=11757"}],"curies":[{"name":"wp","href":"https:\/\/api.w.org\/{rel}","templated":true}]}}