{"id":11837,"date":"2025-09-27T07:10:50","date_gmt":"2025-09-27T10:10:50","guid":{"rendered":"https:\/\/expresso.estadao.com.br\/sao-paulo\/?p=11837"},"modified":"2025-09-27T07:10:50","modified_gmt":"2025-09-27T10:10:50","slug":"tendas-da-operacao-baixas-temperaturas-sao-reativadas-em-sao-paulo","status":"publish","type":"post","link":"https:\/\/expresso.estadao.com.br\/sao-paulo\/2025\/09\/27\/tendas-da-operacao-baixas-temperaturas-sao-reativadas-em-sao-paulo\/","title":{"rendered":"Tendas da Opera\u00e7\u00e3o Baixas Temperaturas s\u00e3o reativadas em S\u00e3o Paulo"},"content":{"rendered":"<p data-start=\"160\" data-end=\"277\">Com a chegada de uma nova frente fria, a Prefeitura de S\u00e3o Paulo reativou, na quarta-feira (24), as dez tendas da Opera\u00e7\u00e3o Baixas Temperaturas. Instaladas em pontos estrat\u00e9gicos, as estruturas oferecem atendimento \u00e0 popula\u00e7\u00e3o em situa\u00e7\u00e3o de vulnerabilidade nas cinco regi\u00f5es da cidade durante os dias mais frios do ano.<\/p>\n<p data-start=\"601\" data-end=\"982\">Sempre que a temperatura ou a sensa\u00e7\u00e3o t\u00e9rmica atinge 13 \u00b0C, a opera\u00e7\u00e3o \u00e9 intensificada e as tendas funcionam das 18h \u00e0 0h. Nesses locais s\u00e3o distribu\u00eddos sopa, p\u00e3o, ch\u00e1, chocolate quente e \u00e1gua. Tamb\u00e9m s\u00e3o feitos encaminhamentos, com transporte gratuito, para os servi\u00e7os de acolhimento da rede socioassistencial. Para quem n\u00e3o aceita o encaminhamento, s\u00e3o entregues cobertores.<\/p>\n<p data-start=\"984\" data-end=\"1006\"><strong>Endere\u00e7os das tendas<\/strong><\/p>\n<ul>\n<li data-start=\"1008\" data-end=\"1505\">\n<h5>Regi\u00e3o central: Pra\u00e7a da Rep\u00fablica e Pra\u00e7a Marechal Deodoro<\/h5>\n<\/li>\n<li data-start=\"1008\" data-end=\"1505\">\n<h5>Regi\u00e3o sul: Santo Amaro (Pra\u00e7a Floriano Peixoto x Rua Paulo Eir\u00f3) e Capela do Socorro (Pra\u00e7a Jos\u00e9 Boemer Roschel)<\/h5>\n<\/li>\n<li data-start=\"1008\" data-end=\"1505\">\n<h5>Regi\u00e3o norte: Santana (Pra\u00e7a Her\u00f3is da FEB) e Vila Maria (Pra\u00e7a Novo Mundo)<\/h5>\n<\/li>\n<li data-start=\"1008\" data-end=\"1505\">\n<h5>Regi\u00e3o leste: Guaianases (Rua Capit\u00e3o Pucci, 38), Itaquera (Av. Musgo de Flor x Av. Imperador, embaixo do viaduto Jacu P\u00eassego) e Mooca (Pra\u00e7a Cid Jos\u00e9 da Silva Campanella)<\/h5>\n<\/li>\n<li data-start=\"1008\" data-end=\"1505\">\n<h5>Regi\u00e3o oeste: Lapa (Rua do Curtume, s\/n \u2013 esquina com Guaicurus)<\/h5>\n<\/li>\n<\/ul>\n<p data-start=\"1507\" data-end=\"1528\"><strong>Rede de acolhimento<\/strong><\/p>\n<p data-start=\"1530\" data-end=\"1870\">Com mais de 26 mil vagas em 380 servi\u00e7os, como centros de acolhida, hot\u00e9is sociais e Vilas Reencontro, S\u00e3o Paulo mant\u00e9m a maior rede socioassistencial da Am\u00e9rica Latina, segundo a Prefeitura. Durante a Opera\u00e7\u00e3o Baixas Temperaturas, quatro centros esportivos da Secretaria Municipal de Esportes e Lazer tamb\u00e9m ficam dispon\u00edveis para pernoite, banho e refei\u00e7\u00f5es.<\/p>\n<p data-start=\"1872\" data-end=\"1885\"><strong>Busca ativa<\/strong><\/p>\n<p data-start=\"1887\" data-end=\"2067\">As equipes do Servi\u00e7o Especializado de Abordagem Social realizam busca ativa de dia e \u00e0 noite, abordando e encaminhando pessoas em situa\u00e7\u00e3o de rua para os servi\u00e7os da Prefeitura. A popula\u00e7\u00e3o pode solicitar atendimento pelo telefone 156, gratuito e dispon\u00edvel 24 horas, sem exig\u00eancia de identifica\u00e7\u00e3o. \u00c9 necess\u00e1rio informar endere\u00e7o aproximado, pontos de refer\u00eancia e caracter\u00edsticas da pessoa.<\/p>\n","protected":false},"excerpt":{"rendered":"<p>Com a chegada de uma nova frente fria, a Prefeitura de S\u00e3o Paulo reativou, na quarta-feira (24), as dez tendas da Opera\u00e7\u00e3o Baixas Temperaturas. Instaladas em pontos estrat\u00e9gicos, as estruturas oferecem atendimento \u00e0 popula\u00e7\u00e3o em situa\u00e7\u00e3o de vulnerabilidade nas cinco regi\u00f5es da cidade durante os dias mais frios do ano. Sempre que a temperatura ou [&hellip;]<\/p>\n","protected":false},"author":4,"featured_media":11839,"comment_status":"open","ping_status":"closed","sticky":false,"template":"","format":"standard","meta":{"_acf_changed":false,"_monsterinsights_skip_tracking":false,"_monsterinsights_sitenote_active":false,"_monsterinsights_sitenote_note":"","_monsterinsights_sitenote_category":0,"footnotes":""},"categories":[746],"tags":[764,1181],"class_list":["post-11837","post","type-post","status-publish","format-standard","has-post-thumbnail","hentry","category-direitos-humanos-e-cidadania","tag-operacao-baixas-temperaturas","tag-prefeitura-sao-paulo"],"acf":[],"yoast_head":"<!-- This site is optimized with the Yoast SEO plugin v24.1 - https:\/\/yoast.com\/wordpress\/plugins\/seo\/ -->\n<title>Opera\u00e7\u00e3o Baixas Temperaturas - Estad\u00e3o Expresso S\u00e3o Paulo<\/title>\n<meta name=\"description\" content=\"Estruturas oferecem alimenta\u00e7\u00e3o, cobertores e encaminhamento para acolhimento durante noites mais frias\" \/>\n<meta name=\"robots\" content=\"index, follow, max-snippet:-1, max-image-preview:large, max-video-preview:-1\" \/>\n<link rel=\"canonical\" href=\"https:\/\/expresso.estadao.com.br\/sao-paulo\/2025\/09\/27\/tendas-da-operacao-baixas-temperaturas-sao-reativadas-em-sao-paulo\/\" \/>\n<meta property=\"og:locale\" content=\"pt_BR\" \/>\n<meta property=\"og:type\" content=\"article\" \/>\n<meta property=\"og:title\" content=\"Opera\u00e7\u00e3o Baixas Temperaturas - Estad\u00e3o Expresso S\u00e3o Paulo\" \/>\n<meta property=\"og:description\" content=\"Estruturas oferecem alimenta\u00e7\u00e3o, cobertores e encaminhamento para acolhimento durante noites mais frias\" \/>\n<meta property=\"og:url\" content=\"https:\/\/expresso.estadao.com.br\/sao-paulo\/2025\/09\/27\/tendas-da-operacao-baixas-temperaturas-sao-reativadas-em-sao-paulo\/\" \/>\n<meta property=\"og:site_name\" content=\"Estad\u00e3o Expresso S\u00e3o Paulo\" \/>\n<meta property=\"article:published_time\" content=\"2025-09-27T10:10:50+00:00\" \/>\n<meta property=\"og:image\" content=\"https:\/\/expresso.estadao.com.br\/sao-paulo\/wp-content\/uploads\/2025\/09\/20250925_TENDAS_BAIXAS_TEMPERATURAS_REPUBLICA_3445_JFD-scaled.jpg\" \/>\n\t<meta property=\"og:image:type\" content=\"image\/jpeg\" \/>\n<meta name=\"author\" content=\"fabio_bairros\" \/>\n<meta name=\"twitter:card\" content=\"summary_large_image\" \/>\n<meta name=\"twitter:label1\" content=\"Escrito por\" \/>\n\t<meta name=\"twitter:data1\" content=\"fabio_bairros\" \/>\n\t<meta name=\"twitter:label2\" content=\"Est. tempo de leitura\" \/>\n\t<meta name=\"twitter:data2\" content=\"2 minutos\" \/>\n<script type=\"application\/ld+json\" class=\"yoast-schema-graph\">{\"@context\":\"https:\/\/schema.org\",\"@graph\":[{\"@type\":\"WebPage\",\"@id\":\"https:\/\/expresso.estadao.com.br\/sao-paulo\/2025\/09\/27\/tendas-da-operacao-baixas-temperaturas-sao-reativadas-em-sao-paulo\/\",\"url\":\"https:\/\/expresso.estadao.com.br\/sao-paulo\/2025\/09\/27\/tendas-da-operacao-baixas-temperaturas-sao-reativadas-em-sao-paulo\/\",\"name\":\"Opera\u00e7\u00e3o Baixas Temperaturas - Estad\u00e3o Expresso S\u00e3o Paulo\",\"isPartOf\":{\"@id\":\"https:\/\/expresso.estadao.com.br\/sao-paulo\/#website\"},\"primaryImageOfPage\":{\"@id\":\"https:\/\/expresso.estadao.com.br\/sao-paulo\/2025\/09\/27\/tendas-da-operacao-baixas-temperaturas-sao-reativadas-em-sao-paulo\/#primaryimage\"},\"image\":{\"@id\":\"https:\/\/expresso.estadao.com.br\/sao-paulo\/2025\/09\/27\/tendas-da-operacao-baixas-temperaturas-sao-reativadas-em-sao-paulo\/#primaryimage\"},\"thumbnailUrl\":\"https:\/\/expresso.estadao.com.br\/sao-paulo\/wp-content\/uploads\/2025\/09\/20250925_TENDAS_BAIXAS_TEMPERATURAS_REPUBLICA_3445_JFD-scaled.jpg\",\"datePublished\":\"2025-09-27T10:10:50+00:00\",\"dateModified\":\"2025-09-27T10:10:50+00:00\",\"author\":{\"@id\":\"https:\/\/expresso.estadao.com.br\/sao-paulo\/#\/schema\/person\/f45f9e313ba8cbe5af9424f387ddef42\"},\"description\":\"Estruturas oferecem alimenta\u00e7\u00e3o, cobertores e encaminhamento para acolhimento durante noites mais frias\",\"breadcrumb\":{\"@id\":\"https:\/\/expresso.estadao.com.br\/sao-paulo\/2025\/09\/27\/tendas-da-operacao-baixas-temperaturas-sao-reativadas-em-sao-paulo\/#breadcrumb\"},\"inLanguage\":\"pt-BR\",\"potentialAction\":[{\"@type\":\"ReadAction\",\"target\":[\"https:\/\/expresso.estadao.com.br\/sao-paulo\/2025\/09\/27\/tendas-da-operacao-baixas-temperaturas-sao-reativadas-em-sao-paulo\/\"]}]},{\"@type\":\"ImageObject\",\"inLanguage\":\"pt-BR\",\"@id\":\"https:\/\/expresso.estadao.com.br\/sao-paulo\/2025\/09\/27\/tendas-da-operacao-baixas-temperaturas-sao-reativadas-em-sao-paulo\/#primaryimage\",\"url\":\"https:\/\/expresso.estadao.com.br\/sao-paulo\/wp-content\/uploads\/2025\/09\/20250925_TENDAS_BAIXAS_TEMPERATURAS_REPUBLICA_3445_JFD-scaled.jpg\",\"contentUrl\":\"https:\/\/expresso.estadao.com.br\/sao-paulo\/wp-content\/uploads\/2025\/09\/20250925_TENDAS_BAIXAS_TEMPERATURAS_REPUBLICA_3445_JFD-scaled.jpg\",\"width\":2560,\"height\":1678,\"caption\":\"Foto: JF Diorio\/Divulga\u00e7\u00e3o\/Secom\"},{\"@type\":\"BreadcrumbList\",\"@id\":\"https:\/\/expresso.estadao.com.br\/sao-paulo\/2025\/09\/27\/tendas-da-operacao-baixas-temperaturas-sao-reativadas-em-sao-paulo\/#breadcrumb\",\"itemListElement\":[{\"@type\":\"ListItem\",\"position\":1,\"name\":\"In\u00edcio\",\"item\":\"https:\/\/expresso.estadao.com.br\/sao-paulo\/\"},{\"@type\":\"ListItem\",\"position\":2,\"name\":\"Tendas da Opera\u00e7\u00e3o Baixas Temperaturas s\u00e3o reativadas em S\u00e3o Paulo\"}]},{\"@type\":\"WebSite\",\"@id\":\"https:\/\/expresso.estadao.com.br\/sao-paulo\/#website\",\"url\":\"https:\/\/expresso.estadao.com.br\/sao-paulo\/\",\"name\":\"Estad\u00e3o Expresso S\u00e3o Paulo\",\"description\":\"Conte\u00fado de presta\u00e7\u00e3o de servi\u00e7o para que os moradores da cidade de S\u00e3o Paulo possam se informar melhor e usar de maneira mais eficaz os servi\u00e7os p\u00fablicos municipais.\",\"potentialAction\":[{\"@type\":\"SearchAction\",\"target\":{\"@type\":\"EntryPoint\",\"urlTemplate\":\"https:\/\/expresso.estadao.com.br\/sao-paulo\/?s={search_term_string}\"},\"query-input\":{\"@type\":\"PropertyValueSpecification\",\"valueRequired\":true,\"valueName\":\"search_term_string\"}}],\"inLanguage\":\"pt-BR\"},{\"@type\":\"Person\",\"@id\":\"https:\/\/expresso.estadao.com.br\/sao-paulo\/#\/schema\/person\/f45f9e313ba8cbe5af9424f387ddef42\",\"name\":\"fabio_bairros\",\"image\":{\"@type\":\"ImageObject\",\"inLanguage\":\"pt-BR\",\"@id\":\"https:\/\/expresso.estadao.com.br\/sao-paulo\/#\/schema\/person\/image\/\",\"url\":\"https:\/\/secure.gravatar.com\/avatar\/fbecca90befcfda9505216ce0dc87261326cb6644deb5861e7ab404061c24246?s=96&d=mm&r=g\",\"contentUrl\":\"https:\/\/secure.gravatar.com\/avatar\/fbecca90befcfda9505216ce0dc87261326cb6644deb5861e7ab404061c24246?s=96&d=mm&r=g\",\"caption\":\"fabio_bairros\"}}]}<\/script>\n<!-- \/ Yoast SEO plugin. -->","yoast_head_json":{"title":"Opera\u00e7\u00e3o Baixas Temperaturas - Estad\u00e3o Expresso S\u00e3o Paulo","description":"Estruturas oferecem alimenta\u00e7\u00e3o, cobertores e encaminhamento para acolhimento durante noites mais frias","robots":{"index":"index","follow":"follow","max-snippet":"max-snippet:-1","max-image-preview":"max-image-preview:large","max-video-preview":"max-video-preview:-1"},"canonical":"https:\/\/expresso.estadao.com.br\/sao-paulo\/2025\/09\/27\/tendas-da-operacao-baixas-temperaturas-sao-reativadas-em-sao-paulo\/","og_locale":"pt_BR","og_type":"article","og_title":"Opera\u00e7\u00e3o Baixas Temperaturas - Estad\u00e3o Expresso S\u00e3o Paulo","og_description":"Estruturas oferecem alimenta\u00e7\u00e3o, cobertores e encaminhamento para acolhimento durante noites mais frias","og_url":"https:\/\/expresso.estadao.com.br\/sao-paulo\/2025\/09\/27\/tendas-da-operacao-baixas-temperaturas-sao-reativadas-em-sao-paulo\/","og_site_name":"Estad\u00e3o Expresso S\u00e3o Paulo","article_published_time":"2025-09-27T10:10:50+00:00","og_image":[{"width":"","height":"","url":"https:\/\/expresso.estadao.com.br\/sao-paulo\/wp-content\/uploads\/2025\/09\/20250925_TENDAS_BAIXAS_TEMPERATURAS_REPUBLICA_3445_JFD-scaled.jpg","type":"image\/jpeg"}],"author":"fabio_bairros","twitter_card":"summary_large_image","twitter_misc":{"Escrito por":"fabio_bairros","Est. tempo de leitura":"2 minutos"},"schema":{"@context":"https:\/\/schema.org","@graph":[{"@type":"WebPage","@id":"https:\/\/expresso.estadao.com.br\/sao-paulo\/2025\/09\/27\/tendas-da-operacao-baixas-temperaturas-sao-reativadas-em-sao-paulo\/","url":"https:\/\/expresso.estadao.com.br\/sao-paulo\/2025\/09\/27\/tendas-da-operacao-baixas-temperaturas-sao-reativadas-em-sao-paulo\/","name":"Opera\u00e7\u00e3o Baixas Temperaturas - Estad\u00e3o Expresso S\u00e3o Paulo","isPartOf":{"@id":"https:\/\/expresso.estadao.com.br\/sao-paulo\/#website"},"primaryImageOfPage":{"@id":"https:\/\/expresso.estadao.com.br\/sao-paulo\/2025\/09\/27\/tendas-da-operacao-baixas-temperaturas-sao-reativadas-em-sao-paulo\/#primaryimage"},"image":{"@id":"https:\/\/expresso.estadao.com.br\/sao-paulo\/2025\/09\/27\/tendas-da-operacao-baixas-temperaturas-sao-reativadas-em-sao-paulo\/#primaryimage"},"thumbnailUrl":"https:\/\/expresso.estadao.com.br\/sao-paulo\/wp-content\/uploads\/2025\/09\/20250925_TENDAS_BAIXAS_TEMPERATURAS_REPUBLICA_3445_JFD-scaled.jpg","datePublished":"2025-09-27T10:10:50+00:00","dateModified":"2025-09-27T10:10:50+00:00","author":{"@id":"https:\/\/expresso.estadao.com.br\/sao-paulo\/#\/schema\/person\/f45f9e313ba8cbe5af9424f387ddef42"},"description":"Estruturas oferecem alimenta\u00e7\u00e3o, cobertores e encaminhamento para acolhimento durante noites mais frias","breadcrumb":{"@id":"https:\/\/expresso.estadao.com.br\/sao-paulo\/2025\/09\/27\/tendas-da-operacao-baixas-temperaturas-sao-reativadas-em-sao-paulo\/#breadcrumb"},"inLanguage":"pt-BR","potentialAction":[{"@type":"ReadAction","target":["https:\/\/expresso.estadao.com.br\/sao-paulo\/2025\/09\/27\/tendas-da-operacao-baixas-temperaturas-sao-reativadas-em-sao-paulo\/"]}]},{"@type":"ImageObject","inLanguage":"pt-BR","@id":"https:\/\/expresso.estadao.com.br\/sao-paulo\/2025\/09\/27\/tendas-da-operacao-baixas-temperaturas-sao-reativadas-em-sao-paulo\/#primaryimage","url":"https:\/\/expresso.estadao.com.br\/sao-paulo\/wp-content\/uploads\/2025\/09\/20250925_TENDAS_BAIXAS_TEMPERATURAS_REPUBLICA_3445_JFD-scaled.jpg","contentUrl":"https:\/\/expresso.estadao.com.br\/sao-paulo\/wp-content\/uploads\/2025\/09\/20250925_TENDAS_BAIXAS_TEMPERATURAS_REPUBLICA_3445_JFD-scaled.jpg","width":2560,"height":1678,"caption":"Foto: JF Diorio\/Divulga\u00e7\u00e3o\/Secom"},{"@type":"BreadcrumbList","@id":"https:\/\/expresso.estadao.com.br\/sao-paulo\/2025\/09\/27\/tendas-da-operacao-baixas-temperaturas-sao-reativadas-em-sao-paulo\/#breadcrumb","itemListElement":[{"@type":"ListItem","position":1,"name":"In\u00edcio","item":"https:\/\/expresso.estadao.com.br\/sao-paulo\/"},{"@type":"ListItem","position":2,"name":"Tendas da Opera\u00e7\u00e3o Baixas Temperaturas s\u00e3o reativadas em S\u00e3o Paulo"}]},{"@type":"WebSite","@id":"https:\/\/expresso.estadao.com.br\/sao-paulo\/#website","url":"https:\/\/expresso.estadao.com.br\/sao-paulo\/","name":"Estad\u00e3o Expresso S\u00e3o Paulo","description":"Conte\u00fado de presta\u00e7\u00e3o de servi\u00e7o para que os moradores da cidade de S\u00e3o Paulo possam se informar melhor e usar de maneira mais eficaz os servi\u00e7os p\u00fablicos municipais.","potentialAction":[{"@type":"SearchAction","target":{"@type":"EntryPoint","urlTemplate":"https:\/\/expresso.estadao.com.br\/sao-paulo\/?s={search_term_string}"},"query-input":{"@type":"PropertyValueSpecification","valueRequired":true,"valueName":"search_term_string"}}],"inLanguage":"pt-BR"},{"@type":"Person","@id":"https:\/\/expresso.estadao.com.br\/sao-paulo\/#\/schema\/person\/f45f9e313ba8cbe5af9424f387ddef42","name":"fabio_bairros","image":{"@type":"ImageObject","inLanguage":"pt-BR","@id":"https:\/\/expresso.estadao.com.br\/sao-paulo\/#\/schema\/person\/image\/","url":"https:\/\/secure.gravatar.com\/avatar\/fbecca90befcfda9505216ce0dc87261326cb6644deb5861e7ab404061c24246?s=96&d=mm&r=g","contentUrl":"https:\/\/secure.gravatar.com\/avatar\/fbecca90befcfda9505216ce0dc87261326cb6644deb5861e7ab404061c24246?s=96&d=mm&r=g","caption":"fabio_bairros"}}]}},"_links":{"self":[{"href":"https:\/\/expresso.estadao.com.br\/sao-paulo\/wp-json\/wp\/v2\/posts\/11837","targetHints":{"allow":["GET"]}}],"collection":[{"href":"https:\/\/expresso.estadao.com.br\/sao-paulo\/wp-json\/wp\/v2\/posts"}],"about":[{"href":"https:\/\/expresso.estadao.com.br\/sao-paulo\/wp-json\/wp\/v2\/types\/post"}],"author":[{"embeddable":true,"href":"https:\/\/expresso.estadao.com.br\/sao-paulo\/wp-json\/wp\/v2\/users\/4"}],"replies":[{"embeddable":true,"href":"https:\/\/expresso.estadao.com.br\/sao-paulo\/wp-json\/wp\/v2\/comments?post=11837"}],"version-history":[{"count":1,"href":"https:\/\/expresso.estadao.com.br\/sao-paulo\/wp-json\/wp\/v2\/posts\/11837\/revisions"}],"predecessor-version":[{"id":11838,"href":"https:\/\/expresso.estadao.com.br\/sao-paulo\/wp-json\/wp\/v2\/posts\/11837\/revisions\/11838"}],"wp:featuredmedia":[{"embeddable":true,"href":"https:\/\/expresso.estadao.com.br\/sao-paulo\/wp-json\/wp\/v2\/media\/11839"}],"wp:attachment":[{"href":"https:\/\/expresso.estadao.com.br\/sao-paulo\/wp-json\/wp\/v2\/media?parent=11837"}],"wp:term":[{"taxonomy":"category","embeddable":true,"href":"https:\/\/expresso.estadao.com.br\/sao-paulo\/wp-json\/wp\/v2\/categories?post=11837"},{"taxonomy":"post_tag","embeddable":true,"href":"https:\/\/expresso.estadao.com.br\/sao-paulo\/wp-json\/wp\/v2\/tags?post=11837"}],"curies":[{"name":"wp","href":"https:\/\/api.w.org\/{rel}","templated":true}]}}