{"id":11848,"date":"2025-09-29T08:56:06","date_gmt":"2025-09-29T11:56:06","guid":{"rendered":"https:\/\/expresso.estadao.com.br\/sao-paulo\/?p=11848"},"modified":"2025-09-29T08:56:06","modified_gmt":"2025-09-29T11:56:06","slug":"cidade-ademar-ganha-a-maior-unidade-da-casa-de-cultura","status":"publish","type":"post","link":"https:\/\/expresso.estadao.com.br\/sao-paulo\/2025\/09\/29\/cidade-ademar-ganha-a-maior-unidade-da-casa-de-cultura\/","title":{"rendered":"Cidade Ademar ganha a maior unidade da Casa de Cultura"},"content":{"rendered":"<p data-start=\"291\" data-end=\"625\">A Prefeitura de S\u00e3o Paulo inaugurou no dia 27 de setembro a Casa de Cultura Municipal Cidade Ademar, a primeira da cidade projetada e constru\u00edda especialmente para ser uma Casa de Cultura. Localizada na Avenida Durval Pinto Ferreira, no Jardim Itacolomi, zona sul, a unidade era uma demanda da comunidade e dos artistas locais.<\/p>\n<p data-start=\"627\" data-end=\"971\">Com investimento de R$ 12,9 milh\u00f5es, o espa\u00e7o conta com duas salas de grande porte com p\u00e9-direito duplo, mezaninos, camarins e ba\u00edas c\u00eanicas para apoio a oficinas e espet\u00e1culos. A estrutura inclui ponto de leitura, telecentro, espa\u00e7o de estudos, est\u00fadio para produ\u00e7\u00f5es de podcast, cozinha comunit\u00e1ria, palco externo e terra\u00e7o multiuso.<\/p>\n<p data-start=\"627\" data-end=\"971\"><img loading=\"lazy\" decoding=\"async\" class=\"alignnone size-large wp-image-11852\" src=\"https:\/\/expresso.estadao.com.br\/sao-paulo\/wp-content\/uploads\/2025\/09\/IMG_5917-1110x624.jpg\" alt=\"\" width=\"1110\" height=\"624\" srcset=\"https:\/\/expresso.estadao.com.br\/sao-paulo\/wp-content\/uploads\/2025\/09\/IMG_5917-1110x624.jpg 1110w, https:\/\/expresso.estadao.com.br\/sao-paulo\/wp-content\/uploads\/2025\/09\/IMG_5917-534x300.jpg 534w, https:\/\/expresso.estadao.com.br\/sao-paulo\/wp-content\/uploads\/2025\/09\/IMG_5917-768x432.jpg 768w, https:\/\/expresso.estadao.com.br\/sao-paulo\/wp-content\/uploads\/2025\/09\/IMG_5917-1536x864.jpg 1536w, https:\/\/expresso.estadao.com.br\/sao-paulo\/wp-content\/uploads\/2025\/09\/IMG_5917-2048x1151.jpg 2048w\" sizes=\"auto, (max-width: 1110px) 100vw, 1110px\" \/><\/p>\n<p data-start=\"973\" data-end=\"1351\">O pr\u00e9dio foi projetado com pain\u00e9is solares para gera\u00e7\u00e3o de energia e aquecimento de \u00e1gua, al\u00e9m de sistema de capta\u00e7\u00e3o e reuso de \u00e1gua da chuva. O funcionamento segue os mesmos hor\u00e1rios das demais Casas de Cultura: de ter\u00e7a a s\u00e1bado, das 9h \u00e0s 21h, e aos domingos, das 9h \u00e0s 20h. A estimativa da Prefeitura \u00e9 de atendimento mensal de at\u00e9 cinco mil pessoas.<\/p>\n<p data-start=\"1353\" data-end=\"1387\"><strong>Casas de Cultura nos territ\u00f3rios<\/strong><\/p>\n<p data-start=\"1389\" data-end=\"1787\">As Casas de Cultura integram a pol\u00edtica cultural da cidade, oferecendo oficinas, espet\u00e1culos, forma\u00e7\u00e3o de artistas e fortalecimento da identidade cultural dos bairros. Atualmente, S\u00e3o Paulo tem 20 unidades em funcionamento, incluindo a rec\u00e9m-inaugurada Cidade Ademar. Est\u00e3o previstas ainda a nova edifica\u00e7\u00e3o da Casa de Cultura S\u00e3o Mateus, em obras, e reformas nas unidades Trememb\u00e9 e Campo Limpo. A regi\u00e3o de Cidade Ademar recebia desde 2020 uma programa\u00e7\u00e3o itinerante de oficinas e eventos em espa\u00e7os p\u00fablicos. Foram investidos R$ 1,3 milh\u00e3o nesse per\u00edodo.<\/p>\n<p data-start=\"2132\" data-end=\"2157\"><strong>Programa\u00e7\u00e3o de abertura<\/strong><\/p>\n<p data-start=\"2159\" data-end=\"2391\">Na inaugura\u00e7\u00e3o, a agenda ofereceu atra\u00e7\u00f5es gratuitas de m\u00fasica, dan\u00e7a, teatro, circo, artes visuais, literatura e cultura popular. O Circuito Spcine exibiu o filme Como Treinar Seu Drag\u00e3o \u00e0s 14h e \u00e0s 16h30, com distribui\u00e7\u00e3o de pipoca.<\/p>\n<p data-start=\"2393\" data-end=\"2730\">Outros destaques inclu\u00edram o espet\u00e1culo Vincent \u2013 Teatro Lambe Lambe, a apresenta\u00e7\u00e3o Caba\u00e7as com a Cia For\u00e8, o show Nen\u00ea Amaral canta Tim Maia, a Congada S\u00e3o Benedito de Cotia, al\u00e9m de DJ Tony Di, Samba Rock di Quebrada, Mestre Caranguejo e a Po\u00e9tica do Berimbau, Mil Circolartes, KalungaEr\u00ea e a contadora de hist\u00f3rias Patricia Ashant.<\/p>\n","protected":false},"excerpt":{"rendered":"<p>A Prefeitura de S\u00e3o Paulo inaugurou no dia 27 de setembro a Casa de Cultura Municipal Cidade Ademar, a primeira da cidade projetada e constru\u00edda especialmente para ser uma Casa de Cultura. Localizada na Avenida Durval Pinto Ferreira, no Jardim Itacolomi, zona sul, a unidade era uma demanda da comunidade e dos artistas locais. Com [&hellip;]<\/p>\n","protected":false},"author":4,"featured_media":11850,"comment_status":"open","ping_status":"closed","sticky":false,"template":"","format":"standard","meta":{"_acf_changed":false,"_monsterinsights_skip_tracking":false,"_monsterinsights_sitenote_active":false,"_monsterinsights_sitenote_note":"","_monsterinsights_sitenote_category":0,"footnotes":""},"categories":[741],"tags":[546,52],"class_list":["post-11848","post","type-post","status-publish","format-standard","has-post-thumbnail","hentry","category-cultura","tag-casa-de-cultura","tag-prefeitura-de-sao-paulo"],"acf":[],"yoast_head":"<!-- This site is optimized with the Yoast SEO plugin v24.1 - https:\/\/yoast.com\/wordpress\/plugins\/seo\/ -->\n<title>Casa de Cultura Cidade Ademar - Estad\u00e3o Expresso S\u00e3o Paulo<\/title>\n<meta name=\"description\" content=\"Equipamento \u00e9 o primeiro com est\u00fadio para produ\u00e7\u00e3o de podcasts e disp\u00f5e de unidade do Telecentro, programa de inclus\u00e3o digital\" \/>\n<meta name=\"robots\" content=\"index, follow, max-snippet:-1, max-image-preview:large, max-video-preview:-1\" \/>\n<link rel=\"canonical\" href=\"https:\/\/expresso.estadao.com.br\/sao-paulo\/2025\/09\/29\/cidade-ademar-ganha-a-maior-unidade-da-casa-de-cultura\/\" \/>\n<meta property=\"og:locale\" content=\"pt_BR\" \/>\n<meta property=\"og:type\" content=\"article\" \/>\n<meta property=\"og:title\" content=\"Casa de Cultura Cidade Ademar - Estad\u00e3o Expresso S\u00e3o Paulo\" \/>\n<meta property=\"og:description\" content=\"Equipamento \u00e9 o primeiro com est\u00fadio para produ\u00e7\u00e3o de podcasts e disp\u00f5e de unidade do Telecentro, programa de inclus\u00e3o digital\" \/>\n<meta property=\"og:url\" content=\"https:\/\/expresso.estadao.com.br\/sao-paulo\/2025\/09\/29\/cidade-ademar-ganha-a-maior-unidade-da-casa-de-cultura\/\" \/>\n<meta property=\"og:site_name\" content=\"Estad\u00e3o Expresso S\u00e3o Paulo\" \/>\n<meta property=\"article:published_time\" content=\"2025-09-29T11:56:06+00:00\" \/>\n<meta property=\"og:image\" content=\"https:\/\/expresso.estadao.com.br\/sao-paulo\/wp-content\/uploads\/2025\/09\/FIMI0574-scaled.jpg\" \/>\n\t<meta property=\"og:image:type\" content=\"image\/jpeg\" \/>\n<meta name=\"author\" content=\"fabio_bairros\" \/>\n<meta name=\"twitter:card\" content=\"summary_large_image\" \/>\n<meta name=\"twitter:label1\" content=\"Escrito por\" \/>\n\t<meta name=\"twitter:data1\" content=\"fabio_bairros\" \/>\n\t<meta name=\"twitter:label2\" content=\"Est. tempo de leitura\" \/>\n\t<meta name=\"twitter:data2\" content=\"3 minutos\" \/>\n<script type=\"application\/ld+json\" class=\"yoast-schema-graph\">{\"@context\":\"https:\/\/schema.org\",\"@graph\":[{\"@type\":\"WebPage\",\"@id\":\"https:\/\/expresso.estadao.com.br\/sao-paulo\/2025\/09\/29\/cidade-ademar-ganha-a-maior-unidade-da-casa-de-cultura\/\",\"url\":\"https:\/\/expresso.estadao.com.br\/sao-paulo\/2025\/09\/29\/cidade-ademar-ganha-a-maior-unidade-da-casa-de-cultura\/\",\"name\":\"Casa de Cultura Cidade Ademar - Estad\u00e3o Expresso S\u00e3o Paulo\",\"isPartOf\":{\"@id\":\"https:\/\/expresso.estadao.com.br\/sao-paulo\/#website\"},\"primaryImageOfPage\":{\"@id\":\"https:\/\/expresso.estadao.com.br\/sao-paulo\/2025\/09\/29\/cidade-ademar-ganha-a-maior-unidade-da-casa-de-cultura\/#primaryimage\"},\"image\":{\"@id\":\"https:\/\/expresso.estadao.com.br\/sao-paulo\/2025\/09\/29\/cidade-ademar-ganha-a-maior-unidade-da-casa-de-cultura\/#primaryimage\"},\"thumbnailUrl\":\"https:\/\/expresso.estadao.com.br\/sao-paulo\/wp-content\/uploads\/2025\/09\/FIMI0574-scaled.jpg\",\"datePublished\":\"2025-09-29T11:56:06+00:00\",\"dateModified\":\"2025-09-29T11:56:06+00:00\",\"author\":{\"@id\":\"https:\/\/expresso.estadao.com.br\/sao-paulo\/#\/schema\/person\/f45f9e313ba8cbe5af9424f387ddef42\"},\"description\":\"Equipamento \u00e9 o primeiro com est\u00fadio para produ\u00e7\u00e3o de podcasts e disp\u00f5e de unidade do Telecentro, programa de inclus\u00e3o digital\",\"breadcrumb\":{\"@id\":\"https:\/\/expresso.estadao.com.br\/sao-paulo\/2025\/09\/29\/cidade-ademar-ganha-a-maior-unidade-da-casa-de-cultura\/#breadcrumb\"},\"inLanguage\":\"pt-BR\",\"potentialAction\":[{\"@type\":\"ReadAction\",\"target\":[\"https:\/\/expresso.estadao.com.br\/sao-paulo\/2025\/09\/29\/cidade-ademar-ganha-a-maior-unidade-da-casa-de-cultura\/\"]}]},{\"@type\":\"ImageObject\",\"inLanguage\":\"pt-BR\",\"@id\":\"https:\/\/expresso.estadao.com.br\/sao-paulo\/2025\/09\/29\/cidade-ademar-ganha-a-maior-unidade-da-casa-de-cultura\/#primaryimage\",\"url\":\"https:\/\/expresso.estadao.com.br\/sao-paulo\/wp-content\/uploads\/2025\/09\/FIMI0574-scaled.jpg\",\"contentUrl\":\"https:\/\/expresso.estadao.com.br\/sao-paulo\/wp-content\/uploads\/2025\/09\/FIMI0574-scaled.jpg\",\"width\":2560,\"height\":1440,\"caption\":\"Fotos: Renato Pinheiro\/Divulga\u00e7\u00e3o\/Secom\"},{\"@type\":\"BreadcrumbList\",\"@id\":\"https:\/\/expresso.estadao.com.br\/sao-paulo\/2025\/09\/29\/cidade-ademar-ganha-a-maior-unidade-da-casa-de-cultura\/#breadcrumb\",\"itemListElement\":[{\"@type\":\"ListItem\",\"position\":1,\"name\":\"In\u00edcio\",\"item\":\"https:\/\/expresso.estadao.com.br\/sao-paulo\/\"},{\"@type\":\"ListItem\",\"position\":2,\"name\":\"Cidade Ademar ganha a maior unidade da Casa de Cultura\"}]},{\"@type\":\"WebSite\",\"@id\":\"https:\/\/expresso.estadao.com.br\/sao-paulo\/#website\",\"url\":\"https:\/\/expresso.estadao.com.br\/sao-paulo\/\",\"name\":\"Estad\u00e3o Expresso S\u00e3o Paulo\",\"description\":\"Conte\u00fado de presta\u00e7\u00e3o de servi\u00e7o para que os moradores da cidade de S\u00e3o Paulo possam se informar melhor e usar de maneira mais eficaz os servi\u00e7os p\u00fablicos municipais.\",\"potentialAction\":[{\"@type\":\"SearchAction\",\"target\":{\"@type\":\"EntryPoint\",\"urlTemplate\":\"https:\/\/expresso.estadao.com.br\/sao-paulo\/?s={search_term_string}\"},\"query-input\":{\"@type\":\"PropertyValueSpecification\",\"valueRequired\":true,\"valueName\":\"search_term_string\"}}],\"inLanguage\":\"pt-BR\"},{\"@type\":\"Person\",\"@id\":\"https:\/\/expresso.estadao.com.br\/sao-paulo\/#\/schema\/person\/f45f9e313ba8cbe5af9424f387ddef42\",\"name\":\"fabio_bairros\",\"image\":{\"@type\":\"ImageObject\",\"inLanguage\":\"pt-BR\",\"@id\":\"https:\/\/expresso.estadao.com.br\/sao-paulo\/#\/schema\/person\/image\/\",\"url\":\"https:\/\/secure.gravatar.com\/avatar\/fbecca90befcfda9505216ce0dc87261326cb6644deb5861e7ab404061c24246?s=96&d=mm&r=g\",\"contentUrl\":\"https:\/\/secure.gravatar.com\/avatar\/fbecca90befcfda9505216ce0dc87261326cb6644deb5861e7ab404061c24246?s=96&d=mm&r=g\",\"caption\":\"fabio_bairros\"}}]}<\/script>\n<!-- \/ Yoast SEO plugin. -->","yoast_head_json":{"title":"Casa de Cultura Cidade Ademar - Estad\u00e3o Expresso S\u00e3o Paulo","description":"Equipamento \u00e9 o primeiro com est\u00fadio para produ\u00e7\u00e3o de podcasts e disp\u00f5e de unidade do Telecentro, programa de inclus\u00e3o digital","robots":{"index":"index","follow":"follow","max-snippet":"max-snippet:-1","max-image-preview":"max-image-preview:large","max-video-preview":"max-video-preview:-1"},"canonical":"https:\/\/expresso.estadao.com.br\/sao-paulo\/2025\/09\/29\/cidade-ademar-ganha-a-maior-unidade-da-casa-de-cultura\/","og_locale":"pt_BR","og_type":"article","og_title":"Casa de Cultura Cidade Ademar - Estad\u00e3o Expresso S\u00e3o Paulo","og_description":"Equipamento \u00e9 o primeiro com est\u00fadio para produ\u00e7\u00e3o de podcasts e disp\u00f5e de unidade do Telecentro, programa de inclus\u00e3o digital","og_url":"https:\/\/expresso.estadao.com.br\/sao-paulo\/2025\/09\/29\/cidade-ademar-ganha-a-maior-unidade-da-casa-de-cultura\/","og_site_name":"Estad\u00e3o Expresso S\u00e3o Paulo","article_published_time":"2025-09-29T11:56:06+00:00","og_image":[{"width":"","height":"","url":"https:\/\/expresso.estadao.com.br\/sao-paulo\/wp-content\/uploads\/2025\/09\/FIMI0574-scaled.jpg","type":"image\/jpeg"}],"author":"fabio_bairros","twitter_card":"summary_large_image","twitter_misc":{"Escrito por":"fabio_bairros","Est. tempo de leitura":"3 minutos"},"schema":{"@context":"https:\/\/schema.org","@graph":[{"@type":"WebPage","@id":"https:\/\/expresso.estadao.com.br\/sao-paulo\/2025\/09\/29\/cidade-ademar-ganha-a-maior-unidade-da-casa-de-cultura\/","url":"https:\/\/expresso.estadao.com.br\/sao-paulo\/2025\/09\/29\/cidade-ademar-ganha-a-maior-unidade-da-casa-de-cultura\/","name":"Casa de Cultura Cidade Ademar - Estad\u00e3o Expresso S\u00e3o Paulo","isPartOf":{"@id":"https:\/\/expresso.estadao.com.br\/sao-paulo\/#website"},"primaryImageOfPage":{"@id":"https:\/\/expresso.estadao.com.br\/sao-paulo\/2025\/09\/29\/cidade-ademar-ganha-a-maior-unidade-da-casa-de-cultura\/#primaryimage"},"image":{"@id":"https:\/\/expresso.estadao.com.br\/sao-paulo\/2025\/09\/29\/cidade-ademar-ganha-a-maior-unidade-da-casa-de-cultura\/#primaryimage"},"thumbnailUrl":"https:\/\/expresso.estadao.com.br\/sao-paulo\/wp-content\/uploads\/2025\/09\/FIMI0574-scaled.jpg","datePublished":"2025-09-29T11:56:06+00:00","dateModified":"2025-09-29T11:56:06+00:00","author":{"@id":"https:\/\/expresso.estadao.com.br\/sao-paulo\/#\/schema\/person\/f45f9e313ba8cbe5af9424f387ddef42"},"description":"Equipamento \u00e9 o primeiro com est\u00fadio para produ\u00e7\u00e3o de podcasts e disp\u00f5e de unidade do Telecentro, programa de inclus\u00e3o digital","breadcrumb":{"@id":"https:\/\/expresso.estadao.com.br\/sao-paulo\/2025\/09\/29\/cidade-ademar-ganha-a-maior-unidade-da-casa-de-cultura\/#breadcrumb"},"inLanguage":"pt-BR","potentialAction":[{"@type":"ReadAction","target":["https:\/\/expresso.estadao.com.br\/sao-paulo\/2025\/09\/29\/cidade-ademar-ganha-a-maior-unidade-da-casa-de-cultura\/"]}]},{"@type":"ImageObject","inLanguage":"pt-BR","@id":"https:\/\/expresso.estadao.com.br\/sao-paulo\/2025\/09\/29\/cidade-ademar-ganha-a-maior-unidade-da-casa-de-cultura\/#primaryimage","url":"https:\/\/expresso.estadao.com.br\/sao-paulo\/wp-content\/uploads\/2025\/09\/FIMI0574-scaled.jpg","contentUrl":"https:\/\/expresso.estadao.com.br\/sao-paulo\/wp-content\/uploads\/2025\/09\/FIMI0574-scaled.jpg","width":2560,"height":1440,"caption":"Fotos: Renato Pinheiro\/Divulga\u00e7\u00e3o\/Secom"},{"@type":"BreadcrumbList","@id":"https:\/\/expresso.estadao.com.br\/sao-paulo\/2025\/09\/29\/cidade-ademar-ganha-a-maior-unidade-da-casa-de-cultura\/#breadcrumb","itemListElement":[{"@type":"ListItem","position":1,"name":"In\u00edcio","item":"https:\/\/expresso.estadao.com.br\/sao-paulo\/"},{"@type":"ListItem","position":2,"name":"Cidade Ademar ganha a maior unidade da Casa de Cultura"}]},{"@type":"WebSite","@id":"https:\/\/expresso.estadao.com.br\/sao-paulo\/#website","url":"https:\/\/expresso.estadao.com.br\/sao-paulo\/","name":"Estad\u00e3o Expresso S\u00e3o Paulo","description":"Conte\u00fado de presta\u00e7\u00e3o de servi\u00e7o para que os moradores da cidade de S\u00e3o Paulo possam se informar melhor e usar de maneira mais eficaz os servi\u00e7os p\u00fablicos municipais.","potentialAction":[{"@type":"SearchAction","target":{"@type":"EntryPoint","urlTemplate":"https:\/\/expresso.estadao.com.br\/sao-paulo\/?s={search_term_string}"},"query-input":{"@type":"PropertyValueSpecification","valueRequired":true,"valueName":"search_term_string"}}],"inLanguage":"pt-BR"},{"@type":"Person","@id":"https:\/\/expresso.estadao.com.br\/sao-paulo\/#\/schema\/person\/f45f9e313ba8cbe5af9424f387ddef42","name":"fabio_bairros","image":{"@type":"ImageObject","inLanguage":"pt-BR","@id":"https:\/\/expresso.estadao.com.br\/sao-paulo\/#\/schema\/person\/image\/","url":"https:\/\/secure.gravatar.com\/avatar\/fbecca90befcfda9505216ce0dc87261326cb6644deb5861e7ab404061c24246?s=96&d=mm&r=g","contentUrl":"https:\/\/secure.gravatar.com\/avatar\/fbecca90befcfda9505216ce0dc87261326cb6644deb5861e7ab404061c24246?s=96&d=mm&r=g","caption":"fabio_bairros"}}]}},"_links":{"self":[{"href":"https:\/\/expresso.estadao.com.br\/sao-paulo\/wp-json\/wp\/v2\/posts\/11848","targetHints":{"allow":["GET"]}}],"collection":[{"href":"https:\/\/expresso.estadao.com.br\/sao-paulo\/wp-json\/wp\/v2\/posts"}],"about":[{"href":"https:\/\/expresso.estadao.com.br\/sao-paulo\/wp-json\/wp\/v2\/types\/post"}],"author":[{"embeddable":true,"href":"https:\/\/expresso.estadao.com.br\/sao-paulo\/wp-json\/wp\/v2\/users\/4"}],"replies":[{"embeddable":true,"href":"https:\/\/expresso.estadao.com.br\/sao-paulo\/wp-json\/wp\/v2\/comments?post=11848"}],"version-history":[{"count":3,"href":"https:\/\/expresso.estadao.com.br\/sao-paulo\/wp-json\/wp\/v2\/posts\/11848\/revisions"}],"predecessor-version":[{"id":11853,"href":"https:\/\/expresso.estadao.com.br\/sao-paulo\/wp-json\/wp\/v2\/posts\/11848\/revisions\/11853"}],"wp:featuredmedia":[{"embeddable":true,"href":"https:\/\/expresso.estadao.com.br\/sao-paulo\/wp-json\/wp\/v2\/media\/11850"}],"wp:attachment":[{"href":"https:\/\/expresso.estadao.com.br\/sao-paulo\/wp-json\/wp\/v2\/media?parent=11848"}],"wp:term":[{"taxonomy":"category","embeddable":true,"href":"https:\/\/expresso.estadao.com.br\/sao-paulo\/wp-json\/wp\/v2\/categories?post=11848"},{"taxonomy":"post_tag","embeddable":true,"href":"https:\/\/expresso.estadao.com.br\/sao-paulo\/wp-json\/wp\/v2\/tags?post=11848"}],"curies":[{"name":"wp","href":"https:\/\/api.w.org\/{rel}","templated":true}]}}