{"id":11877,"date":"2025-10-10T11:19:04","date_gmt":"2025-10-10T14:19:04","guid":{"rendered":"https:\/\/expresso.estadao.com.br\/sao-paulo\/?p=11877"},"modified":"2025-10-12T09:39:06","modified_gmt":"2025-10-12T12:39:06","slug":"prefeitura-aprova-16-novos-projetos-de-retrofit-no-centro-de-sao-paulo","status":"publish","type":"post","link":"https:\/\/expresso.estadao.com.br\/sao-paulo\/2025\/10\/10\/prefeitura-aprova-16-novos-projetos-de-retrofit-no-centro-de-sao-paulo\/","title":{"rendered":"Prefeitura aprova 16 novos projetos de retrofit no centro de S\u00e3o Paulo"},"content":{"rendered":"<p data-start=\"161\" data-end=\"707\">A Prefeitura de S\u00e3o Paulo aprovou 16 novos projetos na terceira rodada de apoio financeiro para subven\u00e7\u00e3o econ\u00f4mica e requalifica\u00e7\u00e3o de edif\u00edcios no centro da cidade. Entre os contemplados est\u00e3o \u00edcones da arquitetura paulistana, como o Edif\u00edcio Martinelli, o Copan e o Edif\u00edcio 7 de Abril (antigo pr\u00e9dio da Telesp), que ter\u00e3o parte das obras de retrofit financiadas. A medida busca estimular o adensamento populacional e fortalecer a voca\u00e7\u00e3o urbana da regi\u00e3o central. A lista foi publicada no Di\u00e1rio Oficial do Munic\u00edpio nesta quarta-feira (8).<\/p>\n<p data-start=\"709\" data-end=\"1136\">A sele\u00e7\u00e3o, conduzida pela Secretaria Municipal de Urbanismo e Licenciamento (SMUL), inclui ainda outros marcos arquitet\u00f4nicos e condom\u00ednios residenciais do centro. Entre eles est\u00e3o o Residencial Cambridge, na Consola\u00e7\u00e3o \u2014 que j\u00e1 funcionou como hotel de luxo na d\u00e9cada de 1950 \u2014 e o Edif\u00edcio H Lara, na Pra\u00e7a Ant\u00f4nio Prado, constru\u00eddo em 1959 pela fam\u00edlia Toledo Lara, ent\u00e3o uma das maiores propriet\u00e1rias de im\u00f3veis da regi\u00e3o.<\/p>\n<p data-start=\"1138\" data-end=\"1364\">O grupo de projetos tamb\u00e9m re\u00fane obras assinadas por nomes de destaque da arquitetura, como Ramos de Azevedo (sede do CAU-SP, na Rua Quinze de Novembro), Rino Levi (Edif\u00edcio L\u00edbero Badar\u00f3) e Jacques Pilon (Edif\u00edcio Anhumas).<\/p>\n<p data-start=\"1745\" data-end=\"2004\"><strong>Aporte e habita\u00e7\u00e3o social<\/strong><\/p>\n<p data-start=\"1745\" data-end=\"2004\">O chamamento recebeu um aporte recorde de R$ 200 milh\u00f5es. A iniciativa, parte da \u00c1rea de Interven\u00e7\u00e3o Urbana (AIU) do Setor Central, prev\u00ea investimento total de R$ 1 bilh\u00e3o para cobrir at\u00e9 25% dos custos das obras.<\/p>\n<p data-start=\"2006\" data-end=\"2237\" data-is-last-node=\"\" data-is-only-node=\"\">Dos 16 projetos aprovados, quatro preveem unidades de habita\u00e7\u00e3o de interesse social (HIS) \u2014 um destinado a fam\u00edlias com renda de at\u00e9 tr\u00eas sal\u00e1rios m\u00ednimos (HIS-1) e tr\u00eas para fam\u00edlias com renda de at\u00e9 seis sal\u00e1rios m\u00ednimos (HIS-2).<\/p>\n","protected":false},"excerpt":{"rendered":"<p>A Prefeitura de S\u00e3o Paulo aprovou 16 novos projetos na terceira rodada de apoio financeiro para subven\u00e7\u00e3o econ\u00f4mica e requalifica\u00e7\u00e3o de edif\u00edcios no centro da cidade. Entre os contemplados est\u00e3o \u00edcones da arquitetura paulistana, como o Edif\u00edcio Martinelli, o Copan e o Edif\u00edcio 7 de Abril (antigo pr\u00e9dio da Telesp), que ter\u00e3o parte das obras [&hellip;]<\/p>\n","protected":false},"author":4,"featured_media":11880,"comment_status":"open","ping_status":"closed","sticky":false,"template":"","format":"standard","meta":{"_acf_changed":false,"_monsterinsights_skip_tracking":false,"_monsterinsights_sitenote_active":false,"_monsterinsights_sitenote_note":"","_monsterinsights_sitenote_category":0,"footnotes":""},"categories":[760],"tags":[400,52,1300],"class_list":["post-11877","post","type-post","status-publish","format-standard","has-post-thumbnail","hentry","category-urbanismo","tag-edificio-martinelli","tag-prefeitura-de-sao-paulo","tag-retrofit"],"acf":[],"yoast_head":"<!-- This site is optimized with the Yoast SEO plugin v24.1 - https:\/\/yoast.com\/wordpress\/plugins\/seo\/ -->\n<title>Projetos de retrofit no centro - Estad\u00e3o Expresso S\u00e3o Paulo<\/title>\n<meta name=\"description\" content=\"Iniciativa inclui edif\u00edcios hist\u00f3ricos e prev\u00ea R$ 200 milh\u00f5es em subven\u00e7\u00e3o econ\u00f4mica\" \/>\n<meta name=\"robots\" content=\"index, follow, max-snippet:-1, max-image-preview:large, max-video-preview:-1\" \/>\n<link rel=\"canonical\" href=\"https:\/\/expresso.estadao.com.br\/sao-paulo\/2025\/10\/10\/prefeitura-aprova-16-novos-projetos-de-retrofit-no-centro-de-sao-paulo\/\" \/>\n<meta property=\"og:locale\" content=\"pt_BR\" \/>\n<meta property=\"og:type\" content=\"article\" \/>\n<meta property=\"og:title\" content=\"Projetos de retrofit no centro - Estad\u00e3o Expresso S\u00e3o Paulo\" \/>\n<meta property=\"og:description\" content=\"Iniciativa inclui edif\u00edcios hist\u00f3ricos e prev\u00ea R$ 200 milh\u00f5es em subven\u00e7\u00e3o econ\u00f4mica\" \/>\n<meta property=\"og:url\" content=\"https:\/\/expresso.estadao.com.br\/sao-paulo\/2025\/10\/10\/prefeitura-aprova-16-novos-projetos-de-retrofit-no-centro-de-sao-paulo\/\" \/>\n<meta property=\"og:site_name\" content=\"Estad\u00e3o Expresso S\u00e3o Paulo\" \/>\n<meta property=\"article:published_time\" content=\"2025-10-10T14:19:04+00:00\" \/>\n<meta property=\"article:modified_time\" content=\"2025-10-12T12:39:06+00:00\" \/>\n<meta property=\"og:image\" content=\"https:\/\/expresso.estadao.com.br\/sao-paulo\/wp-content\/uploads\/2025\/10\/martineli-1110x740.jpg\" \/>\n\t<meta property=\"og:image:type\" content=\"image\/jpeg\" \/>\n<meta name=\"author\" content=\"fabio_bairros\" \/>\n<meta name=\"twitter:card\" content=\"summary_large_image\" \/>\n<meta name=\"twitter:label1\" content=\"Escrito por\" \/>\n\t<meta name=\"twitter:data1\" content=\"fabio_bairros\" \/>\n\t<meta name=\"twitter:label2\" content=\"Est. tempo de leitura\" \/>\n\t<meta name=\"twitter:data2\" content=\"2 minutos\" \/>\n<script type=\"application\/ld+json\" class=\"yoast-schema-graph\">{\"@context\":\"https:\/\/schema.org\",\"@graph\":[{\"@type\":\"WebPage\",\"@id\":\"https:\/\/expresso.estadao.com.br\/sao-paulo\/2025\/10\/10\/prefeitura-aprova-16-novos-projetos-de-retrofit-no-centro-de-sao-paulo\/\",\"url\":\"https:\/\/expresso.estadao.com.br\/sao-paulo\/2025\/10\/10\/prefeitura-aprova-16-novos-projetos-de-retrofit-no-centro-de-sao-paulo\/\",\"name\":\"Projetos de retrofit no centro - Estad\u00e3o Expresso S\u00e3o Paulo\",\"isPartOf\":{\"@id\":\"https:\/\/expresso.estadao.com.br\/sao-paulo\/#website\"},\"primaryImageOfPage\":{\"@id\":\"https:\/\/expresso.estadao.com.br\/sao-paulo\/2025\/10\/10\/prefeitura-aprova-16-novos-projetos-de-retrofit-no-centro-de-sao-paulo\/#primaryimage\"},\"image\":{\"@id\":\"https:\/\/expresso.estadao.com.br\/sao-paulo\/2025\/10\/10\/prefeitura-aprova-16-novos-projetos-de-retrofit-no-centro-de-sao-paulo\/#primaryimage\"},\"thumbnailUrl\":\"https:\/\/expresso.estadao.com.br\/sao-paulo\/wp-content\/uploads\/2025\/10\/martineli-scaled.jpg\",\"datePublished\":\"2025-10-10T14:19:04+00:00\",\"dateModified\":\"2025-10-12T12:39:06+00:00\",\"author\":{\"@id\":\"https:\/\/expresso.estadao.com.br\/sao-paulo\/#\/schema\/person\/f45f9e313ba8cbe5af9424f387ddef42\"},\"description\":\"Iniciativa inclui edif\u00edcios hist\u00f3ricos e prev\u00ea R$ 200 milh\u00f5es em subven\u00e7\u00e3o econ\u00f4mica\",\"breadcrumb\":{\"@id\":\"https:\/\/expresso.estadao.com.br\/sao-paulo\/2025\/10\/10\/prefeitura-aprova-16-novos-projetos-de-retrofit-no-centro-de-sao-paulo\/#breadcrumb\"},\"inLanguage\":\"pt-BR\",\"potentialAction\":[{\"@type\":\"ReadAction\",\"target\":[\"https:\/\/expresso.estadao.com.br\/sao-paulo\/2025\/10\/10\/prefeitura-aprova-16-novos-projetos-de-retrofit-no-centro-de-sao-paulo\/\"]}]},{\"@type\":\"ImageObject\",\"inLanguage\":\"pt-BR\",\"@id\":\"https:\/\/expresso.estadao.com.br\/sao-paulo\/2025\/10\/10\/prefeitura-aprova-16-novos-projetos-de-retrofit-no-centro-de-sao-paulo\/#primaryimage\",\"url\":\"https:\/\/expresso.estadao.com.br\/sao-paulo\/wp-content\/uploads\/2025\/10\/martineli-scaled.jpg\",\"contentUrl\":\"https:\/\/expresso.estadao.com.br\/sao-paulo\/wp-content\/uploads\/2025\/10\/martineli-scaled.jpg\",\"width\":2048,\"height\":1366,\"caption\":\"Edif\u00edcio Martinelli - Foto: LZ Santana\/Especial para o Estad\u00e3o\"},{\"@type\":\"BreadcrumbList\",\"@id\":\"https:\/\/expresso.estadao.com.br\/sao-paulo\/2025\/10\/10\/prefeitura-aprova-16-novos-projetos-de-retrofit-no-centro-de-sao-paulo\/#breadcrumb\",\"itemListElement\":[{\"@type\":\"ListItem\",\"position\":1,\"name\":\"In\u00edcio\",\"item\":\"https:\/\/expresso.estadao.com.br\/sao-paulo\/\"},{\"@type\":\"ListItem\",\"position\":2,\"name\":\"Prefeitura aprova 16 novos projetos de retrofit no centro de S\u00e3o Paulo\"}]},{\"@type\":\"WebSite\",\"@id\":\"https:\/\/expresso.estadao.com.br\/sao-paulo\/#website\",\"url\":\"https:\/\/expresso.estadao.com.br\/sao-paulo\/\",\"name\":\"Estad\u00e3o Expresso S\u00e3o Paulo\",\"description\":\"Conte\u00fado de presta\u00e7\u00e3o de servi\u00e7o para que os moradores da cidade de S\u00e3o Paulo possam se informar melhor e usar de maneira mais eficaz os servi\u00e7os p\u00fablicos municipais.\",\"potentialAction\":[{\"@type\":\"SearchAction\",\"target\":{\"@type\":\"EntryPoint\",\"urlTemplate\":\"https:\/\/expresso.estadao.com.br\/sao-paulo\/?s={search_term_string}\"},\"query-input\":{\"@type\":\"PropertyValueSpecification\",\"valueRequired\":true,\"valueName\":\"search_term_string\"}}],\"inLanguage\":\"pt-BR\"},{\"@type\":\"Person\",\"@id\":\"https:\/\/expresso.estadao.com.br\/sao-paulo\/#\/schema\/person\/f45f9e313ba8cbe5af9424f387ddef42\",\"name\":\"fabio_bairros\",\"image\":{\"@type\":\"ImageObject\",\"inLanguage\":\"pt-BR\",\"@id\":\"https:\/\/expresso.estadao.com.br\/sao-paulo\/#\/schema\/person\/image\/\",\"url\":\"https:\/\/secure.gravatar.com\/avatar\/fbecca90befcfda9505216ce0dc87261326cb6644deb5861e7ab404061c24246?s=96&d=mm&r=g\",\"contentUrl\":\"https:\/\/secure.gravatar.com\/avatar\/fbecca90befcfda9505216ce0dc87261326cb6644deb5861e7ab404061c24246?s=96&d=mm&r=g\",\"caption\":\"fabio_bairros\"}}]}<\/script>\n<!-- \/ Yoast SEO plugin. -->","yoast_head_json":{"title":"Projetos de retrofit no centro - Estad\u00e3o Expresso S\u00e3o Paulo","description":"Iniciativa inclui edif\u00edcios hist\u00f3ricos e prev\u00ea R$ 200 milh\u00f5es em subven\u00e7\u00e3o econ\u00f4mica","robots":{"index":"index","follow":"follow","max-snippet":"max-snippet:-1","max-image-preview":"max-image-preview:large","max-video-preview":"max-video-preview:-1"},"canonical":"https:\/\/expresso.estadao.com.br\/sao-paulo\/2025\/10\/10\/prefeitura-aprova-16-novos-projetos-de-retrofit-no-centro-de-sao-paulo\/","og_locale":"pt_BR","og_type":"article","og_title":"Projetos de retrofit no centro - Estad\u00e3o Expresso S\u00e3o Paulo","og_description":"Iniciativa inclui edif\u00edcios hist\u00f3ricos e prev\u00ea R$ 200 milh\u00f5es em subven\u00e7\u00e3o econ\u00f4mica","og_url":"https:\/\/expresso.estadao.com.br\/sao-paulo\/2025\/10\/10\/prefeitura-aprova-16-novos-projetos-de-retrofit-no-centro-de-sao-paulo\/","og_site_name":"Estad\u00e3o Expresso S\u00e3o Paulo","article_published_time":"2025-10-10T14:19:04+00:00","article_modified_time":"2025-10-12T12:39:06+00:00","og_image":[{"width":"","height":"","url":"https:\/\/expresso.estadao.com.br\/sao-paulo\/wp-content\/uploads\/2025\/10\/martineli-1110x740.jpg","type":"image\/jpeg"}],"author":"fabio_bairros","twitter_card":"summary_large_image","twitter_misc":{"Escrito por":"fabio_bairros","Est. tempo de leitura":"2 minutos"},"schema":{"@context":"https:\/\/schema.org","@graph":[{"@type":"WebPage","@id":"https:\/\/expresso.estadao.com.br\/sao-paulo\/2025\/10\/10\/prefeitura-aprova-16-novos-projetos-de-retrofit-no-centro-de-sao-paulo\/","url":"https:\/\/expresso.estadao.com.br\/sao-paulo\/2025\/10\/10\/prefeitura-aprova-16-novos-projetos-de-retrofit-no-centro-de-sao-paulo\/","name":"Projetos de retrofit no centro - Estad\u00e3o Expresso S\u00e3o Paulo","isPartOf":{"@id":"https:\/\/expresso.estadao.com.br\/sao-paulo\/#website"},"primaryImageOfPage":{"@id":"https:\/\/expresso.estadao.com.br\/sao-paulo\/2025\/10\/10\/prefeitura-aprova-16-novos-projetos-de-retrofit-no-centro-de-sao-paulo\/#primaryimage"},"image":{"@id":"https:\/\/expresso.estadao.com.br\/sao-paulo\/2025\/10\/10\/prefeitura-aprova-16-novos-projetos-de-retrofit-no-centro-de-sao-paulo\/#primaryimage"},"thumbnailUrl":"https:\/\/expresso.estadao.com.br\/sao-paulo\/wp-content\/uploads\/2025\/10\/martineli-scaled.jpg","datePublished":"2025-10-10T14:19:04+00:00","dateModified":"2025-10-12T12:39:06+00:00","author":{"@id":"https:\/\/expresso.estadao.com.br\/sao-paulo\/#\/schema\/person\/f45f9e313ba8cbe5af9424f387ddef42"},"description":"Iniciativa inclui edif\u00edcios hist\u00f3ricos e prev\u00ea R$ 200 milh\u00f5es em subven\u00e7\u00e3o econ\u00f4mica","breadcrumb":{"@id":"https:\/\/expresso.estadao.com.br\/sao-paulo\/2025\/10\/10\/prefeitura-aprova-16-novos-projetos-de-retrofit-no-centro-de-sao-paulo\/#breadcrumb"},"inLanguage":"pt-BR","potentialAction":[{"@type":"ReadAction","target":["https:\/\/expresso.estadao.com.br\/sao-paulo\/2025\/10\/10\/prefeitura-aprova-16-novos-projetos-de-retrofit-no-centro-de-sao-paulo\/"]}]},{"@type":"ImageObject","inLanguage":"pt-BR","@id":"https:\/\/expresso.estadao.com.br\/sao-paulo\/2025\/10\/10\/prefeitura-aprova-16-novos-projetos-de-retrofit-no-centro-de-sao-paulo\/#primaryimage","url":"https:\/\/expresso.estadao.com.br\/sao-paulo\/wp-content\/uploads\/2025\/10\/martineli-scaled.jpg","contentUrl":"https:\/\/expresso.estadao.com.br\/sao-paulo\/wp-content\/uploads\/2025\/10\/martineli-scaled.jpg","width":2048,"height":1366,"caption":"Edif\u00edcio Martinelli - Foto: LZ Santana\/Especial para o Estad\u00e3o"},{"@type":"BreadcrumbList","@id":"https:\/\/expresso.estadao.com.br\/sao-paulo\/2025\/10\/10\/prefeitura-aprova-16-novos-projetos-de-retrofit-no-centro-de-sao-paulo\/#breadcrumb","itemListElement":[{"@type":"ListItem","position":1,"name":"In\u00edcio","item":"https:\/\/expresso.estadao.com.br\/sao-paulo\/"},{"@type":"ListItem","position":2,"name":"Prefeitura aprova 16 novos projetos de retrofit no centro de S\u00e3o Paulo"}]},{"@type":"WebSite","@id":"https:\/\/expresso.estadao.com.br\/sao-paulo\/#website","url":"https:\/\/expresso.estadao.com.br\/sao-paulo\/","name":"Estad\u00e3o Expresso S\u00e3o Paulo","description":"Conte\u00fado de presta\u00e7\u00e3o de servi\u00e7o para que os moradores da cidade de S\u00e3o Paulo possam se informar melhor e usar de maneira mais eficaz os servi\u00e7os p\u00fablicos municipais.","potentialAction":[{"@type":"SearchAction","target":{"@type":"EntryPoint","urlTemplate":"https:\/\/expresso.estadao.com.br\/sao-paulo\/?s={search_term_string}"},"query-input":{"@type":"PropertyValueSpecification","valueRequired":true,"valueName":"search_term_string"}}],"inLanguage":"pt-BR"},{"@type":"Person","@id":"https:\/\/expresso.estadao.com.br\/sao-paulo\/#\/schema\/person\/f45f9e313ba8cbe5af9424f387ddef42","name":"fabio_bairros","image":{"@type":"ImageObject","inLanguage":"pt-BR","@id":"https:\/\/expresso.estadao.com.br\/sao-paulo\/#\/schema\/person\/image\/","url":"https:\/\/secure.gravatar.com\/avatar\/fbecca90befcfda9505216ce0dc87261326cb6644deb5861e7ab404061c24246?s=96&d=mm&r=g","contentUrl":"https:\/\/secure.gravatar.com\/avatar\/fbecca90befcfda9505216ce0dc87261326cb6644deb5861e7ab404061c24246?s=96&d=mm&r=g","caption":"fabio_bairros"}}]}},"_links":{"self":[{"href":"https:\/\/expresso.estadao.com.br\/sao-paulo\/wp-json\/wp\/v2\/posts\/11877","targetHints":{"allow":["GET"]}}],"collection":[{"href":"https:\/\/expresso.estadao.com.br\/sao-paulo\/wp-json\/wp\/v2\/posts"}],"about":[{"href":"https:\/\/expresso.estadao.com.br\/sao-paulo\/wp-json\/wp\/v2\/types\/post"}],"author":[{"embeddable":true,"href":"https:\/\/expresso.estadao.com.br\/sao-paulo\/wp-json\/wp\/v2\/users\/4"}],"replies":[{"embeddable":true,"href":"https:\/\/expresso.estadao.com.br\/sao-paulo\/wp-json\/wp\/v2\/comments?post=11877"}],"version-history":[{"count":2,"href":"https:\/\/expresso.estadao.com.br\/sao-paulo\/wp-json\/wp\/v2\/posts\/11877\/revisions"}],"predecessor-version":[{"id":11879,"href":"https:\/\/expresso.estadao.com.br\/sao-paulo\/wp-json\/wp\/v2\/posts\/11877\/revisions\/11879"}],"wp:featuredmedia":[{"embeddable":true,"href":"https:\/\/expresso.estadao.com.br\/sao-paulo\/wp-json\/wp\/v2\/media\/11880"}],"wp:attachment":[{"href":"https:\/\/expresso.estadao.com.br\/sao-paulo\/wp-json\/wp\/v2\/media?parent=11877"}],"wp:term":[{"taxonomy":"category","embeddable":true,"href":"https:\/\/expresso.estadao.com.br\/sao-paulo\/wp-json\/wp\/v2\/categories?post=11877"},{"taxonomy":"post_tag","embeddable":true,"href":"https:\/\/expresso.estadao.com.br\/sao-paulo\/wp-json\/wp\/v2\/tags?post=11877"}],"curies":[{"name":"wp","href":"https:\/\/api.w.org\/{rel}","templated":true}]}}