{"id":11946,"date":"2025-10-17T08:34:58","date_gmt":"2025-10-17T11:34:58","guid":{"rendered":"https:\/\/expresso.estadao.com.br\/sao-paulo\/?p=11946"},"modified":"2025-10-17T08:34:58","modified_gmt":"2025-10-17T11:34:58","slug":"prefeitura-amplia-atendimento-especializado-para-pessoas-com-dor-cronica","status":"publish","type":"post","link":"https:\/\/expresso.estadao.com.br\/sao-paulo\/2025\/10\/17\/prefeitura-amplia-atendimento-especializado-para-pessoas-com-dor-cronica\/","title":{"rendered":"Prefeitura amplia atendimento especializado para pessoas com dor cr\u00f4nica"},"content":{"rendered":"<article class=\"text-token-text-primary w-full focus:outline-none [--shadow-height:45px] has-data-writing-block:pointer-events-none has-data-writing-block:-mt-(--shadow-height) has-data-writing-block:pt-(--shadow-height) [&amp;:has([data-writing-block])&gt;*]:pointer-events-auto [content-visibility:auto] supports-[content-visibility:auto]:[contain-intrinsic-size:auto_100lvh] scroll-mt-[calc(var(--header-height)+min(200px,max(70px,20svh)))]\" dir=\"auto\" tabindex=\"-1\" data-turn-id=\"request-WEB:9eaaae4e-301c-4f7c-ac4b-535c75703dd1-1\" data-testid=\"conversation-turn-4\" data-scroll-anchor=\"true\" data-turn=\"assistant\">\n<div class=\"text-base my-auto mx-auto pb-10 [--thread-content-margin:--spacing(4)] thread-sm:[--thread-content-margin:--spacing(6)] thread-lg:[--thread-content-margin:--spacing(16)] px-(--thread-content-margin)\">\n<div class=\"[--thread-content-max-width:40rem] thread-lg:[--thread-content-max-width:48rem] mx-auto max-w-(--thread-content-max-width) flex-1 group\/turn-messages focus-visible:outline-hidden relative flex w-full min-w-0 flex-col agent-turn\" tabindex=\"-1\">\n<div class=\"flex max-w-full flex-col grow\">\n<div class=\"min-h-8 text-message relative flex w-full flex-col items-end gap-2 text-start break-words whitespace-normal [.text-message+&amp;]:mt-1\" dir=\"auto\" data-message-author-role=\"assistant\" data-message-id=\"f72e77f5-92d0-4730-a34d-4162375d4805\" data-message-model-slug=\"gpt-5\">\n<div class=\"flex w-full flex-col gap-1 empty:hidden first:pt-[1px]\">\n<div class=\"markdown prose dark:prose-invert w-full break-words light markdown-new-styling\">\n<p data-start=\"192\" data-end=\"567\">Conviver com dor cr\u00f4nica interfere em todos os aspectos da rotina: as atividades mais simples passam a exigir esfor\u00e7o. Para oferecer acolhimento e tratamento a quem vive essa realidade, a Prefeitura de S\u00e3o Paulo implantou os Centros de Refer\u00eancia da Dor (CR Dor), unidades especializadas que atuam em parceria com a rede municipal de sa\u00fade.<\/p>\n<p data-start=\"569\" data-end=\"935\">Os CR Dor atendem pessoas com dores musculoesquel\u00e9ticas, neurop\u00e1ticas, oncol\u00f3gicas ou p\u00f3s-cir\u00fargicas. Desde 2021, somam mais de 570 mil atendimentos realizados em seis unidades \u2014 uma em cada regi\u00e3o da cidade. Cada centro recebeu investimento m\u00e9dio de R$ 860 mil e funciona como retaguarda das Unidades B\u00e1sicas de Sa\u00fade (UBS), recebendo casos de maior complexidade.<\/p>\n<p data-start=\"937\" data-end=\"1264\">A dor cr\u00f4nica \u00e9 caracterizada pela persist\u00eancia por mais de tr\u00eas meses e pode comprometer movimentos, produtividade e sa\u00fade emocional. Muitas pessoas passam a evitar tarefas cotidianas por medo do inc\u00f4modo, o que gera depend\u00eancia e isolamento. O atendimento especializado ajuda a interromper esse ciclo e recuperar autonomia.<\/p>\n<p data-start=\"1266\" data-end=\"1671\">A farmac\u00eautica S\u00edlvia Patr\u00edcio Soares, do CR Dor Vila Mariana, afirma que os resultados s\u00e3o vis\u00edveis. \u201cTrabalhamos a reeduca\u00e7\u00e3o, o autocuidado e o entendimento dos gatilhos da dor. A partir da\u00ed, ajudamos o paciente a reorganizar a rotina e adotar novos h\u00e1bitos\u201d, explica. Segundo ela, ap\u00f3s a alta, os usu\u00e1rios s\u00e3o encaminhados para outros servi\u00e7os da rede, que garantem a continuidade do acompanhamento.<\/p>\n<p data-start=\"1673\" data-end=\"1912\"><strong>Cuidado integral e multiprofissional<\/strong><\/p>\n<p data-start=\"1673\" data-end=\"1912\">Cada centro re\u00fane equipe composta por m\u00e9dicos (anestesiologistas, neurologistas ou fisiatras), enfermeiros, psic\u00f3logos, fisioterapeutas, terapeutas ocupacionais, farmac\u00eauticos e assistentes sociais.<\/p>\n<p data-start=\"1914\" data-end=\"2206\">Os atendimentos podem ser individuais ou em grupo e incluem fisioterapia, acupuntura, auriculoterapia, reeduca\u00e7\u00e3o postural, medita\u00e7\u00e3o e outras terapias integrativas reconhecidas pelo SUS. O plano terap\u00eautico \u00e9 elaborado junto ao paciente, com foco em aliviar a dor e promover independ\u00eancia.<\/p>\n<\/div>\n<\/div>\n<\/div>\n<\/div>\n<\/div>\n<div class=\"z-0 flex min-h-[46px] justify-start\"><\/div>\n<div class=\"[--thread-content-max-width:40rem] thread-lg:[--thread-content-max-width:48rem] mx-auto max-w-(--thread-content-max-width) flex-1 group\/turn-messages focus-visible:outline-hidden relative flex w-full min-w-0 flex-col agent-turn\" tabindex=\"-1\">\n<div class=\"mt-3 w-full empty:hidden\">\n<div class=\"text-center\"><\/div>\n<\/div>\n<\/div>\n<\/div>\n<\/article>\n<div class=\"pointer-events-none h-px w-px\" aria-hidden=\"true\" data-edge=\"true\"><\/div>\n","protected":false},"excerpt":{"rendered":"<p>Conviver com dor cr\u00f4nica interfere em todos os aspectos da rotina: as atividades mais simples passam a exigir esfor\u00e7o. Para oferecer acolhimento e tratamento a quem vive essa realidade, a Prefeitura de S\u00e3o Paulo implantou os Centros de Refer\u00eancia da Dor (CR Dor), unidades especializadas que atuam em parceria com a rede municipal de sa\u00fade. [&hellip;]<\/p>\n","protected":false},"author":4,"featured_media":11949,"comment_status":"open","ping_status":"closed","sticky":false,"template":"","format":"standard","meta":{"_acf_changed":false,"_monsterinsights_skip_tracking":false,"_monsterinsights_sitenote_active":false,"_monsterinsights_sitenote_note":"","_monsterinsights_sitenote_category":0,"footnotes":""},"categories":[758],"tags":[1306,52],"class_list":["post-11946","post","type-post","status-publish","format-standard","has-post-thumbnail","hentry","category-saude","tag-centros-de-dor-cronica","tag-prefeitura-de-sao-paulo"],"acf":[],"yoast_head":"<!-- This site is optimized with the Yoast SEO plugin v24.1 - https:\/\/yoast.com\/wordpress\/plugins\/seo\/ -->\n<title>Centros de dor cr\u00f4nica - Estad\u00e3o Expresso S\u00e3o Paulo<\/title>\n<meta name=\"description\" content=\"Centros de Refer\u00eancia da Dor oferecem tratamento multiprofissional em seis regi\u00f5es da capital\" \/>\n<meta name=\"robots\" content=\"index, follow, max-snippet:-1, max-image-preview:large, max-video-preview:-1\" \/>\n<link rel=\"canonical\" href=\"https:\/\/expresso.estadao.com.br\/sao-paulo\/2025\/10\/17\/prefeitura-amplia-atendimento-especializado-para-pessoas-com-dor-cronica\/\" \/>\n<meta property=\"og:locale\" content=\"pt_BR\" \/>\n<meta property=\"og:type\" content=\"article\" \/>\n<meta property=\"og:title\" content=\"Centros de dor cr\u00f4nica - Estad\u00e3o Expresso S\u00e3o Paulo\" \/>\n<meta property=\"og:description\" content=\"Centros de Refer\u00eancia da Dor oferecem tratamento multiprofissional em seis regi\u00f5es da capital\" \/>\n<meta property=\"og:url\" content=\"https:\/\/expresso.estadao.com.br\/sao-paulo\/2025\/10\/17\/prefeitura-amplia-atendimento-especializado-para-pessoas-com-dor-cronica\/\" \/>\n<meta property=\"og:site_name\" content=\"Estad\u00e3o Expresso S\u00e3o Paulo\" \/>\n<meta property=\"article:published_time\" content=\"2025-10-17T11:34:58+00:00\" \/>\n<meta property=\"og:image\" content=\"https:\/\/expresso.estadao.com.br\/sao-paulo\/wp-content\/uploads\/2025\/10\/20251007_centroreferenciadorcronicavilamariana_007_lr-scaled.jpg\" \/>\n\t<meta property=\"og:image:type\" content=\"image\/jpeg\" \/>\n<meta name=\"author\" content=\"fabio_bairros\" \/>\n<meta name=\"twitter:card\" content=\"summary_large_image\" \/>\n<meta name=\"twitter:label1\" content=\"Escrito por\" \/>\n\t<meta name=\"twitter:data1\" content=\"fabio_bairros\" \/>\n\t<meta name=\"twitter:label2\" content=\"Est. tempo de leitura\" \/>\n\t<meta name=\"twitter:data2\" content=\"2 minutos\" \/>\n<script type=\"application\/ld+json\" class=\"yoast-schema-graph\">{\"@context\":\"https:\/\/schema.org\",\"@graph\":[{\"@type\":\"WebPage\",\"@id\":\"https:\/\/expresso.estadao.com.br\/sao-paulo\/2025\/10\/17\/prefeitura-amplia-atendimento-especializado-para-pessoas-com-dor-cronica\/\",\"url\":\"https:\/\/expresso.estadao.com.br\/sao-paulo\/2025\/10\/17\/prefeitura-amplia-atendimento-especializado-para-pessoas-com-dor-cronica\/\",\"name\":\"Centros de dor cr\u00f4nica - Estad\u00e3o Expresso S\u00e3o Paulo\",\"isPartOf\":{\"@id\":\"https:\/\/expresso.estadao.com.br\/sao-paulo\/#website\"},\"primaryImageOfPage\":{\"@id\":\"https:\/\/expresso.estadao.com.br\/sao-paulo\/2025\/10\/17\/prefeitura-amplia-atendimento-especializado-para-pessoas-com-dor-cronica\/#primaryimage\"},\"image\":{\"@id\":\"https:\/\/expresso.estadao.com.br\/sao-paulo\/2025\/10\/17\/prefeitura-amplia-atendimento-especializado-para-pessoas-com-dor-cronica\/#primaryimage\"},\"thumbnailUrl\":\"https:\/\/expresso.estadao.com.br\/sao-paulo\/wp-content\/uploads\/2025\/10\/20251007_centroreferenciadorcronicavilamariana_007_lr-scaled.jpg\",\"datePublished\":\"2025-10-17T11:34:58+00:00\",\"dateModified\":\"2025-10-17T11:34:58+00:00\",\"author\":{\"@id\":\"https:\/\/expresso.estadao.com.br\/sao-paulo\/#\/schema\/person\/f45f9e313ba8cbe5af9424f387ddef42\"},\"description\":\"Centros de Refer\u00eancia da Dor oferecem tratamento multiprofissional em seis regi\u00f5es da capital\",\"breadcrumb\":{\"@id\":\"https:\/\/expresso.estadao.com.br\/sao-paulo\/2025\/10\/17\/prefeitura-amplia-atendimento-especializado-para-pessoas-com-dor-cronica\/#breadcrumb\"},\"inLanguage\":\"pt-BR\",\"potentialAction\":[{\"@type\":\"ReadAction\",\"target\":[\"https:\/\/expresso.estadao.com.br\/sao-paulo\/2025\/10\/17\/prefeitura-amplia-atendimento-especializado-para-pessoas-com-dor-cronica\/\"]}]},{\"@type\":\"ImageObject\",\"inLanguage\":\"pt-BR\",\"@id\":\"https:\/\/expresso.estadao.com.br\/sao-paulo\/2025\/10\/17\/prefeitura-amplia-atendimento-especializado-para-pessoas-com-dor-cronica\/#primaryimage\",\"url\":\"https:\/\/expresso.estadao.com.br\/sao-paulo\/wp-content\/uploads\/2025\/10\/20251007_centroreferenciadorcronicavilamariana_007_lr-scaled.jpg\",\"contentUrl\":\"https:\/\/expresso.estadao.com.br\/sao-paulo\/wp-content\/uploads\/2025\/10\/20251007_centroreferenciadorcronicavilamariana_007_lr-scaled.jpg\",\"width\":2560,\"height\":1703,\"caption\":\"Foto: Leon Rodrigues\/Divulga\u00e7\u00e3o\/Secom\"},{\"@type\":\"BreadcrumbList\",\"@id\":\"https:\/\/expresso.estadao.com.br\/sao-paulo\/2025\/10\/17\/prefeitura-amplia-atendimento-especializado-para-pessoas-com-dor-cronica\/#breadcrumb\",\"itemListElement\":[{\"@type\":\"ListItem\",\"position\":1,\"name\":\"In\u00edcio\",\"item\":\"https:\/\/expresso.estadao.com.br\/sao-paulo\/\"},{\"@type\":\"ListItem\",\"position\":2,\"name\":\"Prefeitura amplia atendimento especializado para pessoas com dor cr\u00f4nica\"}]},{\"@type\":\"WebSite\",\"@id\":\"https:\/\/expresso.estadao.com.br\/sao-paulo\/#website\",\"url\":\"https:\/\/expresso.estadao.com.br\/sao-paulo\/\",\"name\":\"Estad\u00e3o Expresso S\u00e3o Paulo\",\"description\":\"Conte\u00fado de presta\u00e7\u00e3o de servi\u00e7o para que os moradores da cidade de S\u00e3o Paulo possam se informar melhor e usar de maneira mais eficaz os servi\u00e7os p\u00fablicos municipais.\",\"potentialAction\":[{\"@type\":\"SearchAction\",\"target\":{\"@type\":\"EntryPoint\",\"urlTemplate\":\"https:\/\/expresso.estadao.com.br\/sao-paulo\/?s={search_term_string}\"},\"query-input\":{\"@type\":\"PropertyValueSpecification\",\"valueRequired\":true,\"valueName\":\"search_term_string\"}}],\"inLanguage\":\"pt-BR\"},{\"@type\":\"Person\",\"@id\":\"https:\/\/expresso.estadao.com.br\/sao-paulo\/#\/schema\/person\/f45f9e313ba8cbe5af9424f387ddef42\",\"name\":\"fabio_bairros\",\"image\":{\"@type\":\"ImageObject\",\"inLanguage\":\"pt-BR\",\"@id\":\"https:\/\/expresso.estadao.com.br\/sao-paulo\/#\/schema\/person\/image\/\",\"url\":\"https:\/\/secure.gravatar.com\/avatar\/fbecca90befcfda9505216ce0dc87261326cb6644deb5861e7ab404061c24246?s=96&d=mm&r=g\",\"contentUrl\":\"https:\/\/secure.gravatar.com\/avatar\/fbecca90befcfda9505216ce0dc87261326cb6644deb5861e7ab404061c24246?s=96&d=mm&r=g\",\"caption\":\"fabio_bairros\"}}]}<\/script>\n<!-- \/ Yoast SEO plugin. -->","yoast_head_json":{"title":"Centros de dor cr\u00f4nica - Estad\u00e3o Expresso S\u00e3o Paulo","description":"Centros de Refer\u00eancia da Dor oferecem tratamento multiprofissional em seis regi\u00f5es da capital","robots":{"index":"index","follow":"follow","max-snippet":"max-snippet:-1","max-image-preview":"max-image-preview:large","max-video-preview":"max-video-preview:-1"},"canonical":"https:\/\/expresso.estadao.com.br\/sao-paulo\/2025\/10\/17\/prefeitura-amplia-atendimento-especializado-para-pessoas-com-dor-cronica\/","og_locale":"pt_BR","og_type":"article","og_title":"Centros de dor cr\u00f4nica - Estad\u00e3o Expresso S\u00e3o Paulo","og_description":"Centros de Refer\u00eancia da Dor oferecem tratamento multiprofissional em seis regi\u00f5es da capital","og_url":"https:\/\/expresso.estadao.com.br\/sao-paulo\/2025\/10\/17\/prefeitura-amplia-atendimento-especializado-para-pessoas-com-dor-cronica\/","og_site_name":"Estad\u00e3o Expresso S\u00e3o Paulo","article_published_time":"2025-10-17T11:34:58+00:00","og_image":[{"width":"","height":"","url":"https:\/\/expresso.estadao.com.br\/sao-paulo\/wp-content\/uploads\/2025\/10\/20251007_centroreferenciadorcronicavilamariana_007_lr-scaled.jpg","type":"image\/jpeg"}],"author":"fabio_bairros","twitter_card":"summary_large_image","twitter_misc":{"Escrito por":"fabio_bairros","Est. tempo de leitura":"2 minutos"},"schema":{"@context":"https:\/\/schema.org","@graph":[{"@type":"WebPage","@id":"https:\/\/expresso.estadao.com.br\/sao-paulo\/2025\/10\/17\/prefeitura-amplia-atendimento-especializado-para-pessoas-com-dor-cronica\/","url":"https:\/\/expresso.estadao.com.br\/sao-paulo\/2025\/10\/17\/prefeitura-amplia-atendimento-especializado-para-pessoas-com-dor-cronica\/","name":"Centros de dor cr\u00f4nica - Estad\u00e3o Expresso S\u00e3o Paulo","isPartOf":{"@id":"https:\/\/expresso.estadao.com.br\/sao-paulo\/#website"},"primaryImageOfPage":{"@id":"https:\/\/expresso.estadao.com.br\/sao-paulo\/2025\/10\/17\/prefeitura-amplia-atendimento-especializado-para-pessoas-com-dor-cronica\/#primaryimage"},"image":{"@id":"https:\/\/expresso.estadao.com.br\/sao-paulo\/2025\/10\/17\/prefeitura-amplia-atendimento-especializado-para-pessoas-com-dor-cronica\/#primaryimage"},"thumbnailUrl":"https:\/\/expresso.estadao.com.br\/sao-paulo\/wp-content\/uploads\/2025\/10\/20251007_centroreferenciadorcronicavilamariana_007_lr-scaled.jpg","datePublished":"2025-10-17T11:34:58+00:00","dateModified":"2025-10-17T11:34:58+00:00","author":{"@id":"https:\/\/expresso.estadao.com.br\/sao-paulo\/#\/schema\/person\/f45f9e313ba8cbe5af9424f387ddef42"},"description":"Centros de Refer\u00eancia da Dor oferecem tratamento multiprofissional em seis regi\u00f5es da capital","breadcrumb":{"@id":"https:\/\/expresso.estadao.com.br\/sao-paulo\/2025\/10\/17\/prefeitura-amplia-atendimento-especializado-para-pessoas-com-dor-cronica\/#breadcrumb"},"inLanguage":"pt-BR","potentialAction":[{"@type":"ReadAction","target":["https:\/\/expresso.estadao.com.br\/sao-paulo\/2025\/10\/17\/prefeitura-amplia-atendimento-especializado-para-pessoas-com-dor-cronica\/"]}]},{"@type":"ImageObject","inLanguage":"pt-BR","@id":"https:\/\/expresso.estadao.com.br\/sao-paulo\/2025\/10\/17\/prefeitura-amplia-atendimento-especializado-para-pessoas-com-dor-cronica\/#primaryimage","url":"https:\/\/expresso.estadao.com.br\/sao-paulo\/wp-content\/uploads\/2025\/10\/20251007_centroreferenciadorcronicavilamariana_007_lr-scaled.jpg","contentUrl":"https:\/\/expresso.estadao.com.br\/sao-paulo\/wp-content\/uploads\/2025\/10\/20251007_centroreferenciadorcronicavilamariana_007_lr-scaled.jpg","width":2560,"height":1703,"caption":"Foto: Leon Rodrigues\/Divulga\u00e7\u00e3o\/Secom"},{"@type":"BreadcrumbList","@id":"https:\/\/expresso.estadao.com.br\/sao-paulo\/2025\/10\/17\/prefeitura-amplia-atendimento-especializado-para-pessoas-com-dor-cronica\/#breadcrumb","itemListElement":[{"@type":"ListItem","position":1,"name":"In\u00edcio","item":"https:\/\/expresso.estadao.com.br\/sao-paulo\/"},{"@type":"ListItem","position":2,"name":"Prefeitura amplia atendimento especializado para pessoas com dor cr\u00f4nica"}]},{"@type":"WebSite","@id":"https:\/\/expresso.estadao.com.br\/sao-paulo\/#website","url":"https:\/\/expresso.estadao.com.br\/sao-paulo\/","name":"Estad\u00e3o Expresso S\u00e3o Paulo","description":"Conte\u00fado de presta\u00e7\u00e3o de servi\u00e7o para que os moradores da cidade de S\u00e3o Paulo possam se informar melhor e usar de maneira mais eficaz os servi\u00e7os p\u00fablicos municipais.","potentialAction":[{"@type":"SearchAction","target":{"@type":"EntryPoint","urlTemplate":"https:\/\/expresso.estadao.com.br\/sao-paulo\/?s={search_term_string}"},"query-input":{"@type":"PropertyValueSpecification","valueRequired":true,"valueName":"search_term_string"}}],"inLanguage":"pt-BR"},{"@type":"Person","@id":"https:\/\/expresso.estadao.com.br\/sao-paulo\/#\/schema\/person\/f45f9e313ba8cbe5af9424f387ddef42","name":"fabio_bairros","image":{"@type":"ImageObject","inLanguage":"pt-BR","@id":"https:\/\/expresso.estadao.com.br\/sao-paulo\/#\/schema\/person\/image\/","url":"https:\/\/secure.gravatar.com\/avatar\/fbecca90befcfda9505216ce0dc87261326cb6644deb5861e7ab404061c24246?s=96&d=mm&r=g","contentUrl":"https:\/\/secure.gravatar.com\/avatar\/fbecca90befcfda9505216ce0dc87261326cb6644deb5861e7ab404061c24246?s=96&d=mm&r=g","caption":"fabio_bairros"}}]}},"_links":{"self":[{"href":"https:\/\/expresso.estadao.com.br\/sao-paulo\/wp-json\/wp\/v2\/posts\/11946","targetHints":{"allow":["GET"]}}],"collection":[{"href":"https:\/\/expresso.estadao.com.br\/sao-paulo\/wp-json\/wp\/v2\/posts"}],"about":[{"href":"https:\/\/expresso.estadao.com.br\/sao-paulo\/wp-json\/wp\/v2\/types\/post"}],"author":[{"embeddable":true,"href":"https:\/\/expresso.estadao.com.br\/sao-paulo\/wp-json\/wp\/v2\/users\/4"}],"replies":[{"embeddable":true,"href":"https:\/\/expresso.estadao.com.br\/sao-paulo\/wp-json\/wp\/v2\/comments?post=11946"}],"version-history":[{"count":3,"href":"https:\/\/expresso.estadao.com.br\/sao-paulo\/wp-json\/wp\/v2\/posts\/11946\/revisions"}],"predecessor-version":[{"id":11950,"href":"https:\/\/expresso.estadao.com.br\/sao-paulo\/wp-json\/wp\/v2\/posts\/11946\/revisions\/11950"}],"wp:featuredmedia":[{"embeddable":true,"href":"https:\/\/expresso.estadao.com.br\/sao-paulo\/wp-json\/wp\/v2\/media\/11949"}],"wp:attachment":[{"href":"https:\/\/expresso.estadao.com.br\/sao-paulo\/wp-json\/wp\/v2\/media?parent=11946"}],"wp:term":[{"taxonomy":"category","embeddable":true,"href":"https:\/\/expresso.estadao.com.br\/sao-paulo\/wp-json\/wp\/v2\/categories?post=11946"},{"taxonomy":"post_tag","embeddable":true,"href":"https:\/\/expresso.estadao.com.br\/sao-paulo\/wp-json\/wp\/v2\/tags?post=11946"}],"curies":[{"name":"wp","href":"https:\/\/api.w.org\/{rel}","templated":true}]}}