{"id":11952,"date":"2025-10-18T09:05:35","date_gmt":"2025-10-18T12:05:35","guid":{"rendered":"https:\/\/expresso.estadao.com.br\/sao-paulo\/?p=11952"},"modified":"2025-10-18T09:05:35","modified_gmt":"2025-10-18T12:05:35","slug":"biblioteca-mario-de-andrade-celebra-100-anos-com-shows-gratuitos","status":"publish","type":"post","link":"https:\/\/expresso.estadao.com.br\/sao-paulo\/2025\/10\/18\/biblioteca-mario-de-andrade-celebra-100-anos-com-shows-gratuitos\/","title":{"rendered":"Biblioteca M\u00e1rio de Andrade celebra 100 anos com shows gratuitos"},"content":{"rendered":"<p data-start=\"77\" data-end=\"220\">A Prefeitura de S\u00e3o Paulo promove, entre os dias 24 e 26 de outubro, a quinta edi\u00e7\u00e3o do Festival M\u00e1rio de Andrade, que celebra o centen\u00e1rio da principal biblioteca p\u00fablica da cidade. O evento re\u00fane atra\u00e7\u00f5es musicais gratuitas na Biblioteca M\u00e1rio de Andrade, na Pra\u00e7a das Artes e na Pra\u00e7a Dom Jos\u00e9 Gaspar. Entre os artistas confirmados est\u00e3o Di Melo, Rashid, Catto, Stefanie, Assucena e Gabeu.<\/p>\n<p data-start=\"690\" data-end=\"980\">O show de abertura, \u201cP\u00e9rolas Negras\u201d, acontece na sexta-feira (24), \u00e0s 20h, no audit\u00f3rio da biblioteca. A apresenta\u00e7\u00e3o homenageia mulheres negras do samba, como Clementina de Jesus, Dona Ivone Lara e Jovelina P\u00e9rola Negra, com interpreta\u00e7\u00f5es de Eliana Pittman, Ala\u00edde Costa e Gra\u00e7a Braga.<\/p>\n<p data-start=\"982\" data-end=\"1452\">No s\u00e1bado (25), a Pra\u00e7a Dom Jos\u00e9 Gaspar recebe a maior parte das apresenta\u00e7\u00f5es. A cantora ind\u00edgena Djuena Tikuna abre o palco \u00e0s 10h30, seguida do Quinteto Pixinguinhas, \u00e0s 12h30, com repert\u00f3rio dedicado ao choro tradicional. \u00c0s 14h30, o projeto \u201cO Peso da Tradi\u00e7\u00e3o\u201d re\u00fane a Velha Guarda do Camisa Verde e Branco e a cantora Adriana Moreira. Gabeu, \u00e0s 16h30, apresenta um tributo aos 100 anos de Inezita Barroso, mesclando o universo sertanejo e a est\u00e9tica LGBTQIAPN+.<\/p>\n<div id=\"attachment_11111\" style=\"width: 1120px\" class=\"wp-caption alignnone\"><img loading=\"lazy\" decoding=\"async\" aria-describedby=\"caption-attachment-11111\" class=\"size-large wp-image-11111\" src=\"https:\/\/expresso.estadao.com.br\/sao-paulo\/wp-content\/uploads\/2025\/06\/20250612_PRACA-D-JOSE-GASPAR_-JARDIM_0007_JFD-1110x740.jpg\" alt=\"FLOReCIDADE\" width=\"1110\" height=\"740\" srcset=\"https:\/\/expresso.estadao.com.br\/sao-paulo\/wp-content\/uploads\/2025\/06\/20250612_PRACA-D-JOSE-GASPAR_-JARDIM_0007_JFD-1110x740.jpg 1110w, https:\/\/expresso.estadao.com.br\/sao-paulo\/wp-content\/uploads\/2025\/06\/20250612_PRACA-D-JOSE-GASPAR_-JARDIM_0007_JFD-450x300.jpg 450w, https:\/\/expresso.estadao.com.br\/sao-paulo\/wp-content\/uploads\/2025\/06\/20250612_PRACA-D-JOSE-GASPAR_-JARDIM_0007_JFD-768x512.jpg 768w, https:\/\/expresso.estadao.com.br\/sao-paulo\/wp-content\/uploads\/2025\/06\/20250612_PRACA-D-JOSE-GASPAR_-JARDIM_0007_JFD-1536x1024.jpg 1536w, https:\/\/expresso.estadao.com.br\/sao-paulo\/wp-content\/uploads\/2025\/06\/20250612_PRACA-D-JOSE-GASPAR_-JARDIM_0007_JFD.jpg 1600w\" sizes=\"auto, (max-width: 1110px) 100vw, 1110px\" \/><p id=\"caption-attachment-11111\" class=\"wp-caption-text\">Pra\u00e7a D. Jos\u00e9 Gaspar &#8211; Fotos &#8211; JF Diorio\/Divulga\u00e7\u00e3o\/Secom<\/p><\/div>\n<p data-start=\"1454\" data-end=\"1727\">Catto encerra o s\u00e1bado com um show \u00e0s 18h30 em homenagem aos 50 anos do \u00e1lbum \u201cFruto Proibido\u201d, de Rita Lee &amp; Tutti Frutti, interpretando faixas como \u201cAgora S\u00f3 Falta Voc\u00ea\u201d e \u201cOvelha Negra\u201d. A programa\u00e7\u00e3o musical se encerra com a discotecagem do coletivo Veraneio, \u00e0s 20h.<\/p>\n<p data-start=\"1729\" data-end=\"2357\">O domingo (26) come\u00e7a com o Ensemble FTM, grupo do Theatro Municipal de S\u00e3o Paulo, \u00e0s 10h30, com um repert\u00f3rio dedicado a Arlindo Cruz. \u00c0s 12h30, Assucena se une ao grupo SambAy\u00f4 em uma roda de samba que celebra diversidade e corpos dissidentes. \u00c0s 14h30, Alessandra Le\u00e3o convida a Mestra Nice Teles, primeira mulher a liderar um grupo de Cavalo Marinho em Pernambuco. Stefanie, rapper de Santo Andr\u00e9, sobe ao palco \u00e0s 16h30, em fase de destaque ap\u00f3s se apresentar no The Town e lan\u00e7ar o disco \u201cBunmi\u201d. O encerramento, \u00e0s 18h30, \u00e9 com Di Melo, que celebra os 50 anos de seu \u00e1lbum hom\u00f4nimo, acompanhado por Rashid e Paula Lima.<\/p>\n<p data-start=\"2359\" data-end=\"2787\">Na Pra\u00e7a das Artes, o destaque \u00e9 a m\u00fasica erudita. A pianista Eud\u00f3xia de Barros apresenta, no s\u00e1bado (25), \u00e0s 15h, um repert\u00f3rio que vai de Chiquinha Gonzaga a Osvaldo Lacerda. No domingo (26), \u00e0s 15h, o pianista H\u00e9rcules Gomes e o soprista Proveta se apresentam juntos. O v\u00e3o livre da pra\u00e7a tamb\u00e9m recebe exibi\u00e7\u00f5es com trilha sonora ao vivo: \u201cPedro e o Lobo-Guar\u00e1\u201d no s\u00e1bado, \u00e0s 16h, e \u201cCentral do Brasil\u201d no domingo, \u00e0s 18h.<\/p>\n<p data-start=\"2789\" data-end=\"2885\">A programa\u00e7\u00e3o completa do festival est\u00e1 dispon\u00edvel no <a href=\"https:\/\/prefeitura.sp.gov.br\/web\/cultura\/w\/programa%C3%A7%C3%A3o-completa-do-v-festival-m%C3%A1rio-de-andrade\">site da Secretaria Municipal de Cultura<\/a>.<\/p>\n<p data-start=\"2887\" data-end=\"3132\" data-is-last-node=\"\" data-is-only-node=\"\"><strong>Servi\u00e7o<\/strong><\/p>\n<p data-start=\"2887\" data-end=\"3132\" data-is-last-node=\"\" data-is-only-node=\"\">Festival M\u00e1rio de Andrade \u2013 100 anos da Biblioteca M\u00e1rio de Andrade<br data-start=\"2964\" data-end=\"2967\" \/>Quando: 24 a 26 de outubro<br data-start=\"2993\" data-end=\"2996\" \/>Onde: Biblioteca M\u00e1rio de Andrade (R. da Consola\u00e7\u00e3o, 94), Pra\u00e7a das Artes (Av. S\u00e3o Jo\u00e3o, 281) e Pra\u00e7a Dom Jos\u00e9 Gaspar<br data-start=\"3113\" data-end=\"3116\" \/>Entrada gratuita<\/p>\n","protected":false},"excerpt":{"rendered":"<p>A Prefeitura de S\u00e3o Paulo promove, entre os dias 24 e 26 de outubro, a quinta edi\u00e7\u00e3o do Festival M\u00e1rio de Andrade, que celebra o centen\u00e1rio da principal biblioteca p\u00fablica da cidade. O evento re\u00fane atra\u00e7\u00f5es musicais gratuitas na Biblioteca M\u00e1rio de Andrade, na Pra\u00e7a das Artes e na Pra\u00e7a Dom Jos\u00e9 Gaspar. Entre os [&hellip;]<\/p>\n","protected":false},"author":4,"featured_media":10809,"comment_status":"open","ping_status":"closed","sticky":false,"template":"","format":"standard","meta":{"_acf_changed":false,"_monsterinsights_skip_tracking":false,"_monsterinsights_sitenote_active":false,"_monsterinsights_sitenote_note":"","_monsterinsights_sitenote_category":0,"footnotes":""},"categories":[741],"tags":[1210,52],"class_list":["post-11952","post","type-post","status-publish","format-standard","has-post-thumbnail","hentry","category-cultura","tag-biblioteca-mario-de-andrade","tag-prefeitura-de-sao-paulo"],"acf":[],"yoast_head":"<!-- This site is optimized with the Yoast SEO plugin v24.1 - https:\/\/yoast.com\/wordpress\/plugins\/seo\/ -->\n<title>100 anos da Biblioteca M\u00e1rio de Andrade - Estad\u00e3o Expresso<\/title>\n<meta name=\"description\" content=\"Festival acontece entre 24 e 26 de outubro com apresenta\u00e7\u00f5es na pr\u00f3pria biblioteca, na Pra\u00e7a das Artes e na Pra\u00e7a Dom Jos\u00e9 Gaspar\" \/>\n<meta name=\"robots\" content=\"index, follow, max-snippet:-1, max-image-preview:large, max-video-preview:-1\" \/>\n<link rel=\"canonical\" href=\"https:\/\/expresso.estadao.com.br\/sao-paulo\/2025\/10\/18\/biblioteca-mario-de-andrade-celebra-100-anos-com-shows-gratuitos\/\" \/>\n<meta property=\"og:locale\" content=\"pt_BR\" \/>\n<meta property=\"og:type\" content=\"article\" \/>\n<meta property=\"og:title\" content=\"100 anos da Biblioteca M\u00e1rio de Andrade - Estad\u00e3o Expresso\" \/>\n<meta property=\"og:description\" content=\"Festival acontece entre 24 e 26 de outubro com apresenta\u00e7\u00f5es na pr\u00f3pria biblioteca, na Pra\u00e7a das Artes e na Pra\u00e7a Dom Jos\u00e9 Gaspar\" \/>\n<meta property=\"og:url\" content=\"https:\/\/expresso.estadao.com.br\/sao-paulo\/2025\/10\/18\/biblioteca-mario-de-andrade-celebra-100-anos-com-shows-gratuitos\/\" \/>\n<meta property=\"og:site_name\" content=\"Estad\u00e3o Expresso S\u00e3o Paulo\" \/>\n<meta property=\"article:published_time\" content=\"2025-10-18T12:05:35+00:00\" \/>\n<meta property=\"og:image\" content=\"https:\/\/expresso.estadao.com.br\/sao-paulo\/wp-content\/uploads\/2025\/05\/biblioteca-mario-de-andrade-scaled.jpg\" \/>\n\t<meta property=\"og:image:type\" content=\"image\/jpeg\" \/>\n<meta name=\"author\" content=\"fabio_bairros\" \/>\n<meta name=\"twitter:card\" content=\"summary_large_image\" \/>\n<meta name=\"twitter:label1\" content=\"Escrito por\" \/>\n\t<meta name=\"twitter:data1\" content=\"fabio_bairros\" \/>\n\t<meta name=\"twitter:label2\" content=\"Est. tempo de leitura\" \/>\n\t<meta name=\"twitter:data2\" content=\"4 minutos\" \/>\n<script type=\"application\/ld+json\" class=\"yoast-schema-graph\">{\"@context\":\"https:\/\/schema.org\",\"@graph\":[{\"@type\":\"WebPage\",\"@id\":\"https:\/\/expresso.estadao.com.br\/sao-paulo\/2025\/10\/18\/biblioteca-mario-de-andrade-celebra-100-anos-com-shows-gratuitos\/\",\"url\":\"https:\/\/expresso.estadao.com.br\/sao-paulo\/2025\/10\/18\/biblioteca-mario-de-andrade-celebra-100-anos-com-shows-gratuitos\/\",\"name\":\"100 anos da Biblioteca M\u00e1rio de Andrade - Estad\u00e3o Expresso\",\"isPartOf\":{\"@id\":\"https:\/\/expresso.estadao.com.br\/sao-paulo\/#website\"},\"primaryImageOfPage\":{\"@id\":\"https:\/\/expresso.estadao.com.br\/sao-paulo\/2025\/10\/18\/biblioteca-mario-de-andrade-celebra-100-anos-com-shows-gratuitos\/#primaryimage\"},\"image\":{\"@id\":\"https:\/\/expresso.estadao.com.br\/sao-paulo\/2025\/10\/18\/biblioteca-mario-de-andrade-celebra-100-anos-com-shows-gratuitos\/#primaryimage\"},\"thumbnailUrl\":\"https:\/\/expresso.estadao.com.br\/sao-paulo\/wp-content\/uploads\/2025\/05\/biblioteca-mario-de-andrade-scaled.jpg\",\"datePublished\":\"2025-10-18T12:05:35+00:00\",\"dateModified\":\"2025-10-18T12:05:35+00:00\",\"author\":{\"@id\":\"https:\/\/expresso.estadao.com.br\/sao-paulo\/#\/schema\/person\/f45f9e313ba8cbe5af9424f387ddef42\"},\"description\":\"Festival acontece entre 24 e 26 de outubro com apresenta\u00e7\u00f5es na pr\u00f3pria biblioteca, na Pra\u00e7a das Artes e na Pra\u00e7a Dom Jos\u00e9 Gaspar\",\"breadcrumb\":{\"@id\":\"https:\/\/expresso.estadao.com.br\/sao-paulo\/2025\/10\/18\/biblioteca-mario-de-andrade-celebra-100-anos-com-shows-gratuitos\/#breadcrumb\"},\"inLanguage\":\"pt-BR\",\"potentialAction\":[{\"@type\":\"ReadAction\",\"target\":[\"https:\/\/expresso.estadao.com.br\/sao-paulo\/2025\/10\/18\/biblioteca-mario-de-andrade-celebra-100-anos-com-shows-gratuitos\/\"]}]},{\"@type\":\"ImageObject\",\"inLanguage\":\"pt-BR\",\"@id\":\"https:\/\/expresso.estadao.com.br\/sao-paulo\/2025\/10\/18\/biblioteca-mario-de-andrade-celebra-100-anos-com-shows-gratuitos\/#primaryimage\",\"url\":\"https:\/\/expresso.estadao.com.br\/sao-paulo\/wp-content\/uploads\/2025\/05\/biblioteca-mario-de-andrade-scaled.jpg\",\"contentUrl\":\"https:\/\/expresso.estadao.com.br\/sao-paulo\/wp-content\/uploads\/2025\/05\/biblioteca-mario-de-andrade-scaled.jpg\",\"width\":2560,\"height\":1920,\"caption\":\"Vista do terra\u00e7o da Biblioteca M\u00e1rio de Andrade - Foto: LZ Santana\/Especial para o Estad\u00e3o\"},{\"@type\":\"BreadcrumbList\",\"@id\":\"https:\/\/expresso.estadao.com.br\/sao-paulo\/2025\/10\/18\/biblioteca-mario-de-andrade-celebra-100-anos-com-shows-gratuitos\/#breadcrumb\",\"itemListElement\":[{\"@type\":\"ListItem\",\"position\":1,\"name\":\"In\u00edcio\",\"item\":\"https:\/\/expresso.estadao.com.br\/sao-paulo\/\"},{\"@type\":\"ListItem\",\"position\":2,\"name\":\"Biblioteca M\u00e1rio de Andrade celebra 100 anos com shows gratuitos\"}]},{\"@type\":\"WebSite\",\"@id\":\"https:\/\/expresso.estadao.com.br\/sao-paulo\/#website\",\"url\":\"https:\/\/expresso.estadao.com.br\/sao-paulo\/\",\"name\":\"Estad\u00e3o Expresso S\u00e3o Paulo\",\"description\":\"Conte\u00fado de presta\u00e7\u00e3o de servi\u00e7o para que os moradores da cidade de S\u00e3o Paulo possam se informar melhor e usar de maneira mais eficaz os servi\u00e7os p\u00fablicos municipais.\",\"potentialAction\":[{\"@type\":\"SearchAction\",\"target\":{\"@type\":\"EntryPoint\",\"urlTemplate\":\"https:\/\/expresso.estadao.com.br\/sao-paulo\/?s={search_term_string}\"},\"query-input\":{\"@type\":\"PropertyValueSpecification\",\"valueRequired\":true,\"valueName\":\"search_term_string\"}}],\"inLanguage\":\"pt-BR\"},{\"@type\":\"Person\",\"@id\":\"https:\/\/expresso.estadao.com.br\/sao-paulo\/#\/schema\/person\/f45f9e313ba8cbe5af9424f387ddef42\",\"name\":\"fabio_bairros\",\"image\":{\"@type\":\"ImageObject\",\"inLanguage\":\"pt-BR\",\"@id\":\"https:\/\/expresso.estadao.com.br\/sao-paulo\/#\/schema\/person\/image\/\",\"url\":\"https:\/\/secure.gravatar.com\/avatar\/fbecca90befcfda9505216ce0dc87261326cb6644deb5861e7ab404061c24246?s=96&d=mm&r=g\",\"contentUrl\":\"https:\/\/secure.gravatar.com\/avatar\/fbecca90befcfda9505216ce0dc87261326cb6644deb5861e7ab404061c24246?s=96&d=mm&r=g\",\"caption\":\"fabio_bairros\"}}]}<\/script>\n<!-- \/ Yoast SEO plugin. -->","yoast_head_json":{"title":"100 anos da Biblioteca M\u00e1rio de Andrade - Estad\u00e3o Expresso","description":"Festival acontece entre 24 e 26 de outubro com apresenta\u00e7\u00f5es na pr\u00f3pria biblioteca, na Pra\u00e7a das Artes e na Pra\u00e7a Dom Jos\u00e9 Gaspar","robots":{"index":"index","follow":"follow","max-snippet":"max-snippet:-1","max-image-preview":"max-image-preview:large","max-video-preview":"max-video-preview:-1"},"canonical":"https:\/\/expresso.estadao.com.br\/sao-paulo\/2025\/10\/18\/biblioteca-mario-de-andrade-celebra-100-anos-com-shows-gratuitos\/","og_locale":"pt_BR","og_type":"article","og_title":"100 anos da Biblioteca M\u00e1rio de Andrade - Estad\u00e3o Expresso","og_description":"Festival acontece entre 24 e 26 de outubro com apresenta\u00e7\u00f5es na pr\u00f3pria biblioteca, na Pra\u00e7a das Artes e na Pra\u00e7a Dom Jos\u00e9 Gaspar","og_url":"https:\/\/expresso.estadao.com.br\/sao-paulo\/2025\/10\/18\/biblioteca-mario-de-andrade-celebra-100-anos-com-shows-gratuitos\/","og_site_name":"Estad\u00e3o Expresso S\u00e3o Paulo","article_published_time":"2025-10-18T12:05:35+00:00","og_image":[{"width":"","height":"","url":"https:\/\/expresso.estadao.com.br\/sao-paulo\/wp-content\/uploads\/2025\/05\/biblioteca-mario-de-andrade-scaled.jpg","type":"image\/jpeg"}],"author":"fabio_bairros","twitter_card":"summary_large_image","twitter_misc":{"Escrito por":"fabio_bairros","Est. tempo de leitura":"4 minutos"},"schema":{"@context":"https:\/\/schema.org","@graph":[{"@type":"WebPage","@id":"https:\/\/expresso.estadao.com.br\/sao-paulo\/2025\/10\/18\/biblioteca-mario-de-andrade-celebra-100-anos-com-shows-gratuitos\/","url":"https:\/\/expresso.estadao.com.br\/sao-paulo\/2025\/10\/18\/biblioteca-mario-de-andrade-celebra-100-anos-com-shows-gratuitos\/","name":"100 anos da Biblioteca M\u00e1rio de Andrade - Estad\u00e3o Expresso","isPartOf":{"@id":"https:\/\/expresso.estadao.com.br\/sao-paulo\/#website"},"primaryImageOfPage":{"@id":"https:\/\/expresso.estadao.com.br\/sao-paulo\/2025\/10\/18\/biblioteca-mario-de-andrade-celebra-100-anos-com-shows-gratuitos\/#primaryimage"},"image":{"@id":"https:\/\/expresso.estadao.com.br\/sao-paulo\/2025\/10\/18\/biblioteca-mario-de-andrade-celebra-100-anos-com-shows-gratuitos\/#primaryimage"},"thumbnailUrl":"https:\/\/expresso.estadao.com.br\/sao-paulo\/wp-content\/uploads\/2025\/05\/biblioteca-mario-de-andrade-scaled.jpg","datePublished":"2025-10-18T12:05:35+00:00","dateModified":"2025-10-18T12:05:35+00:00","author":{"@id":"https:\/\/expresso.estadao.com.br\/sao-paulo\/#\/schema\/person\/f45f9e313ba8cbe5af9424f387ddef42"},"description":"Festival acontece entre 24 e 26 de outubro com apresenta\u00e7\u00f5es na pr\u00f3pria biblioteca, na Pra\u00e7a das Artes e na Pra\u00e7a Dom Jos\u00e9 Gaspar","breadcrumb":{"@id":"https:\/\/expresso.estadao.com.br\/sao-paulo\/2025\/10\/18\/biblioteca-mario-de-andrade-celebra-100-anos-com-shows-gratuitos\/#breadcrumb"},"inLanguage":"pt-BR","potentialAction":[{"@type":"ReadAction","target":["https:\/\/expresso.estadao.com.br\/sao-paulo\/2025\/10\/18\/biblioteca-mario-de-andrade-celebra-100-anos-com-shows-gratuitos\/"]}]},{"@type":"ImageObject","inLanguage":"pt-BR","@id":"https:\/\/expresso.estadao.com.br\/sao-paulo\/2025\/10\/18\/biblioteca-mario-de-andrade-celebra-100-anos-com-shows-gratuitos\/#primaryimage","url":"https:\/\/expresso.estadao.com.br\/sao-paulo\/wp-content\/uploads\/2025\/05\/biblioteca-mario-de-andrade-scaled.jpg","contentUrl":"https:\/\/expresso.estadao.com.br\/sao-paulo\/wp-content\/uploads\/2025\/05\/biblioteca-mario-de-andrade-scaled.jpg","width":2560,"height":1920,"caption":"Vista do terra\u00e7o da Biblioteca M\u00e1rio de Andrade - Foto: LZ Santana\/Especial para o Estad\u00e3o"},{"@type":"BreadcrumbList","@id":"https:\/\/expresso.estadao.com.br\/sao-paulo\/2025\/10\/18\/biblioteca-mario-de-andrade-celebra-100-anos-com-shows-gratuitos\/#breadcrumb","itemListElement":[{"@type":"ListItem","position":1,"name":"In\u00edcio","item":"https:\/\/expresso.estadao.com.br\/sao-paulo\/"},{"@type":"ListItem","position":2,"name":"Biblioteca M\u00e1rio de Andrade celebra 100 anos com shows gratuitos"}]},{"@type":"WebSite","@id":"https:\/\/expresso.estadao.com.br\/sao-paulo\/#website","url":"https:\/\/expresso.estadao.com.br\/sao-paulo\/","name":"Estad\u00e3o Expresso S\u00e3o Paulo","description":"Conte\u00fado de presta\u00e7\u00e3o de servi\u00e7o para que os moradores da cidade de S\u00e3o Paulo possam se informar melhor e usar de maneira mais eficaz os servi\u00e7os p\u00fablicos municipais.","potentialAction":[{"@type":"SearchAction","target":{"@type":"EntryPoint","urlTemplate":"https:\/\/expresso.estadao.com.br\/sao-paulo\/?s={search_term_string}"},"query-input":{"@type":"PropertyValueSpecification","valueRequired":true,"valueName":"search_term_string"}}],"inLanguage":"pt-BR"},{"@type":"Person","@id":"https:\/\/expresso.estadao.com.br\/sao-paulo\/#\/schema\/person\/f45f9e313ba8cbe5af9424f387ddef42","name":"fabio_bairros","image":{"@type":"ImageObject","inLanguage":"pt-BR","@id":"https:\/\/expresso.estadao.com.br\/sao-paulo\/#\/schema\/person\/image\/","url":"https:\/\/secure.gravatar.com\/avatar\/fbecca90befcfda9505216ce0dc87261326cb6644deb5861e7ab404061c24246?s=96&d=mm&r=g","contentUrl":"https:\/\/secure.gravatar.com\/avatar\/fbecca90befcfda9505216ce0dc87261326cb6644deb5861e7ab404061c24246?s=96&d=mm&r=g","caption":"fabio_bairros"}}]}},"_links":{"self":[{"href":"https:\/\/expresso.estadao.com.br\/sao-paulo\/wp-json\/wp\/v2\/posts\/11952","targetHints":{"allow":["GET"]}}],"collection":[{"href":"https:\/\/expresso.estadao.com.br\/sao-paulo\/wp-json\/wp\/v2\/posts"}],"about":[{"href":"https:\/\/expresso.estadao.com.br\/sao-paulo\/wp-json\/wp\/v2\/types\/post"}],"author":[{"embeddable":true,"href":"https:\/\/expresso.estadao.com.br\/sao-paulo\/wp-json\/wp\/v2\/users\/4"}],"replies":[{"embeddable":true,"href":"https:\/\/expresso.estadao.com.br\/sao-paulo\/wp-json\/wp\/v2\/comments?post=11952"}],"version-history":[{"count":2,"href":"https:\/\/expresso.estadao.com.br\/sao-paulo\/wp-json\/wp\/v2\/posts\/11952\/revisions"}],"predecessor-version":[{"id":11954,"href":"https:\/\/expresso.estadao.com.br\/sao-paulo\/wp-json\/wp\/v2\/posts\/11952\/revisions\/11954"}],"wp:featuredmedia":[{"embeddable":true,"href":"https:\/\/expresso.estadao.com.br\/sao-paulo\/wp-json\/wp\/v2\/media\/10809"}],"wp:attachment":[{"href":"https:\/\/expresso.estadao.com.br\/sao-paulo\/wp-json\/wp\/v2\/media?parent=11952"}],"wp:term":[{"taxonomy":"category","embeddable":true,"href":"https:\/\/expresso.estadao.com.br\/sao-paulo\/wp-json\/wp\/v2\/categories?post=11952"},{"taxonomy":"post_tag","embeddable":true,"href":"https:\/\/expresso.estadao.com.br\/sao-paulo\/wp-json\/wp\/v2\/tags?post=11952"}],"curies":[{"name":"wp","href":"https:\/\/api.w.org\/{rel}","templated":true}]}}