{"id":11977,"date":"2025-10-22T09:05:30","date_gmt":"2025-10-22T12:05:30","guid":{"rendered":"https:\/\/expresso.estadao.com.br\/sao-paulo\/?p=11977"},"modified":"2025-10-22T09:05:30","modified_gmt":"2025-10-22T12:05:30","slug":"ampliacao-da-rede-municipal-faz-crescer-numero-de-mamografias-em-sao-paulo","status":"publish","type":"post","link":"https:\/\/expresso.estadao.com.br\/sao-paulo\/2025\/10\/22\/ampliacao-da-rede-municipal-faz-crescer-numero-de-mamografias-em-sao-paulo\/","title":{"rendered":"Amplia\u00e7\u00e3o da rede municipal faz crescer n\u00famero de mamografias em S\u00e3o Paulo"},"content":{"rendered":"<p data-start=\"214\" data-end=\"440\">De janeiro a julho de 2025, a rede municipal de sa\u00fade realizou 196.147 mamografias, resultado do fortalecimento da aten\u00e7\u00e3o prim\u00e1ria e das pol\u00edticas de rastreamento precoce promovidas pela Secretaria Municipal da Sa\u00fade (SMS).<\/p>\n<p data-start=\"442\" data-end=\"853\">O avan\u00e7o reflete a amplia\u00e7\u00e3o da rede de atendimento e o investimento em programas como o Avan\u00e7a Sa\u00fade \u2013 Mulher, que oferece exames, consultas e orienta\u00e7\u00f5es nas 479 Unidades B\u00e1sicas de Sa\u00fade (UBS) distribu\u00eddas por toda a cidade. Entre 2020 e 2024, o n\u00famero de mamografias cresceu 30%, passando de 192 mil para 312 mil exames, consolidando S\u00e3o Paulo como refer\u00eancia em preven\u00e7\u00e3o e diagn\u00f3stico precoce.<\/p>\n<p data-start=\"855\" data-end=\"1191\">Na rede municipal, o acompanhamento come\u00e7a pelas UBSs, onde as pacientes recebem orienta\u00e7\u00e3o, acolhimento e, quando necess\u00e1rio, s\u00e3o encaminhadas para servi\u00e7os especializados. Atualmente, a cidade conta com 14 Servi\u00e7os de Refer\u00eancia de Mama (SRMs) e dois Centros de Exames da Mulher (CEMs), localizados nas zonas leste e sul da capital.<\/p>\n<p data-start=\"1193\" data-end=\"1624\"><strong>Amplia\u00e7\u00e3o dos servi\u00e7os<\/strong><\/p>\n<p data-start=\"1193\" data-end=\"1624\">O fortalecimento das a\u00e7\u00f5es de preven\u00e7\u00e3o foi evidenciado tamb\u00e9m na oitava edi\u00e7\u00e3o do programa Avan\u00e7a Sa\u00fade \u2013 Mulher, realizada no s\u00e1bado (18), que mobilizou todas as UBS com oferta de exames, consultas e atividades educativas. Foram realizados mais de 25 mil atendimentos, incluindo 7.986 solicita\u00e7\u00f5es de mamografias, 13 mil exames preventivos de colo do \u00fatero e 41 mil testes r\u00e1pidos.<\/p>\n<p data-start=\"1626\" data-end=\"1950\"><strong>Preven\u00e7\u00e3o\u00a0<\/strong><\/p>\n<p data-start=\"1626\" data-end=\"1950\">O c\u00e2ncer de mama \u00e9 o segundo tipo mais comum entre as mulheres no Brasil, depois do c\u00e2ncer de pele n\u00e3o melanoma, e apresenta a maior taxa de mortalidade entre elas, segundo o Instituto Nacional do C\u00e2ncer (Inca). A incid\u00eancia aumenta com a idade, sendo mais frequente a partir dos 50 anos.<\/p>\n<p data-start=\"1952\" data-end=\"2315\">A mamografia \u00e9 o principal exame para detec\u00e7\u00e3o precoce do c\u00e2ncer de mama, etapa essencial para o sucesso do tratamento. O Minist\u00e9rio da Sa\u00fade atualizou recentemente as diretrizes nacionais e recomenda que mulheres a partir dos 40 anos realizem o exame de rastreamento a cada dois anos \u2014 orienta\u00e7\u00e3o que refor\u00e7a o foco preventivo j\u00e1 adotado pela gest\u00e3o municipal.<\/p>\n<p data-start=\"2317\" data-end=\"2432\" data-is-last-node=\"\" data-is-only-node=\"\">A popula\u00e7\u00e3o pode localizar a UBS mais pr\u00f3xima pela plataforma Busca Sa\u00fade: <a class=\"decorated-link\" href=\"https:\/\/buscasaude.prefeitura.sp.gov.br\/\" target=\"_new\" rel=\"noopener\" data-start=\"2392\" data-end=\"2432\" data-is-last-node=\"\">https:\/\/buscasaude.prefeitura.sp.gov.br\/<\/a><\/p>\n","protected":false},"excerpt":{"rendered":"<p>De janeiro a julho de 2025, a rede municipal de sa\u00fade realizou 196.147 mamografias, resultado do fortalecimento da aten\u00e7\u00e3o prim\u00e1ria e das pol\u00edticas de rastreamento precoce promovidas pela Secretaria Municipal da Sa\u00fade (SMS). O avan\u00e7o reflete a amplia\u00e7\u00e3o da rede de atendimento e o investimento em programas como o Avan\u00e7a Sa\u00fade \u2013 Mulher, que oferece [&hellip;]<\/p>\n","protected":false},"author":4,"featured_media":11979,"comment_status":"open","ping_status":"closed","sticky":false,"template":"","format":"standard","meta":{"_acf_changed":false,"_monsterinsights_skip_tracking":false,"_monsterinsights_sitenote_active":false,"_monsterinsights_sitenote_note":"","_monsterinsights_sitenote_category":0,"footnotes":""},"categories":[758],"tags":[1309,52],"class_list":["post-11977","post","type-post","status-publish","format-standard","has-post-thumbnail","hentry","category-saude","tag-mamografias","tag-prefeitura-de-sao-paulo"],"acf":[],"yoast_head":"<!-- This site is optimized with the Yoast SEO plugin v24.1 - https:\/\/yoast.com\/wordpress\/plugins\/seo\/ -->\n<title>Amplia\u00e7\u00e3o da rede municipal faz crescer n\u00famero de mamografias em S\u00e3o Paulo - Estad\u00e3o Expresso S\u00e3o Paulo<\/title>\n<meta name=\"description\" content=\"Entre janeiro e julho de 2025, foram feitos 196 mil exames, resultado da expans\u00e3o da aten\u00e7\u00e3o prim\u00e1ria e das a\u00e7\u00f5es de rastreamento precoce\" \/>\n<meta name=\"robots\" content=\"index, follow, max-snippet:-1, max-image-preview:large, max-video-preview:-1\" \/>\n<link rel=\"canonical\" href=\"https:\/\/expresso.estadao.com.br\/sao-paulo\/2025\/10\/22\/ampliacao-da-rede-municipal-faz-crescer-numero-de-mamografias-em-sao-paulo\/\" \/>\n<meta property=\"og:locale\" content=\"pt_BR\" \/>\n<meta property=\"og:type\" content=\"article\" \/>\n<meta property=\"og:title\" content=\"Amplia\u00e7\u00e3o da rede municipal faz crescer n\u00famero de mamografias em S\u00e3o Paulo - Estad\u00e3o Expresso S\u00e3o Paulo\" \/>\n<meta property=\"og:description\" content=\"Entre janeiro e julho de 2025, foram feitos 196 mil exames, resultado da expans\u00e3o da aten\u00e7\u00e3o prim\u00e1ria e das a\u00e7\u00f5es de rastreamento precoce\" \/>\n<meta property=\"og:url\" content=\"https:\/\/expresso.estadao.com.br\/sao-paulo\/2025\/10\/22\/ampliacao-da-rede-municipal-faz-crescer-numero-de-mamografias-em-sao-paulo\/\" \/>\n<meta property=\"og:site_name\" content=\"Estad\u00e3o Expresso S\u00e3o Paulo\" \/>\n<meta property=\"article:published_time\" content=\"2025-10-22T12:05:30+00:00\" \/>\n<meta property=\"og:image\" content=\"https:\/\/expresso.estadao.com.br\/sao-paulo\/wp-content\/uploads\/2025\/10\/54406356832_2308a796ec_k-scaled.jpg\" \/>\n\t<meta property=\"og:image:type\" content=\"image\/jpeg\" \/>\n<meta name=\"author\" content=\"fabio_bairros\" \/>\n<meta name=\"twitter:card\" content=\"summary_large_image\" \/>\n<meta name=\"twitter:label1\" content=\"Escrito por\" \/>\n\t<meta name=\"twitter:data1\" content=\"fabio_bairros\" \/>\n\t<meta name=\"twitter:label2\" content=\"Est. tempo de leitura\" \/>\n\t<meta name=\"twitter:data2\" content=\"3 minutos\" \/>\n<script type=\"application\/ld+json\" class=\"yoast-schema-graph\">{\"@context\":\"https:\/\/schema.org\",\"@graph\":[{\"@type\":\"WebPage\",\"@id\":\"https:\/\/expresso.estadao.com.br\/sao-paulo\/2025\/10\/22\/ampliacao-da-rede-municipal-faz-crescer-numero-de-mamografias-em-sao-paulo\/\",\"url\":\"https:\/\/expresso.estadao.com.br\/sao-paulo\/2025\/10\/22\/ampliacao-da-rede-municipal-faz-crescer-numero-de-mamografias-em-sao-paulo\/\",\"name\":\"Amplia\u00e7\u00e3o da rede municipal faz crescer n\u00famero de mamografias em S\u00e3o Paulo - Estad\u00e3o Expresso S\u00e3o Paulo\",\"isPartOf\":{\"@id\":\"https:\/\/expresso.estadao.com.br\/sao-paulo\/#website\"},\"primaryImageOfPage\":{\"@id\":\"https:\/\/expresso.estadao.com.br\/sao-paulo\/2025\/10\/22\/ampliacao-da-rede-municipal-faz-crescer-numero-de-mamografias-em-sao-paulo\/#primaryimage\"},\"image\":{\"@id\":\"https:\/\/expresso.estadao.com.br\/sao-paulo\/2025\/10\/22\/ampliacao-da-rede-municipal-faz-crescer-numero-de-mamografias-em-sao-paulo\/#primaryimage\"},\"thumbnailUrl\":\"https:\/\/expresso.estadao.com.br\/sao-paulo\/wp-content\/uploads\/2025\/10\/54406356832_2308a796ec_k-scaled.jpg\",\"datePublished\":\"2025-10-22T12:05:30+00:00\",\"dateModified\":\"2025-10-22T12:05:30+00:00\",\"author\":{\"@id\":\"https:\/\/expresso.estadao.com.br\/sao-paulo\/#\/schema\/person\/f45f9e313ba8cbe5af9424f387ddef42\"},\"description\":\"Entre janeiro e julho de 2025, foram feitos 196 mil exames, resultado da expans\u00e3o da aten\u00e7\u00e3o prim\u00e1ria e das a\u00e7\u00f5es de rastreamento precoce\",\"breadcrumb\":{\"@id\":\"https:\/\/expresso.estadao.com.br\/sao-paulo\/2025\/10\/22\/ampliacao-da-rede-municipal-faz-crescer-numero-de-mamografias-em-sao-paulo\/#breadcrumb\"},\"inLanguage\":\"pt-BR\",\"potentialAction\":[{\"@type\":\"ReadAction\",\"target\":[\"https:\/\/expresso.estadao.com.br\/sao-paulo\/2025\/10\/22\/ampliacao-da-rede-municipal-faz-crescer-numero-de-mamografias-em-sao-paulo\/\"]}]},{\"@type\":\"ImageObject\",\"inLanguage\":\"pt-BR\",\"@id\":\"https:\/\/expresso.estadao.com.br\/sao-paulo\/2025\/10\/22\/ampliacao-da-rede-municipal-faz-crescer-numero-de-mamografias-em-sao-paulo\/#primaryimage\",\"url\":\"https:\/\/expresso.estadao.com.br\/sao-paulo\/wp-content\/uploads\/2025\/10\/54406356832_2308a796ec_k-scaled.jpg\",\"contentUrl\":\"https:\/\/expresso.estadao.com.br\/sao-paulo\/wp-content\/uploads\/2025\/10\/54406356832_2308a796ec_k-scaled.jpg\",\"width\":2047,\"height\":1365,\"caption\":\"Foto: Ciete Silv\u00e9rio\/Divulga\u00e7\u00e3o\/Secom\"},{\"@type\":\"BreadcrumbList\",\"@id\":\"https:\/\/expresso.estadao.com.br\/sao-paulo\/2025\/10\/22\/ampliacao-da-rede-municipal-faz-crescer-numero-de-mamografias-em-sao-paulo\/#breadcrumb\",\"itemListElement\":[{\"@type\":\"ListItem\",\"position\":1,\"name\":\"In\u00edcio\",\"item\":\"https:\/\/expresso.estadao.com.br\/sao-paulo\/\"},{\"@type\":\"ListItem\",\"position\":2,\"name\":\"Amplia\u00e7\u00e3o da rede municipal faz crescer n\u00famero de mamografias em S\u00e3o Paulo\"}]},{\"@type\":\"WebSite\",\"@id\":\"https:\/\/expresso.estadao.com.br\/sao-paulo\/#website\",\"url\":\"https:\/\/expresso.estadao.com.br\/sao-paulo\/\",\"name\":\"Estad\u00e3o Expresso S\u00e3o Paulo\",\"description\":\"Conte\u00fado de presta\u00e7\u00e3o de servi\u00e7o para que os moradores da cidade de S\u00e3o Paulo possam se informar melhor e usar de maneira mais eficaz os servi\u00e7os p\u00fablicos municipais.\",\"potentialAction\":[{\"@type\":\"SearchAction\",\"target\":{\"@type\":\"EntryPoint\",\"urlTemplate\":\"https:\/\/expresso.estadao.com.br\/sao-paulo\/?s={search_term_string}\"},\"query-input\":{\"@type\":\"PropertyValueSpecification\",\"valueRequired\":true,\"valueName\":\"search_term_string\"}}],\"inLanguage\":\"pt-BR\"},{\"@type\":\"Person\",\"@id\":\"https:\/\/expresso.estadao.com.br\/sao-paulo\/#\/schema\/person\/f45f9e313ba8cbe5af9424f387ddef42\",\"name\":\"fabio_bairros\",\"image\":{\"@type\":\"ImageObject\",\"inLanguage\":\"pt-BR\",\"@id\":\"https:\/\/expresso.estadao.com.br\/sao-paulo\/#\/schema\/person\/image\/\",\"url\":\"https:\/\/secure.gravatar.com\/avatar\/fbecca90befcfda9505216ce0dc87261326cb6644deb5861e7ab404061c24246?s=96&d=mm&r=g\",\"contentUrl\":\"https:\/\/secure.gravatar.com\/avatar\/fbecca90befcfda9505216ce0dc87261326cb6644deb5861e7ab404061c24246?s=96&d=mm&r=g\",\"caption\":\"fabio_bairros\"}}]}<\/script>\n<!-- \/ Yoast SEO plugin. -->","yoast_head_json":{"title":"Amplia\u00e7\u00e3o da rede municipal faz crescer n\u00famero de mamografias em S\u00e3o Paulo - Estad\u00e3o Expresso S\u00e3o Paulo","description":"Entre janeiro e julho de 2025, foram feitos 196 mil exames, resultado da expans\u00e3o da aten\u00e7\u00e3o prim\u00e1ria e das a\u00e7\u00f5es de rastreamento precoce","robots":{"index":"index","follow":"follow","max-snippet":"max-snippet:-1","max-image-preview":"max-image-preview:large","max-video-preview":"max-video-preview:-1"},"canonical":"https:\/\/expresso.estadao.com.br\/sao-paulo\/2025\/10\/22\/ampliacao-da-rede-municipal-faz-crescer-numero-de-mamografias-em-sao-paulo\/","og_locale":"pt_BR","og_type":"article","og_title":"Amplia\u00e7\u00e3o da rede municipal faz crescer n\u00famero de mamografias em S\u00e3o Paulo - Estad\u00e3o Expresso S\u00e3o Paulo","og_description":"Entre janeiro e julho de 2025, foram feitos 196 mil exames, resultado da expans\u00e3o da aten\u00e7\u00e3o prim\u00e1ria e das a\u00e7\u00f5es de rastreamento precoce","og_url":"https:\/\/expresso.estadao.com.br\/sao-paulo\/2025\/10\/22\/ampliacao-da-rede-municipal-faz-crescer-numero-de-mamografias-em-sao-paulo\/","og_site_name":"Estad\u00e3o Expresso S\u00e3o Paulo","article_published_time":"2025-10-22T12:05:30+00:00","og_image":[{"width":"","height":"","url":"https:\/\/expresso.estadao.com.br\/sao-paulo\/wp-content\/uploads\/2025\/10\/54406356832_2308a796ec_k-scaled.jpg","type":"image\/jpeg"}],"author":"fabio_bairros","twitter_card":"summary_large_image","twitter_misc":{"Escrito por":"fabio_bairros","Est. tempo de leitura":"3 minutos"},"schema":{"@context":"https:\/\/schema.org","@graph":[{"@type":"WebPage","@id":"https:\/\/expresso.estadao.com.br\/sao-paulo\/2025\/10\/22\/ampliacao-da-rede-municipal-faz-crescer-numero-de-mamografias-em-sao-paulo\/","url":"https:\/\/expresso.estadao.com.br\/sao-paulo\/2025\/10\/22\/ampliacao-da-rede-municipal-faz-crescer-numero-de-mamografias-em-sao-paulo\/","name":"Amplia\u00e7\u00e3o da rede municipal faz crescer n\u00famero de mamografias em S\u00e3o Paulo - Estad\u00e3o Expresso S\u00e3o Paulo","isPartOf":{"@id":"https:\/\/expresso.estadao.com.br\/sao-paulo\/#website"},"primaryImageOfPage":{"@id":"https:\/\/expresso.estadao.com.br\/sao-paulo\/2025\/10\/22\/ampliacao-da-rede-municipal-faz-crescer-numero-de-mamografias-em-sao-paulo\/#primaryimage"},"image":{"@id":"https:\/\/expresso.estadao.com.br\/sao-paulo\/2025\/10\/22\/ampliacao-da-rede-municipal-faz-crescer-numero-de-mamografias-em-sao-paulo\/#primaryimage"},"thumbnailUrl":"https:\/\/expresso.estadao.com.br\/sao-paulo\/wp-content\/uploads\/2025\/10\/54406356832_2308a796ec_k-scaled.jpg","datePublished":"2025-10-22T12:05:30+00:00","dateModified":"2025-10-22T12:05:30+00:00","author":{"@id":"https:\/\/expresso.estadao.com.br\/sao-paulo\/#\/schema\/person\/f45f9e313ba8cbe5af9424f387ddef42"},"description":"Entre janeiro e julho de 2025, foram feitos 196 mil exames, resultado da expans\u00e3o da aten\u00e7\u00e3o prim\u00e1ria e das a\u00e7\u00f5es de rastreamento precoce","breadcrumb":{"@id":"https:\/\/expresso.estadao.com.br\/sao-paulo\/2025\/10\/22\/ampliacao-da-rede-municipal-faz-crescer-numero-de-mamografias-em-sao-paulo\/#breadcrumb"},"inLanguage":"pt-BR","potentialAction":[{"@type":"ReadAction","target":["https:\/\/expresso.estadao.com.br\/sao-paulo\/2025\/10\/22\/ampliacao-da-rede-municipal-faz-crescer-numero-de-mamografias-em-sao-paulo\/"]}]},{"@type":"ImageObject","inLanguage":"pt-BR","@id":"https:\/\/expresso.estadao.com.br\/sao-paulo\/2025\/10\/22\/ampliacao-da-rede-municipal-faz-crescer-numero-de-mamografias-em-sao-paulo\/#primaryimage","url":"https:\/\/expresso.estadao.com.br\/sao-paulo\/wp-content\/uploads\/2025\/10\/54406356832_2308a796ec_k-scaled.jpg","contentUrl":"https:\/\/expresso.estadao.com.br\/sao-paulo\/wp-content\/uploads\/2025\/10\/54406356832_2308a796ec_k-scaled.jpg","width":2047,"height":1365,"caption":"Foto: Ciete Silv\u00e9rio\/Divulga\u00e7\u00e3o\/Secom"},{"@type":"BreadcrumbList","@id":"https:\/\/expresso.estadao.com.br\/sao-paulo\/2025\/10\/22\/ampliacao-da-rede-municipal-faz-crescer-numero-de-mamografias-em-sao-paulo\/#breadcrumb","itemListElement":[{"@type":"ListItem","position":1,"name":"In\u00edcio","item":"https:\/\/expresso.estadao.com.br\/sao-paulo\/"},{"@type":"ListItem","position":2,"name":"Amplia\u00e7\u00e3o da rede municipal faz crescer n\u00famero de mamografias em S\u00e3o Paulo"}]},{"@type":"WebSite","@id":"https:\/\/expresso.estadao.com.br\/sao-paulo\/#website","url":"https:\/\/expresso.estadao.com.br\/sao-paulo\/","name":"Estad\u00e3o Expresso S\u00e3o Paulo","description":"Conte\u00fado de presta\u00e7\u00e3o de servi\u00e7o para que os moradores da cidade de S\u00e3o Paulo possam se informar melhor e usar de maneira mais eficaz os servi\u00e7os p\u00fablicos municipais.","potentialAction":[{"@type":"SearchAction","target":{"@type":"EntryPoint","urlTemplate":"https:\/\/expresso.estadao.com.br\/sao-paulo\/?s={search_term_string}"},"query-input":{"@type":"PropertyValueSpecification","valueRequired":true,"valueName":"search_term_string"}}],"inLanguage":"pt-BR"},{"@type":"Person","@id":"https:\/\/expresso.estadao.com.br\/sao-paulo\/#\/schema\/person\/f45f9e313ba8cbe5af9424f387ddef42","name":"fabio_bairros","image":{"@type":"ImageObject","inLanguage":"pt-BR","@id":"https:\/\/expresso.estadao.com.br\/sao-paulo\/#\/schema\/person\/image\/","url":"https:\/\/secure.gravatar.com\/avatar\/fbecca90befcfda9505216ce0dc87261326cb6644deb5861e7ab404061c24246?s=96&d=mm&r=g","contentUrl":"https:\/\/secure.gravatar.com\/avatar\/fbecca90befcfda9505216ce0dc87261326cb6644deb5861e7ab404061c24246?s=96&d=mm&r=g","caption":"fabio_bairros"}}]}},"_links":{"self":[{"href":"https:\/\/expresso.estadao.com.br\/sao-paulo\/wp-json\/wp\/v2\/posts\/11977","targetHints":{"allow":["GET"]}}],"collection":[{"href":"https:\/\/expresso.estadao.com.br\/sao-paulo\/wp-json\/wp\/v2\/posts"}],"about":[{"href":"https:\/\/expresso.estadao.com.br\/sao-paulo\/wp-json\/wp\/v2\/types\/post"}],"author":[{"embeddable":true,"href":"https:\/\/expresso.estadao.com.br\/sao-paulo\/wp-json\/wp\/v2\/users\/4"}],"replies":[{"embeddable":true,"href":"https:\/\/expresso.estadao.com.br\/sao-paulo\/wp-json\/wp\/v2\/comments?post=11977"}],"version-history":[{"count":1,"href":"https:\/\/expresso.estadao.com.br\/sao-paulo\/wp-json\/wp\/v2\/posts\/11977\/revisions"}],"predecessor-version":[{"id":11978,"href":"https:\/\/expresso.estadao.com.br\/sao-paulo\/wp-json\/wp\/v2\/posts\/11977\/revisions\/11978"}],"wp:featuredmedia":[{"embeddable":true,"href":"https:\/\/expresso.estadao.com.br\/sao-paulo\/wp-json\/wp\/v2\/media\/11979"}],"wp:attachment":[{"href":"https:\/\/expresso.estadao.com.br\/sao-paulo\/wp-json\/wp\/v2\/media?parent=11977"}],"wp:term":[{"taxonomy":"category","embeddable":true,"href":"https:\/\/expresso.estadao.com.br\/sao-paulo\/wp-json\/wp\/v2\/categories?post=11977"},{"taxonomy":"post_tag","embeddable":true,"href":"https:\/\/expresso.estadao.com.br\/sao-paulo\/wp-json\/wp\/v2\/tags?post=11977"}],"curies":[{"name":"wp","href":"https:\/\/api.w.org\/{rel}","templated":true}]}}