{"id":12026,"date":"2025-10-28T06:48:03","date_gmt":"2025-10-28T09:48:03","guid":{"rendered":"https:\/\/expresso.estadao.com.br\/sao-paulo\/?p=12026"},"modified":"2025-10-28T06:48:03","modified_gmt":"2025-10-28T09:48:03","slug":"obras-do-trecho-2-da-santo-amaro-entram-em-fase-final","status":"publish","type":"post","link":"https:\/\/expresso.estadao.com.br\/sao-paulo\/2025\/10\/28\/obras-do-trecho-2-da-santo-amaro-entram-em-fase-final\/","title":{"rendered":"Obras do trecho 2 da Santo Amaro entram em fase final"},"content":{"rendered":"<p data-start=\"528\" data-end=\"908\">Com o sistema de drenagem j\u00e1 conclu\u00eddo, os trabalhos avan\u00e7am para a finaliza\u00e7\u00e3o das pistas, com a pavimenta\u00e7\u00e3o das faixas de concreto r\u00edgido que formar\u00e3o o corredor exclusivo de \u00f4nibus. O projeto tamb\u00e9m prev\u00ea a instala\u00e7\u00e3o de mobili\u00e1rio urbano e novos pontos de \u00f4nibus com cobertura e bancos.<\/p>\n<p data-start=\"910\" data-end=\"1225\">Paralelamente, seguem as obras das novas cal\u00e7adas acess\u00edveis, que receber\u00e3o piso t\u00e1til, rampas, ilumina\u00e7\u00e3o em LED, paisagismo e o enterramento das redes el\u00e9tricas e de telecomunica\u00e7\u00f5es.<\/p>\n<p data-start=\"1227\" data-end=\"1408\">A obra \u00e9 executada pela Secretaria Municipal de Infraestrutura Urbana e Obras (SIURB) e pela SPObras, dentro do plano de moderniza\u00e7\u00e3o da mobilidade e da drenagem urbana da regi\u00e3o.<\/p>\n<p data-start=\"1410\" data-end=\"1445\"><strong>Drenagem\u00a0<\/strong><\/p>\n<p data-start=\"1447\" data-end=\"1739\">O novo sistema de drenagem da avenida \u00e9 composto por galeria celular de concreto armado de grandes dimens\u00f5es e tubula\u00e7\u00f5es para os ramais coletores, substituindo antigas estruturas. A moderniza\u00e7\u00e3o amplia a capacidade de escoamento das \u00e1guas pluviais e reduz o risco de alagamentos na regi\u00e3o, segundo a Prefeitura.<\/p>\n<p data-start=\"1741\" data-end=\"1764\"><strong>Preserva\u00e7\u00e3o ambiental<\/strong><\/p>\n<p data-start=\"1766\" data-end=\"2134\">Durante as obras, tr\u00eas \u00e1rvores que estavam na cal\u00e7ada da Avenida Santo Amaro, esquina com a Rua Fiandeiras, foram transplantadas para outro ponto da via, em frente \u00e0 FMU.<\/p>\n<p data-start=\"2136\" data-end=\"2496\" data-is-last-node=\"\" data-is-only-node=\"\">Com a conclus\u00e3o das etapas de drenagem, pavimenta\u00e7\u00e3o e acabamento das cal\u00e7adas, a Prefeitura informa que a entrega da Fase 2 est\u00e1 prevista para este m\u00eas de outubro.<\/p>\n","protected":false},"excerpt":{"rendered":"<p>Com o sistema de drenagem j\u00e1 conclu\u00eddo, os trabalhos avan\u00e7am para a finaliza\u00e7\u00e3o das pistas, com a pavimenta\u00e7\u00e3o das faixas de concreto r\u00edgido que formar\u00e3o o corredor exclusivo de \u00f4nibus. O projeto tamb\u00e9m prev\u00ea a instala\u00e7\u00e3o de mobili\u00e1rio urbano e novos pontos de \u00f4nibus com cobertura e bancos. Paralelamente, seguem as obras das novas cal\u00e7adas [&hellip;]<\/p>\n","protected":false},"author":4,"featured_media":12028,"comment_status":"open","ping_status":"closed","sticky":false,"template":"","format":"standard","meta":{"_acf_changed":false,"_monsterinsights_skip_tracking":false,"_monsterinsights_sitenote_active":false,"_monsterinsights_sitenote_note":"","_monsterinsights_sitenote_category":0,"footnotes":""},"categories":[752],"tags":[107,52,1094],"class_list":["post-12026","post","type-post","status-publish","format-standard","has-post-thumbnail","hentry","category-infraestrutura-e-obras","tag-obras","tag-prefeitura-de-sao-paulo","tag-santo-amaro"],"acf":[],"yoast_head":"<!-- This site is optimized with the Yoast SEO plugin v24.1 - https:\/\/yoast.com\/wordpress\/plugins\/seo\/ -->\n<title>Obras na Santo Amaro - Estad\u00e3o Expresso S\u00e3o Paulo<\/title>\n<meta name=\"description\" content=\"Requalifica\u00e7\u00e3o da avenida avan\u00e7a com drenagem, cal\u00e7adas ampliadas e redes subterr\u00e2neas\" \/>\n<meta name=\"robots\" content=\"index, follow, max-snippet:-1, max-image-preview:large, max-video-preview:-1\" \/>\n<link rel=\"canonical\" href=\"https:\/\/expresso.estadao.com.br\/sao-paulo\/2025\/10\/28\/obras-do-trecho-2-da-santo-amaro-entram-em-fase-final\/\" \/>\n<meta property=\"og:locale\" content=\"pt_BR\" \/>\n<meta property=\"og:type\" content=\"article\" \/>\n<meta property=\"og:title\" content=\"Obras na Santo Amaro - Estad\u00e3o Expresso S\u00e3o Paulo\" \/>\n<meta property=\"og:description\" content=\"Requalifica\u00e7\u00e3o da avenida avan\u00e7a com drenagem, cal\u00e7adas ampliadas e redes subterr\u00e2neas\" \/>\n<meta property=\"og:url\" content=\"https:\/\/expresso.estadao.com.br\/sao-paulo\/2025\/10\/28\/obras-do-trecho-2-da-santo-amaro-entram-em-fase-final\/\" \/>\n<meta property=\"og:site_name\" content=\"Estad\u00e3o Expresso S\u00e3o Paulo\" \/>\n<meta property=\"article:published_time\" content=\"2025-10-28T09:48:03+00:00\" \/>\n<meta property=\"og:image\" content=\"https:\/\/expresso.estadao.com.br\/sao-paulo\/wp-content\/uploads\/2025\/10\/transferir.jpg\" \/>\n\t<meta property=\"og:image:type\" content=\"image\/jpeg\" \/>\n<meta name=\"author\" content=\"fabio_bairros\" \/>\n<meta name=\"twitter:card\" content=\"summary_large_image\" \/>\n<meta name=\"twitter:label1\" content=\"Escrito por\" \/>\n\t<meta name=\"twitter:data1\" content=\"fabio_bairros\" \/>\n\t<meta name=\"twitter:label2\" content=\"Est. tempo de leitura\" \/>\n\t<meta name=\"twitter:data2\" content=\"2 minutos\" \/>\n<script type=\"application\/ld+json\" class=\"yoast-schema-graph\">{\"@context\":\"https:\/\/schema.org\",\"@graph\":[{\"@type\":\"WebPage\",\"@id\":\"https:\/\/expresso.estadao.com.br\/sao-paulo\/2025\/10\/28\/obras-do-trecho-2-da-santo-amaro-entram-em-fase-final\/\",\"url\":\"https:\/\/expresso.estadao.com.br\/sao-paulo\/2025\/10\/28\/obras-do-trecho-2-da-santo-amaro-entram-em-fase-final\/\",\"name\":\"Obras na Santo Amaro - Estad\u00e3o Expresso S\u00e3o Paulo\",\"isPartOf\":{\"@id\":\"https:\/\/expresso.estadao.com.br\/sao-paulo\/#website\"},\"primaryImageOfPage\":{\"@id\":\"https:\/\/expresso.estadao.com.br\/sao-paulo\/2025\/10\/28\/obras-do-trecho-2-da-santo-amaro-entram-em-fase-final\/#primaryimage\"},\"image\":{\"@id\":\"https:\/\/expresso.estadao.com.br\/sao-paulo\/2025\/10\/28\/obras-do-trecho-2-da-santo-amaro-entram-em-fase-final\/#primaryimage\"},\"thumbnailUrl\":\"https:\/\/expresso.estadao.com.br\/sao-paulo\/wp-content\/uploads\/2025\/10\/transferir.jpg\",\"datePublished\":\"2025-10-28T09:48:03+00:00\",\"dateModified\":\"2025-10-28T09:48:03+00:00\",\"author\":{\"@id\":\"https:\/\/expresso.estadao.com.br\/sao-paulo\/#\/schema\/person\/f45f9e313ba8cbe5af9424f387ddef42\"},\"description\":\"Requalifica\u00e7\u00e3o da avenida avan\u00e7a com drenagem, cal\u00e7adas ampliadas e redes subterr\u00e2neas\",\"breadcrumb\":{\"@id\":\"https:\/\/expresso.estadao.com.br\/sao-paulo\/2025\/10\/28\/obras-do-trecho-2-da-santo-amaro-entram-em-fase-final\/#breadcrumb\"},\"inLanguage\":\"pt-BR\",\"potentialAction\":[{\"@type\":\"ReadAction\",\"target\":[\"https:\/\/expresso.estadao.com.br\/sao-paulo\/2025\/10\/28\/obras-do-trecho-2-da-santo-amaro-entram-em-fase-final\/\"]}]},{\"@type\":\"ImageObject\",\"inLanguage\":\"pt-BR\",\"@id\":\"https:\/\/expresso.estadao.com.br\/sao-paulo\/2025\/10\/28\/obras-do-trecho-2-da-santo-amaro-entram-em-fase-final\/#primaryimage\",\"url\":\"https:\/\/expresso.estadao.com.br\/sao-paulo\/wp-content\/uploads\/2025\/10\/transferir.jpg\",\"contentUrl\":\"https:\/\/expresso.estadao.com.br\/sao-paulo\/wp-content\/uploads\/2025\/10\/transferir.jpg\",\"width\":1600,\"height\":720,\"caption\":\"Foto: Divulga\u00e7\u00e3o\/Secom\"},{\"@type\":\"BreadcrumbList\",\"@id\":\"https:\/\/expresso.estadao.com.br\/sao-paulo\/2025\/10\/28\/obras-do-trecho-2-da-santo-amaro-entram-em-fase-final\/#breadcrumb\",\"itemListElement\":[{\"@type\":\"ListItem\",\"position\":1,\"name\":\"In\u00edcio\",\"item\":\"https:\/\/expresso.estadao.com.br\/sao-paulo\/\"},{\"@type\":\"ListItem\",\"position\":2,\"name\":\"Obras do trecho 2 da Santo Amaro entram em fase final\"}]},{\"@type\":\"WebSite\",\"@id\":\"https:\/\/expresso.estadao.com.br\/sao-paulo\/#website\",\"url\":\"https:\/\/expresso.estadao.com.br\/sao-paulo\/\",\"name\":\"Estad\u00e3o Expresso S\u00e3o Paulo\",\"description\":\"Conte\u00fado de presta\u00e7\u00e3o de servi\u00e7o para que os moradores da cidade de S\u00e3o Paulo possam se informar melhor e usar de maneira mais eficaz os servi\u00e7os p\u00fablicos municipais.\",\"potentialAction\":[{\"@type\":\"SearchAction\",\"target\":{\"@type\":\"EntryPoint\",\"urlTemplate\":\"https:\/\/expresso.estadao.com.br\/sao-paulo\/?s={search_term_string}\"},\"query-input\":{\"@type\":\"PropertyValueSpecification\",\"valueRequired\":true,\"valueName\":\"search_term_string\"}}],\"inLanguage\":\"pt-BR\"},{\"@type\":\"Person\",\"@id\":\"https:\/\/expresso.estadao.com.br\/sao-paulo\/#\/schema\/person\/f45f9e313ba8cbe5af9424f387ddef42\",\"name\":\"fabio_bairros\",\"image\":{\"@type\":\"ImageObject\",\"inLanguage\":\"pt-BR\",\"@id\":\"https:\/\/expresso.estadao.com.br\/sao-paulo\/#\/schema\/person\/image\/\",\"url\":\"https:\/\/secure.gravatar.com\/avatar\/fbecca90befcfda9505216ce0dc87261326cb6644deb5861e7ab404061c24246?s=96&d=mm&r=g\",\"contentUrl\":\"https:\/\/secure.gravatar.com\/avatar\/fbecca90befcfda9505216ce0dc87261326cb6644deb5861e7ab404061c24246?s=96&d=mm&r=g\",\"caption\":\"fabio_bairros\"}}]}<\/script>\n<!-- \/ Yoast SEO plugin. -->","yoast_head_json":{"title":"Obras na Santo Amaro - Estad\u00e3o Expresso S\u00e3o Paulo","description":"Requalifica\u00e7\u00e3o da avenida avan\u00e7a com drenagem, cal\u00e7adas ampliadas e redes subterr\u00e2neas","robots":{"index":"index","follow":"follow","max-snippet":"max-snippet:-1","max-image-preview":"max-image-preview:large","max-video-preview":"max-video-preview:-1"},"canonical":"https:\/\/expresso.estadao.com.br\/sao-paulo\/2025\/10\/28\/obras-do-trecho-2-da-santo-amaro-entram-em-fase-final\/","og_locale":"pt_BR","og_type":"article","og_title":"Obras na Santo Amaro - Estad\u00e3o Expresso S\u00e3o Paulo","og_description":"Requalifica\u00e7\u00e3o da avenida avan\u00e7a com drenagem, cal\u00e7adas ampliadas e redes subterr\u00e2neas","og_url":"https:\/\/expresso.estadao.com.br\/sao-paulo\/2025\/10\/28\/obras-do-trecho-2-da-santo-amaro-entram-em-fase-final\/","og_site_name":"Estad\u00e3o Expresso S\u00e3o Paulo","article_published_time":"2025-10-28T09:48:03+00:00","og_image":[{"width":"","height":"","url":"https:\/\/expresso.estadao.com.br\/sao-paulo\/wp-content\/uploads\/2025\/10\/transferir.jpg","type":"image\/jpeg"}],"author":"fabio_bairros","twitter_card":"summary_large_image","twitter_misc":{"Escrito por":"fabio_bairros","Est. tempo de leitura":"2 minutos"},"schema":{"@context":"https:\/\/schema.org","@graph":[{"@type":"WebPage","@id":"https:\/\/expresso.estadao.com.br\/sao-paulo\/2025\/10\/28\/obras-do-trecho-2-da-santo-amaro-entram-em-fase-final\/","url":"https:\/\/expresso.estadao.com.br\/sao-paulo\/2025\/10\/28\/obras-do-trecho-2-da-santo-amaro-entram-em-fase-final\/","name":"Obras na Santo Amaro - Estad\u00e3o Expresso S\u00e3o Paulo","isPartOf":{"@id":"https:\/\/expresso.estadao.com.br\/sao-paulo\/#website"},"primaryImageOfPage":{"@id":"https:\/\/expresso.estadao.com.br\/sao-paulo\/2025\/10\/28\/obras-do-trecho-2-da-santo-amaro-entram-em-fase-final\/#primaryimage"},"image":{"@id":"https:\/\/expresso.estadao.com.br\/sao-paulo\/2025\/10\/28\/obras-do-trecho-2-da-santo-amaro-entram-em-fase-final\/#primaryimage"},"thumbnailUrl":"https:\/\/expresso.estadao.com.br\/sao-paulo\/wp-content\/uploads\/2025\/10\/transferir.jpg","datePublished":"2025-10-28T09:48:03+00:00","dateModified":"2025-10-28T09:48:03+00:00","author":{"@id":"https:\/\/expresso.estadao.com.br\/sao-paulo\/#\/schema\/person\/f45f9e313ba8cbe5af9424f387ddef42"},"description":"Requalifica\u00e7\u00e3o da avenida avan\u00e7a com drenagem, cal\u00e7adas ampliadas e redes subterr\u00e2neas","breadcrumb":{"@id":"https:\/\/expresso.estadao.com.br\/sao-paulo\/2025\/10\/28\/obras-do-trecho-2-da-santo-amaro-entram-em-fase-final\/#breadcrumb"},"inLanguage":"pt-BR","potentialAction":[{"@type":"ReadAction","target":["https:\/\/expresso.estadao.com.br\/sao-paulo\/2025\/10\/28\/obras-do-trecho-2-da-santo-amaro-entram-em-fase-final\/"]}]},{"@type":"ImageObject","inLanguage":"pt-BR","@id":"https:\/\/expresso.estadao.com.br\/sao-paulo\/2025\/10\/28\/obras-do-trecho-2-da-santo-amaro-entram-em-fase-final\/#primaryimage","url":"https:\/\/expresso.estadao.com.br\/sao-paulo\/wp-content\/uploads\/2025\/10\/transferir.jpg","contentUrl":"https:\/\/expresso.estadao.com.br\/sao-paulo\/wp-content\/uploads\/2025\/10\/transferir.jpg","width":1600,"height":720,"caption":"Foto: Divulga\u00e7\u00e3o\/Secom"},{"@type":"BreadcrumbList","@id":"https:\/\/expresso.estadao.com.br\/sao-paulo\/2025\/10\/28\/obras-do-trecho-2-da-santo-amaro-entram-em-fase-final\/#breadcrumb","itemListElement":[{"@type":"ListItem","position":1,"name":"In\u00edcio","item":"https:\/\/expresso.estadao.com.br\/sao-paulo\/"},{"@type":"ListItem","position":2,"name":"Obras do trecho 2 da Santo Amaro entram em fase final"}]},{"@type":"WebSite","@id":"https:\/\/expresso.estadao.com.br\/sao-paulo\/#website","url":"https:\/\/expresso.estadao.com.br\/sao-paulo\/","name":"Estad\u00e3o Expresso S\u00e3o Paulo","description":"Conte\u00fado de presta\u00e7\u00e3o de servi\u00e7o para que os moradores da cidade de S\u00e3o Paulo possam se informar melhor e usar de maneira mais eficaz os servi\u00e7os p\u00fablicos municipais.","potentialAction":[{"@type":"SearchAction","target":{"@type":"EntryPoint","urlTemplate":"https:\/\/expresso.estadao.com.br\/sao-paulo\/?s={search_term_string}"},"query-input":{"@type":"PropertyValueSpecification","valueRequired":true,"valueName":"search_term_string"}}],"inLanguage":"pt-BR"},{"@type":"Person","@id":"https:\/\/expresso.estadao.com.br\/sao-paulo\/#\/schema\/person\/f45f9e313ba8cbe5af9424f387ddef42","name":"fabio_bairros","image":{"@type":"ImageObject","inLanguage":"pt-BR","@id":"https:\/\/expresso.estadao.com.br\/sao-paulo\/#\/schema\/person\/image\/","url":"https:\/\/secure.gravatar.com\/avatar\/fbecca90befcfda9505216ce0dc87261326cb6644deb5861e7ab404061c24246?s=96&d=mm&r=g","contentUrl":"https:\/\/secure.gravatar.com\/avatar\/fbecca90befcfda9505216ce0dc87261326cb6644deb5861e7ab404061c24246?s=96&d=mm&r=g","caption":"fabio_bairros"}}]}},"_links":{"self":[{"href":"https:\/\/expresso.estadao.com.br\/sao-paulo\/wp-json\/wp\/v2\/posts\/12026","targetHints":{"allow":["GET"]}}],"collection":[{"href":"https:\/\/expresso.estadao.com.br\/sao-paulo\/wp-json\/wp\/v2\/posts"}],"about":[{"href":"https:\/\/expresso.estadao.com.br\/sao-paulo\/wp-json\/wp\/v2\/types\/post"}],"author":[{"embeddable":true,"href":"https:\/\/expresso.estadao.com.br\/sao-paulo\/wp-json\/wp\/v2\/users\/4"}],"replies":[{"embeddable":true,"href":"https:\/\/expresso.estadao.com.br\/sao-paulo\/wp-json\/wp\/v2\/comments?post=12026"}],"version-history":[{"count":1,"href":"https:\/\/expresso.estadao.com.br\/sao-paulo\/wp-json\/wp\/v2\/posts\/12026\/revisions"}],"predecessor-version":[{"id":12027,"href":"https:\/\/expresso.estadao.com.br\/sao-paulo\/wp-json\/wp\/v2\/posts\/12026\/revisions\/12027"}],"wp:featuredmedia":[{"embeddable":true,"href":"https:\/\/expresso.estadao.com.br\/sao-paulo\/wp-json\/wp\/v2\/media\/12028"}],"wp:attachment":[{"href":"https:\/\/expresso.estadao.com.br\/sao-paulo\/wp-json\/wp\/v2\/media?parent=12026"}],"wp:term":[{"taxonomy":"category","embeddable":true,"href":"https:\/\/expresso.estadao.com.br\/sao-paulo\/wp-json\/wp\/v2\/categories?post=12026"},{"taxonomy":"post_tag","embeddable":true,"href":"https:\/\/expresso.estadao.com.br\/sao-paulo\/wp-json\/wp\/v2\/tags?post=12026"}],"curies":[{"name":"wp","href":"https:\/\/api.w.org\/{rel}","templated":true}]}}