{"id":12082,"date":"2025-11-11T20:27:17","date_gmt":"2025-11-11T23:27:17","guid":{"rendered":"https:\/\/expresso.estadao.com.br\/sao-paulo\/?p=12082"},"modified":"2025-11-26T09:22:54","modified_gmt":"2025-11-26T12:22:54","slug":"vinte-cameras-de-congonhas-sao-integradas-ao-smart-sampa","status":"publish","type":"post","link":"https:\/\/expresso.estadao.com.br\/sao-paulo\/2025\/11\/11\/vinte-cameras-de-congonhas-sao-integradas-ao-smart-sampa\/","title":{"rendered":"Vinte c\u00e2meras de Congonhas s\u00e3o integradas ao Smart Sampa"},"content":{"rendered":"<p data-start=\"184\" data-end=\"572\">A Prefeitura de S\u00e3o Paulo integrou 20 c\u00e2meras do Aeroporto de Congonhas ao sistema de monitoramento urbano Smart Sampa. Os equipamentos foram conectados \u00e0 central de controle do programa, permitindo reconhecimento facial e an\u00e1lise de imagens em tempo real nas \u00e1reas p\u00fablicas de embarque, desembarque e cal\u00e7adas externas do terminal.<\/p>\n<p data-start=\"574\" data-end=\"1068\">As imagens passam a ser transmitidas diretamente para a central do Smart Sampa, que cruza os registros com bancos de dados de seguran\u00e7a p\u00fablica. O sistema emite alertas autom\u00e1ticos para identifica\u00e7\u00e3o de pessoas procuradas pela Justi\u00e7a, ve\u00edculos com restri\u00e7\u00e3o e outras ocorr\u00eancias. As informa\u00e7\u00f5es s\u00e3o compartilhadas com equipes da Guarda Civil Metropolitana (GCM), que atuam no entorno do aeroporto, enquanto a Pol\u00edcia Federal segue respons\u00e1vel pelo monitoramento das \u00e1reas internas do terminal.<\/p>\n<p data-start=\"1070\" data-end=\"1359\">A integra\u00e7\u00e3o das c\u00e2meras foi realizada em parceria entre a Prefeitura e a Aena, concession\u00e1ria que administra Congonhas. A opera\u00e7\u00e3o utiliza equipamentos j\u00e1 existentes, sem novas instala\u00e7\u00f5es. A concession\u00e1ria contratou um provedor de nuvem compat\u00edvel com os requisitos t\u00e9cnicos do programa.<\/p>\n<p data-start=\"1361\" data-end=\"1501\"><strong>N\u00fameros<\/strong><\/p>\n<p data-start=\"1503\" data-end=\"1763\">O Smart Sampa possui cerca de 40 mil c\u00e2meras conectadas em vias e equipamentos p\u00fablicos da capital. Desde novembro de 2024, o sistema registrou capturas de foragidos, pris\u00f5es em flagrante, localiza\u00e7\u00e3o de pessoas desaparecidas e ocorr\u00eancias envolvendo ve\u00edculos.<\/p>\n<p data-start=\"1765\" data-end=\"2124\"><strong>Revitaliza\u00e7\u00e3o de Congonhas<\/strong><\/p>\n<p data-start=\"1765\" data-end=\"2124\">O aeroporto passa por um processo de moderniza\u00e7\u00e3o conduzido pela Aena, com melhorias na \u00e1rea de inspe\u00e7\u00e3o de seguran\u00e7a, banheiros, ilumina\u00e7\u00e3o, pistas, p\u00e1tios e acessos vi\u00e1rios, al\u00e9m da cria\u00e7\u00e3o de uma \u00e1rea dedicada a embarques por aplicativos e bols\u00e3o para motoristas. Congonhas tamb\u00e9m passou a operar com frota de \u00f4nibus el\u00e9tricos.<\/p>\n<p data-start=\"2126\" data-end=\"2326\">Em dezembro de 2024, tiveram in\u00edcio as obras do novo terminal, previstas para conclus\u00e3o em 2028. O projeto inclui aumento do n\u00famero de pontes de embarque e amplia\u00e7\u00e3o de \u00e1reas comerciais e de servi\u00e7os.<\/p>\n<p data-start=\"2328\" data-end=\"2755\" data-is-last-node=\"\" data-is-only-node=\"\"><strong>Passarela de acesso<\/strong><\/p>\n<p data-start=\"2328\" data-end=\"2755\" data-is-last-node=\"\" data-is-only-node=\"\">A Aena e a Prefeitura firmaram Termo de Coopera\u00e7\u00e3o para reforma, manuten\u00e7\u00e3o e conserva\u00e7\u00e3o da passarela em frente ao aeroporto. A concession\u00e1ria assumir\u00e1 a gest\u00e3o do local, com investimento previsto superior a R$ 1 milh\u00e3o. A passarela \u00e9 utilizada diariamente por cerca de 5 mil pessoas. A opera\u00e7\u00e3o incluir\u00e1 seguran\u00e7a pr\u00f3pria para orienta\u00e7\u00e3o de usu\u00e1rios e acionamento das autoridades em caso de ocorr\u00eancias.<\/p>\n","protected":false},"excerpt":{"rendered":"<p>A Prefeitura de S\u00e3o Paulo integrou 20 c\u00e2meras do Aeroporto de Congonhas ao sistema de monitoramento urbano Smart Sampa. Os equipamentos foram conectados \u00e0 central de controle do programa, permitindo reconhecimento facial e an\u00e1lise de imagens em tempo real nas \u00e1reas p\u00fablicas de embarque, desembarque e cal\u00e7adas externas do terminal. As imagens passam a ser [&hellip;]<\/p>\n","protected":false},"author":4,"featured_media":12084,"comment_status":"open","ping_status":"closed","sticky":false,"template":"","format":"standard","meta":{"_acf_changed":false,"_monsterinsights_skip_tracking":false,"_monsterinsights_sitenote_active":false,"_monsterinsights_sitenote_note":"","_monsterinsights_sitenote_category":0,"footnotes":""},"categories":[759],"tags":[1136,52,1165],"class_list":["post-12082","post","type-post","status-publish","format-standard","has-post-thumbnail","hentry","category-seguranca","tag-congonhas","tag-prefeitura-de-sao-paulo","tag-smart-sampa"],"acf":[],"yoast_head":"<!-- This site is optimized with the Yoast SEO plugin v24.1 - https:\/\/yoast.com\/wordpress\/plugins\/seo\/ -->\n<title>Smart Sampa em Congonhas - Estad\u00e3o Expresso S\u00e3o Paulo<\/title>\n<meta name=\"description\" content=\"Aeroporto conta agora com sistema inteligente da Prefeitura de S\u00e3o Paulo para refor\u00e7ar a seguran\u00e7a\" \/>\n<meta name=\"robots\" content=\"index, follow, max-snippet:-1, max-image-preview:large, max-video-preview:-1\" \/>\n<link rel=\"canonical\" href=\"https:\/\/expresso.estadao.com.br\/sao-paulo\/2025\/11\/11\/vinte-cameras-de-congonhas-sao-integradas-ao-smart-sampa\/\" \/>\n<meta property=\"og:locale\" content=\"pt_BR\" \/>\n<meta property=\"og:type\" content=\"article\" \/>\n<meta property=\"og:title\" content=\"Smart Sampa em Congonhas - Estad\u00e3o Expresso S\u00e3o Paulo\" \/>\n<meta property=\"og:description\" content=\"Aeroporto conta agora com sistema inteligente da Prefeitura de S\u00e3o Paulo para refor\u00e7ar a seguran\u00e7a\" \/>\n<meta property=\"og:url\" content=\"https:\/\/expresso.estadao.com.br\/sao-paulo\/2025\/11\/11\/vinte-cameras-de-congonhas-sao-integradas-ao-smart-sampa\/\" \/>\n<meta property=\"og:site_name\" content=\"Estad\u00e3o Expresso S\u00e3o Paulo\" \/>\n<meta property=\"article:published_time\" content=\"2025-11-11T23:27:17+00:00\" \/>\n<meta property=\"article:modified_time\" content=\"2025-11-26T12:22:54+00:00\" \/>\n<meta property=\"og:image\" content=\"https:\/\/expresso.estadao.com.br\/sao-paulo\/wp-content\/uploads\/2025\/11\/20251111_Smart_Sampa_Aeroporto_SB-15.jpg\" \/>\n\t<meta property=\"og:image:type\" content=\"image\/jpeg\" \/>\n<meta name=\"author\" content=\"fabio_bairros\" \/>\n<meta name=\"twitter:card\" content=\"summary_large_image\" \/>\n<meta name=\"twitter:label1\" content=\"Escrito por\" \/>\n\t<meta name=\"twitter:data1\" content=\"fabio_bairros\" \/>\n\t<meta name=\"twitter:label2\" content=\"Est. tempo de leitura\" \/>\n\t<meta name=\"twitter:data2\" content=\"3 minutos\" \/>\n<script type=\"application\/ld+json\" class=\"yoast-schema-graph\">{\"@context\":\"https:\/\/schema.org\",\"@graph\":[{\"@type\":\"WebPage\",\"@id\":\"https:\/\/expresso.estadao.com.br\/sao-paulo\/2025\/11\/11\/vinte-cameras-de-congonhas-sao-integradas-ao-smart-sampa\/\",\"url\":\"https:\/\/expresso.estadao.com.br\/sao-paulo\/2025\/11\/11\/vinte-cameras-de-congonhas-sao-integradas-ao-smart-sampa\/\",\"name\":\"Smart Sampa em Congonhas - Estad\u00e3o Expresso S\u00e3o Paulo\",\"isPartOf\":{\"@id\":\"https:\/\/expresso.estadao.com.br\/sao-paulo\/#website\"},\"primaryImageOfPage\":{\"@id\":\"https:\/\/expresso.estadao.com.br\/sao-paulo\/2025\/11\/11\/vinte-cameras-de-congonhas-sao-integradas-ao-smart-sampa\/#primaryimage\"},\"image\":{\"@id\":\"https:\/\/expresso.estadao.com.br\/sao-paulo\/2025\/11\/11\/vinte-cameras-de-congonhas-sao-integradas-ao-smart-sampa\/#primaryimage\"},\"thumbnailUrl\":\"https:\/\/expresso.estadao.com.br\/sao-paulo\/wp-content\/uploads\/2025\/11\/20251111_Smart_Sampa_Aeroporto_SB-15.jpg\",\"datePublished\":\"2025-11-11T23:27:17+00:00\",\"dateModified\":\"2025-11-26T12:22:54+00:00\",\"author\":{\"@id\":\"https:\/\/expresso.estadao.com.br\/sao-paulo\/#\/schema\/person\/f45f9e313ba8cbe5af9424f387ddef42\"},\"description\":\"Aeroporto conta agora com sistema inteligente da Prefeitura de S\u00e3o Paulo para refor\u00e7ar a seguran\u00e7a\",\"breadcrumb\":{\"@id\":\"https:\/\/expresso.estadao.com.br\/sao-paulo\/2025\/11\/11\/vinte-cameras-de-congonhas-sao-integradas-ao-smart-sampa\/#breadcrumb\"},\"inLanguage\":\"pt-BR\",\"potentialAction\":[{\"@type\":\"ReadAction\",\"target\":[\"https:\/\/expresso.estadao.com.br\/sao-paulo\/2025\/11\/11\/vinte-cameras-de-congonhas-sao-integradas-ao-smart-sampa\/\"]}]},{\"@type\":\"ImageObject\",\"inLanguage\":\"pt-BR\",\"@id\":\"https:\/\/expresso.estadao.com.br\/sao-paulo\/2025\/11\/11\/vinte-cameras-de-congonhas-sao-integradas-ao-smart-sampa\/#primaryimage\",\"url\":\"https:\/\/expresso.estadao.com.br\/sao-paulo\/wp-content\/uploads\/2025\/11\/20251111_Smart_Sampa_Aeroporto_SB-15.jpg\",\"contentUrl\":\"https:\/\/expresso.estadao.com.br\/sao-paulo\/wp-content\/uploads\/2025\/11\/20251111_Smart_Sampa_Aeroporto_SB-15.jpg\",\"width\":1616,\"height\":1080,\"caption\":\"Foto: Sergio Barzaghi\/Divulga\u00e7\u00e3o\/Secom\"},{\"@type\":\"BreadcrumbList\",\"@id\":\"https:\/\/expresso.estadao.com.br\/sao-paulo\/2025\/11\/11\/vinte-cameras-de-congonhas-sao-integradas-ao-smart-sampa\/#breadcrumb\",\"itemListElement\":[{\"@type\":\"ListItem\",\"position\":1,\"name\":\"In\u00edcio\",\"item\":\"https:\/\/expresso.estadao.com.br\/sao-paulo\/\"},{\"@type\":\"ListItem\",\"position\":2,\"name\":\"Vinte c\u00e2meras de Congonhas s\u00e3o integradas ao Smart Sampa\"}]},{\"@type\":\"WebSite\",\"@id\":\"https:\/\/expresso.estadao.com.br\/sao-paulo\/#website\",\"url\":\"https:\/\/expresso.estadao.com.br\/sao-paulo\/\",\"name\":\"Estad\u00e3o Expresso S\u00e3o Paulo\",\"description\":\"Conte\u00fado de presta\u00e7\u00e3o de servi\u00e7o para que os moradores da cidade de S\u00e3o Paulo possam se informar melhor e usar de maneira mais eficaz os servi\u00e7os p\u00fablicos municipais.\",\"potentialAction\":[{\"@type\":\"SearchAction\",\"target\":{\"@type\":\"EntryPoint\",\"urlTemplate\":\"https:\/\/expresso.estadao.com.br\/sao-paulo\/?s={search_term_string}\"},\"query-input\":{\"@type\":\"PropertyValueSpecification\",\"valueRequired\":true,\"valueName\":\"search_term_string\"}}],\"inLanguage\":\"pt-BR\"},{\"@type\":\"Person\",\"@id\":\"https:\/\/expresso.estadao.com.br\/sao-paulo\/#\/schema\/person\/f45f9e313ba8cbe5af9424f387ddef42\",\"name\":\"fabio_bairros\",\"image\":{\"@type\":\"ImageObject\",\"inLanguage\":\"pt-BR\",\"@id\":\"https:\/\/expresso.estadao.com.br\/sao-paulo\/#\/schema\/person\/image\/\",\"url\":\"https:\/\/secure.gravatar.com\/avatar\/fbecca90befcfda9505216ce0dc87261326cb6644deb5861e7ab404061c24246?s=96&d=mm&r=g\",\"contentUrl\":\"https:\/\/secure.gravatar.com\/avatar\/fbecca90befcfda9505216ce0dc87261326cb6644deb5861e7ab404061c24246?s=96&d=mm&r=g\",\"caption\":\"fabio_bairros\"}}]}<\/script>\n<!-- \/ Yoast SEO plugin. -->","yoast_head_json":{"title":"Smart Sampa em Congonhas - Estad\u00e3o Expresso S\u00e3o Paulo","description":"Aeroporto conta agora com sistema inteligente da Prefeitura de S\u00e3o Paulo para refor\u00e7ar a seguran\u00e7a","robots":{"index":"index","follow":"follow","max-snippet":"max-snippet:-1","max-image-preview":"max-image-preview:large","max-video-preview":"max-video-preview:-1"},"canonical":"https:\/\/expresso.estadao.com.br\/sao-paulo\/2025\/11\/11\/vinte-cameras-de-congonhas-sao-integradas-ao-smart-sampa\/","og_locale":"pt_BR","og_type":"article","og_title":"Smart Sampa em Congonhas - Estad\u00e3o Expresso S\u00e3o Paulo","og_description":"Aeroporto conta agora com sistema inteligente da Prefeitura de S\u00e3o Paulo para refor\u00e7ar a seguran\u00e7a","og_url":"https:\/\/expresso.estadao.com.br\/sao-paulo\/2025\/11\/11\/vinte-cameras-de-congonhas-sao-integradas-ao-smart-sampa\/","og_site_name":"Estad\u00e3o Expresso S\u00e3o Paulo","article_published_time":"2025-11-11T23:27:17+00:00","article_modified_time":"2025-11-26T12:22:54+00:00","og_image":[{"width":"","height":"","url":"https:\/\/expresso.estadao.com.br\/sao-paulo\/wp-content\/uploads\/2025\/11\/20251111_Smart_Sampa_Aeroporto_SB-15.jpg","type":"image\/jpeg"}],"author":"fabio_bairros","twitter_card":"summary_large_image","twitter_misc":{"Escrito por":"fabio_bairros","Est. tempo de leitura":"3 minutos"},"schema":{"@context":"https:\/\/schema.org","@graph":[{"@type":"WebPage","@id":"https:\/\/expresso.estadao.com.br\/sao-paulo\/2025\/11\/11\/vinte-cameras-de-congonhas-sao-integradas-ao-smart-sampa\/","url":"https:\/\/expresso.estadao.com.br\/sao-paulo\/2025\/11\/11\/vinte-cameras-de-congonhas-sao-integradas-ao-smart-sampa\/","name":"Smart Sampa em Congonhas - Estad\u00e3o Expresso S\u00e3o Paulo","isPartOf":{"@id":"https:\/\/expresso.estadao.com.br\/sao-paulo\/#website"},"primaryImageOfPage":{"@id":"https:\/\/expresso.estadao.com.br\/sao-paulo\/2025\/11\/11\/vinte-cameras-de-congonhas-sao-integradas-ao-smart-sampa\/#primaryimage"},"image":{"@id":"https:\/\/expresso.estadao.com.br\/sao-paulo\/2025\/11\/11\/vinte-cameras-de-congonhas-sao-integradas-ao-smart-sampa\/#primaryimage"},"thumbnailUrl":"https:\/\/expresso.estadao.com.br\/sao-paulo\/wp-content\/uploads\/2025\/11\/20251111_Smart_Sampa_Aeroporto_SB-15.jpg","datePublished":"2025-11-11T23:27:17+00:00","dateModified":"2025-11-26T12:22:54+00:00","author":{"@id":"https:\/\/expresso.estadao.com.br\/sao-paulo\/#\/schema\/person\/f45f9e313ba8cbe5af9424f387ddef42"},"description":"Aeroporto conta agora com sistema inteligente da Prefeitura de S\u00e3o Paulo para refor\u00e7ar a seguran\u00e7a","breadcrumb":{"@id":"https:\/\/expresso.estadao.com.br\/sao-paulo\/2025\/11\/11\/vinte-cameras-de-congonhas-sao-integradas-ao-smart-sampa\/#breadcrumb"},"inLanguage":"pt-BR","potentialAction":[{"@type":"ReadAction","target":["https:\/\/expresso.estadao.com.br\/sao-paulo\/2025\/11\/11\/vinte-cameras-de-congonhas-sao-integradas-ao-smart-sampa\/"]}]},{"@type":"ImageObject","inLanguage":"pt-BR","@id":"https:\/\/expresso.estadao.com.br\/sao-paulo\/2025\/11\/11\/vinte-cameras-de-congonhas-sao-integradas-ao-smart-sampa\/#primaryimage","url":"https:\/\/expresso.estadao.com.br\/sao-paulo\/wp-content\/uploads\/2025\/11\/20251111_Smart_Sampa_Aeroporto_SB-15.jpg","contentUrl":"https:\/\/expresso.estadao.com.br\/sao-paulo\/wp-content\/uploads\/2025\/11\/20251111_Smart_Sampa_Aeroporto_SB-15.jpg","width":1616,"height":1080,"caption":"Foto: Sergio Barzaghi\/Divulga\u00e7\u00e3o\/Secom"},{"@type":"BreadcrumbList","@id":"https:\/\/expresso.estadao.com.br\/sao-paulo\/2025\/11\/11\/vinte-cameras-de-congonhas-sao-integradas-ao-smart-sampa\/#breadcrumb","itemListElement":[{"@type":"ListItem","position":1,"name":"In\u00edcio","item":"https:\/\/expresso.estadao.com.br\/sao-paulo\/"},{"@type":"ListItem","position":2,"name":"Vinte c\u00e2meras de Congonhas s\u00e3o integradas ao Smart Sampa"}]},{"@type":"WebSite","@id":"https:\/\/expresso.estadao.com.br\/sao-paulo\/#website","url":"https:\/\/expresso.estadao.com.br\/sao-paulo\/","name":"Estad\u00e3o Expresso S\u00e3o Paulo","description":"Conte\u00fado de presta\u00e7\u00e3o de servi\u00e7o para que os moradores da cidade de S\u00e3o Paulo possam se informar melhor e usar de maneira mais eficaz os servi\u00e7os p\u00fablicos municipais.","potentialAction":[{"@type":"SearchAction","target":{"@type":"EntryPoint","urlTemplate":"https:\/\/expresso.estadao.com.br\/sao-paulo\/?s={search_term_string}"},"query-input":{"@type":"PropertyValueSpecification","valueRequired":true,"valueName":"search_term_string"}}],"inLanguage":"pt-BR"},{"@type":"Person","@id":"https:\/\/expresso.estadao.com.br\/sao-paulo\/#\/schema\/person\/f45f9e313ba8cbe5af9424f387ddef42","name":"fabio_bairros","image":{"@type":"ImageObject","inLanguage":"pt-BR","@id":"https:\/\/expresso.estadao.com.br\/sao-paulo\/#\/schema\/person\/image\/","url":"https:\/\/secure.gravatar.com\/avatar\/fbecca90befcfda9505216ce0dc87261326cb6644deb5861e7ab404061c24246?s=96&d=mm&r=g","contentUrl":"https:\/\/secure.gravatar.com\/avatar\/fbecca90befcfda9505216ce0dc87261326cb6644deb5861e7ab404061c24246?s=96&d=mm&r=g","caption":"fabio_bairros"}}]}},"_links":{"self":[{"href":"https:\/\/expresso.estadao.com.br\/sao-paulo\/wp-json\/wp\/v2\/posts\/12082","targetHints":{"allow":["GET"]}}],"collection":[{"href":"https:\/\/expresso.estadao.com.br\/sao-paulo\/wp-json\/wp\/v2\/posts"}],"about":[{"href":"https:\/\/expresso.estadao.com.br\/sao-paulo\/wp-json\/wp\/v2\/types\/post"}],"author":[{"embeddable":true,"href":"https:\/\/expresso.estadao.com.br\/sao-paulo\/wp-json\/wp\/v2\/users\/4"}],"replies":[{"embeddable":true,"href":"https:\/\/expresso.estadao.com.br\/sao-paulo\/wp-json\/wp\/v2\/comments?post=12082"}],"version-history":[{"count":4,"href":"https:\/\/expresso.estadao.com.br\/sao-paulo\/wp-json\/wp\/v2\/posts\/12082\/revisions"}],"predecessor-version":[{"id":12164,"href":"https:\/\/expresso.estadao.com.br\/sao-paulo\/wp-json\/wp\/v2\/posts\/12082\/revisions\/12164"}],"wp:featuredmedia":[{"embeddable":true,"href":"https:\/\/expresso.estadao.com.br\/sao-paulo\/wp-json\/wp\/v2\/media\/12084"}],"wp:attachment":[{"href":"https:\/\/expresso.estadao.com.br\/sao-paulo\/wp-json\/wp\/v2\/media?parent=12082"}],"wp:term":[{"taxonomy":"category","embeddable":true,"href":"https:\/\/expresso.estadao.com.br\/sao-paulo\/wp-json\/wp\/v2\/categories?post=12082"},{"taxonomy":"post_tag","embeddable":true,"href":"https:\/\/expresso.estadao.com.br\/sao-paulo\/wp-json\/wp\/v2\/tags?post=12082"}],"curies":[{"name":"wp","href":"https:\/\/api.w.org\/{rel}","templated":true}]}}