{"id":12108,"date":"2025-11-14T14:53:33","date_gmt":"2025-11-14T17:53:33","guid":{"rendered":"https:\/\/expresso.estadao.com.br\/sao-paulo\/?p=12108"},"modified":"2025-11-14T14:59:24","modified_gmt":"2025-11-14T17:59:24","slug":"casa-mae-paulistana-inicia-atendimento-a-cuidadoras-de-pessoas-com-deficiencia","status":"publish","type":"post","link":"https:\/\/expresso.estadao.com.br\/sao-paulo\/2025\/11\/14\/casa-mae-paulistana-inicia-atendimento-a-cuidadoras-de-pessoas-com-deficiencia\/","title":{"rendered":"Casa M\u00e3e Paulistana inicia atendimento a cuidadoras de pessoas com defici\u00eancia"},"content":{"rendered":"<p data-start=\"327\" data-end=\"694\">A Casa M\u00e3e Paulistana para M\u00e3es de Pessoas com Defici\u00eancia foi inaugurada nesta quinta-feira (14) em Itaquera, zona leste da capital. O espa\u00e7o integra o Programa Entrela\u00e7os, institu\u00eddo pelo Decreto n\u00ba 63.686\/2024, e \u00e9 o primeiro equipamento p\u00fablico municipal dedicado exclusivamente ao apoio f\u00edsico, emocional e social de m\u00e3es e cuidadoras de pessoas com defici\u00eancia.<\/p>\n<p data-start=\"696\" data-end=\"1144\">Com 475 m\u00b2 acess\u00edveis, a unidade recebeu investimento de R$ 1,75 milh\u00e3o em reforma, infraestrutura e custeio inicial. O local possui sanit\u00e1rios adaptados, rotas e pisos t\u00e1teis, sinaliza\u00e7\u00e3o acess\u00edvel, elevador, salas de atendimento, ambientes de conviv\u00eancia, copa, refeit\u00f3rio e tr\u00eas salas multiuso. A opera\u00e7\u00e3o ser\u00e1 realizada pelo Instituto de Tecnologia Social (ITS), selecionado por edital, com equipe multiprofissional superior a 20 profissionais.<\/p>\n<p data-start=\"1146\" data-end=\"1615\">A Casa M\u00e3e Paulistana integra uma pol\u00edtica p\u00fablica voltada ao enfrentamento da sobrecarga vivida por m\u00e3es e cuidadoras, oferecendo suporte psicol\u00f3gico, social, jur\u00eddico e atividades formativas. A expectativa da Prefeitura \u00e9 realizar, mensalmente, 2.700 atendimentos, incluindo 640 sess\u00f5es individuais e 184 atividades coletivas. As a\u00e7\u00f5es abrangem cultura, bem-estar, autonomia social, empreendedorismo e forma\u00e7\u00e3o, al\u00e9m de orienta\u00e7\u00e3o sobre direitos, documenta\u00e7\u00e3o e benef\u00edcios sociais.<\/p>\n<p data-start=\"1617\" data-end=\"1918\">Durante as visitas de pr\u00e9-abertura, m\u00e3es relataram que o equipamento representa um espa\u00e7o de descanso, troca, aprendizado e reconstru\u00e7\u00e3o de v\u00ednculos pessoais frequentemente interrompidos pela rotina de cuidados. A unidade foi estruturada para oferecer acolhimento continuado e ambiente de conviv\u00eancia.<\/p>\n<p data-start=\"1920\" data-end=\"2103\">A Casa funcionar\u00e1 de ter\u00e7a a s\u00e1bado, das 8h \u00e0s 17h, pr\u00f3xima \u00e0 esta\u00e7\u00e3o Corinthians-Itaquera. O atendimento ser\u00e1 iniciado mediante agendamento eletr\u00f4nico no site da Casa M\u00e3e Paulistana.<\/p>\n<p data-start=\"2105\" data-end=\"2255\">Esta \u00e9 a primeira unidade de uma rede prevista no Programa de Metas 2025\u20132028, que inclui mais tr\u00eas Casas M\u00e3e Paulistana nas zonas norte, sul e oeste.<\/p>\n<p data-start=\"2257\" data-end=\"2276\"><strong>A\u00e7\u00f5es desenvolvidas<\/strong><\/p>\n<ul>\n<li data-start=\"2278\" data-end=\"2772\">Culturais: atividades de express\u00e3o art\u00edstica e valoriza\u00e7\u00e3o de diferentes linguagens.<\/li>\n<li data-start=\"2278\" data-end=\"2772\">F\u00edsicas: a\u00e7\u00f5es voltadas \u00e0 sa\u00fade f\u00edsica e mental.<\/li>\n<li data-start=\"2278\" data-end=\"2772\">Empreendedorismo: capacita\u00e7\u00e3o e est\u00edmulo ao desenvolvimento de habilidades para gera\u00e7\u00e3o de renda.<\/li>\n<li data-start=\"2278\" data-end=\"2772\">Bem-estar e autonomia social: apoio ao equil\u00edbrio emocional e \u00e0s compet\u00eancias sociais.<\/li>\n<li data-start=\"2278\" data-end=\"2772\">Expans\u00e3o de horizontes: atividades de integra\u00e7\u00e3o, descobertas e participa\u00e7\u00e3o comunit\u00e1ria.<\/li>\n<li data-start=\"2278\" data-end=\"2772\">Cursos de forma\u00e7\u00e3o: oportunidades de aprendizado e desenvolvimento pessoal.<\/li>\n<\/ul>\n<p>O agendamento para triagem deve ser feito na p\u00e1gina <a class=\"decorated-link\" href=\"http:\/\/www.casamaepaulistana.com.br\" target=\"_new\" rel=\"noopener\" data-start=\"3179\" data-end=\"3207\">www.casamaepaulistana.com.br<\/a>.<\/p>\n","protected":false},"excerpt":{"rendered":"<p>A Casa M\u00e3e Paulistana para M\u00e3es de Pessoas com Defici\u00eancia foi inaugurada nesta quinta-feira (14) em Itaquera, zona leste da capital. O espa\u00e7o integra o Programa Entrela\u00e7os, institu\u00eddo pelo Decreto n\u00ba 63.686\/2024, e \u00e9 o primeiro equipamento p\u00fablico municipal dedicado exclusivamente ao apoio f\u00edsico, emocional e social de m\u00e3es e cuidadoras de pessoas com defici\u00eancia. [&hellip;]<\/p>\n","protected":false},"author":4,"featured_media":12111,"comment_status":"open","ping_status":"closed","sticky":false,"template":"","format":"standard","meta":{"_acf_changed":false,"_monsterinsights_skip_tracking":false,"_monsterinsights_sitenote_active":false,"_monsterinsights_sitenote_note":"","_monsterinsights_sitenote_category":0,"footnotes":""},"categories":[757],"tags":[1320,52],"class_list":["post-12108","post","type-post","status-publish","format-standard","has-post-thumbnail","hentry","category-pessoa-com-deficiencia","tag-casa-mae-paulistana","tag-prefeitura-de-sao-paulo"],"acf":[],"yoast_head":"<!-- This site is optimized with the Yoast SEO plugin v24.1 - https:\/\/yoast.com\/wordpress\/plugins\/seo\/ -->\n<title>Casa M\u00e3e Paulistana - Estad\u00e3o Expresso S\u00e3o Paulo<\/title>\n<meta name=\"description\" content=\"Unidade em Itaquera oferece apoio psicol\u00f3gico, social, jur\u00eddico e atividades formativas para m\u00e3es e cuidadoras\" \/>\n<meta name=\"robots\" content=\"index, follow, max-snippet:-1, max-image-preview:large, max-video-preview:-1\" \/>\n<link rel=\"canonical\" href=\"https:\/\/expresso.estadao.com.br\/sao-paulo\/2025\/11\/14\/casa-mae-paulistana-inicia-atendimento-a-cuidadoras-de-pessoas-com-deficiencia\/\" \/>\n<meta property=\"og:locale\" content=\"pt_BR\" \/>\n<meta property=\"og:type\" content=\"article\" \/>\n<meta property=\"og:title\" content=\"Casa M\u00e3e Paulistana - Estad\u00e3o Expresso S\u00e3o Paulo\" \/>\n<meta property=\"og:description\" content=\"Unidade em Itaquera oferece apoio psicol\u00f3gico, social, jur\u00eddico e atividades formativas para m\u00e3es e cuidadoras\" \/>\n<meta property=\"og:url\" content=\"https:\/\/expresso.estadao.com.br\/sao-paulo\/2025\/11\/14\/casa-mae-paulistana-inicia-atendimento-a-cuidadoras-de-pessoas-com-deficiencia\/\" \/>\n<meta property=\"og:site_name\" content=\"Estad\u00e3o Expresso S\u00e3o Paulo\" \/>\n<meta property=\"article:published_time\" content=\"2025-11-14T17:53:33+00:00\" \/>\n<meta property=\"article:modified_time\" content=\"2025-11-14T17:59:24+00:00\" \/>\n<meta property=\"og:image\" content=\"https:\/\/expresso.estadao.com.br\/sao-paulo\/wp-content\/uploads\/2025\/11\/20251114_casa_mae_paulistana_itaquera_RP-21-scaled.jpg\" \/>\n\t<meta property=\"og:image:type\" content=\"image\/jpeg\" \/>\n<meta name=\"author\" content=\"fabio_bairros\" \/>\n<meta name=\"twitter:card\" content=\"summary_large_image\" \/>\n<meta name=\"twitter:label1\" content=\"Escrito por\" \/>\n\t<meta name=\"twitter:data1\" content=\"fabio_bairros\" \/>\n\t<meta name=\"twitter:label2\" content=\"Est. tempo de leitura\" \/>\n\t<meta name=\"twitter:data2\" content=\"3 minutos\" \/>\n<script type=\"application\/ld+json\" class=\"yoast-schema-graph\">{\"@context\":\"https:\/\/schema.org\",\"@graph\":[{\"@type\":\"WebPage\",\"@id\":\"https:\/\/expresso.estadao.com.br\/sao-paulo\/2025\/11\/14\/casa-mae-paulistana-inicia-atendimento-a-cuidadoras-de-pessoas-com-deficiencia\/\",\"url\":\"https:\/\/expresso.estadao.com.br\/sao-paulo\/2025\/11\/14\/casa-mae-paulistana-inicia-atendimento-a-cuidadoras-de-pessoas-com-deficiencia\/\",\"name\":\"Casa M\u00e3e Paulistana - Estad\u00e3o Expresso S\u00e3o Paulo\",\"isPartOf\":{\"@id\":\"https:\/\/expresso.estadao.com.br\/sao-paulo\/#website\"},\"primaryImageOfPage\":{\"@id\":\"https:\/\/expresso.estadao.com.br\/sao-paulo\/2025\/11\/14\/casa-mae-paulistana-inicia-atendimento-a-cuidadoras-de-pessoas-com-deficiencia\/#primaryimage\"},\"image\":{\"@id\":\"https:\/\/expresso.estadao.com.br\/sao-paulo\/2025\/11\/14\/casa-mae-paulistana-inicia-atendimento-a-cuidadoras-de-pessoas-com-deficiencia\/#primaryimage\"},\"thumbnailUrl\":\"https:\/\/expresso.estadao.com.br\/sao-paulo\/wp-content\/uploads\/2025\/11\/20251114_casa_mae_paulistana_itaquera_RP-21-scaled.jpg\",\"datePublished\":\"2025-11-14T17:53:33+00:00\",\"dateModified\":\"2025-11-14T17:59:24+00:00\",\"author\":{\"@id\":\"https:\/\/expresso.estadao.com.br\/sao-paulo\/#\/schema\/person\/f45f9e313ba8cbe5af9424f387ddef42\"},\"description\":\"Unidade em Itaquera oferece apoio psicol\u00f3gico, social, jur\u00eddico e atividades formativas para m\u00e3es e cuidadoras\",\"breadcrumb\":{\"@id\":\"https:\/\/expresso.estadao.com.br\/sao-paulo\/2025\/11\/14\/casa-mae-paulistana-inicia-atendimento-a-cuidadoras-de-pessoas-com-deficiencia\/#breadcrumb\"},\"inLanguage\":\"pt-BR\",\"potentialAction\":[{\"@type\":\"ReadAction\",\"target\":[\"https:\/\/expresso.estadao.com.br\/sao-paulo\/2025\/11\/14\/casa-mae-paulistana-inicia-atendimento-a-cuidadoras-de-pessoas-com-deficiencia\/\"]}]},{\"@type\":\"ImageObject\",\"inLanguage\":\"pt-BR\",\"@id\":\"https:\/\/expresso.estadao.com.br\/sao-paulo\/2025\/11\/14\/casa-mae-paulistana-inicia-atendimento-a-cuidadoras-de-pessoas-com-deficiencia\/#primaryimage\",\"url\":\"https:\/\/expresso.estadao.com.br\/sao-paulo\/wp-content\/uploads\/2025\/11\/20251114_casa_mae_paulistana_itaquera_RP-21-scaled.jpg\",\"contentUrl\":\"https:\/\/expresso.estadao.com.br\/sao-paulo\/wp-content\/uploads\/2025\/11\/20251114_casa_mae_paulistana_itaquera_RP-21-scaled.jpg\",\"width\":2560,\"height\":1440,\"caption\":\"Foto: Renato Pinheiro\/Divulga\u00e7\u00e3o\/Secom\"},{\"@type\":\"BreadcrumbList\",\"@id\":\"https:\/\/expresso.estadao.com.br\/sao-paulo\/2025\/11\/14\/casa-mae-paulistana-inicia-atendimento-a-cuidadoras-de-pessoas-com-deficiencia\/#breadcrumb\",\"itemListElement\":[{\"@type\":\"ListItem\",\"position\":1,\"name\":\"In\u00edcio\",\"item\":\"https:\/\/expresso.estadao.com.br\/sao-paulo\/\"},{\"@type\":\"ListItem\",\"position\":2,\"name\":\"Casa M\u00e3e Paulistana inicia atendimento a cuidadoras de pessoas com defici\u00eancia\"}]},{\"@type\":\"WebSite\",\"@id\":\"https:\/\/expresso.estadao.com.br\/sao-paulo\/#website\",\"url\":\"https:\/\/expresso.estadao.com.br\/sao-paulo\/\",\"name\":\"Estad\u00e3o Expresso S\u00e3o Paulo\",\"description\":\"Conte\u00fado de presta\u00e7\u00e3o de servi\u00e7o para que os moradores da cidade de S\u00e3o Paulo possam se informar melhor e usar de maneira mais eficaz os servi\u00e7os p\u00fablicos municipais.\",\"potentialAction\":[{\"@type\":\"SearchAction\",\"target\":{\"@type\":\"EntryPoint\",\"urlTemplate\":\"https:\/\/expresso.estadao.com.br\/sao-paulo\/?s={search_term_string}\"},\"query-input\":{\"@type\":\"PropertyValueSpecification\",\"valueRequired\":true,\"valueName\":\"search_term_string\"}}],\"inLanguage\":\"pt-BR\"},{\"@type\":\"Person\",\"@id\":\"https:\/\/expresso.estadao.com.br\/sao-paulo\/#\/schema\/person\/f45f9e313ba8cbe5af9424f387ddef42\",\"name\":\"fabio_bairros\",\"image\":{\"@type\":\"ImageObject\",\"inLanguage\":\"pt-BR\",\"@id\":\"https:\/\/expresso.estadao.com.br\/sao-paulo\/#\/schema\/person\/image\/\",\"url\":\"https:\/\/secure.gravatar.com\/avatar\/fbecca90befcfda9505216ce0dc87261326cb6644deb5861e7ab404061c24246?s=96&d=mm&r=g\",\"contentUrl\":\"https:\/\/secure.gravatar.com\/avatar\/fbecca90befcfda9505216ce0dc87261326cb6644deb5861e7ab404061c24246?s=96&d=mm&r=g\",\"caption\":\"fabio_bairros\"}}]}<\/script>\n<!-- \/ Yoast SEO plugin. -->","yoast_head_json":{"title":"Casa M\u00e3e Paulistana - Estad\u00e3o Expresso S\u00e3o Paulo","description":"Unidade em Itaquera oferece apoio psicol\u00f3gico, social, jur\u00eddico e atividades formativas para m\u00e3es e cuidadoras","robots":{"index":"index","follow":"follow","max-snippet":"max-snippet:-1","max-image-preview":"max-image-preview:large","max-video-preview":"max-video-preview:-1"},"canonical":"https:\/\/expresso.estadao.com.br\/sao-paulo\/2025\/11\/14\/casa-mae-paulistana-inicia-atendimento-a-cuidadoras-de-pessoas-com-deficiencia\/","og_locale":"pt_BR","og_type":"article","og_title":"Casa M\u00e3e Paulistana - Estad\u00e3o Expresso S\u00e3o Paulo","og_description":"Unidade em Itaquera oferece apoio psicol\u00f3gico, social, jur\u00eddico e atividades formativas para m\u00e3es e cuidadoras","og_url":"https:\/\/expresso.estadao.com.br\/sao-paulo\/2025\/11\/14\/casa-mae-paulistana-inicia-atendimento-a-cuidadoras-de-pessoas-com-deficiencia\/","og_site_name":"Estad\u00e3o Expresso S\u00e3o Paulo","article_published_time":"2025-11-14T17:53:33+00:00","article_modified_time":"2025-11-14T17:59:24+00:00","og_image":[{"width":"","height":"","url":"https:\/\/expresso.estadao.com.br\/sao-paulo\/wp-content\/uploads\/2025\/11\/20251114_casa_mae_paulistana_itaquera_RP-21-scaled.jpg","type":"image\/jpeg"}],"author":"fabio_bairros","twitter_card":"summary_large_image","twitter_misc":{"Escrito por":"fabio_bairros","Est. tempo de leitura":"3 minutos"},"schema":{"@context":"https:\/\/schema.org","@graph":[{"@type":"WebPage","@id":"https:\/\/expresso.estadao.com.br\/sao-paulo\/2025\/11\/14\/casa-mae-paulistana-inicia-atendimento-a-cuidadoras-de-pessoas-com-deficiencia\/","url":"https:\/\/expresso.estadao.com.br\/sao-paulo\/2025\/11\/14\/casa-mae-paulistana-inicia-atendimento-a-cuidadoras-de-pessoas-com-deficiencia\/","name":"Casa M\u00e3e Paulistana - Estad\u00e3o Expresso S\u00e3o Paulo","isPartOf":{"@id":"https:\/\/expresso.estadao.com.br\/sao-paulo\/#website"},"primaryImageOfPage":{"@id":"https:\/\/expresso.estadao.com.br\/sao-paulo\/2025\/11\/14\/casa-mae-paulistana-inicia-atendimento-a-cuidadoras-de-pessoas-com-deficiencia\/#primaryimage"},"image":{"@id":"https:\/\/expresso.estadao.com.br\/sao-paulo\/2025\/11\/14\/casa-mae-paulistana-inicia-atendimento-a-cuidadoras-de-pessoas-com-deficiencia\/#primaryimage"},"thumbnailUrl":"https:\/\/expresso.estadao.com.br\/sao-paulo\/wp-content\/uploads\/2025\/11\/20251114_casa_mae_paulistana_itaquera_RP-21-scaled.jpg","datePublished":"2025-11-14T17:53:33+00:00","dateModified":"2025-11-14T17:59:24+00:00","author":{"@id":"https:\/\/expresso.estadao.com.br\/sao-paulo\/#\/schema\/person\/f45f9e313ba8cbe5af9424f387ddef42"},"description":"Unidade em Itaquera oferece apoio psicol\u00f3gico, social, jur\u00eddico e atividades formativas para m\u00e3es e cuidadoras","breadcrumb":{"@id":"https:\/\/expresso.estadao.com.br\/sao-paulo\/2025\/11\/14\/casa-mae-paulistana-inicia-atendimento-a-cuidadoras-de-pessoas-com-deficiencia\/#breadcrumb"},"inLanguage":"pt-BR","potentialAction":[{"@type":"ReadAction","target":["https:\/\/expresso.estadao.com.br\/sao-paulo\/2025\/11\/14\/casa-mae-paulistana-inicia-atendimento-a-cuidadoras-de-pessoas-com-deficiencia\/"]}]},{"@type":"ImageObject","inLanguage":"pt-BR","@id":"https:\/\/expresso.estadao.com.br\/sao-paulo\/2025\/11\/14\/casa-mae-paulistana-inicia-atendimento-a-cuidadoras-de-pessoas-com-deficiencia\/#primaryimage","url":"https:\/\/expresso.estadao.com.br\/sao-paulo\/wp-content\/uploads\/2025\/11\/20251114_casa_mae_paulistana_itaquera_RP-21-scaled.jpg","contentUrl":"https:\/\/expresso.estadao.com.br\/sao-paulo\/wp-content\/uploads\/2025\/11\/20251114_casa_mae_paulistana_itaquera_RP-21-scaled.jpg","width":2560,"height":1440,"caption":"Foto: Renato Pinheiro\/Divulga\u00e7\u00e3o\/Secom"},{"@type":"BreadcrumbList","@id":"https:\/\/expresso.estadao.com.br\/sao-paulo\/2025\/11\/14\/casa-mae-paulistana-inicia-atendimento-a-cuidadoras-de-pessoas-com-deficiencia\/#breadcrumb","itemListElement":[{"@type":"ListItem","position":1,"name":"In\u00edcio","item":"https:\/\/expresso.estadao.com.br\/sao-paulo\/"},{"@type":"ListItem","position":2,"name":"Casa M\u00e3e Paulistana inicia atendimento a cuidadoras de pessoas com defici\u00eancia"}]},{"@type":"WebSite","@id":"https:\/\/expresso.estadao.com.br\/sao-paulo\/#website","url":"https:\/\/expresso.estadao.com.br\/sao-paulo\/","name":"Estad\u00e3o Expresso S\u00e3o Paulo","description":"Conte\u00fado de presta\u00e7\u00e3o de servi\u00e7o para que os moradores da cidade de S\u00e3o Paulo possam se informar melhor e usar de maneira mais eficaz os servi\u00e7os p\u00fablicos municipais.","potentialAction":[{"@type":"SearchAction","target":{"@type":"EntryPoint","urlTemplate":"https:\/\/expresso.estadao.com.br\/sao-paulo\/?s={search_term_string}"},"query-input":{"@type":"PropertyValueSpecification","valueRequired":true,"valueName":"search_term_string"}}],"inLanguage":"pt-BR"},{"@type":"Person","@id":"https:\/\/expresso.estadao.com.br\/sao-paulo\/#\/schema\/person\/f45f9e313ba8cbe5af9424f387ddef42","name":"fabio_bairros","image":{"@type":"ImageObject","inLanguage":"pt-BR","@id":"https:\/\/expresso.estadao.com.br\/sao-paulo\/#\/schema\/person\/image\/","url":"https:\/\/secure.gravatar.com\/avatar\/fbecca90befcfda9505216ce0dc87261326cb6644deb5861e7ab404061c24246?s=96&d=mm&r=g","contentUrl":"https:\/\/secure.gravatar.com\/avatar\/fbecca90befcfda9505216ce0dc87261326cb6644deb5861e7ab404061c24246?s=96&d=mm&r=g","caption":"fabio_bairros"}}]}},"_links":{"self":[{"href":"https:\/\/expresso.estadao.com.br\/sao-paulo\/wp-json\/wp\/v2\/posts\/12108","targetHints":{"allow":["GET"]}}],"collection":[{"href":"https:\/\/expresso.estadao.com.br\/sao-paulo\/wp-json\/wp\/v2\/posts"}],"about":[{"href":"https:\/\/expresso.estadao.com.br\/sao-paulo\/wp-json\/wp\/v2\/types\/post"}],"author":[{"embeddable":true,"href":"https:\/\/expresso.estadao.com.br\/sao-paulo\/wp-json\/wp\/v2\/users\/4"}],"replies":[{"embeddable":true,"href":"https:\/\/expresso.estadao.com.br\/sao-paulo\/wp-json\/wp\/v2\/comments?post=12108"}],"version-history":[{"count":3,"href":"https:\/\/expresso.estadao.com.br\/sao-paulo\/wp-json\/wp\/v2\/posts\/12108\/revisions"}],"predecessor-version":[{"id":12112,"href":"https:\/\/expresso.estadao.com.br\/sao-paulo\/wp-json\/wp\/v2\/posts\/12108\/revisions\/12112"}],"wp:featuredmedia":[{"embeddable":true,"href":"https:\/\/expresso.estadao.com.br\/sao-paulo\/wp-json\/wp\/v2\/media\/12111"}],"wp:attachment":[{"href":"https:\/\/expresso.estadao.com.br\/sao-paulo\/wp-json\/wp\/v2\/media?parent=12108"}],"wp:term":[{"taxonomy":"category","embeddable":true,"href":"https:\/\/expresso.estadao.com.br\/sao-paulo\/wp-json\/wp\/v2\/categories?post=12108"},{"taxonomy":"post_tag","embeddable":true,"href":"https:\/\/expresso.estadao.com.br\/sao-paulo\/wp-json\/wp\/v2\/tags?post=12108"}],"curies":[{"name":"wp","href":"https:\/\/api.w.org\/{rel}","templated":true}]}}