{"id":12114,"date":"2025-11-15T08:57:07","date_gmt":"2025-11-15T11:57:07","guid":{"rendered":"https:\/\/expresso.estadao.com.br\/sao-paulo\/?p=12114"},"modified":"2025-11-15T09:02:26","modified_gmt":"2025-11-15T12:02:26","slug":"programa-vai-de-roteiro-ganha-tres-novos-passeios","status":"publish","type":"post","link":"https:\/\/expresso.estadao.com.br\/sao-paulo\/2025\/11\/15\/programa-vai-de-roteiro-ganha-tres-novos-passeios\/","title":{"rendered":"Programa Vai de Roteiro ganha tr\u00eas novos passeios"},"content":{"rendered":"<article class=\"text-token-text-primary w-full focus:outline-none [--shadow-height:45px] has-data-writing-block:pointer-events-none has-data-writing-block:-mt-(--shadow-height) has-data-writing-block:pt-(--shadow-height) [&amp;:has([data-writing-block])&gt;*]:pointer-events-auto [content-visibility:auto] supports-[content-visibility:auto]:[contain-intrinsic-size:auto_100lvh] scroll-mt-[calc(var(--header-height)+min(200px,max(70px,20svh)))]\" dir=\"auto\" tabindex=\"-1\" data-turn-id=\"cac0c564-ab40-40fc-807d-49d8112599aa\" data-testid=\"conversation-turn-2\" data-scroll-anchor=\"false\" data-turn=\"assistant\">\n<div class=\"text-base my-auto mx-auto [--thread-content-margin:--spacing(4)] thread-sm:[--thread-content-margin:--spacing(6)] thread-lg:[--thread-content-margin:--spacing(16)] px-(--thread-content-margin)\">\n<div class=\"[--thread-content-max-width:40rem] thread-lg:[--thread-content-max-width:48rem] mx-auto max-w-(--thread-content-max-width) flex-1 group\/turn-messages focus-visible:outline-hidden relative flex w-full min-w-0 flex-col agent-turn\" tabindex=\"-1\">\n<div class=\"flex max-w-full flex-col grow\">\n<div class=\"min-h-8 text-message relative flex w-full flex-col items-end gap-2 text-start break-words whitespace-normal [.text-message+&amp;]:mt-1\" dir=\"auto\" data-message-author-role=\"assistant\" data-message-id=\"b668c8f1-cf2b-4db7-9d8b-13d9ff7df187\" data-message-model-slug=\"gpt-5-1\">\n<div class=\"flex w-full flex-col gap-1 empty:hidden first:pt-[1px]\">\n<div class=\"markdown prose dark:prose-invert w-full break-words light markdown-new-styling\">\n<p data-start=\"165\" data-end=\"508\">A Prefeitura de S\u00e3o Paulo inaugura, neste s\u00e1bado (15), tr\u00eas roteiros que passam a integrar o programa <a href=\"https:\/\/expresso.estadao.com.br\/sao-paulo\/2023\/01\/17\/vai-de-roteiro-oferece-passeios-guiados-pela-capital\/\">Vai de Roteiro<\/a>: Jardim Bot\u00e2nico de S\u00e3o Paulo, Guardi\u00f5es da Cidade: Complexo da Luz e Centro Ol\u00edmpico de Treinamento e Pesquisa (COTP). As sa\u00eddas acontecem aos s\u00e1bados, \u00e0s 10h, com inscri\u00e7\u00f5es gratuitas pela plataforma Sympla.<\/p>\n<p data-start=\"510\" data-end=\"812\"><strong>Jardim Bot\u00e2nico<\/strong><\/p>\n<p data-start=\"510\" data-end=\"812\">O <a href=\"https:\/\/jardimbotanico.com.br\/\">Jardim Bot\u00e2nico<\/a> abriga uma das maiores \u00e1reas de Mata Atl\u00e2ntica preservada dentro da capital. Participantes do passeio ter\u00e3o 50% de desconto no ingresso de acesso ao parque, que deve ser adquirido com at\u00e9 um dia de anteced\u00eancia pelo link enviado pela Secretaria Municipal de Turismo. O percurso, com cerca de duas horas, inclui visitas ao Bosque do Pau-Brasil, jardim sensorial, estufas, port\u00f5es hist\u00f3ricos e ao Museu Bot\u00e2nico. Os jardins bot\u00e2nicos t\u00eam papel importante na conserva\u00e7\u00e3o de esp\u00e9cies, na educa\u00e7\u00e3o ambiental e na aproxima\u00e7\u00e3o do p\u00fablico com a natureza.<\/p>\n<p data-start=\"1096\" data-end=\"1457\"><strong>Guardi\u00f5es da Cidade: Complexo da Luz<\/strong><\/p>\n<p data-start=\"1096\" data-end=\"1457\">O roteiro Guardi\u00f5es da Cidade oferece uma visita guiada ao Batalh\u00e3o Tobias de Aguiar (ROTA), Regimento de Pol\u00edcia Montada 9 de Julho e Batalh\u00e3o de Pol\u00edcia de Choque, com exibi\u00e7\u00e3o das motos ROCAM e de um ve\u00edculo blindado do Choque. Ao final, o p\u00fablico poder\u00e1 assistir a uma apresenta\u00e7\u00e3o do Corpo Musical da Pol\u00edcia Militar.<\/p>\n<p data-start=\"1459\" data-end=\"1827\" data-is-last-node=\"\" data-is-only-node=\"\"><strong>Centro Ol\u00edmpico de Treinamento e Pesquisa (COTP)<\/strong><\/p>\n<p data-start=\"1459\" data-end=\"1827\" data-is-last-node=\"\" data-is-only-node=\"\">Com o aumento do interesse pelas Olimp\u00edadas e o desempenho de atletas brasileiros em competi\u00e7\u00f5es internacionais, o COTP se firma como ponto de visita\u00e7\u00e3o na cidade. O itiner\u00e1rio do passeio inclui passagens pela pista de atletismo, Bosque da Fama, Sala de Boxe, Corredor Ol\u00edmpico, piscinas, Corredor de Arte e academia.<\/p>\n<\/div>\n<\/div>\n<\/div>\n<\/div>\n<div class=\"z-0 flex min-h-[46px] justify-start\"><\/div>\n<\/div>\n<\/div>\n<\/article>\n<article class=\"text-token-text-primary w-full focus:outline-none [--shadow-height:45px] has-data-writing-block:pointer-events-none has-data-writing-block:-mt-(--shadow-height) has-data-writing-block:pt-(--shadow-height) [&amp;:has([data-writing-block])&gt;*]:pointer-events-auto scroll-mt-(--header-height)\" dir=\"auto\" tabindex=\"-1\" data-turn-id=\"b275c6db-a608-4ced-b844-2be7d8864855\" data-testid=\"conversation-turn-3\" data-scroll-anchor=\"false\" data-turn=\"user\">\n<h5 class=\"sr-only\"><\/h5>\n<\/article>\n","protected":false},"excerpt":{"rendered":"<p>A Prefeitura de S\u00e3o Paulo inaugura, neste s\u00e1bado (15), tr\u00eas roteiros que passam a integrar o programa Vai de Roteiro: Jardim Bot\u00e2nico de S\u00e3o Paulo, Guardi\u00f5es da Cidade: Complexo da Luz e Centro Ol\u00edmpico de Treinamento e Pesquisa (COTP). As sa\u00eddas acontecem aos s\u00e1bados, \u00e0s 10h, com inscri\u00e7\u00f5es gratuitas pela plataforma Sympla. Jardim Bot\u00e2nico O [&hellip;]<\/p>\n","protected":false},"author":4,"featured_media":12115,"comment_status":"open","ping_status":"closed","sticky":false,"template":"","format":"standard","meta":{"_acf_changed":false,"_monsterinsights_skip_tracking":false,"_monsterinsights_sitenote_active":false,"_monsterinsights_sitenote_note":"","_monsterinsights_sitenote_category":0,"footnotes":""},"categories":[744],"tags":[1321,52,252],"class_list":["post-12114","post","type-post","status-publish","format-standard","has-post-thumbnail","hentry","category-turismo","tag-jardim-botanico","tag-prefeitura-de-sao-paulo","tag-vai-de-roteiro"],"acf":[],"yoast_head":"<!-- This site is optimized with the Yoast SEO plugin v24.1 - https:\/\/yoast.com\/wordpress\/plugins\/seo\/ -->\n<title>Vai de Roteiro - Estad\u00e3o Expresso S\u00e3o Paulo<\/title>\n<meta name=\"description\" content=\"Jardim Bot\u00e2nico, Complexo da Luz e COTP passam a receber visitas guiadas aos s\u00e1bados pelo programa Vai de Roteiro\" \/>\n<meta name=\"robots\" content=\"index, follow, max-snippet:-1, max-image-preview:large, max-video-preview:-1\" \/>\n<link rel=\"canonical\" href=\"https:\/\/expresso.estadao.com.br\/sao-paulo\/2025\/11\/15\/programa-vai-de-roteiro-ganha-tres-novos-passeios\/\" \/>\n<meta property=\"og:locale\" content=\"pt_BR\" \/>\n<meta property=\"og:type\" content=\"article\" \/>\n<meta property=\"og:title\" content=\"Vai de Roteiro - Estad\u00e3o Expresso S\u00e3o Paulo\" \/>\n<meta property=\"og:description\" content=\"Jardim Bot\u00e2nico, Complexo da Luz e COTP passam a receber visitas guiadas aos s\u00e1bados pelo programa Vai de Roteiro\" \/>\n<meta property=\"og:url\" content=\"https:\/\/expresso.estadao.com.br\/sao-paulo\/2025\/11\/15\/programa-vai-de-roteiro-ganha-tres-novos-passeios\/\" \/>\n<meta property=\"og:site_name\" content=\"Estad\u00e3o Expresso S\u00e3o Paulo\" \/>\n<meta property=\"article:published_time\" content=\"2025-11-15T11:57:07+00:00\" \/>\n<meta property=\"article:modified_time\" content=\"2025-11-15T12:02:26+00:00\" \/>\n<meta property=\"og:image\" content=\"https:\/\/expresso.estadao.com.br\/sao-paulo\/wp-content\/uploads\/2025\/11\/AdobeStock_1635079028-scaled.jpeg\" \/>\n\t<meta property=\"og:image:type\" content=\"image\/jpeg\" \/>\n<meta name=\"author\" content=\"fabio_bairros\" \/>\n<meta name=\"twitter:card\" content=\"summary_large_image\" \/>\n<meta name=\"twitter:label1\" content=\"Escrito por\" \/>\n\t<meta name=\"twitter:data1\" content=\"fabio_bairros\" \/>\n\t<meta name=\"twitter:label2\" content=\"Est. tempo de leitura\" \/>\n\t<meta name=\"twitter:data2\" content=\"2 minutos\" \/>\n<script type=\"application\/ld+json\" class=\"yoast-schema-graph\">{\"@context\":\"https:\/\/schema.org\",\"@graph\":[{\"@type\":\"WebPage\",\"@id\":\"https:\/\/expresso.estadao.com.br\/sao-paulo\/2025\/11\/15\/programa-vai-de-roteiro-ganha-tres-novos-passeios\/\",\"url\":\"https:\/\/expresso.estadao.com.br\/sao-paulo\/2025\/11\/15\/programa-vai-de-roteiro-ganha-tres-novos-passeios\/\",\"name\":\"Vai de Roteiro - Estad\u00e3o Expresso S\u00e3o Paulo\",\"isPartOf\":{\"@id\":\"https:\/\/expresso.estadao.com.br\/sao-paulo\/#website\"},\"primaryImageOfPage\":{\"@id\":\"https:\/\/expresso.estadao.com.br\/sao-paulo\/2025\/11\/15\/programa-vai-de-roteiro-ganha-tres-novos-passeios\/#primaryimage\"},\"image\":{\"@id\":\"https:\/\/expresso.estadao.com.br\/sao-paulo\/2025\/11\/15\/programa-vai-de-roteiro-ganha-tres-novos-passeios\/#primaryimage\"},\"thumbnailUrl\":\"https:\/\/expresso.estadao.com.br\/sao-paulo\/wp-content\/uploads\/2025\/11\/AdobeStock_1635079028-scaled.jpeg\",\"datePublished\":\"2025-11-15T11:57:07+00:00\",\"dateModified\":\"2025-11-15T12:02:26+00:00\",\"author\":{\"@id\":\"https:\/\/expresso.estadao.com.br\/sao-paulo\/#\/schema\/person\/f45f9e313ba8cbe5af9424f387ddef42\"},\"description\":\"Jardim Bot\u00e2nico, Complexo da Luz e COTP passam a receber visitas guiadas aos s\u00e1bados pelo programa Vai de Roteiro\",\"breadcrumb\":{\"@id\":\"https:\/\/expresso.estadao.com.br\/sao-paulo\/2025\/11\/15\/programa-vai-de-roteiro-ganha-tres-novos-passeios\/#breadcrumb\"},\"inLanguage\":\"pt-BR\",\"potentialAction\":[{\"@type\":\"ReadAction\",\"target\":[\"https:\/\/expresso.estadao.com.br\/sao-paulo\/2025\/11\/15\/programa-vai-de-roteiro-ganha-tres-novos-passeios\/\"]}]},{\"@type\":\"ImageObject\",\"inLanguage\":\"pt-BR\",\"@id\":\"https:\/\/expresso.estadao.com.br\/sao-paulo\/2025\/11\/15\/programa-vai-de-roteiro-ganha-tres-novos-passeios\/#primaryimage\",\"url\":\"https:\/\/expresso.estadao.com.br\/sao-paulo\/wp-content\/uploads\/2025\/11\/AdobeStock_1635079028-scaled.jpeg\",\"contentUrl\":\"https:\/\/expresso.estadao.com.br\/sao-paulo\/wp-content\/uploads\/2025\/11\/AdobeStock_1635079028-scaled.jpeg\",\"width\":2560,\"height\":1707,\"caption\":\"Foto: Adobe Stock\"},{\"@type\":\"BreadcrumbList\",\"@id\":\"https:\/\/expresso.estadao.com.br\/sao-paulo\/2025\/11\/15\/programa-vai-de-roteiro-ganha-tres-novos-passeios\/#breadcrumb\",\"itemListElement\":[{\"@type\":\"ListItem\",\"position\":1,\"name\":\"In\u00edcio\",\"item\":\"https:\/\/expresso.estadao.com.br\/sao-paulo\/\"},{\"@type\":\"ListItem\",\"position\":2,\"name\":\"Programa Vai de Roteiro ganha tr\u00eas novos passeios\"}]},{\"@type\":\"WebSite\",\"@id\":\"https:\/\/expresso.estadao.com.br\/sao-paulo\/#website\",\"url\":\"https:\/\/expresso.estadao.com.br\/sao-paulo\/\",\"name\":\"Estad\u00e3o Expresso S\u00e3o Paulo\",\"description\":\"Conte\u00fado de presta\u00e7\u00e3o de servi\u00e7o para que os moradores da cidade de S\u00e3o Paulo possam se informar melhor e usar de maneira mais eficaz os servi\u00e7os p\u00fablicos municipais.\",\"potentialAction\":[{\"@type\":\"SearchAction\",\"target\":{\"@type\":\"EntryPoint\",\"urlTemplate\":\"https:\/\/expresso.estadao.com.br\/sao-paulo\/?s={search_term_string}\"},\"query-input\":{\"@type\":\"PropertyValueSpecification\",\"valueRequired\":true,\"valueName\":\"search_term_string\"}}],\"inLanguage\":\"pt-BR\"},{\"@type\":\"Person\",\"@id\":\"https:\/\/expresso.estadao.com.br\/sao-paulo\/#\/schema\/person\/f45f9e313ba8cbe5af9424f387ddef42\",\"name\":\"fabio_bairros\",\"image\":{\"@type\":\"ImageObject\",\"inLanguage\":\"pt-BR\",\"@id\":\"https:\/\/expresso.estadao.com.br\/sao-paulo\/#\/schema\/person\/image\/\",\"url\":\"https:\/\/secure.gravatar.com\/avatar\/fbecca90befcfda9505216ce0dc87261326cb6644deb5861e7ab404061c24246?s=96&d=mm&r=g\",\"contentUrl\":\"https:\/\/secure.gravatar.com\/avatar\/fbecca90befcfda9505216ce0dc87261326cb6644deb5861e7ab404061c24246?s=96&d=mm&r=g\",\"caption\":\"fabio_bairros\"}}]}<\/script>\n<!-- \/ Yoast SEO plugin. -->","yoast_head_json":{"title":"Vai de Roteiro - Estad\u00e3o Expresso S\u00e3o Paulo","description":"Jardim Bot\u00e2nico, Complexo da Luz e COTP passam a receber visitas guiadas aos s\u00e1bados pelo programa Vai de Roteiro","robots":{"index":"index","follow":"follow","max-snippet":"max-snippet:-1","max-image-preview":"max-image-preview:large","max-video-preview":"max-video-preview:-1"},"canonical":"https:\/\/expresso.estadao.com.br\/sao-paulo\/2025\/11\/15\/programa-vai-de-roteiro-ganha-tres-novos-passeios\/","og_locale":"pt_BR","og_type":"article","og_title":"Vai de Roteiro - Estad\u00e3o Expresso S\u00e3o Paulo","og_description":"Jardim Bot\u00e2nico, Complexo da Luz e COTP passam a receber visitas guiadas aos s\u00e1bados pelo programa Vai de Roteiro","og_url":"https:\/\/expresso.estadao.com.br\/sao-paulo\/2025\/11\/15\/programa-vai-de-roteiro-ganha-tres-novos-passeios\/","og_site_name":"Estad\u00e3o Expresso S\u00e3o Paulo","article_published_time":"2025-11-15T11:57:07+00:00","article_modified_time":"2025-11-15T12:02:26+00:00","og_image":[{"width":"","height":"","url":"https:\/\/expresso.estadao.com.br\/sao-paulo\/wp-content\/uploads\/2025\/11\/AdobeStock_1635079028-scaled.jpeg","type":"image\/jpeg"}],"author":"fabio_bairros","twitter_card":"summary_large_image","twitter_misc":{"Escrito por":"fabio_bairros","Est. tempo de leitura":"2 minutos"},"schema":{"@context":"https:\/\/schema.org","@graph":[{"@type":"WebPage","@id":"https:\/\/expresso.estadao.com.br\/sao-paulo\/2025\/11\/15\/programa-vai-de-roteiro-ganha-tres-novos-passeios\/","url":"https:\/\/expresso.estadao.com.br\/sao-paulo\/2025\/11\/15\/programa-vai-de-roteiro-ganha-tres-novos-passeios\/","name":"Vai de Roteiro - Estad\u00e3o Expresso S\u00e3o Paulo","isPartOf":{"@id":"https:\/\/expresso.estadao.com.br\/sao-paulo\/#website"},"primaryImageOfPage":{"@id":"https:\/\/expresso.estadao.com.br\/sao-paulo\/2025\/11\/15\/programa-vai-de-roteiro-ganha-tres-novos-passeios\/#primaryimage"},"image":{"@id":"https:\/\/expresso.estadao.com.br\/sao-paulo\/2025\/11\/15\/programa-vai-de-roteiro-ganha-tres-novos-passeios\/#primaryimage"},"thumbnailUrl":"https:\/\/expresso.estadao.com.br\/sao-paulo\/wp-content\/uploads\/2025\/11\/AdobeStock_1635079028-scaled.jpeg","datePublished":"2025-11-15T11:57:07+00:00","dateModified":"2025-11-15T12:02:26+00:00","author":{"@id":"https:\/\/expresso.estadao.com.br\/sao-paulo\/#\/schema\/person\/f45f9e313ba8cbe5af9424f387ddef42"},"description":"Jardim Bot\u00e2nico, Complexo da Luz e COTP passam a receber visitas guiadas aos s\u00e1bados pelo programa Vai de Roteiro","breadcrumb":{"@id":"https:\/\/expresso.estadao.com.br\/sao-paulo\/2025\/11\/15\/programa-vai-de-roteiro-ganha-tres-novos-passeios\/#breadcrumb"},"inLanguage":"pt-BR","potentialAction":[{"@type":"ReadAction","target":["https:\/\/expresso.estadao.com.br\/sao-paulo\/2025\/11\/15\/programa-vai-de-roteiro-ganha-tres-novos-passeios\/"]}]},{"@type":"ImageObject","inLanguage":"pt-BR","@id":"https:\/\/expresso.estadao.com.br\/sao-paulo\/2025\/11\/15\/programa-vai-de-roteiro-ganha-tres-novos-passeios\/#primaryimage","url":"https:\/\/expresso.estadao.com.br\/sao-paulo\/wp-content\/uploads\/2025\/11\/AdobeStock_1635079028-scaled.jpeg","contentUrl":"https:\/\/expresso.estadao.com.br\/sao-paulo\/wp-content\/uploads\/2025\/11\/AdobeStock_1635079028-scaled.jpeg","width":2560,"height":1707,"caption":"Foto: Adobe Stock"},{"@type":"BreadcrumbList","@id":"https:\/\/expresso.estadao.com.br\/sao-paulo\/2025\/11\/15\/programa-vai-de-roteiro-ganha-tres-novos-passeios\/#breadcrumb","itemListElement":[{"@type":"ListItem","position":1,"name":"In\u00edcio","item":"https:\/\/expresso.estadao.com.br\/sao-paulo\/"},{"@type":"ListItem","position":2,"name":"Programa Vai de Roteiro ganha tr\u00eas novos passeios"}]},{"@type":"WebSite","@id":"https:\/\/expresso.estadao.com.br\/sao-paulo\/#website","url":"https:\/\/expresso.estadao.com.br\/sao-paulo\/","name":"Estad\u00e3o Expresso S\u00e3o Paulo","description":"Conte\u00fado de presta\u00e7\u00e3o de servi\u00e7o para que os moradores da cidade de S\u00e3o Paulo possam se informar melhor e usar de maneira mais eficaz os servi\u00e7os p\u00fablicos municipais.","potentialAction":[{"@type":"SearchAction","target":{"@type":"EntryPoint","urlTemplate":"https:\/\/expresso.estadao.com.br\/sao-paulo\/?s={search_term_string}"},"query-input":{"@type":"PropertyValueSpecification","valueRequired":true,"valueName":"search_term_string"}}],"inLanguage":"pt-BR"},{"@type":"Person","@id":"https:\/\/expresso.estadao.com.br\/sao-paulo\/#\/schema\/person\/f45f9e313ba8cbe5af9424f387ddef42","name":"fabio_bairros","image":{"@type":"ImageObject","inLanguage":"pt-BR","@id":"https:\/\/expresso.estadao.com.br\/sao-paulo\/#\/schema\/person\/image\/","url":"https:\/\/secure.gravatar.com\/avatar\/fbecca90befcfda9505216ce0dc87261326cb6644deb5861e7ab404061c24246?s=96&d=mm&r=g","contentUrl":"https:\/\/secure.gravatar.com\/avatar\/fbecca90befcfda9505216ce0dc87261326cb6644deb5861e7ab404061c24246?s=96&d=mm&r=g","caption":"fabio_bairros"}}]}},"_links":{"self":[{"href":"https:\/\/expresso.estadao.com.br\/sao-paulo\/wp-json\/wp\/v2\/posts\/12114","targetHints":{"allow":["GET"]}}],"collection":[{"href":"https:\/\/expresso.estadao.com.br\/sao-paulo\/wp-json\/wp\/v2\/posts"}],"about":[{"href":"https:\/\/expresso.estadao.com.br\/sao-paulo\/wp-json\/wp\/v2\/types\/post"}],"author":[{"embeddable":true,"href":"https:\/\/expresso.estadao.com.br\/sao-paulo\/wp-json\/wp\/v2\/users\/4"}],"replies":[{"embeddable":true,"href":"https:\/\/expresso.estadao.com.br\/sao-paulo\/wp-json\/wp\/v2\/comments?post=12114"}],"version-history":[{"count":3,"href":"https:\/\/expresso.estadao.com.br\/sao-paulo\/wp-json\/wp\/v2\/posts\/12114\/revisions"}],"predecessor-version":[{"id":12119,"href":"https:\/\/expresso.estadao.com.br\/sao-paulo\/wp-json\/wp\/v2\/posts\/12114\/revisions\/12119"}],"wp:featuredmedia":[{"embeddable":true,"href":"https:\/\/expresso.estadao.com.br\/sao-paulo\/wp-json\/wp\/v2\/media\/12115"}],"wp:attachment":[{"href":"https:\/\/expresso.estadao.com.br\/sao-paulo\/wp-json\/wp\/v2\/media?parent=12114"}],"wp:term":[{"taxonomy":"category","embeddable":true,"href":"https:\/\/expresso.estadao.com.br\/sao-paulo\/wp-json\/wp\/v2\/categories?post=12114"},{"taxonomy":"post_tag","embeddable":true,"href":"https:\/\/expresso.estadao.com.br\/sao-paulo\/wp-json\/wp\/v2\/tags?post=12114"}],"curies":[{"name":"wp","href":"https:\/\/api.w.org\/{rel}","templated":true}]}}