{"id":12121,"date":"2025-11-16T10:42:53","date_gmt":"2025-11-16T13:42:53","guid":{"rendered":"https:\/\/expresso.estadao.com.br\/sao-paulo\/?p=12121"},"modified":"2025-11-16T10:42:53","modified_gmt":"2025-11-16T13:42:53","slug":"arvore-de-natal-de-55-metros-e-inaugurada-no-parque-villa-lobos","status":"publish","type":"post","link":"https:\/\/expresso.estadao.com.br\/sao-paulo\/2025\/11\/16\/arvore-de-natal-de-55-metros-e-inaugurada-no-parque-villa-lobos\/","title":{"rendered":"\u00c1rvore de Natal de 55 metros \u00e9 inaugurada no Parque Villa-Lobos"},"content":{"rendered":"<p data-start=\"166\" data-end=\"416\">A \u00e1rvore de Natal do Parque Villa-Lobos, na zona oeste, foi inaugurada neste s\u00e1bado (15). Com 55 metros de altura e 288 mil pontos de luz, a estrutura tem expectativa de receber cerca de 1,6 milh\u00e3o de visitantes at\u00e9 o in\u00edcio de 2026.<\/p>\n<p data-start=\"418\" data-end=\"664\">A decora\u00e7\u00e3o integra o conjunto de atra\u00e7\u00f5es natalinas instaladas em diferentes pontos da cidade, incluindo uma segunda \u00e1rvore de grande porte no Parque Ibirapuera. A proposta envolve ilumina\u00e7\u00e3o de \u00e1rvores, monumentos e pr\u00e9dios em diversas regi\u00f5es.<\/p>\n<p data-start=\"666\" data-end=\"1023\">Sob o mote \u201cPegue uma Coca-Cola e viva o Natal\u201d, a instala\u00e7\u00e3o tem 21 metros de di\u00e2metro, estrela de 4,8 metros, 162 elementos de decora\u00e7\u00e3o e um carrossel imersivo de 26 metros. A partir de domingo (16), o carrossel passa a funcionar regularmente aos finais de semana, com capacidade de 60 pessoas por sess\u00e3o e previs\u00e3o de receber cerca de 35 mil visitantes.<\/p>\n<p data-start=\"1025\" data-end=\"1205\"><strong>Impacto ambiental<\/strong><\/p>\n<p data-start=\"1025\" data-end=\"1205\">A cenografia utiliza garrafas PET recicladas e caixas de presentes formadas por mais de 50 mil tampinhas. Cada totem foi produzido com cerca de 5 mil tampinhas.<\/p>\n<p data-start=\"1207\" data-end=\"1557\" data-is-last-node=\"\" data-is-only-node=\"\"><strong>Servi\u00e7o<\/strong><\/p>\n<p data-start=\"1207\" data-end=\"1557\" data-is-last-node=\"\" data-is-only-node=\"\">\u00c1rvore de Natal do Parque Villa-Lobos<br data-start=\"1254\" data-end=\"1257\" \/>Endere\u00e7o: Av. Prof. Fonseca Rodrigues, 2001 \u2014 Alto de Pinheiros, S\u00e3o Paulo<br data-start=\"1331\" data-end=\"1334\" \/>Visita\u00e7\u00e3o gratuita at\u00e9 6 de janeiro de 2026, com acendimento das luzes diariamente \u00e0s 19h<br data-start=\"1423\" data-end=\"1426\" \/>Carrossel imersivo: sess\u00f5es aos finais de semana, capacidade para 60 pessoas<br data-start=\"1502\" data-end=\"1505\" \/>Agendamento: <a class=\"decorated-link\" href=\"http:\/\/www.sympla.com.br\/arvoredenatalcocacola\" target=\"_new\" rel=\"noopener\" data-start=\"1518\" data-end=\"1557\" data-is-last-node=\"\">www.sympla.com.br\/arvoredenatalcocacola<\/a><\/p>\n","protected":false},"excerpt":{"rendered":"<p>A \u00e1rvore de Natal do Parque Villa-Lobos, na zona oeste, foi inaugurada neste s\u00e1bado (15). Com 55 metros de altura e 288 mil pontos de luz, a estrutura tem expectativa de receber cerca de 1,6 milh\u00e3o de visitantes at\u00e9 o in\u00edcio de 2026. A decora\u00e7\u00e3o integra o conjunto de atra\u00e7\u00f5es natalinas instaladas em diferentes pontos [&hellip;]<\/p>\n","protected":false},"author":4,"featured_media":12123,"comment_status":"open","ping_status":"closed","sticky":false,"template":"","format":"standard","meta":{"_acf_changed":false,"_monsterinsights_skip_tracking":false,"_monsterinsights_sitenote_active":false,"_monsterinsights_sitenote_note":"","_monsterinsights_sitenote_category":0,"footnotes":""},"categories":[744],"tags":[217,552,52],"class_list":["post-12121","post","type-post","status-publish","format-standard","has-post-thumbnail","hentry","category-turismo","tag-natal","tag-parque-villa-lobos","tag-prefeitura-de-sao-paulo"],"acf":[],"yoast_head":"<!-- This site is optimized with the Yoast SEO plugin v24.1 - https:\/\/yoast.com\/wordpress\/plugins\/seo\/ -->\n<title>\u00c1rvore Parque Villa-Lobos - Estad\u00e3o Expresso S\u00e3o Paulo<\/title>\n<meta name=\"description\" content=\"Estrutura com carrossel imersivo e decora\u00e7\u00e3o sustent\u00e1vel ficar\u00e1 aberta para visita\u00e7\u00e3o gratuita at\u00e9 6 de janeiro\" \/>\n<meta name=\"robots\" content=\"index, follow, max-snippet:-1, max-image-preview:large, max-video-preview:-1\" \/>\n<link rel=\"canonical\" href=\"https:\/\/expresso.estadao.com.br\/sao-paulo\/2025\/11\/16\/arvore-de-natal-de-55-metros-e-inaugurada-no-parque-villa-lobos\/\" \/>\n<meta property=\"og:locale\" content=\"pt_BR\" \/>\n<meta property=\"og:type\" content=\"article\" \/>\n<meta property=\"og:title\" content=\"\u00c1rvore Parque Villa-Lobos - Estad\u00e3o Expresso S\u00e3o Paulo\" \/>\n<meta property=\"og:description\" content=\"Estrutura com carrossel imersivo e decora\u00e7\u00e3o sustent\u00e1vel ficar\u00e1 aberta para visita\u00e7\u00e3o gratuita at\u00e9 6 de janeiro\" \/>\n<meta property=\"og:url\" content=\"https:\/\/expresso.estadao.com.br\/sao-paulo\/2025\/11\/16\/arvore-de-natal-de-55-metros-e-inaugurada-no-parque-villa-lobos\/\" \/>\n<meta property=\"og:site_name\" content=\"Estad\u00e3o Expresso S\u00e3o Paulo\" \/>\n<meta property=\"article:published_time\" content=\"2025-11-16T13:42:53+00:00\" \/>\n<meta property=\"og:image\" content=\"https:\/\/expresso.estadao.com.br\/sao-paulo\/wp-content\/uploads\/2025\/11\/20251115_arvore_de_natal_coca_cola_parque_vila_lobos_RP-63-scaled.jpg\" \/>\n\t<meta property=\"og:image:type\" content=\"image\/jpeg\" \/>\n<meta name=\"author\" content=\"fabio_bairros\" \/>\n<meta name=\"twitter:card\" content=\"summary_large_image\" \/>\n<meta name=\"twitter:label1\" content=\"Escrito por\" \/>\n\t<meta name=\"twitter:data1\" content=\"fabio_bairros\" \/>\n\t<meta name=\"twitter:label2\" content=\"Est. tempo de leitura\" \/>\n\t<meta name=\"twitter:data2\" content=\"2 minutos\" \/>\n<script type=\"application\/ld+json\" class=\"yoast-schema-graph\">{\"@context\":\"https:\/\/schema.org\",\"@graph\":[{\"@type\":\"WebPage\",\"@id\":\"https:\/\/expresso.estadao.com.br\/sao-paulo\/2025\/11\/16\/arvore-de-natal-de-55-metros-e-inaugurada-no-parque-villa-lobos\/\",\"url\":\"https:\/\/expresso.estadao.com.br\/sao-paulo\/2025\/11\/16\/arvore-de-natal-de-55-metros-e-inaugurada-no-parque-villa-lobos\/\",\"name\":\"\u00c1rvore Parque Villa-Lobos - Estad\u00e3o Expresso S\u00e3o Paulo\",\"isPartOf\":{\"@id\":\"https:\/\/expresso.estadao.com.br\/sao-paulo\/#website\"},\"primaryImageOfPage\":{\"@id\":\"https:\/\/expresso.estadao.com.br\/sao-paulo\/2025\/11\/16\/arvore-de-natal-de-55-metros-e-inaugurada-no-parque-villa-lobos\/#primaryimage\"},\"image\":{\"@id\":\"https:\/\/expresso.estadao.com.br\/sao-paulo\/2025\/11\/16\/arvore-de-natal-de-55-metros-e-inaugurada-no-parque-villa-lobos\/#primaryimage\"},\"thumbnailUrl\":\"https:\/\/expresso.estadao.com.br\/sao-paulo\/wp-content\/uploads\/2025\/11\/20251115_arvore_de_natal_coca_cola_parque_vila_lobos_RP-63-scaled.jpg\",\"datePublished\":\"2025-11-16T13:42:53+00:00\",\"dateModified\":\"2025-11-16T13:42:53+00:00\",\"author\":{\"@id\":\"https:\/\/expresso.estadao.com.br\/sao-paulo\/#\/schema\/person\/f45f9e313ba8cbe5af9424f387ddef42\"},\"description\":\"Estrutura com carrossel imersivo e decora\u00e7\u00e3o sustent\u00e1vel ficar\u00e1 aberta para visita\u00e7\u00e3o gratuita at\u00e9 6 de janeiro\",\"breadcrumb\":{\"@id\":\"https:\/\/expresso.estadao.com.br\/sao-paulo\/2025\/11\/16\/arvore-de-natal-de-55-metros-e-inaugurada-no-parque-villa-lobos\/#breadcrumb\"},\"inLanguage\":\"pt-BR\",\"potentialAction\":[{\"@type\":\"ReadAction\",\"target\":[\"https:\/\/expresso.estadao.com.br\/sao-paulo\/2025\/11\/16\/arvore-de-natal-de-55-metros-e-inaugurada-no-parque-villa-lobos\/\"]}]},{\"@type\":\"ImageObject\",\"inLanguage\":\"pt-BR\",\"@id\":\"https:\/\/expresso.estadao.com.br\/sao-paulo\/2025\/11\/16\/arvore-de-natal-de-55-metros-e-inaugurada-no-parque-villa-lobos\/#primaryimage\",\"url\":\"https:\/\/expresso.estadao.com.br\/sao-paulo\/wp-content\/uploads\/2025\/11\/20251115_arvore_de_natal_coca_cola_parque_vila_lobos_RP-63-scaled.jpg\",\"contentUrl\":\"https:\/\/expresso.estadao.com.br\/sao-paulo\/wp-content\/uploads\/2025\/11\/20251115_arvore_de_natal_coca_cola_parque_vila_lobos_RP-63-scaled.jpg\",\"width\":2560,\"height\":1440,\"caption\":\"Foto: Renato Pinheiro\/Divulga\u00e7\u00e3o\/Secom\"},{\"@type\":\"BreadcrumbList\",\"@id\":\"https:\/\/expresso.estadao.com.br\/sao-paulo\/2025\/11\/16\/arvore-de-natal-de-55-metros-e-inaugurada-no-parque-villa-lobos\/#breadcrumb\",\"itemListElement\":[{\"@type\":\"ListItem\",\"position\":1,\"name\":\"In\u00edcio\",\"item\":\"https:\/\/expresso.estadao.com.br\/sao-paulo\/\"},{\"@type\":\"ListItem\",\"position\":2,\"name\":\"\u00c1rvore de Natal de 55 metros \u00e9 inaugurada no Parque Villa-Lobos\"}]},{\"@type\":\"WebSite\",\"@id\":\"https:\/\/expresso.estadao.com.br\/sao-paulo\/#website\",\"url\":\"https:\/\/expresso.estadao.com.br\/sao-paulo\/\",\"name\":\"Estad\u00e3o Expresso S\u00e3o Paulo\",\"description\":\"Conte\u00fado de presta\u00e7\u00e3o de servi\u00e7o para que os moradores da cidade de S\u00e3o Paulo possam se informar melhor e usar de maneira mais eficaz os servi\u00e7os p\u00fablicos municipais.\",\"potentialAction\":[{\"@type\":\"SearchAction\",\"target\":{\"@type\":\"EntryPoint\",\"urlTemplate\":\"https:\/\/expresso.estadao.com.br\/sao-paulo\/?s={search_term_string}\"},\"query-input\":{\"@type\":\"PropertyValueSpecification\",\"valueRequired\":true,\"valueName\":\"search_term_string\"}}],\"inLanguage\":\"pt-BR\"},{\"@type\":\"Person\",\"@id\":\"https:\/\/expresso.estadao.com.br\/sao-paulo\/#\/schema\/person\/f45f9e313ba8cbe5af9424f387ddef42\",\"name\":\"fabio_bairros\",\"image\":{\"@type\":\"ImageObject\",\"inLanguage\":\"pt-BR\",\"@id\":\"https:\/\/expresso.estadao.com.br\/sao-paulo\/#\/schema\/person\/image\/\",\"url\":\"https:\/\/secure.gravatar.com\/avatar\/fbecca90befcfda9505216ce0dc87261326cb6644deb5861e7ab404061c24246?s=96&d=mm&r=g\",\"contentUrl\":\"https:\/\/secure.gravatar.com\/avatar\/fbecca90befcfda9505216ce0dc87261326cb6644deb5861e7ab404061c24246?s=96&d=mm&r=g\",\"caption\":\"fabio_bairros\"}}]}<\/script>\n<!-- \/ Yoast SEO plugin. -->","yoast_head_json":{"title":"\u00c1rvore Parque Villa-Lobos - Estad\u00e3o Expresso S\u00e3o Paulo","description":"Estrutura com carrossel imersivo e decora\u00e7\u00e3o sustent\u00e1vel ficar\u00e1 aberta para visita\u00e7\u00e3o gratuita at\u00e9 6 de janeiro","robots":{"index":"index","follow":"follow","max-snippet":"max-snippet:-1","max-image-preview":"max-image-preview:large","max-video-preview":"max-video-preview:-1"},"canonical":"https:\/\/expresso.estadao.com.br\/sao-paulo\/2025\/11\/16\/arvore-de-natal-de-55-metros-e-inaugurada-no-parque-villa-lobos\/","og_locale":"pt_BR","og_type":"article","og_title":"\u00c1rvore Parque Villa-Lobos - Estad\u00e3o Expresso S\u00e3o Paulo","og_description":"Estrutura com carrossel imersivo e decora\u00e7\u00e3o sustent\u00e1vel ficar\u00e1 aberta para visita\u00e7\u00e3o gratuita at\u00e9 6 de janeiro","og_url":"https:\/\/expresso.estadao.com.br\/sao-paulo\/2025\/11\/16\/arvore-de-natal-de-55-metros-e-inaugurada-no-parque-villa-lobos\/","og_site_name":"Estad\u00e3o Expresso S\u00e3o Paulo","article_published_time":"2025-11-16T13:42:53+00:00","og_image":[{"width":"","height":"","url":"https:\/\/expresso.estadao.com.br\/sao-paulo\/wp-content\/uploads\/2025\/11\/20251115_arvore_de_natal_coca_cola_parque_vila_lobos_RP-63-scaled.jpg","type":"image\/jpeg"}],"author":"fabio_bairros","twitter_card":"summary_large_image","twitter_misc":{"Escrito por":"fabio_bairros","Est. tempo de leitura":"2 minutos"},"schema":{"@context":"https:\/\/schema.org","@graph":[{"@type":"WebPage","@id":"https:\/\/expresso.estadao.com.br\/sao-paulo\/2025\/11\/16\/arvore-de-natal-de-55-metros-e-inaugurada-no-parque-villa-lobos\/","url":"https:\/\/expresso.estadao.com.br\/sao-paulo\/2025\/11\/16\/arvore-de-natal-de-55-metros-e-inaugurada-no-parque-villa-lobos\/","name":"\u00c1rvore Parque Villa-Lobos - Estad\u00e3o Expresso S\u00e3o Paulo","isPartOf":{"@id":"https:\/\/expresso.estadao.com.br\/sao-paulo\/#website"},"primaryImageOfPage":{"@id":"https:\/\/expresso.estadao.com.br\/sao-paulo\/2025\/11\/16\/arvore-de-natal-de-55-metros-e-inaugurada-no-parque-villa-lobos\/#primaryimage"},"image":{"@id":"https:\/\/expresso.estadao.com.br\/sao-paulo\/2025\/11\/16\/arvore-de-natal-de-55-metros-e-inaugurada-no-parque-villa-lobos\/#primaryimage"},"thumbnailUrl":"https:\/\/expresso.estadao.com.br\/sao-paulo\/wp-content\/uploads\/2025\/11\/20251115_arvore_de_natal_coca_cola_parque_vila_lobos_RP-63-scaled.jpg","datePublished":"2025-11-16T13:42:53+00:00","dateModified":"2025-11-16T13:42:53+00:00","author":{"@id":"https:\/\/expresso.estadao.com.br\/sao-paulo\/#\/schema\/person\/f45f9e313ba8cbe5af9424f387ddef42"},"description":"Estrutura com carrossel imersivo e decora\u00e7\u00e3o sustent\u00e1vel ficar\u00e1 aberta para visita\u00e7\u00e3o gratuita at\u00e9 6 de janeiro","breadcrumb":{"@id":"https:\/\/expresso.estadao.com.br\/sao-paulo\/2025\/11\/16\/arvore-de-natal-de-55-metros-e-inaugurada-no-parque-villa-lobos\/#breadcrumb"},"inLanguage":"pt-BR","potentialAction":[{"@type":"ReadAction","target":["https:\/\/expresso.estadao.com.br\/sao-paulo\/2025\/11\/16\/arvore-de-natal-de-55-metros-e-inaugurada-no-parque-villa-lobos\/"]}]},{"@type":"ImageObject","inLanguage":"pt-BR","@id":"https:\/\/expresso.estadao.com.br\/sao-paulo\/2025\/11\/16\/arvore-de-natal-de-55-metros-e-inaugurada-no-parque-villa-lobos\/#primaryimage","url":"https:\/\/expresso.estadao.com.br\/sao-paulo\/wp-content\/uploads\/2025\/11\/20251115_arvore_de_natal_coca_cola_parque_vila_lobos_RP-63-scaled.jpg","contentUrl":"https:\/\/expresso.estadao.com.br\/sao-paulo\/wp-content\/uploads\/2025\/11\/20251115_arvore_de_natal_coca_cola_parque_vila_lobos_RP-63-scaled.jpg","width":2560,"height":1440,"caption":"Foto: Renato Pinheiro\/Divulga\u00e7\u00e3o\/Secom"},{"@type":"BreadcrumbList","@id":"https:\/\/expresso.estadao.com.br\/sao-paulo\/2025\/11\/16\/arvore-de-natal-de-55-metros-e-inaugurada-no-parque-villa-lobos\/#breadcrumb","itemListElement":[{"@type":"ListItem","position":1,"name":"In\u00edcio","item":"https:\/\/expresso.estadao.com.br\/sao-paulo\/"},{"@type":"ListItem","position":2,"name":"\u00c1rvore de Natal de 55 metros \u00e9 inaugurada no Parque Villa-Lobos"}]},{"@type":"WebSite","@id":"https:\/\/expresso.estadao.com.br\/sao-paulo\/#website","url":"https:\/\/expresso.estadao.com.br\/sao-paulo\/","name":"Estad\u00e3o Expresso S\u00e3o Paulo","description":"Conte\u00fado de presta\u00e7\u00e3o de servi\u00e7o para que os moradores da cidade de S\u00e3o Paulo possam se informar melhor e usar de maneira mais eficaz os servi\u00e7os p\u00fablicos municipais.","potentialAction":[{"@type":"SearchAction","target":{"@type":"EntryPoint","urlTemplate":"https:\/\/expresso.estadao.com.br\/sao-paulo\/?s={search_term_string}"},"query-input":{"@type":"PropertyValueSpecification","valueRequired":true,"valueName":"search_term_string"}}],"inLanguage":"pt-BR"},{"@type":"Person","@id":"https:\/\/expresso.estadao.com.br\/sao-paulo\/#\/schema\/person\/f45f9e313ba8cbe5af9424f387ddef42","name":"fabio_bairros","image":{"@type":"ImageObject","inLanguage":"pt-BR","@id":"https:\/\/expresso.estadao.com.br\/sao-paulo\/#\/schema\/person\/image\/","url":"https:\/\/secure.gravatar.com\/avatar\/fbecca90befcfda9505216ce0dc87261326cb6644deb5861e7ab404061c24246?s=96&d=mm&r=g","contentUrl":"https:\/\/secure.gravatar.com\/avatar\/fbecca90befcfda9505216ce0dc87261326cb6644deb5861e7ab404061c24246?s=96&d=mm&r=g","caption":"fabio_bairros"}}]}},"_links":{"self":[{"href":"https:\/\/expresso.estadao.com.br\/sao-paulo\/wp-json\/wp\/v2\/posts\/12121","targetHints":{"allow":["GET"]}}],"collection":[{"href":"https:\/\/expresso.estadao.com.br\/sao-paulo\/wp-json\/wp\/v2\/posts"}],"about":[{"href":"https:\/\/expresso.estadao.com.br\/sao-paulo\/wp-json\/wp\/v2\/types\/post"}],"author":[{"embeddable":true,"href":"https:\/\/expresso.estadao.com.br\/sao-paulo\/wp-json\/wp\/v2\/users\/4"}],"replies":[{"embeddable":true,"href":"https:\/\/expresso.estadao.com.br\/sao-paulo\/wp-json\/wp\/v2\/comments?post=12121"}],"version-history":[{"count":2,"href":"https:\/\/expresso.estadao.com.br\/sao-paulo\/wp-json\/wp\/v2\/posts\/12121\/revisions"}],"predecessor-version":[{"id":12124,"href":"https:\/\/expresso.estadao.com.br\/sao-paulo\/wp-json\/wp\/v2\/posts\/12121\/revisions\/12124"}],"wp:featuredmedia":[{"embeddable":true,"href":"https:\/\/expresso.estadao.com.br\/sao-paulo\/wp-json\/wp\/v2\/media\/12123"}],"wp:attachment":[{"href":"https:\/\/expresso.estadao.com.br\/sao-paulo\/wp-json\/wp\/v2\/media?parent=12121"}],"wp:term":[{"taxonomy":"category","embeddable":true,"href":"https:\/\/expresso.estadao.com.br\/sao-paulo\/wp-json\/wp\/v2\/categories?post=12121"},{"taxonomy":"post_tag","embeddable":true,"href":"https:\/\/expresso.estadao.com.br\/sao-paulo\/wp-json\/wp\/v2\/tags?post=12121"}],"curies":[{"name":"wp","href":"https:\/\/api.w.org\/{rel}","templated":true}]}}