{"id":12176,"date":"2025-11-27T06:00:19","date_gmt":"2025-11-27T09:00:19","guid":{"rendered":"https:\/\/expresso.estadao.com.br\/sao-paulo\/?p=12176"},"modified":"2025-11-26T15:33:49","modified_gmt":"2025-11-26T18:33:49","slug":"sao-paulo-reforca-a-agenda-ambiental-com-acoes-que-deixam-a-cidade-mais-verde","status":"publish","type":"post","link":"https:\/\/expresso.estadao.com.br\/sao-paulo\/2025\/11\/27\/sao-paulo-reforca-a-agenda-ambiental-com-acoes-que-deixam-a-cidade-mais-verde\/","title":{"rendered":"S\u00e3o Paulo refor\u00e7a a agenda ambiental com a\u00e7\u00f5es que deixam a cidade mais verde"},"content":{"rendered":"<p class=\"p1\">A cidade de S\u00e3o Paulo avan\u00e7a na constru\u00e7\u00e3o de uma pol\u00edtica ambiental que combina arboriza\u00e7\u00e3o, mobilidade com energia limpa e gest\u00e3o eficiente de res\u00edduos. Apenas em 2025 foram plantadas 171 mil \u00e1rvores nativas do munic\u00edpio, um recorde hist\u00f3rico.<\/p>\n<p class=\"p1\">Bosques urbanos, parques, jardins de chuva e ecopontos foram criados ou ampliados em toda a cidade, e as \u00e1reas de preserva\u00e7\u00e3o ambiental passaram a representar 15% do territ\u00f3rio municipal. A agenda inclui ainda a maior frota de \u00f4nibus el\u00e9tricos do Pa\u00eds, a coleta seletiva presente em todas as ruas e investimentos previstos de R$ 122,2 bilh\u00f5es entre 2026 e 2029 para consolidar a transi\u00e7\u00e3o energ\u00e9tica e a sustentabilidade urbana.<\/p>\n<p class=\"p1\">A marca de 171 mil \u00e1rvores, todas cultivadas nos viveiros municipais, foi simbolizada pelo pau-brasil de 15 metros plantado no Pateo do Collegio no in\u00edcio deste m\u00eas. A expans\u00e3o da arboriza\u00e7\u00e3o comp\u00f5e as metas do programa S\u00e3o Paulo Mais Verde, que mant\u00e9m 38 bosques urbanos implantados ou em implanta\u00e7\u00e3o e prev\u00ea chegar a 50 at\u00e9 2028. A gest\u00e3o municipal tamb\u00e9m criou 425 jardins de chuva, fundamentais para aumentar a permeabilidade e reduzir alagamentos.<\/p>\n<p class=\"p1\"><b>Verde preservado<\/b><\/p>\n<p class=\"p1\">A amplia\u00e7\u00e3o das \u00e1reas de preserva\u00e7\u00e3o tamb\u00e9m ganhou escala nos \u00faltimos anos. Atualmente, 15% do territ\u00f3rio municipal s\u00e3o oficialmente protegidos, e outros 11% est\u00e3o em processo de incorpora\u00e7\u00e3o, totalizando 26% da cidade destinados \u00e0 conserva\u00e7\u00e3o ambiental \u2014 uma \u00e1rea superior \u00e0 da cidade de Paris.<\/p>\n<p class=\"p1\">O avan\u00e7o decorre de desapropria\u00e7\u00f5es, cria\u00e7\u00e3o de novos per\u00edmetros de prote\u00e7\u00e3o e recupera\u00e7\u00e3o de \u00e1reas degradadas, refor\u00e7ando o papel da capital na preserva\u00e7\u00e3o da Mata Atl\u00e2ntica e na manuten\u00e7\u00e3o de corredores ecol\u00f3gicos em meio ao tecido urbano.<\/p>\n<p class=\"p1\">Na mobilidade, S\u00e3o Paulo ultrapassou a marca de 1.000 \u00f4nibus el\u00e9tricos em circula\u00e7\u00e3o, consolidando a maior frota sustent\u00e1vel do Pa\u00eds. A transi\u00e7\u00e3o energ\u00e9tica integra o Programa de Metas 2025\u20132028 e inclui o sistema Bess de armazenamento de energia, que permite recargas eficientes sem sobrecarga na rede. Os ve\u00edculos oferecem ar-condicionado, Wi-Fi, conex\u00f5es USB e s\u00e3o monitorados pelo Smart Sampa, sistema integrado \u00e0 central de seguran\u00e7a municipal.<\/p>\n<p class=\"p1\"><b>Coleta 100%<\/b><\/p>\n<p class=\"p1\">A gest\u00e3o de res\u00edduos s\u00f3lidos segue em expans\u00e3o. Hoje, todas as ruas da capital s\u00e3o atendidas pela coleta seletiva, recolhida ao menos uma vez por semana. Para participar, cada morador deve separar os res\u00edduos e consultar no site da Prefeitura o dia em que o caminh\u00e3o passa em sua via. Ecoparques, cooperativas de reciclagem e as futuras Unidades de Recupera\u00e7\u00e3o Energ\u00e9tica comp\u00f5em o conjunto de a\u00e7\u00f5es que somam R$ 14 bilh\u00f5es em investimentos e sustentam a substitui\u00e7\u00e3o gradual dos caminh\u00f5es movidos a diesel por modelos abastecidos com biometano at\u00e9 2027. A cidade j\u00e1 conta com mais de 200 ve\u00edculos movidos a energia limpa.<\/p>\n<p><img loading=\"lazy\" decoding=\"async\" class=\"alignnone size-full wp-image-12180\" src=\"https:\/\/expresso.estadao.com.br\/sao-paulo\/wp-content\/uploads\/2025\/11\/arte_SPsustentavel_site.png\" alt=\"\" width=\"780\" height=\"400\" srcset=\"https:\/\/expresso.estadao.com.br\/sao-paulo\/wp-content\/uploads\/2025\/11\/arte_SPsustentavel_site.png 780w, https:\/\/expresso.estadao.com.br\/sao-paulo\/wp-content\/uploads\/2025\/11\/arte_SPsustentavel_site-585x300.png 585w, https:\/\/expresso.estadao.com.br\/sao-paulo\/wp-content\/uploads\/2025\/11\/arte_SPsustentavel_site-768x394.png 768w\" sizes=\"auto, (max-width: 780px) 100vw, 780px\" \/><\/p>\n","protected":false},"excerpt":{"rendered":"<p>A cidade de S\u00e3o Paulo avan\u00e7a na constru\u00e7\u00e3o de uma pol\u00edtica ambiental que combina arboriza\u00e7\u00e3o, mobilidade com energia limpa e gest\u00e3o eficiente de res\u00edduos. Apenas em 2025 foram plantadas 171 mil \u00e1rvores nativas do munic\u00edpio, um recorde hist\u00f3rico. Bosques urbanos, parques, jardins de chuva e ecopontos foram criados ou ampliados em toda a cidade, e [&hellip;]<\/p>\n","protected":false},"author":4,"featured_media":12177,"comment_status":"open","ping_status":"closed","sticky":false,"template":"","format":"standard","meta":{"_acf_changed":false,"_monsterinsights_skip_tracking":false,"_monsterinsights_sitenote_active":false,"_monsterinsights_sitenote_note":"","_monsterinsights_sitenote_category":0,"footnotes":""},"categories":[756],"tags":[1101,793,52],"class_list":["post-12176","post","type-post","status-publish","format-standard","has-post-thumbnail","hentry","category-meio-ambiente","tag-areas-verdes","tag-meio-ambiente","tag-prefeitura-de-sao-paulo"],"acf":[],"yoast_head":"<!-- This site is optimized with the Yoast SEO plugin v24.1 - https:\/\/yoast.com\/wordpress\/plugins\/seo\/ -->\n<title>Agenda ambiental de S\u00e3o Paulo - Estad\u00e3o Expresso S\u00e3o Paulo<\/title>\n<meta name=\"description\" content=\"SP atinge 171 mil \u00e1rvores plantadas em 2025, opera a maior frota sustent\u00e1vel do Pa\u00eds com \u00f4nibus el\u00e9tricos e garante coleta seletiva\" \/>\n<meta name=\"robots\" content=\"index, follow, max-snippet:-1, max-image-preview:large, max-video-preview:-1\" \/>\n<link rel=\"canonical\" href=\"https:\/\/expresso.estadao.com.br\/sao-paulo\/2025\/11\/27\/sao-paulo-reforca-a-agenda-ambiental-com-acoes-que-deixam-a-cidade-mais-verde\/\" \/>\n<meta property=\"og:locale\" content=\"pt_BR\" \/>\n<meta property=\"og:type\" content=\"article\" \/>\n<meta property=\"og:title\" content=\"Agenda ambiental de S\u00e3o Paulo - Estad\u00e3o Expresso S\u00e3o Paulo\" \/>\n<meta property=\"og:description\" content=\"SP atinge 171 mil \u00e1rvores plantadas em 2025, opera a maior frota sustent\u00e1vel do Pa\u00eds com \u00f4nibus el\u00e9tricos e garante coleta seletiva\" \/>\n<meta property=\"og:url\" content=\"https:\/\/expresso.estadao.com.br\/sao-paulo\/2025\/11\/27\/sao-paulo-reforca-a-agenda-ambiental-com-acoes-que-deixam-a-cidade-mais-verde\/\" \/>\n<meta property=\"og:site_name\" content=\"Estad\u00e3o Expresso S\u00e3o Paulo\" \/>\n<meta property=\"article:published_time\" content=\"2025-11-27T09:00:19+00:00\" \/>\n<meta property=\"article:modified_time\" content=\"2025-11-26T18:33:49+00:00\" \/>\n<meta property=\"og:image\" content=\"https:\/\/expresso.estadao.com.br\/sao-paulo\/wp-content\/uploads\/2025\/11\/20251112_PARQUE_ACLIMACAO_0034_JFD-scaled.jpg\" \/>\n\t<meta property=\"og:image:type\" content=\"image\/jpeg\" \/>\n<meta name=\"author\" content=\"fabio_bairros\" \/>\n<meta name=\"twitter:card\" content=\"summary_large_image\" \/>\n<meta name=\"twitter:label1\" content=\"Escrito por\" \/>\n\t<meta name=\"twitter:data1\" content=\"fabio_bairros\" \/>\n\t<meta name=\"twitter:label2\" content=\"Est. tempo de leitura\" \/>\n\t<meta name=\"twitter:data2\" content=\"3 minutos\" \/>\n<script type=\"application\/ld+json\" class=\"yoast-schema-graph\">{\"@context\":\"https:\/\/schema.org\",\"@graph\":[{\"@type\":\"WebPage\",\"@id\":\"https:\/\/expresso.estadao.com.br\/sao-paulo\/2025\/11\/27\/sao-paulo-reforca-a-agenda-ambiental-com-acoes-que-deixam-a-cidade-mais-verde\/\",\"url\":\"https:\/\/expresso.estadao.com.br\/sao-paulo\/2025\/11\/27\/sao-paulo-reforca-a-agenda-ambiental-com-acoes-que-deixam-a-cidade-mais-verde\/\",\"name\":\"Agenda ambiental de S\u00e3o Paulo - Estad\u00e3o Expresso S\u00e3o Paulo\",\"isPartOf\":{\"@id\":\"https:\/\/expresso.estadao.com.br\/sao-paulo\/#website\"},\"primaryImageOfPage\":{\"@id\":\"https:\/\/expresso.estadao.com.br\/sao-paulo\/2025\/11\/27\/sao-paulo-reforca-a-agenda-ambiental-com-acoes-que-deixam-a-cidade-mais-verde\/#primaryimage\"},\"image\":{\"@id\":\"https:\/\/expresso.estadao.com.br\/sao-paulo\/2025\/11\/27\/sao-paulo-reforca-a-agenda-ambiental-com-acoes-que-deixam-a-cidade-mais-verde\/#primaryimage\"},\"thumbnailUrl\":\"https:\/\/expresso.estadao.com.br\/sao-paulo\/wp-content\/uploads\/2025\/11\/20251112_PARQUE_ACLIMACAO_0034_JFD-scaled.jpg\",\"datePublished\":\"2025-11-27T09:00:19+00:00\",\"dateModified\":\"2025-11-26T18:33:49+00:00\",\"author\":{\"@id\":\"https:\/\/expresso.estadao.com.br\/sao-paulo\/#\/schema\/person\/f45f9e313ba8cbe5af9424f387ddef42\"},\"description\":\"SP atinge 171 mil \u00e1rvores plantadas em 2025, opera a maior frota sustent\u00e1vel do Pa\u00eds com \u00f4nibus el\u00e9tricos e garante coleta seletiva\",\"breadcrumb\":{\"@id\":\"https:\/\/expresso.estadao.com.br\/sao-paulo\/2025\/11\/27\/sao-paulo-reforca-a-agenda-ambiental-com-acoes-que-deixam-a-cidade-mais-verde\/#breadcrumb\"},\"inLanguage\":\"pt-BR\",\"potentialAction\":[{\"@type\":\"ReadAction\",\"target\":[\"https:\/\/expresso.estadao.com.br\/sao-paulo\/2025\/11\/27\/sao-paulo-reforca-a-agenda-ambiental-com-acoes-que-deixam-a-cidade-mais-verde\/\"]}]},{\"@type\":\"ImageObject\",\"inLanguage\":\"pt-BR\",\"@id\":\"https:\/\/expresso.estadao.com.br\/sao-paulo\/2025\/11\/27\/sao-paulo-reforca-a-agenda-ambiental-com-acoes-que-deixam-a-cidade-mais-verde\/#primaryimage\",\"url\":\"https:\/\/expresso.estadao.com.br\/sao-paulo\/wp-content\/uploads\/2025\/11\/20251112_PARQUE_ACLIMACAO_0034_JFD-scaled.jpg\",\"contentUrl\":\"https:\/\/expresso.estadao.com.br\/sao-paulo\/wp-content\/uploads\/2025\/11\/20251112_PARQUE_ACLIMACAO_0034_JFD-scaled.jpg\",\"width\":2560,\"height\":1472,\"caption\":\"Programa S\u00e3o Paulo Mais Verde refor\u00e7a a expans\u00e3o das \u00e1reas verdes - Foto: JF Diorio\/Divulga\u00e7\u00e3o\/Secom\"},{\"@type\":\"BreadcrumbList\",\"@id\":\"https:\/\/expresso.estadao.com.br\/sao-paulo\/2025\/11\/27\/sao-paulo-reforca-a-agenda-ambiental-com-acoes-que-deixam-a-cidade-mais-verde\/#breadcrumb\",\"itemListElement\":[{\"@type\":\"ListItem\",\"position\":1,\"name\":\"In\u00edcio\",\"item\":\"https:\/\/expresso.estadao.com.br\/sao-paulo\/\"},{\"@type\":\"ListItem\",\"position\":2,\"name\":\"S\u00e3o Paulo refor\u00e7a a agenda ambiental com a\u00e7\u00f5es que deixam a cidade mais verde\"}]},{\"@type\":\"WebSite\",\"@id\":\"https:\/\/expresso.estadao.com.br\/sao-paulo\/#website\",\"url\":\"https:\/\/expresso.estadao.com.br\/sao-paulo\/\",\"name\":\"Estad\u00e3o Expresso S\u00e3o Paulo\",\"description\":\"Conte\u00fado de presta\u00e7\u00e3o de servi\u00e7o para que os moradores da cidade de S\u00e3o Paulo possam se informar melhor e usar de maneira mais eficaz os servi\u00e7os p\u00fablicos municipais.\",\"potentialAction\":[{\"@type\":\"SearchAction\",\"target\":{\"@type\":\"EntryPoint\",\"urlTemplate\":\"https:\/\/expresso.estadao.com.br\/sao-paulo\/?s={search_term_string}\"},\"query-input\":{\"@type\":\"PropertyValueSpecification\",\"valueRequired\":true,\"valueName\":\"search_term_string\"}}],\"inLanguage\":\"pt-BR\"},{\"@type\":\"Person\",\"@id\":\"https:\/\/expresso.estadao.com.br\/sao-paulo\/#\/schema\/person\/f45f9e313ba8cbe5af9424f387ddef42\",\"name\":\"fabio_bairros\",\"image\":{\"@type\":\"ImageObject\",\"inLanguage\":\"pt-BR\",\"@id\":\"https:\/\/expresso.estadao.com.br\/sao-paulo\/#\/schema\/person\/image\/\",\"url\":\"https:\/\/secure.gravatar.com\/avatar\/fbecca90befcfda9505216ce0dc87261326cb6644deb5861e7ab404061c24246?s=96&d=mm&r=g\",\"contentUrl\":\"https:\/\/secure.gravatar.com\/avatar\/fbecca90befcfda9505216ce0dc87261326cb6644deb5861e7ab404061c24246?s=96&d=mm&r=g\",\"caption\":\"fabio_bairros\"}}]}<\/script>\n<!-- \/ Yoast SEO plugin. -->","yoast_head_json":{"title":"Agenda ambiental de S\u00e3o Paulo - Estad\u00e3o Expresso S\u00e3o Paulo","description":"SP atinge 171 mil \u00e1rvores plantadas em 2025, opera a maior frota sustent\u00e1vel do Pa\u00eds com \u00f4nibus el\u00e9tricos e garante coleta seletiva","robots":{"index":"index","follow":"follow","max-snippet":"max-snippet:-1","max-image-preview":"max-image-preview:large","max-video-preview":"max-video-preview:-1"},"canonical":"https:\/\/expresso.estadao.com.br\/sao-paulo\/2025\/11\/27\/sao-paulo-reforca-a-agenda-ambiental-com-acoes-que-deixam-a-cidade-mais-verde\/","og_locale":"pt_BR","og_type":"article","og_title":"Agenda ambiental de S\u00e3o Paulo - Estad\u00e3o Expresso S\u00e3o Paulo","og_description":"SP atinge 171 mil \u00e1rvores plantadas em 2025, opera a maior frota sustent\u00e1vel do Pa\u00eds com \u00f4nibus el\u00e9tricos e garante coleta seletiva","og_url":"https:\/\/expresso.estadao.com.br\/sao-paulo\/2025\/11\/27\/sao-paulo-reforca-a-agenda-ambiental-com-acoes-que-deixam-a-cidade-mais-verde\/","og_site_name":"Estad\u00e3o Expresso S\u00e3o Paulo","article_published_time":"2025-11-27T09:00:19+00:00","article_modified_time":"2025-11-26T18:33:49+00:00","og_image":[{"width":"","height":"","url":"https:\/\/expresso.estadao.com.br\/sao-paulo\/wp-content\/uploads\/2025\/11\/20251112_PARQUE_ACLIMACAO_0034_JFD-scaled.jpg","type":"image\/jpeg"}],"author":"fabio_bairros","twitter_card":"summary_large_image","twitter_misc":{"Escrito por":"fabio_bairros","Est. tempo de leitura":"3 minutos"},"schema":{"@context":"https:\/\/schema.org","@graph":[{"@type":"WebPage","@id":"https:\/\/expresso.estadao.com.br\/sao-paulo\/2025\/11\/27\/sao-paulo-reforca-a-agenda-ambiental-com-acoes-que-deixam-a-cidade-mais-verde\/","url":"https:\/\/expresso.estadao.com.br\/sao-paulo\/2025\/11\/27\/sao-paulo-reforca-a-agenda-ambiental-com-acoes-que-deixam-a-cidade-mais-verde\/","name":"Agenda ambiental de S\u00e3o Paulo - Estad\u00e3o Expresso S\u00e3o Paulo","isPartOf":{"@id":"https:\/\/expresso.estadao.com.br\/sao-paulo\/#website"},"primaryImageOfPage":{"@id":"https:\/\/expresso.estadao.com.br\/sao-paulo\/2025\/11\/27\/sao-paulo-reforca-a-agenda-ambiental-com-acoes-que-deixam-a-cidade-mais-verde\/#primaryimage"},"image":{"@id":"https:\/\/expresso.estadao.com.br\/sao-paulo\/2025\/11\/27\/sao-paulo-reforca-a-agenda-ambiental-com-acoes-que-deixam-a-cidade-mais-verde\/#primaryimage"},"thumbnailUrl":"https:\/\/expresso.estadao.com.br\/sao-paulo\/wp-content\/uploads\/2025\/11\/20251112_PARQUE_ACLIMACAO_0034_JFD-scaled.jpg","datePublished":"2025-11-27T09:00:19+00:00","dateModified":"2025-11-26T18:33:49+00:00","author":{"@id":"https:\/\/expresso.estadao.com.br\/sao-paulo\/#\/schema\/person\/f45f9e313ba8cbe5af9424f387ddef42"},"description":"SP atinge 171 mil \u00e1rvores plantadas em 2025, opera a maior frota sustent\u00e1vel do Pa\u00eds com \u00f4nibus el\u00e9tricos e garante coleta seletiva","breadcrumb":{"@id":"https:\/\/expresso.estadao.com.br\/sao-paulo\/2025\/11\/27\/sao-paulo-reforca-a-agenda-ambiental-com-acoes-que-deixam-a-cidade-mais-verde\/#breadcrumb"},"inLanguage":"pt-BR","potentialAction":[{"@type":"ReadAction","target":["https:\/\/expresso.estadao.com.br\/sao-paulo\/2025\/11\/27\/sao-paulo-reforca-a-agenda-ambiental-com-acoes-que-deixam-a-cidade-mais-verde\/"]}]},{"@type":"ImageObject","inLanguage":"pt-BR","@id":"https:\/\/expresso.estadao.com.br\/sao-paulo\/2025\/11\/27\/sao-paulo-reforca-a-agenda-ambiental-com-acoes-que-deixam-a-cidade-mais-verde\/#primaryimage","url":"https:\/\/expresso.estadao.com.br\/sao-paulo\/wp-content\/uploads\/2025\/11\/20251112_PARQUE_ACLIMACAO_0034_JFD-scaled.jpg","contentUrl":"https:\/\/expresso.estadao.com.br\/sao-paulo\/wp-content\/uploads\/2025\/11\/20251112_PARQUE_ACLIMACAO_0034_JFD-scaled.jpg","width":2560,"height":1472,"caption":"Programa S\u00e3o Paulo Mais Verde refor\u00e7a a expans\u00e3o das \u00e1reas verdes - Foto: JF Diorio\/Divulga\u00e7\u00e3o\/Secom"},{"@type":"BreadcrumbList","@id":"https:\/\/expresso.estadao.com.br\/sao-paulo\/2025\/11\/27\/sao-paulo-reforca-a-agenda-ambiental-com-acoes-que-deixam-a-cidade-mais-verde\/#breadcrumb","itemListElement":[{"@type":"ListItem","position":1,"name":"In\u00edcio","item":"https:\/\/expresso.estadao.com.br\/sao-paulo\/"},{"@type":"ListItem","position":2,"name":"S\u00e3o Paulo refor\u00e7a a agenda ambiental com a\u00e7\u00f5es que deixam a cidade mais verde"}]},{"@type":"WebSite","@id":"https:\/\/expresso.estadao.com.br\/sao-paulo\/#website","url":"https:\/\/expresso.estadao.com.br\/sao-paulo\/","name":"Estad\u00e3o Expresso S\u00e3o Paulo","description":"Conte\u00fado de presta\u00e7\u00e3o de servi\u00e7o para que os moradores da cidade de S\u00e3o Paulo possam se informar melhor e usar de maneira mais eficaz os servi\u00e7os p\u00fablicos municipais.","potentialAction":[{"@type":"SearchAction","target":{"@type":"EntryPoint","urlTemplate":"https:\/\/expresso.estadao.com.br\/sao-paulo\/?s={search_term_string}"},"query-input":{"@type":"PropertyValueSpecification","valueRequired":true,"valueName":"search_term_string"}}],"inLanguage":"pt-BR"},{"@type":"Person","@id":"https:\/\/expresso.estadao.com.br\/sao-paulo\/#\/schema\/person\/f45f9e313ba8cbe5af9424f387ddef42","name":"fabio_bairros","image":{"@type":"ImageObject","inLanguage":"pt-BR","@id":"https:\/\/expresso.estadao.com.br\/sao-paulo\/#\/schema\/person\/image\/","url":"https:\/\/secure.gravatar.com\/avatar\/fbecca90befcfda9505216ce0dc87261326cb6644deb5861e7ab404061c24246?s=96&d=mm&r=g","contentUrl":"https:\/\/secure.gravatar.com\/avatar\/fbecca90befcfda9505216ce0dc87261326cb6644deb5861e7ab404061c24246?s=96&d=mm&r=g","caption":"fabio_bairros"}}]}},"_links":{"self":[{"href":"https:\/\/expresso.estadao.com.br\/sao-paulo\/wp-json\/wp\/v2\/posts\/12176","targetHints":{"allow":["GET"]}}],"collection":[{"href":"https:\/\/expresso.estadao.com.br\/sao-paulo\/wp-json\/wp\/v2\/posts"}],"about":[{"href":"https:\/\/expresso.estadao.com.br\/sao-paulo\/wp-json\/wp\/v2\/types\/post"}],"author":[{"embeddable":true,"href":"https:\/\/expresso.estadao.com.br\/sao-paulo\/wp-json\/wp\/v2\/users\/4"}],"replies":[{"embeddable":true,"href":"https:\/\/expresso.estadao.com.br\/sao-paulo\/wp-json\/wp\/v2\/comments?post=12176"}],"version-history":[{"count":4,"href":"https:\/\/expresso.estadao.com.br\/sao-paulo\/wp-json\/wp\/v2\/posts\/12176\/revisions"}],"predecessor-version":[{"id":12182,"href":"https:\/\/expresso.estadao.com.br\/sao-paulo\/wp-json\/wp\/v2\/posts\/12176\/revisions\/12182"}],"wp:featuredmedia":[{"embeddable":true,"href":"https:\/\/expresso.estadao.com.br\/sao-paulo\/wp-json\/wp\/v2\/media\/12177"}],"wp:attachment":[{"href":"https:\/\/expresso.estadao.com.br\/sao-paulo\/wp-json\/wp\/v2\/media?parent=12176"}],"wp:term":[{"taxonomy":"category","embeddable":true,"href":"https:\/\/expresso.estadao.com.br\/sao-paulo\/wp-json\/wp\/v2\/categories?post=12176"},{"taxonomy":"post_tag","embeddable":true,"href":"https:\/\/expresso.estadao.com.br\/sao-paulo\/wp-json\/wp\/v2\/tags?post=12176"}],"curies":[{"name":"wp","href":"https:\/\/api.w.org\/{rel}","templated":true}]}}