{"id":12258,"date":"2025-12-11T07:35:05","date_gmt":"2025-12-11T10:35:05","guid":{"rendered":"https:\/\/expresso.estadao.com.br\/sao-paulo\/?p=12258"},"modified":"2025-12-11T07:47:18","modified_gmt":"2025-12-11T10:47:18","slug":"prefeitura-ja-atendeu-mais-de-800-imigrantes-nas-vilas-reencontro","status":"publish","type":"post","link":"https:\/\/expresso.estadao.com.br\/sao-paulo\/2025\/12\/11\/prefeitura-ja-atendeu-mais-de-800-imigrantes-nas-vilas-reencontro\/","title":{"rendered":"Prefeitura j\u00e1 atendeu mais de 800 imigrantes nas Vilas Reencontro"},"content":{"rendered":"<p data-start=\"201\" data-end=\"655\">Entre 2022 e agosto de 2025, 809 imigrantes encontraram acolhimento nas Vilas Reencontro, programa socioassistencial da Prefeitura de S\u00e3o Paulo voltado ao atendimento e ao fortalecimento de v\u00ednculos de pessoas e fam\u00edlias em situa\u00e7\u00e3o de vulnerabilidade. As nacionalidades atendidas incluem pessoas vindas da Venezuela, Angola, Rep\u00fablica Democr\u00e1tica do Congo, Haiti, Bol\u00edvia, Guin\u00e9-Bissau, Argentina e outros pa\u00edses.<\/p>\n<p data-start=\"657\" data-end=\"1103\">Levantamento da Secretaria Municipal de Assist\u00eancia e Desenvolvimento Social (Smads) mostra participa\u00e7\u00e3o equilibrada das unidades da rede. As Vilas Reencontro Jabaquara 1 e Jabaquara 2 registraram mais de 320 acolhimentos no per\u00edodo. As unidades de Sapopemba, Canind\u00e9, Pari e Santo Amaro tamb\u00e9m tiveram n\u00fameros relevantes. As demais \u2014 Anhangaba\u00fa, Cruzeiro do Sul e as duas Vilas Guaianases \u2014 seguem com papel estrat\u00e9gico na oferta de acolhimento.<\/p>\n<p data-start=\"1105\" data-end=\"1571\">As unidades contam com equipes t\u00e9cnicas respons\u00e1veis pelo acompanhamento social, apoio \u00e0 regulariza\u00e7\u00e3o documental, acesso a pol\u00edticas p\u00fablicas, encaminhamentos para sa\u00fade e educa\u00e7\u00e3o, atividades de conviv\u00eancia e a\u00e7\u00f5es voltadas ao fortalecimento da autonomia das fam\u00edlias. O monitoramento das chamadas sa\u00eddas qualificadas \u00e9 realizado em parceria com a Coordenadoria de Vigil\u00e2ncia Social (COVS), o que amplia a precis\u00e3o dos indicadores e a transpar\u00eancia dos resultados.<\/p>\n<p data-start=\"1573\" data-end=\"1784\">Atualmente, mais de 600 imigrantes vivem nas Vilas Reencontro, consolidando o programa como uma das principais portas de entrada para o acolhimento da popula\u00e7\u00e3o migrante em situa\u00e7\u00e3o de vulnerabilidade na cidade.<\/p>\n<p data-start=\"1786\" data-end=\"2227\"><strong>Sobre o programa Vila Reencontro<\/strong><\/p>\n<p data-start=\"1786\" data-end=\"2227\">Criado para ampliar a oferta de acolhimento humanizado e solu\u00e7\u00f5es de moradia digna, o programa Vila Reencontro se consolidou como uma das principais pol\u00edticas municipais voltadas \u00e0 popula\u00e7\u00e3o em situa\u00e7\u00e3o de rua. As unidades disp\u00f5em de m\u00f3dulos habitacionais independentes, espa\u00e7os de conviv\u00eancia, servi\u00e7os de apoio social, atendimento t\u00e9cnico especializado e a\u00e7\u00f5es voltadas \u00e0 autonomia e \u00e0 reinser\u00e7\u00e3o social.<\/p>\n<p data-start=\"2229\" data-end=\"2652\" data-is-last-node=\"\" data-is-only-node=\"\">Desde 2022, foram entregues unidades em regi\u00f5es como Santana, Mooca, Vila Maria, S\u00e3o Mateus, Ipiranga, Penha, Ermelino Matarazzo, Campo Limpo e outras, totalizando 10 Vilas em funcionamento, al\u00e9m de novos complexos em fase de implanta\u00e7\u00e3o. Com a chegada da Vila Reencontro Cidade Tiradentes, o programa amplia sua capilaridade e refor\u00e7a a rede de prote\u00e7\u00e3o social em territ\u00f3rios com alta demanda por pol\u00edticas de acolhimento.<\/p>\n","protected":false},"excerpt":{"rendered":"<p>Entre 2022 e agosto de 2025, 809 imigrantes encontraram acolhimento nas Vilas Reencontro, programa socioassistencial da Prefeitura de S\u00e3o Paulo voltado ao atendimento e ao fortalecimento de v\u00ednculos de pessoas e fam\u00edlias em situa\u00e7\u00e3o de vulnerabilidade. As nacionalidades atendidas incluem pessoas vindas da Venezuela, Angola, Rep\u00fablica Democr\u00e1tica do Congo, Haiti, Bol\u00edvia, Guin\u00e9-Bissau, Argentina e outros [&hellip;]<\/p>\n","protected":false},"author":4,"featured_media":12264,"comment_status":"open","ping_status":"closed","sticky":false,"template":"","format":"standard","meta":{"_acf_changed":false,"_monsterinsights_skip_tracking":false,"_monsterinsights_sitenote_active":false,"_monsterinsights_sitenote_note":"","_monsterinsights_sitenote_category":0,"footnotes":""},"categories":[740],"tags":[52,317],"class_list":["post-12258","post","type-post","status-publish","format-standard","has-post-thumbnail","hentry","category-assistencia-social","tag-prefeitura-de-sao-paulo","tag-vila-reencontro"],"acf":[],"yoast_head":"<!-- This site is optimized with the Yoast SEO plugin v24.1 - https:\/\/yoast.com\/wordpress\/plugins\/seo\/ -->\n<title>Vila Reencontro - Estad\u00e3o Expresso S\u00e3o Paulo<\/title>\n<meta name=\"description\" content=\"Equipamentos seguem como refer\u00eancia no atendimento humanizado e na integra\u00e7\u00e3o de pessoas em situa\u00e7\u00e3o de vulnerabilidade\" \/>\n<meta name=\"robots\" content=\"index, follow, max-snippet:-1, max-image-preview:large, max-video-preview:-1\" \/>\n<link rel=\"canonical\" href=\"https:\/\/expresso.estadao.com.br\/sao-paulo\/2025\/12\/11\/prefeitura-ja-atendeu-mais-de-800-imigrantes-nas-vilas-reencontro\/\" \/>\n<meta property=\"og:locale\" content=\"pt_BR\" \/>\n<meta property=\"og:type\" content=\"article\" \/>\n<meta property=\"og:title\" content=\"Vila Reencontro - Estad\u00e3o Expresso S\u00e3o Paulo\" \/>\n<meta property=\"og:description\" content=\"Equipamentos seguem como refer\u00eancia no atendimento humanizado e na integra\u00e7\u00e3o de pessoas em situa\u00e7\u00e3o de vulnerabilidade\" \/>\n<meta property=\"og:url\" content=\"https:\/\/expresso.estadao.com.br\/sao-paulo\/2025\/12\/11\/prefeitura-ja-atendeu-mais-de-800-imigrantes-nas-vilas-reencontro\/\" \/>\n<meta property=\"og:site_name\" content=\"Estad\u00e3o Expresso S\u00e3o Paulo\" \/>\n<meta property=\"article:published_time\" content=\"2025-12-11T10:35:05+00:00\" \/>\n<meta property=\"article:modified_time\" content=\"2025-12-11T10:47:18+00:00\" \/>\n<meta property=\"og:image\" content=\"https:\/\/expresso.estadao.com.br\/sao-paulo\/wp-content\/uploads\/2025\/12\/image-12-scaled.jpg\" \/>\n\t<meta property=\"og:image:type\" content=\"image\/jpeg\" \/>\n<meta name=\"author\" content=\"fabio_bairros\" \/>\n<meta name=\"twitter:card\" content=\"summary_large_image\" \/>\n<meta name=\"twitter:label1\" content=\"Escrito por\" \/>\n\t<meta name=\"twitter:data1\" content=\"fabio_bairros\" \/>\n\t<meta name=\"twitter:label2\" content=\"Est. tempo de leitura\" \/>\n\t<meta name=\"twitter:data2\" content=\"3 minutos\" \/>\n<script type=\"application\/ld+json\" class=\"yoast-schema-graph\">{\"@context\":\"https:\/\/schema.org\",\"@graph\":[{\"@type\":\"WebPage\",\"@id\":\"https:\/\/expresso.estadao.com.br\/sao-paulo\/2025\/12\/11\/prefeitura-ja-atendeu-mais-de-800-imigrantes-nas-vilas-reencontro\/\",\"url\":\"https:\/\/expresso.estadao.com.br\/sao-paulo\/2025\/12\/11\/prefeitura-ja-atendeu-mais-de-800-imigrantes-nas-vilas-reencontro\/\",\"name\":\"Vila Reencontro - Estad\u00e3o Expresso S\u00e3o Paulo\",\"isPartOf\":{\"@id\":\"https:\/\/expresso.estadao.com.br\/sao-paulo\/#website\"},\"primaryImageOfPage\":{\"@id\":\"https:\/\/expresso.estadao.com.br\/sao-paulo\/2025\/12\/11\/prefeitura-ja-atendeu-mais-de-800-imigrantes-nas-vilas-reencontro\/#primaryimage\"},\"image\":{\"@id\":\"https:\/\/expresso.estadao.com.br\/sao-paulo\/2025\/12\/11\/prefeitura-ja-atendeu-mais-de-800-imigrantes-nas-vilas-reencontro\/#primaryimage\"},\"thumbnailUrl\":\"https:\/\/expresso.estadao.com.br\/sao-paulo\/wp-content\/uploads\/2025\/12\/image-12-scaled.jpg\",\"datePublished\":\"2025-12-11T10:35:05+00:00\",\"dateModified\":\"2025-12-11T10:47:18+00:00\",\"author\":{\"@id\":\"https:\/\/expresso.estadao.com.br\/sao-paulo\/#\/schema\/person\/f45f9e313ba8cbe5af9424f387ddef42\"},\"description\":\"Equipamentos seguem como refer\u00eancia no atendimento humanizado e na integra\u00e7\u00e3o de pessoas em situa\u00e7\u00e3o de vulnerabilidade\",\"breadcrumb\":{\"@id\":\"https:\/\/expresso.estadao.com.br\/sao-paulo\/2025\/12\/11\/prefeitura-ja-atendeu-mais-de-800-imigrantes-nas-vilas-reencontro\/#breadcrumb\"},\"inLanguage\":\"pt-BR\",\"potentialAction\":[{\"@type\":\"ReadAction\",\"target\":[\"https:\/\/expresso.estadao.com.br\/sao-paulo\/2025\/12\/11\/prefeitura-ja-atendeu-mais-de-800-imigrantes-nas-vilas-reencontro\/\"]}]},{\"@type\":\"ImageObject\",\"inLanguage\":\"pt-BR\",\"@id\":\"https:\/\/expresso.estadao.com.br\/sao-paulo\/2025\/12\/11\/prefeitura-ja-atendeu-mais-de-800-imigrantes-nas-vilas-reencontro\/#primaryimage\",\"url\":\"https:\/\/expresso.estadao.com.br\/sao-paulo\/wp-content\/uploads\/2025\/12\/image-12-scaled.jpg\",\"contentUrl\":\"https:\/\/expresso.estadao.com.br\/sao-paulo\/wp-content\/uploads\/2025\/12\/image-12-scaled.jpg\",\"width\":2048,\"height\":1536,\"caption\":\"Foto: Edson Lopes Jr.\/Divulga\u00e7\u00e3o\/Secom\"},{\"@type\":\"BreadcrumbList\",\"@id\":\"https:\/\/expresso.estadao.com.br\/sao-paulo\/2025\/12\/11\/prefeitura-ja-atendeu-mais-de-800-imigrantes-nas-vilas-reencontro\/#breadcrumb\",\"itemListElement\":[{\"@type\":\"ListItem\",\"position\":1,\"name\":\"In\u00edcio\",\"item\":\"https:\/\/expresso.estadao.com.br\/sao-paulo\/\"},{\"@type\":\"ListItem\",\"position\":2,\"name\":\"Prefeitura j\u00e1 atendeu mais de 800 imigrantes nas Vilas Reencontro\"}]},{\"@type\":\"WebSite\",\"@id\":\"https:\/\/expresso.estadao.com.br\/sao-paulo\/#website\",\"url\":\"https:\/\/expresso.estadao.com.br\/sao-paulo\/\",\"name\":\"Estad\u00e3o Expresso S\u00e3o Paulo\",\"description\":\"Conte\u00fado de presta\u00e7\u00e3o de servi\u00e7o para que os moradores da cidade de S\u00e3o Paulo possam se informar melhor e usar de maneira mais eficaz os servi\u00e7os p\u00fablicos municipais.\",\"potentialAction\":[{\"@type\":\"SearchAction\",\"target\":{\"@type\":\"EntryPoint\",\"urlTemplate\":\"https:\/\/expresso.estadao.com.br\/sao-paulo\/?s={search_term_string}\"},\"query-input\":{\"@type\":\"PropertyValueSpecification\",\"valueRequired\":true,\"valueName\":\"search_term_string\"}}],\"inLanguage\":\"pt-BR\"},{\"@type\":\"Person\",\"@id\":\"https:\/\/expresso.estadao.com.br\/sao-paulo\/#\/schema\/person\/f45f9e313ba8cbe5af9424f387ddef42\",\"name\":\"fabio_bairros\",\"image\":{\"@type\":\"ImageObject\",\"inLanguage\":\"pt-BR\",\"@id\":\"https:\/\/expresso.estadao.com.br\/sao-paulo\/#\/schema\/person\/image\/\",\"url\":\"https:\/\/secure.gravatar.com\/avatar\/fbecca90befcfda9505216ce0dc87261326cb6644deb5861e7ab404061c24246?s=96&d=mm&r=g\",\"contentUrl\":\"https:\/\/secure.gravatar.com\/avatar\/fbecca90befcfda9505216ce0dc87261326cb6644deb5861e7ab404061c24246?s=96&d=mm&r=g\",\"caption\":\"fabio_bairros\"}}]}<\/script>\n<!-- \/ Yoast SEO plugin. -->","yoast_head_json":{"title":"Vila Reencontro - Estad\u00e3o Expresso S\u00e3o Paulo","description":"Equipamentos seguem como refer\u00eancia no atendimento humanizado e na integra\u00e7\u00e3o de pessoas em situa\u00e7\u00e3o de vulnerabilidade","robots":{"index":"index","follow":"follow","max-snippet":"max-snippet:-1","max-image-preview":"max-image-preview:large","max-video-preview":"max-video-preview:-1"},"canonical":"https:\/\/expresso.estadao.com.br\/sao-paulo\/2025\/12\/11\/prefeitura-ja-atendeu-mais-de-800-imigrantes-nas-vilas-reencontro\/","og_locale":"pt_BR","og_type":"article","og_title":"Vila Reencontro - Estad\u00e3o Expresso S\u00e3o Paulo","og_description":"Equipamentos seguem como refer\u00eancia no atendimento humanizado e na integra\u00e7\u00e3o de pessoas em situa\u00e7\u00e3o de vulnerabilidade","og_url":"https:\/\/expresso.estadao.com.br\/sao-paulo\/2025\/12\/11\/prefeitura-ja-atendeu-mais-de-800-imigrantes-nas-vilas-reencontro\/","og_site_name":"Estad\u00e3o Expresso S\u00e3o Paulo","article_published_time":"2025-12-11T10:35:05+00:00","article_modified_time":"2025-12-11T10:47:18+00:00","og_image":[{"width":"","height":"","url":"https:\/\/expresso.estadao.com.br\/sao-paulo\/wp-content\/uploads\/2025\/12\/image-12-scaled.jpg","type":"image\/jpeg"}],"author":"fabio_bairros","twitter_card":"summary_large_image","twitter_misc":{"Escrito por":"fabio_bairros","Est. tempo de leitura":"3 minutos"},"schema":{"@context":"https:\/\/schema.org","@graph":[{"@type":"WebPage","@id":"https:\/\/expresso.estadao.com.br\/sao-paulo\/2025\/12\/11\/prefeitura-ja-atendeu-mais-de-800-imigrantes-nas-vilas-reencontro\/","url":"https:\/\/expresso.estadao.com.br\/sao-paulo\/2025\/12\/11\/prefeitura-ja-atendeu-mais-de-800-imigrantes-nas-vilas-reencontro\/","name":"Vila Reencontro - Estad\u00e3o Expresso S\u00e3o Paulo","isPartOf":{"@id":"https:\/\/expresso.estadao.com.br\/sao-paulo\/#website"},"primaryImageOfPage":{"@id":"https:\/\/expresso.estadao.com.br\/sao-paulo\/2025\/12\/11\/prefeitura-ja-atendeu-mais-de-800-imigrantes-nas-vilas-reencontro\/#primaryimage"},"image":{"@id":"https:\/\/expresso.estadao.com.br\/sao-paulo\/2025\/12\/11\/prefeitura-ja-atendeu-mais-de-800-imigrantes-nas-vilas-reencontro\/#primaryimage"},"thumbnailUrl":"https:\/\/expresso.estadao.com.br\/sao-paulo\/wp-content\/uploads\/2025\/12\/image-12-scaled.jpg","datePublished":"2025-12-11T10:35:05+00:00","dateModified":"2025-12-11T10:47:18+00:00","author":{"@id":"https:\/\/expresso.estadao.com.br\/sao-paulo\/#\/schema\/person\/f45f9e313ba8cbe5af9424f387ddef42"},"description":"Equipamentos seguem como refer\u00eancia no atendimento humanizado e na integra\u00e7\u00e3o de pessoas em situa\u00e7\u00e3o de vulnerabilidade","breadcrumb":{"@id":"https:\/\/expresso.estadao.com.br\/sao-paulo\/2025\/12\/11\/prefeitura-ja-atendeu-mais-de-800-imigrantes-nas-vilas-reencontro\/#breadcrumb"},"inLanguage":"pt-BR","potentialAction":[{"@type":"ReadAction","target":["https:\/\/expresso.estadao.com.br\/sao-paulo\/2025\/12\/11\/prefeitura-ja-atendeu-mais-de-800-imigrantes-nas-vilas-reencontro\/"]}]},{"@type":"ImageObject","inLanguage":"pt-BR","@id":"https:\/\/expresso.estadao.com.br\/sao-paulo\/2025\/12\/11\/prefeitura-ja-atendeu-mais-de-800-imigrantes-nas-vilas-reencontro\/#primaryimage","url":"https:\/\/expresso.estadao.com.br\/sao-paulo\/wp-content\/uploads\/2025\/12\/image-12-scaled.jpg","contentUrl":"https:\/\/expresso.estadao.com.br\/sao-paulo\/wp-content\/uploads\/2025\/12\/image-12-scaled.jpg","width":2048,"height":1536,"caption":"Foto: Edson Lopes Jr.\/Divulga\u00e7\u00e3o\/Secom"},{"@type":"BreadcrumbList","@id":"https:\/\/expresso.estadao.com.br\/sao-paulo\/2025\/12\/11\/prefeitura-ja-atendeu-mais-de-800-imigrantes-nas-vilas-reencontro\/#breadcrumb","itemListElement":[{"@type":"ListItem","position":1,"name":"In\u00edcio","item":"https:\/\/expresso.estadao.com.br\/sao-paulo\/"},{"@type":"ListItem","position":2,"name":"Prefeitura j\u00e1 atendeu mais de 800 imigrantes nas Vilas Reencontro"}]},{"@type":"WebSite","@id":"https:\/\/expresso.estadao.com.br\/sao-paulo\/#website","url":"https:\/\/expresso.estadao.com.br\/sao-paulo\/","name":"Estad\u00e3o Expresso S\u00e3o Paulo","description":"Conte\u00fado de presta\u00e7\u00e3o de servi\u00e7o para que os moradores da cidade de S\u00e3o Paulo possam se informar melhor e usar de maneira mais eficaz os servi\u00e7os p\u00fablicos municipais.","potentialAction":[{"@type":"SearchAction","target":{"@type":"EntryPoint","urlTemplate":"https:\/\/expresso.estadao.com.br\/sao-paulo\/?s={search_term_string}"},"query-input":{"@type":"PropertyValueSpecification","valueRequired":true,"valueName":"search_term_string"}}],"inLanguage":"pt-BR"},{"@type":"Person","@id":"https:\/\/expresso.estadao.com.br\/sao-paulo\/#\/schema\/person\/f45f9e313ba8cbe5af9424f387ddef42","name":"fabio_bairros","image":{"@type":"ImageObject","inLanguage":"pt-BR","@id":"https:\/\/expresso.estadao.com.br\/sao-paulo\/#\/schema\/person\/image\/","url":"https:\/\/secure.gravatar.com\/avatar\/fbecca90befcfda9505216ce0dc87261326cb6644deb5861e7ab404061c24246?s=96&d=mm&r=g","contentUrl":"https:\/\/secure.gravatar.com\/avatar\/fbecca90befcfda9505216ce0dc87261326cb6644deb5861e7ab404061c24246?s=96&d=mm&r=g","caption":"fabio_bairros"}}]}},"_links":{"self":[{"href":"https:\/\/expresso.estadao.com.br\/sao-paulo\/wp-json\/wp\/v2\/posts\/12258","targetHints":{"allow":["GET"]}}],"collection":[{"href":"https:\/\/expresso.estadao.com.br\/sao-paulo\/wp-json\/wp\/v2\/posts"}],"about":[{"href":"https:\/\/expresso.estadao.com.br\/sao-paulo\/wp-json\/wp\/v2\/types\/post"}],"author":[{"embeddable":true,"href":"https:\/\/expresso.estadao.com.br\/sao-paulo\/wp-json\/wp\/v2\/users\/4"}],"replies":[{"embeddable":true,"href":"https:\/\/expresso.estadao.com.br\/sao-paulo\/wp-json\/wp\/v2\/comments?post=12258"}],"version-history":[{"count":3,"href":"https:\/\/expresso.estadao.com.br\/sao-paulo\/wp-json\/wp\/v2\/posts\/12258\/revisions"}],"predecessor-version":[{"id":12262,"href":"https:\/\/expresso.estadao.com.br\/sao-paulo\/wp-json\/wp\/v2\/posts\/12258\/revisions\/12262"}],"wp:featuredmedia":[{"embeddable":true,"href":"https:\/\/expresso.estadao.com.br\/sao-paulo\/wp-json\/wp\/v2\/media\/12264"}],"wp:attachment":[{"href":"https:\/\/expresso.estadao.com.br\/sao-paulo\/wp-json\/wp\/v2\/media?parent=12258"}],"wp:term":[{"taxonomy":"category","embeddable":true,"href":"https:\/\/expresso.estadao.com.br\/sao-paulo\/wp-json\/wp\/v2\/categories?post=12258"},{"taxonomy":"post_tag","embeddable":true,"href":"https:\/\/expresso.estadao.com.br\/sao-paulo\/wp-json\/wp\/v2\/tags?post=12258"}],"curies":[{"name":"wp","href":"https:\/\/api.w.org\/{rel}","templated":true}]}}