{"id":12305,"date":"2025-12-16T07:22:45","date_gmt":"2025-12-16T10:22:45","guid":{"rendered":"https:\/\/expresso.estadao.com.br\/sao-paulo\/?p=12305"},"modified":"2025-12-16T07:18:21","modified_gmt":"2025-12-16T10:18:21","slug":"sao-paulo-retoma-a-operacao-altas-temperaturas","status":"publish","type":"post","link":"https:\/\/expresso.estadao.com.br\/sao-paulo\/2025\/12\/16\/sao-paulo-retoma-a-operacao-altas-temperaturas\/","title":{"rendered":"S\u00e3o Paulo retoma a Opera\u00e7\u00e3o Altas Temperaturas"},"content":{"rendered":"<p>Com a chegada do ver\u00e3o e a previs\u00e3o de dias com temperaturas elevadas, a cidade de S\u00e3o Paulo intensifica as a\u00e7\u00f5es de cuidado e prote\u00e7\u00e3o \u00e0 popula\u00e7\u00e3o em situa\u00e7\u00e3o de rua por meio da <a href=\"https:\/\/prefeitura.sp.gov.br\/web\/saude\/w\/vigilancia_em_saude\/altas_temperaturas\">Opera\u00e7\u00e3o Altas Temperaturas (OAT)<\/a>. A iniciativa tem como objetivo reduzir riscos \u00e0 sa\u00fade e garantir atendimento nos per\u00edodos mais quentes do ano.<\/p>\n<p>A Opera\u00e7\u00e3o Altas Temperaturas re\u00fane medidas emergenciais voltadas \u00e0 redu\u00e7\u00e3o dos impactos do calor excessivo, como desidrata\u00e7\u00e3o, mal-estar e agravamento de doen\u00e7as pr\u00e9-existentes. As a\u00e7\u00f5es incluem a amplia\u00e7\u00e3o do atendimento social nas ruas, a distribui\u00e7\u00e3o de \u00e1gua pot\u00e1vel, orienta\u00e7\u00f5es preventivas e o encaminhamento para servi\u00e7os da rede socioassistencial.<\/p>\n<p>A OAT ser\u00e1 reativada com atua\u00e7\u00e3o integrada entre equipes do Servi\u00e7o Especializado de Abordagem Social, unidades de acolhimento, servi\u00e7os de sa\u00fade e outros \u00f3rg\u00e3os envolvidos. As equipes atuam em regi\u00f5es estrat\u00e9gicas da cidade, com prioridade para \u00e1reas de maior circula\u00e7\u00e3o e locais com maior concentra\u00e7\u00e3o de pessoas em situa\u00e7\u00e3o de vulnerabilidade.<\/p>\n<p>Entre as medidas previstas est\u00e3o a amplia\u00e7\u00e3o da distribui\u00e7\u00e3o de \u00e1gua e itens de prote\u00e7\u00e3o solar, a oferta de orienta\u00e7\u00f5es sobre cuidados diante das altas temperaturas, a intensifica\u00e7\u00e3o das abordagens sociais com oferta de acolhimento, o monitoramento cont\u00ednuo das condi\u00e7\u00f5es clim\u00e1ticas para respostas mais r\u00e1pidas e o encaminhamento priorit\u00e1rio para servi\u00e7os de sa\u00fade em situa\u00e7\u00f5es de risco ou agravamento de quadros cl\u00ednicos.<\/p>\n<p>&nbsp;<\/p>\n","protected":false},"excerpt":{"rendered":"<p>Com a chegada do ver\u00e3o e a previs\u00e3o de dias com temperaturas elevadas, a cidade de S\u00e3o Paulo intensifica as a\u00e7\u00f5es de cuidado e prote\u00e7\u00e3o \u00e0 popula\u00e7\u00e3o em situa\u00e7\u00e3o de rua por meio da Opera\u00e7\u00e3o Altas Temperaturas (OAT). A iniciativa tem como objetivo reduzir riscos \u00e0 sa\u00fade e garantir atendimento nos per\u00edodos mais quentes do [&hellip;]<\/p>\n","protected":false},"author":4,"featured_media":12306,"comment_status":"open","ping_status":"closed","sticky":false,"template":"","format":"standard","meta":{"_acf_changed":false,"_monsterinsights_skip_tracking":false,"_monsterinsights_sitenote_active":false,"_monsterinsights_sitenote_note":"","_monsterinsights_sitenote_category":0,"footnotes":""},"categories":[740],"tags":[925,52],"class_list":["post-12305","post","type-post","status-publish","format-standard","has-post-thumbnail","hentry","category-assistencia-social","tag-operacao-altas-temperaturas","tag-prefeitura-de-sao-paulo"],"acf":[],"yoast_head":"<!-- This site is optimized with the Yoast SEO plugin v24.1 - https:\/\/yoast.com\/wordpress\/plugins\/seo\/ -->\n<title>Opera\u00e7\u00e3o Altas Temperaturas - Estad\u00e3o Expresso S\u00e3o Paulo<\/title>\n<meta name=\"description\" content=\"A\u00e7\u00e3o amplia abordagens sociais, distribui\u00e7\u00e3o de \u00e1gua e encaminhamentos \u00e0 rede socioassistencial diante da previs\u00e3o de altas temperaturas\" \/>\n<meta name=\"robots\" content=\"index, follow, max-snippet:-1, max-image-preview:large, max-video-preview:-1\" \/>\n<link rel=\"canonical\" href=\"https:\/\/expresso.estadao.com.br\/sao-paulo\/2025\/12\/16\/sao-paulo-retoma-a-operacao-altas-temperaturas\/\" \/>\n<meta property=\"og:locale\" content=\"pt_BR\" \/>\n<meta property=\"og:type\" content=\"article\" \/>\n<meta property=\"og:title\" content=\"Opera\u00e7\u00e3o Altas Temperaturas - Estad\u00e3o Expresso S\u00e3o Paulo\" \/>\n<meta property=\"og:description\" content=\"A\u00e7\u00e3o amplia abordagens sociais, distribui\u00e7\u00e3o de \u00e1gua e encaminhamentos \u00e0 rede socioassistencial diante da previs\u00e3o de altas temperaturas\" \/>\n<meta property=\"og:url\" content=\"https:\/\/expresso.estadao.com.br\/sao-paulo\/2025\/12\/16\/sao-paulo-retoma-a-operacao-altas-temperaturas\/\" \/>\n<meta property=\"og:site_name\" content=\"Estad\u00e3o Expresso S\u00e3o Paulo\" \/>\n<meta property=\"article:published_time\" content=\"2025-12-16T10:22:45+00:00\" \/>\n<meta property=\"article:modified_time\" content=\"2025-12-16T10:18:21+00:00\" \/>\n<meta property=\"og:image\" content=\"https:\/\/expresso.estadao.com.br\/sao-paulo\/wp-content\/uploads\/2025\/12\/foto1.jpeg\" \/>\n\t<meta property=\"og:image:type\" content=\"image\/jpeg\" \/>\n<meta name=\"author\" content=\"fabio_bairros\" \/>\n<meta name=\"twitter:card\" content=\"summary_large_image\" \/>\n<meta name=\"twitter:label1\" content=\"Escrito por\" \/>\n\t<meta name=\"twitter:data1\" content=\"fabio_bairros\" \/>\n\t<meta name=\"twitter:label2\" content=\"Est. tempo de leitura\" \/>\n\t<meta name=\"twitter:data2\" content=\"2 minutos\" \/>\n<script type=\"application\/ld+json\" class=\"yoast-schema-graph\">{\"@context\":\"https:\/\/schema.org\",\"@graph\":[{\"@type\":\"WebPage\",\"@id\":\"https:\/\/expresso.estadao.com.br\/sao-paulo\/2025\/12\/16\/sao-paulo-retoma-a-operacao-altas-temperaturas\/\",\"url\":\"https:\/\/expresso.estadao.com.br\/sao-paulo\/2025\/12\/16\/sao-paulo-retoma-a-operacao-altas-temperaturas\/\",\"name\":\"Opera\u00e7\u00e3o Altas Temperaturas - Estad\u00e3o Expresso S\u00e3o Paulo\",\"isPartOf\":{\"@id\":\"https:\/\/expresso.estadao.com.br\/sao-paulo\/#website\"},\"primaryImageOfPage\":{\"@id\":\"https:\/\/expresso.estadao.com.br\/sao-paulo\/2025\/12\/16\/sao-paulo-retoma-a-operacao-altas-temperaturas\/#primaryimage\"},\"image\":{\"@id\":\"https:\/\/expresso.estadao.com.br\/sao-paulo\/2025\/12\/16\/sao-paulo-retoma-a-operacao-altas-temperaturas\/#primaryimage\"},\"thumbnailUrl\":\"https:\/\/expresso.estadao.com.br\/sao-paulo\/wp-content\/uploads\/2025\/12\/foto1.jpeg\",\"datePublished\":\"2025-12-16T10:22:45+00:00\",\"dateModified\":\"2025-12-16T10:18:21+00:00\",\"author\":{\"@id\":\"https:\/\/expresso.estadao.com.br\/sao-paulo\/#\/schema\/person\/f45f9e313ba8cbe5af9424f387ddef42\"},\"description\":\"A\u00e7\u00e3o amplia abordagens sociais, distribui\u00e7\u00e3o de \u00e1gua e encaminhamentos \u00e0 rede socioassistencial diante da previs\u00e3o de altas temperaturas\",\"breadcrumb\":{\"@id\":\"https:\/\/expresso.estadao.com.br\/sao-paulo\/2025\/12\/16\/sao-paulo-retoma-a-operacao-altas-temperaturas\/#breadcrumb\"},\"inLanguage\":\"pt-BR\",\"potentialAction\":[{\"@type\":\"ReadAction\",\"target\":[\"https:\/\/expresso.estadao.com.br\/sao-paulo\/2025\/12\/16\/sao-paulo-retoma-a-operacao-altas-temperaturas\/\"]}]},{\"@type\":\"ImageObject\",\"inLanguage\":\"pt-BR\",\"@id\":\"https:\/\/expresso.estadao.com.br\/sao-paulo\/2025\/12\/16\/sao-paulo-retoma-a-operacao-altas-temperaturas\/#primaryimage\",\"url\":\"https:\/\/expresso.estadao.com.br\/sao-paulo\/wp-content\/uploads\/2025\/12\/foto1.jpeg\",\"contentUrl\":\"https:\/\/expresso.estadao.com.br\/sao-paulo\/wp-content\/uploads\/2025\/12\/foto1.jpeg\",\"width\":900,\"height\":675,\"caption\":\"Foto: Divulga\u00e7\u00e3o\/Secom\"},{\"@type\":\"BreadcrumbList\",\"@id\":\"https:\/\/expresso.estadao.com.br\/sao-paulo\/2025\/12\/16\/sao-paulo-retoma-a-operacao-altas-temperaturas\/#breadcrumb\",\"itemListElement\":[{\"@type\":\"ListItem\",\"position\":1,\"name\":\"In\u00edcio\",\"item\":\"https:\/\/expresso.estadao.com.br\/sao-paulo\/\"},{\"@type\":\"ListItem\",\"position\":2,\"name\":\"S\u00e3o Paulo retoma a Opera\u00e7\u00e3o Altas Temperaturas\"}]},{\"@type\":\"WebSite\",\"@id\":\"https:\/\/expresso.estadao.com.br\/sao-paulo\/#website\",\"url\":\"https:\/\/expresso.estadao.com.br\/sao-paulo\/\",\"name\":\"Estad\u00e3o Expresso S\u00e3o Paulo\",\"description\":\"Conte\u00fado de presta\u00e7\u00e3o de servi\u00e7o para que os moradores da cidade de S\u00e3o Paulo possam se informar melhor e usar de maneira mais eficaz os servi\u00e7os p\u00fablicos municipais.\",\"potentialAction\":[{\"@type\":\"SearchAction\",\"target\":{\"@type\":\"EntryPoint\",\"urlTemplate\":\"https:\/\/expresso.estadao.com.br\/sao-paulo\/?s={search_term_string}\"},\"query-input\":{\"@type\":\"PropertyValueSpecification\",\"valueRequired\":true,\"valueName\":\"search_term_string\"}}],\"inLanguage\":\"pt-BR\"},{\"@type\":\"Person\",\"@id\":\"https:\/\/expresso.estadao.com.br\/sao-paulo\/#\/schema\/person\/f45f9e313ba8cbe5af9424f387ddef42\",\"name\":\"fabio_bairros\",\"image\":{\"@type\":\"ImageObject\",\"inLanguage\":\"pt-BR\",\"@id\":\"https:\/\/expresso.estadao.com.br\/sao-paulo\/#\/schema\/person\/image\/\",\"url\":\"https:\/\/secure.gravatar.com\/avatar\/fbecca90befcfda9505216ce0dc87261326cb6644deb5861e7ab404061c24246?s=96&d=mm&r=g\",\"contentUrl\":\"https:\/\/secure.gravatar.com\/avatar\/fbecca90befcfda9505216ce0dc87261326cb6644deb5861e7ab404061c24246?s=96&d=mm&r=g\",\"caption\":\"fabio_bairros\"}}]}<\/script>\n<!-- \/ Yoast SEO plugin. -->","yoast_head_json":{"title":"Opera\u00e7\u00e3o Altas Temperaturas - Estad\u00e3o Expresso S\u00e3o Paulo","description":"A\u00e7\u00e3o amplia abordagens sociais, distribui\u00e7\u00e3o de \u00e1gua e encaminhamentos \u00e0 rede socioassistencial diante da previs\u00e3o de altas temperaturas","robots":{"index":"index","follow":"follow","max-snippet":"max-snippet:-1","max-image-preview":"max-image-preview:large","max-video-preview":"max-video-preview:-1"},"canonical":"https:\/\/expresso.estadao.com.br\/sao-paulo\/2025\/12\/16\/sao-paulo-retoma-a-operacao-altas-temperaturas\/","og_locale":"pt_BR","og_type":"article","og_title":"Opera\u00e7\u00e3o Altas Temperaturas - Estad\u00e3o Expresso S\u00e3o Paulo","og_description":"A\u00e7\u00e3o amplia abordagens sociais, distribui\u00e7\u00e3o de \u00e1gua e encaminhamentos \u00e0 rede socioassistencial diante da previs\u00e3o de altas temperaturas","og_url":"https:\/\/expresso.estadao.com.br\/sao-paulo\/2025\/12\/16\/sao-paulo-retoma-a-operacao-altas-temperaturas\/","og_site_name":"Estad\u00e3o Expresso S\u00e3o Paulo","article_published_time":"2025-12-16T10:22:45+00:00","article_modified_time":"2025-12-16T10:18:21+00:00","og_image":[{"width":"","height":"","url":"https:\/\/expresso.estadao.com.br\/sao-paulo\/wp-content\/uploads\/2025\/12\/foto1.jpeg","type":"image\/jpeg"}],"author":"fabio_bairros","twitter_card":"summary_large_image","twitter_misc":{"Escrito por":"fabio_bairros","Est. tempo de leitura":"2 minutos"},"schema":{"@context":"https:\/\/schema.org","@graph":[{"@type":"WebPage","@id":"https:\/\/expresso.estadao.com.br\/sao-paulo\/2025\/12\/16\/sao-paulo-retoma-a-operacao-altas-temperaturas\/","url":"https:\/\/expresso.estadao.com.br\/sao-paulo\/2025\/12\/16\/sao-paulo-retoma-a-operacao-altas-temperaturas\/","name":"Opera\u00e7\u00e3o Altas Temperaturas - Estad\u00e3o Expresso S\u00e3o Paulo","isPartOf":{"@id":"https:\/\/expresso.estadao.com.br\/sao-paulo\/#website"},"primaryImageOfPage":{"@id":"https:\/\/expresso.estadao.com.br\/sao-paulo\/2025\/12\/16\/sao-paulo-retoma-a-operacao-altas-temperaturas\/#primaryimage"},"image":{"@id":"https:\/\/expresso.estadao.com.br\/sao-paulo\/2025\/12\/16\/sao-paulo-retoma-a-operacao-altas-temperaturas\/#primaryimage"},"thumbnailUrl":"https:\/\/expresso.estadao.com.br\/sao-paulo\/wp-content\/uploads\/2025\/12\/foto1.jpeg","datePublished":"2025-12-16T10:22:45+00:00","dateModified":"2025-12-16T10:18:21+00:00","author":{"@id":"https:\/\/expresso.estadao.com.br\/sao-paulo\/#\/schema\/person\/f45f9e313ba8cbe5af9424f387ddef42"},"description":"A\u00e7\u00e3o amplia abordagens sociais, distribui\u00e7\u00e3o de \u00e1gua e encaminhamentos \u00e0 rede socioassistencial diante da previs\u00e3o de altas temperaturas","breadcrumb":{"@id":"https:\/\/expresso.estadao.com.br\/sao-paulo\/2025\/12\/16\/sao-paulo-retoma-a-operacao-altas-temperaturas\/#breadcrumb"},"inLanguage":"pt-BR","potentialAction":[{"@type":"ReadAction","target":["https:\/\/expresso.estadao.com.br\/sao-paulo\/2025\/12\/16\/sao-paulo-retoma-a-operacao-altas-temperaturas\/"]}]},{"@type":"ImageObject","inLanguage":"pt-BR","@id":"https:\/\/expresso.estadao.com.br\/sao-paulo\/2025\/12\/16\/sao-paulo-retoma-a-operacao-altas-temperaturas\/#primaryimage","url":"https:\/\/expresso.estadao.com.br\/sao-paulo\/wp-content\/uploads\/2025\/12\/foto1.jpeg","contentUrl":"https:\/\/expresso.estadao.com.br\/sao-paulo\/wp-content\/uploads\/2025\/12\/foto1.jpeg","width":900,"height":675,"caption":"Foto: Divulga\u00e7\u00e3o\/Secom"},{"@type":"BreadcrumbList","@id":"https:\/\/expresso.estadao.com.br\/sao-paulo\/2025\/12\/16\/sao-paulo-retoma-a-operacao-altas-temperaturas\/#breadcrumb","itemListElement":[{"@type":"ListItem","position":1,"name":"In\u00edcio","item":"https:\/\/expresso.estadao.com.br\/sao-paulo\/"},{"@type":"ListItem","position":2,"name":"S\u00e3o Paulo retoma a Opera\u00e7\u00e3o Altas Temperaturas"}]},{"@type":"WebSite","@id":"https:\/\/expresso.estadao.com.br\/sao-paulo\/#website","url":"https:\/\/expresso.estadao.com.br\/sao-paulo\/","name":"Estad\u00e3o Expresso S\u00e3o Paulo","description":"Conte\u00fado de presta\u00e7\u00e3o de servi\u00e7o para que os moradores da cidade de S\u00e3o Paulo possam se informar melhor e usar de maneira mais eficaz os servi\u00e7os p\u00fablicos municipais.","potentialAction":[{"@type":"SearchAction","target":{"@type":"EntryPoint","urlTemplate":"https:\/\/expresso.estadao.com.br\/sao-paulo\/?s={search_term_string}"},"query-input":{"@type":"PropertyValueSpecification","valueRequired":true,"valueName":"search_term_string"}}],"inLanguage":"pt-BR"},{"@type":"Person","@id":"https:\/\/expresso.estadao.com.br\/sao-paulo\/#\/schema\/person\/f45f9e313ba8cbe5af9424f387ddef42","name":"fabio_bairros","image":{"@type":"ImageObject","inLanguage":"pt-BR","@id":"https:\/\/expresso.estadao.com.br\/sao-paulo\/#\/schema\/person\/image\/","url":"https:\/\/secure.gravatar.com\/avatar\/fbecca90befcfda9505216ce0dc87261326cb6644deb5861e7ab404061c24246?s=96&d=mm&r=g","contentUrl":"https:\/\/secure.gravatar.com\/avatar\/fbecca90befcfda9505216ce0dc87261326cb6644deb5861e7ab404061c24246?s=96&d=mm&r=g","caption":"fabio_bairros"}}]}},"_links":{"self":[{"href":"https:\/\/expresso.estadao.com.br\/sao-paulo\/wp-json\/wp\/v2\/posts\/12305","targetHints":{"allow":["GET"]}}],"collection":[{"href":"https:\/\/expresso.estadao.com.br\/sao-paulo\/wp-json\/wp\/v2\/posts"}],"about":[{"href":"https:\/\/expresso.estadao.com.br\/sao-paulo\/wp-json\/wp\/v2\/types\/post"}],"author":[{"embeddable":true,"href":"https:\/\/expresso.estadao.com.br\/sao-paulo\/wp-json\/wp\/v2\/users\/4"}],"replies":[{"embeddable":true,"href":"https:\/\/expresso.estadao.com.br\/sao-paulo\/wp-json\/wp\/v2\/comments?post=12305"}],"version-history":[{"count":2,"href":"https:\/\/expresso.estadao.com.br\/sao-paulo\/wp-json\/wp\/v2\/posts\/12305\/revisions"}],"predecessor-version":[{"id":12308,"href":"https:\/\/expresso.estadao.com.br\/sao-paulo\/wp-json\/wp\/v2\/posts\/12305\/revisions\/12308"}],"wp:featuredmedia":[{"embeddable":true,"href":"https:\/\/expresso.estadao.com.br\/sao-paulo\/wp-json\/wp\/v2\/media\/12306"}],"wp:attachment":[{"href":"https:\/\/expresso.estadao.com.br\/sao-paulo\/wp-json\/wp\/v2\/media?parent=12305"}],"wp:term":[{"taxonomy":"category","embeddable":true,"href":"https:\/\/expresso.estadao.com.br\/sao-paulo\/wp-json\/wp\/v2\/categories?post=12305"},{"taxonomy":"post_tag","embeddable":true,"href":"https:\/\/expresso.estadao.com.br\/sao-paulo\/wp-json\/wp\/v2\/tags?post=12305"}],"curies":[{"name":"wp","href":"https:\/\/api.w.org\/{rel}","templated":true}]}}