{"id":12376,"date":"2025-12-27T11:24:02","date_gmt":"2025-12-27T14:24:02","guid":{"rendered":"https:\/\/expresso.estadao.com.br\/sao-paulo\/?p=12376"},"modified":"2025-12-27T11:32:54","modified_gmt":"2025-12-27T14:32:54","slug":"prefeitura-reativa-operacao-altas-temperaturas","status":"publish","type":"post","link":"https:\/\/expresso.estadao.com.br\/sao-paulo\/2025\/12\/27\/prefeitura-reativa-operacao-altas-temperaturas\/","title":{"rendered":"Prefeitura reativa Opera\u00e7\u00e3o Altas Temperaturas"},"content":{"rendered":"<p>A Prefeitura de S\u00e3o Paulo reativou neste s\u00e1bado (27), das 10h \u00e0s 16h, as dez tendas da Opera\u00e7\u00e3o Altas Temperaturas, instaladas em pontos das cinco regi\u00f5es da cidade para atendimento \u00e0 popula\u00e7\u00e3o em situa\u00e7\u00e3o de vulnerabilidade. Nos locais, s\u00e3o oferecidos abrigo do sol, \u00e1gua, suco, ch\u00e1s gelados e frutas.<\/p>\n<p>A Opera\u00e7\u00e3o Altas Temperaturas \u00e9 acionada sempre que a temperatura ou a sensa\u00e7\u00e3o t\u00e9rmica atingem 32 \u00b0C. A a\u00e7\u00e3o \u00e9 intersecretarial e envolve as secretarias municipais de <a href=\"https:\/\/prefeitura.sp.gov.br\/web\/assistencia_social\">Assist\u00eancia e Desenvolvimento Social<\/a>, Sa\u00fade e Direitos Humanos e Cidadania.<\/p>\n<p>A iniciativa amplia medidas emergenciais para reduzir os efeitos do calor excessivo, como desidrata\u00e7\u00e3o, mal-estar e agravamento de doen\u00e7as preexistentes, com foco em pessoas em situa\u00e7\u00e3o de rua, idosos e outros grupos vulner\u00e1veis. As a\u00e7\u00f5es incluem atendimento social nas ruas, distribui\u00e7\u00e3o de \u00e1gua pot\u00e1vel, orienta\u00e7\u00f5es preventivas e encaminhamento para servi\u00e7os da rede socioassistencial.<\/p>\n<p>A opera\u00e7\u00e3o funciona de forma integrada entre equipes do Servi\u00e7o Especializado de Abordagem Social, unidades de acolhimento, servi\u00e7os de sa\u00fade e demais \u00f3rg\u00e3os envolvidos, com atua\u00e7\u00e3o priorit\u00e1ria em \u00e1reas de maior circula\u00e7\u00e3o e concentra\u00e7\u00e3o de pessoas em situa\u00e7\u00e3o de vulnerabilidade.<\/p>\n<p><strong>As tendas est\u00e3o instaladas nos seguintes endere\u00e7os:<\/strong><\/p>\n<p>Regi\u00e3o central: Pra\u00e7a da Rep\u00fablica e Pra\u00e7a Marechal Deodoro.<\/p>\n<p>Regi\u00e3o sul: Santo Amaro, na Pra\u00e7a Salim Farah Maluf, e Capela do Socorro, na Pra\u00e7a Jos\u00e9 Boemer Roschel.<\/p>\n<p>Regi\u00e3o norte: Santana, na Rua Paineira do Campo, 943, e Vila Maria, na Pra\u00e7a Novo Mundo.<\/p>\n<p>Regi\u00e3o leste: Guaianases, na Rua Capit\u00e3o Pucci, 38; Itaquera, na Avenida Musgo de Flor com Avenida Imperador, sob o viaduto Jacu P\u00eassego; e Mooca, na Pra\u00e7a Cid Jos\u00e9 da Silva Campanella.<\/p>\n<p>Regi\u00e3o oeste: Lapa, na Rua do Curtume, s\/n, esquina com a Rua Guaicurus, ao lado do Tendal da Lapa.<\/p>\n","protected":false},"excerpt":{"rendered":"<p>A Prefeitura de S\u00e3o Paulo reativou neste s\u00e1bado (27), das 10h \u00e0s 16h, as dez tendas da Opera\u00e7\u00e3o Altas Temperaturas, instaladas em pontos das cinco regi\u00f5es da cidade para atendimento \u00e0 popula\u00e7\u00e3o em situa\u00e7\u00e3o de vulnerabilidade. Nos locais, s\u00e3o oferecidos abrigo do sol, \u00e1gua, suco, ch\u00e1s gelados e frutas. A Opera\u00e7\u00e3o Altas Temperaturas \u00e9 acionada [&hellip;]<\/p>\n","protected":false},"author":4,"featured_media":12378,"comment_status":"open","ping_status":"closed","sticky":false,"template":"","format":"standard","meta":{"_acf_changed":false,"_monsterinsights_skip_tracking":false,"_monsterinsights_sitenote_active":false,"_monsterinsights_sitenote_note":"","_monsterinsights_sitenote_category":0,"footnotes":""},"categories":[740],"tags":[925,52],"class_list":["post-12376","post","type-post","status-publish","format-standard","has-post-thumbnail","hentry","category-assistencia-social","tag-operacao-altas-temperaturas","tag-prefeitura-de-sao-paulo"],"acf":[],"yoast_head":"<!-- This site is optimized with the Yoast SEO plugin v24.1 - https:\/\/yoast.com\/wordpress\/plugins\/seo\/ -->\n<title>Opera\u00e7\u00e3o Altas Temperaturas - Estad\u00e3o Expresso S\u00e3o Paulo<\/title>\n<meta name=\"description\" content=\"Pontos de distribui\u00e7\u00e3o fazem parte da Opera\u00e7\u00e3o Altas Temperaturas e funcionam nas cinco regi\u00f5es da cidade, das 10h \u00e0s 16h\" \/>\n<meta name=\"robots\" content=\"index, follow, max-snippet:-1, max-image-preview:large, max-video-preview:-1\" \/>\n<link rel=\"canonical\" href=\"https:\/\/expresso.estadao.com.br\/sao-paulo\/2025\/12\/27\/prefeitura-reativa-operacao-altas-temperaturas\/\" \/>\n<meta property=\"og:locale\" content=\"pt_BR\" \/>\n<meta property=\"og:type\" content=\"article\" \/>\n<meta property=\"og:title\" content=\"Opera\u00e7\u00e3o Altas Temperaturas - Estad\u00e3o Expresso S\u00e3o Paulo\" \/>\n<meta property=\"og:description\" content=\"Pontos de distribui\u00e7\u00e3o fazem parte da Opera\u00e7\u00e3o Altas Temperaturas e funcionam nas cinco regi\u00f5es da cidade, das 10h \u00e0s 16h\" \/>\n<meta property=\"og:url\" content=\"https:\/\/expresso.estadao.com.br\/sao-paulo\/2025\/12\/27\/prefeitura-reativa-operacao-altas-temperaturas\/\" \/>\n<meta property=\"og:site_name\" content=\"Estad\u00e3o Expresso S\u00e3o Paulo\" \/>\n<meta property=\"article:published_time\" content=\"2025-12-27T14:24:02+00:00\" \/>\n<meta property=\"article:modified_time\" content=\"2025-12-27T14:32:54+00:00\" \/>\n<meta property=\"og:image\" content=\"https:\/\/expresso.estadao.com.br\/sao-paulo\/wp-content\/uploads\/2025\/12\/WhatsApp-Image-2025-12-26-at-17.54.11-scaled.jpeg\" \/>\n\t<meta property=\"og:image:type\" content=\"image\/jpeg\" \/>\n<meta name=\"author\" content=\"fabio_bairros\" \/>\n<meta name=\"twitter:card\" content=\"summary_large_image\" \/>\n<meta name=\"twitter:label1\" content=\"Escrito por\" \/>\n\t<meta name=\"twitter:data1\" content=\"fabio_bairros\" \/>\n\t<meta name=\"twitter:label2\" content=\"Est. tempo de leitura\" \/>\n\t<meta name=\"twitter:data2\" content=\"2 minutos\" \/>\n<script type=\"application\/ld+json\" class=\"yoast-schema-graph\">{\"@context\":\"https:\/\/schema.org\",\"@graph\":[{\"@type\":\"WebPage\",\"@id\":\"https:\/\/expresso.estadao.com.br\/sao-paulo\/2025\/12\/27\/prefeitura-reativa-operacao-altas-temperaturas\/\",\"url\":\"https:\/\/expresso.estadao.com.br\/sao-paulo\/2025\/12\/27\/prefeitura-reativa-operacao-altas-temperaturas\/\",\"name\":\"Opera\u00e7\u00e3o Altas Temperaturas - Estad\u00e3o Expresso S\u00e3o Paulo\",\"isPartOf\":{\"@id\":\"https:\/\/expresso.estadao.com.br\/sao-paulo\/#website\"},\"primaryImageOfPage\":{\"@id\":\"https:\/\/expresso.estadao.com.br\/sao-paulo\/2025\/12\/27\/prefeitura-reativa-operacao-altas-temperaturas\/#primaryimage\"},\"image\":{\"@id\":\"https:\/\/expresso.estadao.com.br\/sao-paulo\/2025\/12\/27\/prefeitura-reativa-operacao-altas-temperaturas\/#primaryimage\"},\"thumbnailUrl\":\"https:\/\/expresso.estadao.com.br\/sao-paulo\/wp-content\/uploads\/2025\/12\/WhatsApp-Image-2025-12-26-at-17.54.11-scaled.jpeg\",\"datePublished\":\"2025-12-27T14:24:02+00:00\",\"dateModified\":\"2025-12-27T14:32:54+00:00\",\"author\":{\"@id\":\"https:\/\/expresso.estadao.com.br\/sao-paulo\/#\/schema\/person\/f45f9e313ba8cbe5af9424f387ddef42\"},\"description\":\"Pontos de distribui\u00e7\u00e3o fazem parte da Opera\u00e7\u00e3o Altas Temperaturas e funcionam nas cinco regi\u00f5es da cidade, das 10h \u00e0s 16h\",\"breadcrumb\":{\"@id\":\"https:\/\/expresso.estadao.com.br\/sao-paulo\/2025\/12\/27\/prefeitura-reativa-operacao-altas-temperaturas\/#breadcrumb\"},\"inLanguage\":\"pt-BR\",\"potentialAction\":[{\"@type\":\"ReadAction\",\"target\":[\"https:\/\/expresso.estadao.com.br\/sao-paulo\/2025\/12\/27\/prefeitura-reativa-operacao-altas-temperaturas\/\"]}]},{\"@type\":\"ImageObject\",\"inLanguage\":\"pt-BR\",\"@id\":\"https:\/\/expresso.estadao.com.br\/sao-paulo\/2025\/12\/27\/prefeitura-reativa-operacao-altas-temperaturas\/#primaryimage\",\"url\":\"https:\/\/expresso.estadao.com.br\/sao-paulo\/wp-content\/uploads\/2025\/12\/WhatsApp-Image-2025-12-26-at-17.54.11-scaled.jpeg\",\"contentUrl\":\"https:\/\/expresso.estadao.com.br\/sao-paulo\/wp-content\/uploads\/2025\/12\/WhatsApp-Image-2025-12-26-at-17.54.11-scaled.jpeg\",\"width\":2560,\"height\":1717,\"caption\":\"Foto: Divulga\u00e7\u00e3o\/Secom\"},{\"@type\":\"BreadcrumbList\",\"@id\":\"https:\/\/expresso.estadao.com.br\/sao-paulo\/2025\/12\/27\/prefeitura-reativa-operacao-altas-temperaturas\/#breadcrumb\",\"itemListElement\":[{\"@type\":\"ListItem\",\"position\":1,\"name\":\"In\u00edcio\",\"item\":\"https:\/\/expresso.estadao.com.br\/sao-paulo\/\"},{\"@type\":\"ListItem\",\"position\":2,\"name\":\"Prefeitura reativa Opera\u00e7\u00e3o Altas Temperaturas\"}]},{\"@type\":\"WebSite\",\"@id\":\"https:\/\/expresso.estadao.com.br\/sao-paulo\/#website\",\"url\":\"https:\/\/expresso.estadao.com.br\/sao-paulo\/\",\"name\":\"Estad\u00e3o Expresso S\u00e3o Paulo\",\"description\":\"Conte\u00fado de presta\u00e7\u00e3o de servi\u00e7o para que os moradores da cidade de S\u00e3o Paulo possam se informar melhor e usar de maneira mais eficaz os servi\u00e7os p\u00fablicos municipais.\",\"potentialAction\":[{\"@type\":\"SearchAction\",\"target\":{\"@type\":\"EntryPoint\",\"urlTemplate\":\"https:\/\/expresso.estadao.com.br\/sao-paulo\/?s={search_term_string}\"},\"query-input\":{\"@type\":\"PropertyValueSpecification\",\"valueRequired\":true,\"valueName\":\"search_term_string\"}}],\"inLanguage\":\"pt-BR\"},{\"@type\":\"Person\",\"@id\":\"https:\/\/expresso.estadao.com.br\/sao-paulo\/#\/schema\/person\/f45f9e313ba8cbe5af9424f387ddef42\",\"name\":\"fabio_bairros\",\"image\":{\"@type\":\"ImageObject\",\"inLanguage\":\"pt-BR\",\"@id\":\"https:\/\/expresso.estadao.com.br\/sao-paulo\/#\/schema\/person\/image\/\",\"url\":\"https:\/\/secure.gravatar.com\/avatar\/fbecca90befcfda9505216ce0dc87261326cb6644deb5861e7ab404061c24246?s=96&d=mm&r=g\",\"contentUrl\":\"https:\/\/secure.gravatar.com\/avatar\/fbecca90befcfda9505216ce0dc87261326cb6644deb5861e7ab404061c24246?s=96&d=mm&r=g\",\"caption\":\"fabio_bairros\"}}]}<\/script>\n<!-- \/ Yoast SEO plugin. -->","yoast_head_json":{"title":"Opera\u00e7\u00e3o Altas Temperaturas - Estad\u00e3o Expresso S\u00e3o Paulo","description":"Pontos de distribui\u00e7\u00e3o fazem parte da Opera\u00e7\u00e3o Altas Temperaturas e funcionam nas cinco regi\u00f5es da cidade, das 10h \u00e0s 16h","robots":{"index":"index","follow":"follow","max-snippet":"max-snippet:-1","max-image-preview":"max-image-preview:large","max-video-preview":"max-video-preview:-1"},"canonical":"https:\/\/expresso.estadao.com.br\/sao-paulo\/2025\/12\/27\/prefeitura-reativa-operacao-altas-temperaturas\/","og_locale":"pt_BR","og_type":"article","og_title":"Opera\u00e7\u00e3o Altas Temperaturas - Estad\u00e3o Expresso S\u00e3o Paulo","og_description":"Pontos de distribui\u00e7\u00e3o fazem parte da Opera\u00e7\u00e3o Altas Temperaturas e funcionam nas cinco regi\u00f5es da cidade, das 10h \u00e0s 16h","og_url":"https:\/\/expresso.estadao.com.br\/sao-paulo\/2025\/12\/27\/prefeitura-reativa-operacao-altas-temperaturas\/","og_site_name":"Estad\u00e3o Expresso S\u00e3o Paulo","article_published_time":"2025-12-27T14:24:02+00:00","article_modified_time":"2025-12-27T14:32:54+00:00","og_image":[{"width":"","height":"","url":"https:\/\/expresso.estadao.com.br\/sao-paulo\/wp-content\/uploads\/2025\/12\/WhatsApp-Image-2025-12-26-at-17.54.11-scaled.jpeg","type":"image\/jpeg"}],"author":"fabio_bairros","twitter_card":"summary_large_image","twitter_misc":{"Escrito por":"fabio_bairros","Est. tempo de leitura":"2 minutos"},"schema":{"@context":"https:\/\/schema.org","@graph":[{"@type":"WebPage","@id":"https:\/\/expresso.estadao.com.br\/sao-paulo\/2025\/12\/27\/prefeitura-reativa-operacao-altas-temperaturas\/","url":"https:\/\/expresso.estadao.com.br\/sao-paulo\/2025\/12\/27\/prefeitura-reativa-operacao-altas-temperaturas\/","name":"Opera\u00e7\u00e3o Altas Temperaturas - Estad\u00e3o Expresso S\u00e3o Paulo","isPartOf":{"@id":"https:\/\/expresso.estadao.com.br\/sao-paulo\/#website"},"primaryImageOfPage":{"@id":"https:\/\/expresso.estadao.com.br\/sao-paulo\/2025\/12\/27\/prefeitura-reativa-operacao-altas-temperaturas\/#primaryimage"},"image":{"@id":"https:\/\/expresso.estadao.com.br\/sao-paulo\/2025\/12\/27\/prefeitura-reativa-operacao-altas-temperaturas\/#primaryimage"},"thumbnailUrl":"https:\/\/expresso.estadao.com.br\/sao-paulo\/wp-content\/uploads\/2025\/12\/WhatsApp-Image-2025-12-26-at-17.54.11-scaled.jpeg","datePublished":"2025-12-27T14:24:02+00:00","dateModified":"2025-12-27T14:32:54+00:00","author":{"@id":"https:\/\/expresso.estadao.com.br\/sao-paulo\/#\/schema\/person\/f45f9e313ba8cbe5af9424f387ddef42"},"description":"Pontos de distribui\u00e7\u00e3o fazem parte da Opera\u00e7\u00e3o Altas Temperaturas e funcionam nas cinco regi\u00f5es da cidade, das 10h \u00e0s 16h","breadcrumb":{"@id":"https:\/\/expresso.estadao.com.br\/sao-paulo\/2025\/12\/27\/prefeitura-reativa-operacao-altas-temperaturas\/#breadcrumb"},"inLanguage":"pt-BR","potentialAction":[{"@type":"ReadAction","target":["https:\/\/expresso.estadao.com.br\/sao-paulo\/2025\/12\/27\/prefeitura-reativa-operacao-altas-temperaturas\/"]}]},{"@type":"ImageObject","inLanguage":"pt-BR","@id":"https:\/\/expresso.estadao.com.br\/sao-paulo\/2025\/12\/27\/prefeitura-reativa-operacao-altas-temperaturas\/#primaryimage","url":"https:\/\/expresso.estadao.com.br\/sao-paulo\/wp-content\/uploads\/2025\/12\/WhatsApp-Image-2025-12-26-at-17.54.11-scaled.jpeg","contentUrl":"https:\/\/expresso.estadao.com.br\/sao-paulo\/wp-content\/uploads\/2025\/12\/WhatsApp-Image-2025-12-26-at-17.54.11-scaled.jpeg","width":2560,"height":1717,"caption":"Foto: Divulga\u00e7\u00e3o\/Secom"},{"@type":"BreadcrumbList","@id":"https:\/\/expresso.estadao.com.br\/sao-paulo\/2025\/12\/27\/prefeitura-reativa-operacao-altas-temperaturas\/#breadcrumb","itemListElement":[{"@type":"ListItem","position":1,"name":"In\u00edcio","item":"https:\/\/expresso.estadao.com.br\/sao-paulo\/"},{"@type":"ListItem","position":2,"name":"Prefeitura reativa Opera\u00e7\u00e3o Altas Temperaturas"}]},{"@type":"WebSite","@id":"https:\/\/expresso.estadao.com.br\/sao-paulo\/#website","url":"https:\/\/expresso.estadao.com.br\/sao-paulo\/","name":"Estad\u00e3o Expresso S\u00e3o Paulo","description":"Conte\u00fado de presta\u00e7\u00e3o de servi\u00e7o para que os moradores da cidade de S\u00e3o Paulo possam se informar melhor e usar de maneira mais eficaz os servi\u00e7os p\u00fablicos municipais.","potentialAction":[{"@type":"SearchAction","target":{"@type":"EntryPoint","urlTemplate":"https:\/\/expresso.estadao.com.br\/sao-paulo\/?s={search_term_string}"},"query-input":{"@type":"PropertyValueSpecification","valueRequired":true,"valueName":"search_term_string"}}],"inLanguage":"pt-BR"},{"@type":"Person","@id":"https:\/\/expresso.estadao.com.br\/sao-paulo\/#\/schema\/person\/f45f9e313ba8cbe5af9424f387ddef42","name":"fabio_bairros","image":{"@type":"ImageObject","inLanguage":"pt-BR","@id":"https:\/\/expresso.estadao.com.br\/sao-paulo\/#\/schema\/person\/image\/","url":"https:\/\/secure.gravatar.com\/avatar\/fbecca90befcfda9505216ce0dc87261326cb6644deb5861e7ab404061c24246?s=96&d=mm&r=g","contentUrl":"https:\/\/secure.gravatar.com\/avatar\/fbecca90befcfda9505216ce0dc87261326cb6644deb5861e7ab404061c24246?s=96&d=mm&r=g","caption":"fabio_bairros"}}]}},"_links":{"self":[{"href":"https:\/\/expresso.estadao.com.br\/sao-paulo\/wp-json\/wp\/v2\/posts\/12376","targetHints":{"allow":["GET"]}}],"collection":[{"href":"https:\/\/expresso.estadao.com.br\/sao-paulo\/wp-json\/wp\/v2\/posts"}],"about":[{"href":"https:\/\/expresso.estadao.com.br\/sao-paulo\/wp-json\/wp\/v2\/types\/post"}],"author":[{"embeddable":true,"href":"https:\/\/expresso.estadao.com.br\/sao-paulo\/wp-json\/wp\/v2\/users\/4"}],"replies":[{"embeddable":true,"href":"https:\/\/expresso.estadao.com.br\/sao-paulo\/wp-json\/wp\/v2\/comments?post=12376"}],"version-history":[{"count":4,"href":"https:\/\/expresso.estadao.com.br\/sao-paulo\/wp-json\/wp\/v2\/posts\/12376\/revisions"}],"predecessor-version":[{"id":12381,"href":"https:\/\/expresso.estadao.com.br\/sao-paulo\/wp-json\/wp\/v2\/posts\/12376\/revisions\/12381"}],"wp:featuredmedia":[{"embeddable":true,"href":"https:\/\/expresso.estadao.com.br\/sao-paulo\/wp-json\/wp\/v2\/media\/12378"}],"wp:attachment":[{"href":"https:\/\/expresso.estadao.com.br\/sao-paulo\/wp-json\/wp\/v2\/media?parent=12376"}],"wp:term":[{"taxonomy":"category","embeddable":true,"href":"https:\/\/expresso.estadao.com.br\/sao-paulo\/wp-json\/wp\/v2\/categories?post=12376"},{"taxonomy":"post_tag","embeddable":true,"href":"https:\/\/expresso.estadao.com.br\/sao-paulo\/wp-json\/wp\/v2\/tags?post=12376"}],"curies":[{"name":"wp","href":"https:\/\/api.w.org\/{rel}","templated":true}]}}