{"id":12447,"date":"2026-01-29T09:17:14","date_gmt":"2026-01-29T12:17:14","guid":{"rendered":"https:\/\/expresso.estadao.com.br\/sao-paulo\/?p=12447"},"modified":"2026-01-29T09:17:14","modified_gmt":"2026-01-29T12:17:14","slug":"prefeitura-conclui-segunda-etapa-da-requalificacao-da-avenida-santo-amaro","status":"publish","type":"post","link":"https:\/\/expresso.estadao.com.br\/sao-paulo\/2026\/01\/29\/prefeitura-conclui-segunda-etapa-da-requalificacao-da-avenida-santo-amaro\/","title":{"rendered":"Prefeitura conclui segunda etapa da requalifica\u00e7\u00e3o da Avenida Santo Amaro"},"content":{"rendered":"<p>A Prefeitura de S\u00e3o Paulo entregou no dia 19 de janeiro a segunda etapa das obras de requalifica\u00e7\u00e3o da Avenida Santo Amaro, na zona sul da capital. Somada \u00e0 <a href=\"https:\/\/expresso.estadao.com.br\/sao-paulo\/2024\/04\/30\/prefeitura-entrega-trecho-da-santo-amaro-com-melhorias-de-mobilidade-mais-bonita-e-comercio-valorizado\/\">primeira fase<\/a>, conclu\u00edda em abril de 2024, a interven\u00e7\u00e3o j\u00e1 totaliza 1,2 km de vias requalificadas no trecho entre a Avenida Juscelino Kubitschek e a Rua Periquito, na Vila Nova Concei\u00e7\u00e3o.<\/p>\n<p>Com investimento de R$ 166,6 milh\u00f5es, as obras incluem a reforma do corredor de \u00f4nibus, novas paradas, moderniza\u00e7\u00e3o da infraestrutura subterr\u00e2nea de \u00e1gua, esgoto e g\u00e1s, al\u00e9m da constru\u00e7\u00e3o de cal\u00e7adas acess\u00edveis nos dois lados da via.<\/p>\n<p>A requalifica\u00e7\u00e3o tamb\u00e9m envolveu o enterramento da fia\u00e7\u00e3o de energia el\u00e9trica e telecomunica\u00e7\u00f5es, com retirada de postes, nova ilumina\u00e7\u00e3o p\u00fablica em LED, amplia\u00e7\u00e3o do sistema de drenagem e melhorias na arboriza\u00e7\u00e3o e no paisagismo.<\/p>\n<p><img loading=\"lazy\" decoding=\"async\" class=\"alignnone size-large wp-image-12450\" src=\"https:\/\/expresso.estadao.com.br\/sao-paulo\/wp-content\/uploads\/2026\/01\/20260119_Corredor_Av_Santo_Amaro_galeria_SB-13-1110x740.jpg\" alt=\"\" width=\"1110\" height=\"740\" srcset=\"https:\/\/expresso.estadao.com.br\/sao-paulo\/wp-content\/uploads\/2026\/01\/20260119_Corredor_Av_Santo_Amaro_galeria_SB-13-1110x740.jpg 1110w, https:\/\/expresso.estadao.com.br\/sao-paulo\/wp-content\/uploads\/2026\/01\/20260119_Corredor_Av_Santo_Amaro_galeria_SB-13-450x300.jpg 450w, https:\/\/expresso.estadao.com.br\/sao-paulo\/wp-content\/uploads\/2026\/01\/20260119_Corredor_Av_Santo_Amaro_galeria_SB-13-768x512.jpg 768w, https:\/\/expresso.estadao.com.br\/sao-paulo\/wp-content\/uploads\/2026\/01\/20260119_Corredor_Av_Santo_Amaro_galeria_SB-13-1536x1025.jpg 1536w, https:\/\/expresso.estadao.com.br\/sao-paulo\/wp-content\/uploads\/2026\/01\/20260119_Corredor_Av_Santo_Amaro_galeria_SB-13.jpg 2048w\" sizes=\"auto, (max-width: 1110px) 100vw, 1110px\" \/><\/p>\n<p>O projeto segue agora para a terceira etapa, em fase de contrata\u00e7\u00e3o, que prev\u00ea a requalifica\u00e7\u00e3o de mais 1,2 km da avenida, entre a Rua Periquito e a Avenida dos Bandeirantes.<\/p>\n<p>Conhecido como Nova Santo Amaro, o projeto \u00e9 uma das principais interven\u00e7\u00f5es vi\u00e1rias recentes na capital, com foco em mobilidade, seguran\u00e7a, acessibilidade e qualifica\u00e7\u00e3o do espa\u00e7o p\u00fablico. A estimativa \u00e9 de benef\u00edcio direto a cerca de 310 mil pessoas.<\/p>\n<p>Nas etapas j\u00e1 conclu\u00eddas, foram instaladas novas galerias de drenagem para reduzir alagamentos, al\u00e9m de 202 mudas de esp\u00e9cies nativas. As novas paradas de \u00f4nibus j\u00e1 est\u00e3o em funcionamento e a via recebeu nova sinaliza\u00e7\u00e3o vi\u00e1ria.<\/p>\n<p>&nbsp;<\/p>\n","protected":false},"excerpt":{"rendered":"<p>A Prefeitura de S\u00e3o Paulo entregou no dia 19 de janeiro a segunda etapa das obras de requalifica\u00e7\u00e3o da Avenida Santo Amaro, na zona sul da capital. Somada \u00e0 primeira fase, conclu\u00edda em abril de 2024, a interven\u00e7\u00e3o j\u00e1 totaliza 1,2 km de vias requalificadas no trecho entre a Avenida Juscelino Kubitschek e a Rua [&hellip;]<\/p>\n","protected":false},"author":4,"featured_media":12449,"comment_status":"open","ping_status":"closed","sticky":false,"template":"","format":"standard","meta":{"_acf_changed":false,"_monsterinsights_skip_tracking":false,"_monsterinsights_sitenote_active":false,"_monsterinsights_sitenote_note":"","_monsterinsights_sitenote_category":0,"footnotes":""},"categories":[752],"tags":[133,52],"class_list":["post-12447","post","type-post","status-publish","format-standard","has-post-thumbnail","hentry","category-infraestrutura-e-obras","tag-avenida-santo-amaro","tag-prefeitura-de-sao-paulo"],"acf":[],"yoast_head":"<!-- This site is optimized with the Yoast SEO plugin v24.1 - https:\/\/yoast.com\/wordpress\/plugins\/seo\/ -->\n<title>Obras na Santo Amaro - Estad\u00e3o Expresso S\u00e3o Paulo<\/title>\n<meta name=\"description\" content=\"Obras somam 1,2 km de vias modernizadas entre a Avenida Juscelino Kubitschek e a Rua Periquito, na zona sul de S\u00e3o Paulo\" \/>\n<meta name=\"robots\" content=\"index, follow, max-snippet:-1, max-image-preview:large, max-video-preview:-1\" \/>\n<link rel=\"canonical\" href=\"https:\/\/expresso.estadao.com.br\/sao-paulo\/2026\/01\/29\/prefeitura-conclui-segunda-etapa-da-requalificacao-da-avenida-santo-amaro\/\" \/>\n<meta property=\"og:locale\" content=\"pt_BR\" \/>\n<meta property=\"og:type\" content=\"article\" \/>\n<meta property=\"og:title\" content=\"Obras na Santo Amaro - Estad\u00e3o Expresso S\u00e3o Paulo\" \/>\n<meta property=\"og:description\" content=\"Obras somam 1,2 km de vias modernizadas entre a Avenida Juscelino Kubitschek e a Rua Periquito, na zona sul de S\u00e3o Paulo\" \/>\n<meta property=\"og:url\" content=\"https:\/\/expresso.estadao.com.br\/sao-paulo\/2026\/01\/29\/prefeitura-conclui-segunda-etapa-da-requalificacao-da-avenida-santo-amaro\/\" \/>\n<meta property=\"og:site_name\" content=\"Estad\u00e3o Expresso S\u00e3o Paulo\" \/>\n<meta property=\"article:published_time\" content=\"2026-01-29T12:17:14+00:00\" \/>\n<meta property=\"og:image\" content=\"https:\/\/expresso.estadao.com.br\/sao-paulo\/wp-content\/uploads\/2026\/01\/20260119_Corredor_Av_Santo_Amaro_galeria_SB-24-scaled.jpg\" \/>\n\t<meta property=\"og:image:type\" content=\"image\/jpeg\" \/>\n<meta name=\"author\" content=\"fabio_bairros\" \/>\n<meta name=\"twitter:card\" content=\"summary_large_image\" \/>\n<meta name=\"twitter:label1\" content=\"Escrito por\" \/>\n\t<meta name=\"twitter:data1\" content=\"fabio_bairros\" \/>\n\t<meta name=\"twitter:label2\" content=\"Est. tempo de leitura\" \/>\n\t<meta name=\"twitter:data2\" content=\"2 minutos\" \/>\n<script type=\"application\/ld+json\" class=\"yoast-schema-graph\">{\"@context\":\"https:\/\/schema.org\",\"@graph\":[{\"@type\":\"WebPage\",\"@id\":\"https:\/\/expresso.estadao.com.br\/sao-paulo\/2026\/01\/29\/prefeitura-conclui-segunda-etapa-da-requalificacao-da-avenida-santo-amaro\/\",\"url\":\"https:\/\/expresso.estadao.com.br\/sao-paulo\/2026\/01\/29\/prefeitura-conclui-segunda-etapa-da-requalificacao-da-avenida-santo-amaro\/\",\"name\":\"Obras na Santo Amaro - Estad\u00e3o Expresso S\u00e3o Paulo\",\"isPartOf\":{\"@id\":\"https:\/\/expresso.estadao.com.br\/sao-paulo\/#website\"},\"primaryImageOfPage\":{\"@id\":\"https:\/\/expresso.estadao.com.br\/sao-paulo\/2026\/01\/29\/prefeitura-conclui-segunda-etapa-da-requalificacao-da-avenida-santo-amaro\/#primaryimage\"},\"image\":{\"@id\":\"https:\/\/expresso.estadao.com.br\/sao-paulo\/2026\/01\/29\/prefeitura-conclui-segunda-etapa-da-requalificacao-da-avenida-santo-amaro\/#primaryimage\"},\"thumbnailUrl\":\"https:\/\/expresso.estadao.com.br\/sao-paulo\/wp-content\/uploads\/2026\/01\/20260119_Corredor_Av_Santo_Amaro_galeria_SB-24-scaled.jpg\",\"datePublished\":\"2026-01-29T12:17:14+00:00\",\"dateModified\":\"2026-01-29T12:17:14+00:00\",\"author\":{\"@id\":\"https:\/\/expresso.estadao.com.br\/sao-paulo\/#\/schema\/person\/f45f9e313ba8cbe5af9424f387ddef42\"},\"description\":\"Obras somam 1,2 km de vias modernizadas entre a Avenida Juscelino Kubitschek e a Rua Periquito, na zona sul de S\u00e3o Paulo\",\"breadcrumb\":{\"@id\":\"https:\/\/expresso.estadao.com.br\/sao-paulo\/2026\/01\/29\/prefeitura-conclui-segunda-etapa-da-requalificacao-da-avenida-santo-amaro\/#breadcrumb\"},\"inLanguage\":\"pt-BR\",\"potentialAction\":[{\"@type\":\"ReadAction\",\"target\":[\"https:\/\/expresso.estadao.com.br\/sao-paulo\/2026\/01\/29\/prefeitura-conclui-segunda-etapa-da-requalificacao-da-avenida-santo-amaro\/\"]}]},{\"@type\":\"ImageObject\",\"inLanguage\":\"pt-BR\",\"@id\":\"https:\/\/expresso.estadao.com.br\/sao-paulo\/2026\/01\/29\/prefeitura-conclui-segunda-etapa-da-requalificacao-da-avenida-santo-amaro\/#primaryimage\",\"url\":\"https:\/\/expresso.estadao.com.br\/sao-paulo\/wp-content\/uploads\/2026\/01\/20260119_Corredor_Av_Santo_Amaro_galeria_SB-24-scaled.jpg\",\"contentUrl\":\"https:\/\/expresso.estadao.com.br\/sao-paulo\/wp-content\/uploads\/2026\/01\/20260119_Corredor_Av_Santo_Amaro_galeria_SB-24-scaled.jpg\",\"width\":2048,\"height\":1536,\"caption\":\"Fotos: Sergio Barzaghi\/Divulgac\u00e3o\/Secom\"},{\"@type\":\"BreadcrumbList\",\"@id\":\"https:\/\/expresso.estadao.com.br\/sao-paulo\/2026\/01\/29\/prefeitura-conclui-segunda-etapa-da-requalificacao-da-avenida-santo-amaro\/#breadcrumb\",\"itemListElement\":[{\"@type\":\"ListItem\",\"position\":1,\"name\":\"In\u00edcio\",\"item\":\"https:\/\/expresso.estadao.com.br\/sao-paulo\/\"},{\"@type\":\"ListItem\",\"position\":2,\"name\":\"Prefeitura conclui segunda etapa da requalifica\u00e7\u00e3o da Avenida Santo Amaro\"}]},{\"@type\":\"WebSite\",\"@id\":\"https:\/\/expresso.estadao.com.br\/sao-paulo\/#website\",\"url\":\"https:\/\/expresso.estadao.com.br\/sao-paulo\/\",\"name\":\"Estad\u00e3o Expresso S\u00e3o Paulo\",\"description\":\"Conte\u00fado de presta\u00e7\u00e3o de servi\u00e7o para que os moradores da cidade de S\u00e3o Paulo possam se informar melhor e usar de maneira mais eficaz os servi\u00e7os p\u00fablicos municipais.\",\"potentialAction\":[{\"@type\":\"SearchAction\",\"target\":{\"@type\":\"EntryPoint\",\"urlTemplate\":\"https:\/\/expresso.estadao.com.br\/sao-paulo\/?s={search_term_string}\"},\"query-input\":{\"@type\":\"PropertyValueSpecification\",\"valueRequired\":true,\"valueName\":\"search_term_string\"}}],\"inLanguage\":\"pt-BR\"},{\"@type\":\"Person\",\"@id\":\"https:\/\/expresso.estadao.com.br\/sao-paulo\/#\/schema\/person\/f45f9e313ba8cbe5af9424f387ddef42\",\"name\":\"fabio_bairros\",\"image\":{\"@type\":\"ImageObject\",\"inLanguage\":\"pt-BR\",\"@id\":\"https:\/\/expresso.estadao.com.br\/sao-paulo\/#\/schema\/person\/image\/\",\"url\":\"https:\/\/secure.gravatar.com\/avatar\/fbecca90befcfda9505216ce0dc87261326cb6644deb5861e7ab404061c24246?s=96&d=mm&r=g\",\"contentUrl\":\"https:\/\/secure.gravatar.com\/avatar\/fbecca90befcfda9505216ce0dc87261326cb6644deb5861e7ab404061c24246?s=96&d=mm&r=g\",\"caption\":\"fabio_bairros\"}}]}<\/script>\n<!-- \/ Yoast SEO plugin. -->","yoast_head_json":{"title":"Obras na Santo Amaro - Estad\u00e3o Expresso S\u00e3o Paulo","description":"Obras somam 1,2 km de vias modernizadas entre a Avenida Juscelino Kubitschek e a Rua Periquito, na zona sul de S\u00e3o Paulo","robots":{"index":"index","follow":"follow","max-snippet":"max-snippet:-1","max-image-preview":"max-image-preview:large","max-video-preview":"max-video-preview:-1"},"canonical":"https:\/\/expresso.estadao.com.br\/sao-paulo\/2026\/01\/29\/prefeitura-conclui-segunda-etapa-da-requalificacao-da-avenida-santo-amaro\/","og_locale":"pt_BR","og_type":"article","og_title":"Obras na Santo Amaro - Estad\u00e3o Expresso S\u00e3o Paulo","og_description":"Obras somam 1,2 km de vias modernizadas entre a Avenida Juscelino Kubitschek e a Rua Periquito, na zona sul de S\u00e3o Paulo","og_url":"https:\/\/expresso.estadao.com.br\/sao-paulo\/2026\/01\/29\/prefeitura-conclui-segunda-etapa-da-requalificacao-da-avenida-santo-amaro\/","og_site_name":"Estad\u00e3o Expresso S\u00e3o Paulo","article_published_time":"2026-01-29T12:17:14+00:00","og_image":[{"width":"","height":"","url":"https:\/\/expresso.estadao.com.br\/sao-paulo\/wp-content\/uploads\/2026\/01\/20260119_Corredor_Av_Santo_Amaro_galeria_SB-24-scaled.jpg","type":"image\/jpeg"}],"author":"fabio_bairros","twitter_card":"summary_large_image","twitter_misc":{"Escrito por":"fabio_bairros","Est. tempo de leitura":"2 minutos"},"schema":{"@context":"https:\/\/schema.org","@graph":[{"@type":"WebPage","@id":"https:\/\/expresso.estadao.com.br\/sao-paulo\/2026\/01\/29\/prefeitura-conclui-segunda-etapa-da-requalificacao-da-avenida-santo-amaro\/","url":"https:\/\/expresso.estadao.com.br\/sao-paulo\/2026\/01\/29\/prefeitura-conclui-segunda-etapa-da-requalificacao-da-avenida-santo-amaro\/","name":"Obras na Santo Amaro - Estad\u00e3o Expresso S\u00e3o Paulo","isPartOf":{"@id":"https:\/\/expresso.estadao.com.br\/sao-paulo\/#website"},"primaryImageOfPage":{"@id":"https:\/\/expresso.estadao.com.br\/sao-paulo\/2026\/01\/29\/prefeitura-conclui-segunda-etapa-da-requalificacao-da-avenida-santo-amaro\/#primaryimage"},"image":{"@id":"https:\/\/expresso.estadao.com.br\/sao-paulo\/2026\/01\/29\/prefeitura-conclui-segunda-etapa-da-requalificacao-da-avenida-santo-amaro\/#primaryimage"},"thumbnailUrl":"https:\/\/expresso.estadao.com.br\/sao-paulo\/wp-content\/uploads\/2026\/01\/20260119_Corredor_Av_Santo_Amaro_galeria_SB-24-scaled.jpg","datePublished":"2026-01-29T12:17:14+00:00","dateModified":"2026-01-29T12:17:14+00:00","author":{"@id":"https:\/\/expresso.estadao.com.br\/sao-paulo\/#\/schema\/person\/f45f9e313ba8cbe5af9424f387ddef42"},"description":"Obras somam 1,2 km de vias modernizadas entre a Avenida Juscelino Kubitschek e a Rua Periquito, na zona sul de S\u00e3o Paulo","breadcrumb":{"@id":"https:\/\/expresso.estadao.com.br\/sao-paulo\/2026\/01\/29\/prefeitura-conclui-segunda-etapa-da-requalificacao-da-avenida-santo-amaro\/#breadcrumb"},"inLanguage":"pt-BR","potentialAction":[{"@type":"ReadAction","target":["https:\/\/expresso.estadao.com.br\/sao-paulo\/2026\/01\/29\/prefeitura-conclui-segunda-etapa-da-requalificacao-da-avenida-santo-amaro\/"]}]},{"@type":"ImageObject","inLanguage":"pt-BR","@id":"https:\/\/expresso.estadao.com.br\/sao-paulo\/2026\/01\/29\/prefeitura-conclui-segunda-etapa-da-requalificacao-da-avenida-santo-amaro\/#primaryimage","url":"https:\/\/expresso.estadao.com.br\/sao-paulo\/wp-content\/uploads\/2026\/01\/20260119_Corredor_Av_Santo_Amaro_galeria_SB-24-scaled.jpg","contentUrl":"https:\/\/expresso.estadao.com.br\/sao-paulo\/wp-content\/uploads\/2026\/01\/20260119_Corredor_Av_Santo_Amaro_galeria_SB-24-scaled.jpg","width":2048,"height":1536,"caption":"Fotos: Sergio Barzaghi\/Divulgac\u00e3o\/Secom"},{"@type":"BreadcrumbList","@id":"https:\/\/expresso.estadao.com.br\/sao-paulo\/2026\/01\/29\/prefeitura-conclui-segunda-etapa-da-requalificacao-da-avenida-santo-amaro\/#breadcrumb","itemListElement":[{"@type":"ListItem","position":1,"name":"In\u00edcio","item":"https:\/\/expresso.estadao.com.br\/sao-paulo\/"},{"@type":"ListItem","position":2,"name":"Prefeitura conclui segunda etapa da requalifica\u00e7\u00e3o da Avenida Santo Amaro"}]},{"@type":"WebSite","@id":"https:\/\/expresso.estadao.com.br\/sao-paulo\/#website","url":"https:\/\/expresso.estadao.com.br\/sao-paulo\/","name":"Estad\u00e3o Expresso S\u00e3o Paulo","description":"Conte\u00fado de presta\u00e7\u00e3o de servi\u00e7o para que os moradores da cidade de S\u00e3o Paulo possam se informar melhor e usar de maneira mais eficaz os servi\u00e7os p\u00fablicos municipais.","potentialAction":[{"@type":"SearchAction","target":{"@type":"EntryPoint","urlTemplate":"https:\/\/expresso.estadao.com.br\/sao-paulo\/?s={search_term_string}"},"query-input":{"@type":"PropertyValueSpecification","valueRequired":true,"valueName":"search_term_string"}}],"inLanguage":"pt-BR"},{"@type":"Person","@id":"https:\/\/expresso.estadao.com.br\/sao-paulo\/#\/schema\/person\/f45f9e313ba8cbe5af9424f387ddef42","name":"fabio_bairros","image":{"@type":"ImageObject","inLanguage":"pt-BR","@id":"https:\/\/expresso.estadao.com.br\/sao-paulo\/#\/schema\/person\/image\/","url":"https:\/\/secure.gravatar.com\/avatar\/fbecca90befcfda9505216ce0dc87261326cb6644deb5861e7ab404061c24246?s=96&d=mm&r=g","contentUrl":"https:\/\/secure.gravatar.com\/avatar\/fbecca90befcfda9505216ce0dc87261326cb6644deb5861e7ab404061c24246?s=96&d=mm&r=g","caption":"fabio_bairros"}}]}},"_links":{"self":[{"href":"https:\/\/expresso.estadao.com.br\/sao-paulo\/wp-json\/wp\/v2\/posts\/12447","targetHints":{"allow":["GET"]}}],"collection":[{"href":"https:\/\/expresso.estadao.com.br\/sao-paulo\/wp-json\/wp\/v2\/posts"}],"about":[{"href":"https:\/\/expresso.estadao.com.br\/sao-paulo\/wp-json\/wp\/v2\/types\/post"}],"author":[{"embeddable":true,"href":"https:\/\/expresso.estadao.com.br\/sao-paulo\/wp-json\/wp\/v2\/users\/4"}],"replies":[{"embeddable":true,"href":"https:\/\/expresso.estadao.com.br\/sao-paulo\/wp-json\/wp\/v2\/comments?post=12447"}],"version-history":[{"count":2,"href":"https:\/\/expresso.estadao.com.br\/sao-paulo\/wp-json\/wp\/v2\/posts\/12447\/revisions"}],"predecessor-version":[{"id":12451,"href":"https:\/\/expresso.estadao.com.br\/sao-paulo\/wp-json\/wp\/v2\/posts\/12447\/revisions\/12451"}],"wp:featuredmedia":[{"embeddable":true,"href":"https:\/\/expresso.estadao.com.br\/sao-paulo\/wp-json\/wp\/v2\/media\/12449"}],"wp:attachment":[{"href":"https:\/\/expresso.estadao.com.br\/sao-paulo\/wp-json\/wp\/v2\/media?parent=12447"}],"wp:term":[{"taxonomy":"category","embeddable":true,"href":"https:\/\/expresso.estadao.com.br\/sao-paulo\/wp-json\/wp\/v2\/categories?post=12447"},{"taxonomy":"post_tag","embeddable":true,"href":"https:\/\/expresso.estadao.com.br\/sao-paulo\/wp-json\/wp\/v2\/tags?post=12447"}],"curies":[{"name":"wp","href":"https:\/\/api.w.org\/{rel}","templated":true}]}}