{"id":12455,"date":"2026-01-30T09:40:48","date_gmt":"2026-01-30T12:40:48","guid":{"rendered":"https:\/\/expresso.estadao.com.br\/sao-paulo\/?p=12455"},"modified":"2026-02-04T09:54:55","modified_gmt":"2026-02-04T12:54:55","slug":"mais-de-1-milhao-de-alunos-voltam-as-aulas-na-rede-municipal-no-dia-4","status":"publish","type":"post","link":"https:\/\/expresso.estadao.com.br\/sao-paulo\/2026\/01\/30\/mais-de-1-milhao-de-alunos-voltam-as-aulas-na-rede-municipal-no-dia-4\/","title":{"rendered":"Mais de 1 milh\u00e3o de alunos voltam \u00e0s aulas na rede municipal nesta quarta"},"content":{"rendered":"<article class=\"text-token-text-primary w-full focus:outline-none [--shadow-height:45px] has-data-writing-block:pointer-events-none has-data-writing-block:-mt-(--shadow-height) has-data-writing-block:pt-(--shadow-height) [&amp;:has([data-writing-block])&gt;*]:pointer-events-auto scroll-mt-[calc(var(--header-height)+min(200px,max(70px,20svh)))]\" dir=\"auto\" tabindex=\"-1\" data-turn-id=\"887c7202-853b-4aaa-9cf2-48433ecb6855\" data-testid=\"conversation-turn-2\" data-scroll-anchor=\"false\" data-turn=\"assistant\">\n<div class=\"text-base my-auto mx-auto [--thread-content-margin:--spacing(4)] @w-sm\/main:[--thread-content-margin:--spacing(6)] @w-lg\/main:[--thread-content-margin:--spacing(16)] px-(--thread-content-margin)\">\n<div class=\"[--thread-content-max-width:40rem] @w-lg\/main:[--thread-content-max-width:48rem] mx-auto max-w-(--thread-content-max-width) flex-1 group\/turn-messages focus-visible:outline-hidden relative flex w-full min-w-0 flex-col agent-turn\" tabindex=\"-1\">\n<div class=\"flex max-w-full flex-col grow\">\n<div class=\"min-h-8 text-message relative flex w-full flex-col items-end gap-2 text-start break-words whitespace-normal [.text-message+&amp;]:mt-1\" dir=\"auto\" data-message-author-role=\"assistant\" data-message-id=\"a2c2e8eb-547e-4a63-b172-dddf47b9dd5b\" data-message-model-slug=\"gpt-5-2\">\n<div class=\"flex w-full flex-col gap-1 empty:hidden first:pt-[1px]\">\n<div class=\"markdown prose dark:prose-invert w-full wrap-break-word light markdown-new-styling\">\n<p data-start=\"222\" data-end=\"506\">A rede municipal de educa\u00e7\u00e3o de S\u00e3o Paulo inicia, na pr\u00f3xima quarta-feira (4), o ano letivo de 2026 com o retorno de mais de 1 milh\u00e3o de estudantes \u00e0s salas de aula. Ao todo, 4,1 mil unidades educacionais recebem crian\u00e7as, adolescentes, jovens e adultos em todas as regi\u00f5es da cidade.<\/p>\n<p data-start=\"508\" data-end=\"773\">Do total de estudantes, cerca de 330 mil est\u00e3o matriculados em creches, enquanto mais de 670 mil frequentam EMEIs, EMEFs e unidades de Educa\u00e7\u00e3o de Jovens e Adultos (EJA). O calend\u00e1rio letivo prev\u00ea aulas at\u00e9 22 de dezembro, com recesso escolar entre 6 e 17 de julho.<\/p>\n<p data-start=\"775\" data-end=\"977\">No primeiro bimestre, a rede realiza o Dia da Fam\u00edlia na Escola, em 7 de fevereiro nas unidades de Educa\u00e7\u00e3o Infantil e em 28 de fevereiro nas escolas de Ensino Fundamental, Ensino M\u00e9dio e EJA.<\/p>\n<p data-start=\"979\" data-end=\"1316\">Na educa\u00e7\u00e3o em tempo integral, o Programa S\u00e3o Paulo Integral atende atualmente mais de 142,5 mil estudantes em 771 unidades escolares, crescimento de 350% em rela\u00e7\u00e3o a 2021, quando eram cerca de 31,6 mil matr\u00edculas. Somadas \u00e0s matr\u00edculas dos Centros de Educa\u00e7\u00e3o Infantil, a Rede ultrapassa 400 mil estudantes em regime de tempo integral.<\/p>\n<p data-start=\"1318\" data-end=\"1620\">A alimenta\u00e7\u00e3o escolar segue com a oferta di\u00e1ria de mais de 2 milh\u00f5es de refei\u00e7\u00f5es para mais de 1 milh\u00e3o de estudantes. Em 2025, foram distribu\u00eddas cerca de 737,6 mil cestas b\u00e1sicas a fam\u00edlias inscritas no Cad\u00danico, sendo mais de 368,1 mil em junho e cerca de 369,5 mil nos meses de novembro e dezembro.<\/p>\n<p data-start=\"1622\" data-end=\"1949\" data-is-last-node=\"\" data-is-only-node=\"\">Pelo quarto ano consecutivo, os recursos para compra de material escolar e uniformes foram liberados de forma antecipada. Desde 5 de janeiro, as fam\u00edlias podem utilizar os valores at\u00e9 31 de outubro de 2026 por meio do <a href=\"https:\/\/play.google.com\/store\/apps\/details?id=com.duepay.kit_escolar_app&amp;hl=pt_BR\">aplicativo Kit Escolar DUEPAY<\/a>, dispon\u00edvel para Android e iOS. O investimento total ultrapassa R$ 700 milh\u00f5es.<\/p>\n<\/div>\n<\/div>\n<\/div>\n<\/div>\n<div class=\"z-0 flex min-h-[46px] justify-start\"><\/div>\n<\/div>\n<\/div>\n<\/article>\n","protected":false},"excerpt":{"rendered":"<p>A rede municipal de educa\u00e7\u00e3o de S\u00e3o Paulo inicia, na pr\u00f3xima quarta-feira (4), o ano letivo de 2026 com o retorno de mais de 1 milh\u00e3o de estudantes \u00e0s salas de aula. Ao todo, 4,1 mil unidades educacionais recebem crian\u00e7as, adolescentes, jovens e adultos em todas as regi\u00f5es da cidade. Do total de estudantes, cerca [&hellip;]<\/p>\n","protected":false},"author":4,"featured_media":12457,"comment_status":"open","ping_status":"closed","sticky":false,"template":"","format":"standard","meta":{"_acf_changed":false,"_monsterinsights_skip_tracking":false,"_monsterinsights_sitenote_active":false,"_monsterinsights_sitenote_note":"","_monsterinsights_sitenote_category":0,"footnotes":""},"categories":[747],"tags":[66,52,266],"class_list":["post-12455","post","type-post","status-publish","format-standard","has-post-thumbnail","hentry","category-educacao","tag-educacao","tag-prefeitura-de-sao-paulo","tag-volta-as-aulas"],"acf":[],"yoast_head":"<!-- This site is optimized with the Yoast SEO plugin v24.1 - https:\/\/yoast.com\/wordpress\/plugins\/seo\/ -->\n<title>Volta \u00e0s aulas - Estad\u00e3o Expresso S\u00e3o Paulo<\/title>\n<meta name=\"description\" content=\"Unidades retomam aulas na pr\u00f3xima quarta-feira com calend\u00e1rio definido, amplia\u00e7\u00e3o do tempo integral e oferta de alimenta\u00e7\u00e3o escolar\" \/>\n<meta name=\"robots\" content=\"index, follow, max-snippet:-1, max-image-preview:large, max-video-preview:-1\" \/>\n<link rel=\"canonical\" href=\"https:\/\/expresso.estadao.com.br\/sao-paulo\/2026\/01\/30\/mais-de-1-milhao-de-alunos-voltam-as-aulas-na-rede-municipal-no-dia-4\/\" \/>\n<meta property=\"og:locale\" content=\"pt_BR\" \/>\n<meta property=\"og:type\" content=\"article\" \/>\n<meta property=\"og:title\" content=\"Volta \u00e0s aulas - Estad\u00e3o Expresso S\u00e3o Paulo\" \/>\n<meta property=\"og:description\" content=\"Unidades retomam aulas na pr\u00f3xima quarta-feira com calend\u00e1rio definido, amplia\u00e7\u00e3o do tempo integral e oferta de alimenta\u00e7\u00e3o escolar\" \/>\n<meta property=\"og:url\" content=\"https:\/\/expresso.estadao.com.br\/sao-paulo\/2026\/01\/30\/mais-de-1-milhao-de-alunos-voltam-as-aulas-na-rede-municipal-no-dia-4\/\" \/>\n<meta property=\"og:site_name\" content=\"Estad\u00e3o Expresso S\u00e3o Paulo\" \/>\n<meta property=\"article:published_time\" content=\"2026-01-30T12:40:48+00:00\" \/>\n<meta property=\"article:modified_time\" content=\"2026-02-04T12:54:55+00:00\" \/>\n<meta property=\"og:image\" content=\"https:\/\/expresso.estadao.com.br\/sao-paulo\/wp-content\/uploads\/2026\/01\/volta-as-aulas-1.jpg\" \/>\n\t<meta property=\"og:image:type\" content=\"image\/jpeg\" \/>\n<meta name=\"author\" content=\"fabio_bairros\" \/>\n<meta name=\"twitter:card\" content=\"summary_large_image\" \/>\n<meta name=\"twitter:label1\" content=\"Escrito por\" \/>\n\t<meta name=\"twitter:data1\" content=\"fabio_bairros\" \/>\n\t<meta name=\"twitter:label2\" content=\"Est. tempo de leitura\" \/>\n\t<meta name=\"twitter:data2\" content=\"2 minutos\" \/>\n<script type=\"application\/ld+json\" class=\"yoast-schema-graph\">{\"@context\":\"https:\/\/schema.org\",\"@graph\":[{\"@type\":\"WebPage\",\"@id\":\"https:\/\/expresso.estadao.com.br\/sao-paulo\/2026\/01\/30\/mais-de-1-milhao-de-alunos-voltam-as-aulas-na-rede-municipal-no-dia-4\/\",\"url\":\"https:\/\/expresso.estadao.com.br\/sao-paulo\/2026\/01\/30\/mais-de-1-milhao-de-alunos-voltam-as-aulas-na-rede-municipal-no-dia-4\/\",\"name\":\"Volta \u00e0s aulas - Estad\u00e3o Expresso S\u00e3o Paulo\",\"isPartOf\":{\"@id\":\"https:\/\/expresso.estadao.com.br\/sao-paulo\/#website\"},\"primaryImageOfPage\":{\"@id\":\"https:\/\/expresso.estadao.com.br\/sao-paulo\/2026\/01\/30\/mais-de-1-milhao-de-alunos-voltam-as-aulas-na-rede-municipal-no-dia-4\/#primaryimage\"},\"image\":{\"@id\":\"https:\/\/expresso.estadao.com.br\/sao-paulo\/2026\/01\/30\/mais-de-1-milhao-de-alunos-voltam-as-aulas-na-rede-municipal-no-dia-4\/#primaryimage\"},\"thumbnailUrl\":\"https:\/\/expresso.estadao.com.br\/sao-paulo\/wp-content\/uploads\/2026\/01\/volta-as-aulas-1.jpg\",\"datePublished\":\"2026-01-30T12:40:48+00:00\",\"dateModified\":\"2026-02-04T12:54:55+00:00\",\"author\":{\"@id\":\"https:\/\/expresso.estadao.com.br\/sao-paulo\/#\/schema\/person\/f45f9e313ba8cbe5af9424f387ddef42\"},\"description\":\"Unidades retomam aulas na pr\u00f3xima quarta-feira com calend\u00e1rio definido, amplia\u00e7\u00e3o do tempo integral e oferta de alimenta\u00e7\u00e3o escolar\",\"breadcrumb\":{\"@id\":\"https:\/\/expresso.estadao.com.br\/sao-paulo\/2026\/01\/30\/mais-de-1-milhao-de-alunos-voltam-as-aulas-na-rede-municipal-no-dia-4\/#breadcrumb\"},\"inLanguage\":\"pt-BR\",\"potentialAction\":[{\"@type\":\"ReadAction\",\"target\":[\"https:\/\/expresso.estadao.com.br\/sao-paulo\/2026\/01\/30\/mais-de-1-milhao-de-alunos-voltam-as-aulas-na-rede-municipal-no-dia-4\/\"]}]},{\"@type\":\"ImageObject\",\"inLanguage\":\"pt-BR\",\"@id\":\"https:\/\/expresso.estadao.com.br\/sao-paulo\/2026\/01\/30\/mais-de-1-milhao-de-alunos-voltam-as-aulas-na-rede-municipal-no-dia-4\/#primaryimage\",\"url\":\"https:\/\/expresso.estadao.com.br\/sao-paulo\/wp-content\/uploads\/2026\/01\/volta-as-aulas-1.jpg\",\"contentUrl\":\"https:\/\/expresso.estadao.com.br\/sao-paulo\/wp-content\/uploads\/2026\/01\/volta-as-aulas-1.jpg\",\"width\":1190,\"height\":801,\"caption\":\"Foto: Tiago Queiroz\/Estad\u00e3o\"},{\"@type\":\"BreadcrumbList\",\"@id\":\"https:\/\/expresso.estadao.com.br\/sao-paulo\/2026\/01\/30\/mais-de-1-milhao-de-alunos-voltam-as-aulas-na-rede-municipal-no-dia-4\/#breadcrumb\",\"itemListElement\":[{\"@type\":\"ListItem\",\"position\":1,\"name\":\"In\u00edcio\",\"item\":\"https:\/\/expresso.estadao.com.br\/sao-paulo\/\"},{\"@type\":\"ListItem\",\"position\":2,\"name\":\"Mais de 1 milh\u00e3o de alunos voltam \u00e0s aulas na rede municipal nesta quarta\"}]},{\"@type\":\"WebSite\",\"@id\":\"https:\/\/expresso.estadao.com.br\/sao-paulo\/#website\",\"url\":\"https:\/\/expresso.estadao.com.br\/sao-paulo\/\",\"name\":\"Estad\u00e3o Expresso S\u00e3o Paulo\",\"description\":\"Conte\u00fado de presta\u00e7\u00e3o de servi\u00e7o para que os moradores da cidade de S\u00e3o Paulo possam se informar melhor e usar de maneira mais eficaz os servi\u00e7os p\u00fablicos municipais.\",\"potentialAction\":[{\"@type\":\"SearchAction\",\"target\":{\"@type\":\"EntryPoint\",\"urlTemplate\":\"https:\/\/expresso.estadao.com.br\/sao-paulo\/?s={search_term_string}\"},\"query-input\":{\"@type\":\"PropertyValueSpecification\",\"valueRequired\":true,\"valueName\":\"search_term_string\"}}],\"inLanguage\":\"pt-BR\"},{\"@type\":\"Person\",\"@id\":\"https:\/\/expresso.estadao.com.br\/sao-paulo\/#\/schema\/person\/f45f9e313ba8cbe5af9424f387ddef42\",\"name\":\"fabio_bairros\",\"image\":{\"@type\":\"ImageObject\",\"inLanguage\":\"pt-BR\",\"@id\":\"https:\/\/expresso.estadao.com.br\/sao-paulo\/#\/schema\/person\/image\/\",\"url\":\"https:\/\/secure.gravatar.com\/avatar\/fbecca90befcfda9505216ce0dc87261326cb6644deb5861e7ab404061c24246?s=96&d=mm&r=g\",\"contentUrl\":\"https:\/\/secure.gravatar.com\/avatar\/fbecca90befcfda9505216ce0dc87261326cb6644deb5861e7ab404061c24246?s=96&d=mm&r=g\",\"caption\":\"fabio_bairros\"}}]}<\/script>\n<!-- \/ Yoast SEO plugin. -->","yoast_head_json":{"title":"Volta \u00e0s aulas - Estad\u00e3o Expresso S\u00e3o Paulo","description":"Unidades retomam aulas na pr\u00f3xima quarta-feira com calend\u00e1rio definido, amplia\u00e7\u00e3o do tempo integral e oferta de alimenta\u00e7\u00e3o escolar","robots":{"index":"index","follow":"follow","max-snippet":"max-snippet:-1","max-image-preview":"max-image-preview:large","max-video-preview":"max-video-preview:-1"},"canonical":"https:\/\/expresso.estadao.com.br\/sao-paulo\/2026\/01\/30\/mais-de-1-milhao-de-alunos-voltam-as-aulas-na-rede-municipal-no-dia-4\/","og_locale":"pt_BR","og_type":"article","og_title":"Volta \u00e0s aulas - Estad\u00e3o Expresso S\u00e3o Paulo","og_description":"Unidades retomam aulas na pr\u00f3xima quarta-feira com calend\u00e1rio definido, amplia\u00e7\u00e3o do tempo integral e oferta de alimenta\u00e7\u00e3o escolar","og_url":"https:\/\/expresso.estadao.com.br\/sao-paulo\/2026\/01\/30\/mais-de-1-milhao-de-alunos-voltam-as-aulas-na-rede-municipal-no-dia-4\/","og_site_name":"Estad\u00e3o Expresso S\u00e3o Paulo","article_published_time":"2026-01-30T12:40:48+00:00","article_modified_time":"2026-02-04T12:54:55+00:00","og_image":[{"width":"","height":"","url":"https:\/\/expresso.estadao.com.br\/sao-paulo\/wp-content\/uploads\/2026\/01\/volta-as-aulas-1.jpg","type":"image\/jpeg"}],"author":"fabio_bairros","twitter_card":"summary_large_image","twitter_misc":{"Escrito por":"fabio_bairros","Est. tempo de leitura":"2 minutos"},"schema":{"@context":"https:\/\/schema.org","@graph":[{"@type":"WebPage","@id":"https:\/\/expresso.estadao.com.br\/sao-paulo\/2026\/01\/30\/mais-de-1-milhao-de-alunos-voltam-as-aulas-na-rede-municipal-no-dia-4\/","url":"https:\/\/expresso.estadao.com.br\/sao-paulo\/2026\/01\/30\/mais-de-1-milhao-de-alunos-voltam-as-aulas-na-rede-municipal-no-dia-4\/","name":"Volta \u00e0s aulas - Estad\u00e3o Expresso S\u00e3o Paulo","isPartOf":{"@id":"https:\/\/expresso.estadao.com.br\/sao-paulo\/#website"},"primaryImageOfPage":{"@id":"https:\/\/expresso.estadao.com.br\/sao-paulo\/2026\/01\/30\/mais-de-1-milhao-de-alunos-voltam-as-aulas-na-rede-municipal-no-dia-4\/#primaryimage"},"image":{"@id":"https:\/\/expresso.estadao.com.br\/sao-paulo\/2026\/01\/30\/mais-de-1-milhao-de-alunos-voltam-as-aulas-na-rede-municipal-no-dia-4\/#primaryimage"},"thumbnailUrl":"https:\/\/expresso.estadao.com.br\/sao-paulo\/wp-content\/uploads\/2026\/01\/volta-as-aulas-1.jpg","datePublished":"2026-01-30T12:40:48+00:00","dateModified":"2026-02-04T12:54:55+00:00","author":{"@id":"https:\/\/expresso.estadao.com.br\/sao-paulo\/#\/schema\/person\/f45f9e313ba8cbe5af9424f387ddef42"},"description":"Unidades retomam aulas na pr\u00f3xima quarta-feira com calend\u00e1rio definido, amplia\u00e7\u00e3o do tempo integral e oferta de alimenta\u00e7\u00e3o escolar","breadcrumb":{"@id":"https:\/\/expresso.estadao.com.br\/sao-paulo\/2026\/01\/30\/mais-de-1-milhao-de-alunos-voltam-as-aulas-na-rede-municipal-no-dia-4\/#breadcrumb"},"inLanguage":"pt-BR","potentialAction":[{"@type":"ReadAction","target":["https:\/\/expresso.estadao.com.br\/sao-paulo\/2026\/01\/30\/mais-de-1-milhao-de-alunos-voltam-as-aulas-na-rede-municipal-no-dia-4\/"]}]},{"@type":"ImageObject","inLanguage":"pt-BR","@id":"https:\/\/expresso.estadao.com.br\/sao-paulo\/2026\/01\/30\/mais-de-1-milhao-de-alunos-voltam-as-aulas-na-rede-municipal-no-dia-4\/#primaryimage","url":"https:\/\/expresso.estadao.com.br\/sao-paulo\/wp-content\/uploads\/2026\/01\/volta-as-aulas-1.jpg","contentUrl":"https:\/\/expresso.estadao.com.br\/sao-paulo\/wp-content\/uploads\/2026\/01\/volta-as-aulas-1.jpg","width":1190,"height":801,"caption":"Foto: Tiago Queiroz\/Estad\u00e3o"},{"@type":"BreadcrumbList","@id":"https:\/\/expresso.estadao.com.br\/sao-paulo\/2026\/01\/30\/mais-de-1-milhao-de-alunos-voltam-as-aulas-na-rede-municipal-no-dia-4\/#breadcrumb","itemListElement":[{"@type":"ListItem","position":1,"name":"In\u00edcio","item":"https:\/\/expresso.estadao.com.br\/sao-paulo\/"},{"@type":"ListItem","position":2,"name":"Mais de 1 milh\u00e3o de alunos voltam \u00e0s aulas na rede municipal nesta quarta"}]},{"@type":"WebSite","@id":"https:\/\/expresso.estadao.com.br\/sao-paulo\/#website","url":"https:\/\/expresso.estadao.com.br\/sao-paulo\/","name":"Estad\u00e3o Expresso S\u00e3o Paulo","description":"Conte\u00fado de presta\u00e7\u00e3o de servi\u00e7o para que os moradores da cidade de S\u00e3o Paulo possam se informar melhor e usar de maneira mais eficaz os servi\u00e7os p\u00fablicos municipais.","potentialAction":[{"@type":"SearchAction","target":{"@type":"EntryPoint","urlTemplate":"https:\/\/expresso.estadao.com.br\/sao-paulo\/?s={search_term_string}"},"query-input":{"@type":"PropertyValueSpecification","valueRequired":true,"valueName":"search_term_string"}}],"inLanguage":"pt-BR"},{"@type":"Person","@id":"https:\/\/expresso.estadao.com.br\/sao-paulo\/#\/schema\/person\/f45f9e313ba8cbe5af9424f387ddef42","name":"fabio_bairros","image":{"@type":"ImageObject","inLanguage":"pt-BR","@id":"https:\/\/expresso.estadao.com.br\/sao-paulo\/#\/schema\/person\/image\/","url":"https:\/\/secure.gravatar.com\/avatar\/fbecca90befcfda9505216ce0dc87261326cb6644deb5861e7ab404061c24246?s=96&d=mm&r=g","contentUrl":"https:\/\/secure.gravatar.com\/avatar\/fbecca90befcfda9505216ce0dc87261326cb6644deb5861e7ab404061c24246?s=96&d=mm&r=g","caption":"fabio_bairros"}}]}},"_links":{"self":[{"href":"https:\/\/expresso.estadao.com.br\/sao-paulo\/wp-json\/wp\/v2\/posts\/12455","targetHints":{"allow":["GET"]}}],"collection":[{"href":"https:\/\/expresso.estadao.com.br\/sao-paulo\/wp-json\/wp\/v2\/posts"}],"about":[{"href":"https:\/\/expresso.estadao.com.br\/sao-paulo\/wp-json\/wp\/v2\/types\/post"}],"author":[{"embeddable":true,"href":"https:\/\/expresso.estadao.com.br\/sao-paulo\/wp-json\/wp\/v2\/users\/4"}],"replies":[{"embeddable":true,"href":"https:\/\/expresso.estadao.com.br\/sao-paulo\/wp-json\/wp\/v2\/comments?post=12455"}],"version-history":[{"count":3,"href":"https:\/\/expresso.estadao.com.br\/sao-paulo\/wp-json\/wp\/v2\/posts\/12455\/revisions"}],"predecessor-version":[{"id":12488,"href":"https:\/\/expresso.estadao.com.br\/sao-paulo\/wp-json\/wp\/v2\/posts\/12455\/revisions\/12488"}],"wp:featuredmedia":[{"embeddable":true,"href":"https:\/\/expresso.estadao.com.br\/sao-paulo\/wp-json\/wp\/v2\/media\/12457"}],"wp:attachment":[{"href":"https:\/\/expresso.estadao.com.br\/sao-paulo\/wp-json\/wp\/v2\/media?parent=12455"}],"wp:term":[{"taxonomy":"category","embeddable":true,"href":"https:\/\/expresso.estadao.com.br\/sao-paulo\/wp-json\/wp\/v2\/categories?post=12455"},{"taxonomy":"post_tag","embeddable":true,"href":"https:\/\/expresso.estadao.com.br\/sao-paulo\/wp-json\/wp\/v2\/tags?post=12455"}],"curies":[{"name":"wp","href":"https:\/\/api.w.org\/{rel}","templated":true}]}}