{"id":12660,"date":"2026-03-05T08:36:11","date_gmt":"2026-03-05T11:36:11","guid":{"rendered":"https:\/\/expresso.estadao.com.br\/sao-paulo\/?p=12660"},"modified":"2026-03-05T08:36:11","modified_gmt":"2026-03-05T11:36:11","slug":"programa-tem-saida-ja-cadastrou-1-106-mulheres-em-situacao-de-violencia","status":"publish","type":"post","link":"https:\/\/expresso.estadao.com.br\/sao-paulo\/2026\/03\/05\/programa-tem-saida-ja-cadastrou-1-106-mulheres-em-situacao-de-violencia\/","title":{"rendered":"Programa Tem Sa\u00edda j\u00e1 cadastrou 1.106 mulheres em situa\u00e7\u00e3o de viol\u00eancia"},"content":{"rendered":"<p>O Programa Tem Sa\u00edda, lan\u00e7ado em agosto de 2018, j\u00e1 cadastrou 1.106 mulheres em situa\u00e7\u00e3o de viol\u00eancia dom\u00e9stica e familiar na cidade de S\u00e3o Paulo. No per\u00edodo, mais de 2.400 of\u00edcios foram emitidos por \u00f3rg\u00e3os do sistema de Justi\u00e7a solicitando atendimento especializado. A iniciativa busca ampliar o acesso ao trabalho como alternativa para romper o ciclo da viol\u00eancia.<\/p>\n<p>O programa \u00e9 coordenado pela Secretaria Municipal de Desenvolvimento Econ\u00f4mico e Trabalho, em parceria com as secretarias municipais de Seguran\u00e7a Urbana, de Direitos Humanos e Cidadania e de Assist\u00eancia e Desenvolvimento Social (Smads), al\u00e9m do Minist\u00e9rio P\u00fablico, da Defensoria P\u00fablica do Estado de S\u00e3o Paulo, do Tribunal de Justi\u00e7a do Estado de S\u00e3o Paulo e da Ordem dos Advogados do Brasil \u2013 Se\u00e7\u00e3o S\u00e3o Paulo.<\/p>\n<p><strong>Abertura do M\u00eas da Mulher<\/strong><\/p>\n<p>No dia 3 de mar\u00e7o, a<a href=\"https:\/\/prefeitura.sp.gov.br\/web\/desenvolvimento\"> Secretaria Municipal de Desenvolvimento Econ\u00f4mico e Trabalho<\/a> realizou a abertura da programa\u00e7\u00e3o do M\u00eas da Mulher na capital. O encontro reuniu empresas parceiras do Programa Tem Sa\u00edda.<\/p>\n<p>Durante o evento, as empresas DSOP, GRB, ANMO Joias e Sorridentes formalizaram ades\u00e3o ao programa. Com as novas parcerias, a iniciativa passa a contar com 67 empresas participantes, respons\u00e1veis por ofertar vagas de emprego e apoio \u00e0s participantes.<\/p>\n<p><strong>Como participar do Programa Tem Sa\u00edda<\/strong><\/p>\n<p>Mulheres em situa\u00e7\u00e3o de viol\u00eancia dom\u00e9stica e familiar podem ser encaminhadas ao Programa Tem Sa\u00edda a partir de atendimento realizado pelo Minist\u00e9rio P\u00fablico, pela Defensoria P\u00fablica do Estado de S\u00e3o Paulo, pelo Tribunal de Justi\u00e7a do Estado de S\u00e3o Paulo ou por delegacias.<\/p>\n<p>Ap\u00f3s o atendimento inicial, as participantes s\u00e3o encaminhadas aos equipamentos de intermedia\u00e7\u00e3o de m\u00e3o de obra da Prefeitura. As candidatas participam de processo seletivo com acompanhamento de equipes t\u00e9cnicas e das \u00e1reas de recursos humanos das empresas parceiras.<\/p>\n<p>As equipes da administra\u00e7\u00e3o municipal e das empresas receberam capacita\u00e7\u00e3o espec\u00edfica para o atendimento \u00e0s mulheres em situa\u00e7\u00e3o de viol\u00eancia.<\/p>\n<p><strong>Programa\u00e7\u00e3o ao longo de mar\u00e7o<\/strong><\/p>\n<p>Ao longo de mar\u00e7o, a capital ter\u00e1 atividades voltadas \u00e0 empregabilidade e \u00e0 cidadania. Entre elas, est\u00e1 previsto um mutir\u00e3o de emprego com oferta de mais de 2 mil vagas na pr\u00f3xima sexta-feira (6), das 9h \u00e0s 16h, no Cate Central, na Avenida Rio Branco, 252. As inscri\u00e7\u00f5es podem ser feitas pelo <a href=\"https:\/\/cate.prefeitura.sp.gov.br\/\">Portal Cate<\/a> at\u00e9 a v\u00e9spera do evento.<\/p>\n<p>A programa\u00e7\u00e3o tamb\u00e9m inclui servi\u00e7os de sa\u00fade bucal, orienta\u00e7\u00f5es para inser\u00e7\u00e3o no mercado de trabalho e palestras sobre empreendedorismo, educa\u00e7\u00e3o financeira e comunica\u00e7\u00e3o n\u00e3o violenta. A agenda do Programa Tem Sa\u00edda percorrer\u00e1 diferentes regi\u00f5es da cidade a partir de 10 de mar\u00e7o, com in\u00edcio na zona sul e encerramento em 31 de mar\u00e7o.<\/p>\n<p>As atividades ser\u00e3o realizadas em centros de apoio especializados e contam com parceria da Secretaria Municipal de Direitos Humanos e Cidadania e de empresas participantes do programa.<\/p>\n<p><strong>Programa\u00e7\u00e3o Tem Sa\u00edda<\/strong><\/p>\n<p>Zona sul<br \/>\nDia: 10 de mar\u00e7o<br \/>\nHor\u00e1rio: 14h<br \/>\nLocal: CDCM Mulheres Vivas \u2013 Rua Domingos Bicudo, 56 \u2013 Campo Limpo<\/p>\n<p>Zona norte<br \/>\nDia: 11 de mar\u00e7o<br \/>\nHor\u00e1rio: 10h<br \/>\nLocal: CISM II \u2013 Centro de Integra\u00e7\u00e3o da Mulher II \u2013 Rua Ferreira de Almeida, 23 \u2013 Casa Verde<\/p>\n<p>Zona oeste<br \/>\nDia: 12 de mar\u00e7o<br \/>\nHor\u00e1rio: 10h30 \u00e0s 16h<br \/>\nLocal: CRCM 25 de Mar\u00e7o \u2013 Avenida Melo Palheta, 32 \u2013 \u00c1gua Branca<\/p>\n<p>Zona central<br \/>\nDia: 13 de mar\u00e7o<br \/>\nHor\u00e1rio: 10h \u00e0s 16h<br \/>\nLocal: CDCM Francisca Franco \u2013 Rua Conselheiro Ramalho, 93 \u2013 Bela Vista<\/p>\n<p>Zona central<br \/>\nDia: 18 de mar\u00e7o<br \/>\nHor\u00e1rio: 10h \u00e0s 16h<br \/>\nLocal: Centro de Refer\u00eancia LGBTI \u2013 Rua Major Sert\u00f3rio, 292\/294 \u2013 Rep\u00fablica<\/p>\n<p>Zona leste<br \/>\nDia: 20 de mar\u00e7o<br \/>\nHor\u00e1rio: 10h \u00e0s 16h<br \/>\nLocal: CDCM Cidinha Kopcak \u2013 Rua Margarida Cardoso dos Santos, 500 \u2013 S\u00e3o Mateus<\/p>\n<p>Zona sul<br \/>\nDia: 31 de mar\u00e7o<br \/>\nHor\u00e1rio: 12h \u00e0s 16h<br \/>\nLocal: Centro de Refer\u00eancia LGBTI \u2013 Estrada do Campo Limpo, 2690 \u2013 Vila Pirajussara<\/p>\n","protected":false},"excerpt":{"rendered":"<p>O Programa Tem Sa\u00edda, lan\u00e7ado em agosto de 2018, j\u00e1 cadastrou 1.106 mulheres em situa\u00e7\u00e3o de viol\u00eancia dom\u00e9stica e familiar na cidade de S\u00e3o Paulo. No per\u00edodo, mais de 2.400 of\u00edcios foram emitidos por \u00f3rg\u00e3os do sistema de Justi\u00e7a solicitando atendimento especializado. A iniciativa busca ampliar o acesso ao trabalho como alternativa para romper o [&hellip;]<\/p>\n","protected":false},"author":4,"featured_media":12662,"comment_status":"open","ping_status":"closed","sticky":false,"template":"","format":"standard","meta":{"_acf_changed":false,"_monsterinsights_skip_tracking":false,"_monsterinsights_sitenote_active":false,"_monsterinsights_sitenote_note":"","_monsterinsights_sitenote_category":0,"footnotes":""},"categories":[742],"tags":[52,1357],"class_list":["post-12660","post","type-post","status-publish","format-standard","has-post-thumbnail","hentry","category-desenvolvimento-economico","tag-prefeitura-de-sao-paulo","tag-tem-saida"],"acf":[],"yoast_head":"<!-- This site is optimized with the Yoast SEO plugin v24.1 - https:\/\/yoast.com\/wordpress\/plugins\/seo\/ -->\n<title>Programa Tem Sa\u00edda - Estad\u00e3o Expresso S\u00e3o Paulo<\/title>\n<meta name=\"description\" content=\"Iniciativa re\u00fane \u00f3rg\u00e3os de Justi\u00e7a, Prefeitura de S\u00e3o Paulo e empresas para ampliar acesso ao emprego\" \/>\n<meta name=\"robots\" content=\"index, follow, max-snippet:-1, max-image-preview:large, max-video-preview:-1\" \/>\n<link rel=\"canonical\" href=\"https:\/\/expresso.estadao.com.br\/sao-paulo\/2026\/03\/05\/programa-tem-saida-ja-cadastrou-1-106-mulheres-em-situacao-de-violencia\/\" \/>\n<meta property=\"og:locale\" content=\"pt_BR\" \/>\n<meta property=\"og:type\" content=\"article\" \/>\n<meta property=\"og:title\" content=\"Programa Tem Sa\u00edda - Estad\u00e3o Expresso S\u00e3o Paulo\" \/>\n<meta property=\"og:description\" content=\"Iniciativa re\u00fane \u00f3rg\u00e3os de Justi\u00e7a, Prefeitura de S\u00e3o Paulo e empresas para ampliar acesso ao emprego\" \/>\n<meta property=\"og:url\" content=\"https:\/\/expresso.estadao.com.br\/sao-paulo\/2026\/03\/05\/programa-tem-saida-ja-cadastrou-1-106-mulheres-em-situacao-de-violencia\/\" \/>\n<meta property=\"og:site_name\" content=\"Estad\u00e3o Expresso S\u00e3o Paulo\" \/>\n<meta property=\"article:published_time\" content=\"2026-03-05T11:36:11+00:00\" \/>\n<meta property=\"og:image\" content=\"https:\/\/expresso.estadao.com.br\/sao-paulo\/wp-content\/uploads\/2026\/03\/AdobeStock_444526507-scaled.jpeg\" \/>\n\t<meta property=\"og:image:type\" content=\"image\/jpeg\" \/>\n<meta name=\"author\" content=\"fabio_bairros\" \/>\n<meta name=\"twitter:card\" content=\"summary_large_image\" \/>\n<meta name=\"twitter:label1\" content=\"Escrito por\" \/>\n\t<meta name=\"twitter:data1\" content=\"fabio_bairros\" \/>\n\t<meta name=\"twitter:label2\" content=\"Est. tempo de leitura\" \/>\n\t<meta name=\"twitter:data2\" content=\"4 minutos\" \/>\n<script type=\"application\/ld+json\" class=\"yoast-schema-graph\">{\"@context\":\"https:\/\/schema.org\",\"@graph\":[{\"@type\":\"WebPage\",\"@id\":\"https:\/\/expresso.estadao.com.br\/sao-paulo\/2026\/03\/05\/programa-tem-saida-ja-cadastrou-1-106-mulheres-em-situacao-de-violencia\/\",\"url\":\"https:\/\/expresso.estadao.com.br\/sao-paulo\/2026\/03\/05\/programa-tem-saida-ja-cadastrou-1-106-mulheres-em-situacao-de-violencia\/\",\"name\":\"Programa Tem Sa\u00edda - Estad\u00e3o Expresso S\u00e3o Paulo\",\"isPartOf\":{\"@id\":\"https:\/\/expresso.estadao.com.br\/sao-paulo\/#website\"},\"primaryImageOfPage\":{\"@id\":\"https:\/\/expresso.estadao.com.br\/sao-paulo\/2026\/03\/05\/programa-tem-saida-ja-cadastrou-1-106-mulheres-em-situacao-de-violencia\/#primaryimage\"},\"image\":{\"@id\":\"https:\/\/expresso.estadao.com.br\/sao-paulo\/2026\/03\/05\/programa-tem-saida-ja-cadastrou-1-106-mulheres-em-situacao-de-violencia\/#primaryimage\"},\"thumbnailUrl\":\"https:\/\/expresso.estadao.com.br\/sao-paulo\/wp-content\/uploads\/2026\/03\/AdobeStock_444526507-scaled.jpeg\",\"datePublished\":\"2026-03-05T11:36:11+00:00\",\"dateModified\":\"2026-03-05T11:36:11+00:00\",\"author\":{\"@id\":\"https:\/\/expresso.estadao.com.br\/sao-paulo\/#\/schema\/person\/f45f9e313ba8cbe5af9424f387ddef42\"},\"description\":\"Iniciativa re\u00fane \u00f3rg\u00e3os de Justi\u00e7a, Prefeitura de S\u00e3o Paulo e empresas para ampliar acesso ao emprego\",\"breadcrumb\":{\"@id\":\"https:\/\/expresso.estadao.com.br\/sao-paulo\/2026\/03\/05\/programa-tem-saida-ja-cadastrou-1-106-mulheres-em-situacao-de-violencia\/#breadcrumb\"},\"inLanguage\":\"pt-BR\",\"potentialAction\":[{\"@type\":\"ReadAction\",\"target\":[\"https:\/\/expresso.estadao.com.br\/sao-paulo\/2026\/03\/05\/programa-tem-saida-ja-cadastrou-1-106-mulheres-em-situacao-de-violencia\/\"]}]},{\"@type\":\"ImageObject\",\"inLanguage\":\"pt-BR\",\"@id\":\"https:\/\/expresso.estadao.com.br\/sao-paulo\/2026\/03\/05\/programa-tem-saida-ja-cadastrou-1-106-mulheres-em-situacao-de-violencia\/#primaryimage\",\"url\":\"https:\/\/expresso.estadao.com.br\/sao-paulo\/wp-content\/uploads\/2026\/03\/AdobeStock_444526507-scaled.jpeg\",\"contentUrl\":\"https:\/\/expresso.estadao.com.br\/sao-paulo\/wp-content\/uploads\/2026\/03\/AdobeStock_444526507-scaled.jpeg\",\"width\":2560,\"height\":1707,\"caption\":\"Foto: Adobe Stock\"},{\"@type\":\"BreadcrumbList\",\"@id\":\"https:\/\/expresso.estadao.com.br\/sao-paulo\/2026\/03\/05\/programa-tem-saida-ja-cadastrou-1-106-mulheres-em-situacao-de-violencia\/#breadcrumb\",\"itemListElement\":[{\"@type\":\"ListItem\",\"position\":1,\"name\":\"In\u00edcio\",\"item\":\"https:\/\/expresso.estadao.com.br\/sao-paulo\/\"},{\"@type\":\"ListItem\",\"position\":2,\"name\":\"Programa Tem Sa\u00edda j\u00e1 cadastrou 1.106 mulheres em situa\u00e7\u00e3o de viol\u00eancia\"}]},{\"@type\":\"WebSite\",\"@id\":\"https:\/\/expresso.estadao.com.br\/sao-paulo\/#website\",\"url\":\"https:\/\/expresso.estadao.com.br\/sao-paulo\/\",\"name\":\"Estad\u00e3o Expresso S\u00e3o Paulo\",\"description\":\"Conte\u00fado de presta\u00e7\u00e3o de servi\u00e7o para que os moradores da cidade de S\u00e3o Paulo possam se informar melhor e usar de maneira mais eficaz os servi\u00e7os p\u00fablicos municipais.\",\"potentialAction\":[{\"@type\":\"SearchAction\",\"target\":{\"@type\":\"EntryPoint\",\"urlTemplate\":\"https:\/\/expresso.estadao.com.br\/sao-paulo\/?s={search_term_string}\"},\"query-input\":{\"@type\":\"PropertyValueSpecification\",\"valueRequired\":true,\"valueName\":\"search_term_string\"}}],\"inLanguage\":\"pt-BR\"},{\"@type\":\"Person\",\"@id\":\"https:\/\/expresso.estadao.com.br\/sao-paulo\/#\/schema\/person\/f45f9e313ba8cbe5af9424f387ddef42\",\"name\":\"fabio_bairros\",\"image\":{\"@type\":\"ImageObject\",\"inLanguage\":\"pt-BR\",\"@id\":\"https:\/\/expresso.estadao.com.br\/sao-paulo\/#\/schema\/person\/image\/\",\"url\":\"https:\/\/secure.gravatar.com\/avatar\/fbecca90befcfda9505216ce0dc87261326cb6644deb5861e7ab404061c24246?s=96&d=mm&r=g\",\"contentUrl\":\"https:\/\/secure.gravatar.com\/avatar\/fbecca90befcfda9505216ce0dc87261326cb6644deb5861e7ab404061c24246?s=96&d=mm&r=g\",\"caption\":\"fabio_bairros\"}}]}<\/script>\n<!-- \/ Yoast SEO plugin. -->","yoast_head_json":{"title":"Programa Tem Sa\u00edda - Estad\u00e3o Expresso S\u00e3o Paulo","description":"Iniciativa re\u00fane \u00f3rg\u00e3os de Justi\u00e7a, Prefeitura de S\u00e3o Paulo e empresas para ampliar acesso ao emprego","robots":{"index":"index","follow":"follow","max-snippet":"max-snippet:-1","max-image-preview":"max-image-preview:large","max-video-preview":"max-video-preview:-1"},"canonical":"https:\/\/expresso.estadao.com.br\/sao-paulo\/2026\/03\/05\/programa-tem-saida-ja-cadastrou-1-106-mulheres-em-situacao-de-violencia\/","og_locale":"pt_BR","og_type":"article","og_title":"Programa Tem Sa\u00edda - Estad\u00e3o Expresso S\u00e3o Paulo","og_description":"Iniciativa re\u00fane \u00f3rg\u00e3os de Justi\u00e7a, Prefeitura de S\u00e3o Paulo e empresas para ampliar acesso ao emprego","og_url":"https:\/\/expresso.estadao.com.br\/sao-paulo\/2026\/03\/05\/programa-tem-saida-ja-cadastrou-1-106-mulheres-em-situacao-de-violencia\/","og_site_name":"Estad\u00e3o Expresso S\u00e3o Paulo","article_published_time":"2026-03-05T11:36:11+00:00","og_image":[{"width":"","height":"","url":"https:\/\/expresso.estadao.com.br\/sao-paulo\/wp-content\/uploads\/2026\/03\/AdobeStock_444526507-scaled.jpeg","type":"image\/jpeg"}],"author":"fabio_bairros","twitter_card":"summary_large_image","twitter_misc":{"Escrito por":"fabio_bairros","Est. tempo de leitura":"4 minutos"},"schema":{"@context":"https:\/\/schema.org","@graph":[{"@type":"WebPage","@id":"https:\/\/expresso.estadao.com.br\/sao-paulo\/2026\/03\/05\/programa-tem-saida-ja-cadastrou-1-106-mulheres-em-situacao-de-violencia\/","url":"https:\/\/expresso.estadao.com.br\/sao-paulo\/2026\/03\/05\/programa-tem-saida-ja-cadastrou-1-106-mulheres-em-situacao-de-violencia\/","name":"Programa Tem Sa\u00edda - Estad\u00e3o Expresso S\u00e3o Paulo","isPartOf":{"@id":"https:\/\/expresso.estadao.com.br\/sao-paulo\/#website"},"primaryImageOfPage":{"@id":"https:\/\/expresso.estadao.com.br\/sao-paulo\/2026\/03\/05\/programa-tem-saida-ja-cadastrou-1-106-mulheres-em-situacao-de-violencia\/#primaryimage"},"image":{"@id":"https:\/\/expresso.estadao.com.br\/sao-paulo\/2026\/03\/05\/programa-tem-saida-ja-cadastrou-1-106-mulheres-em-situacao-de-violencia\/#primaryimage"},"thumbnailUrl":"https:\/\/expresso.estadao.com.br\/sao-paulo\/wp-content\/uploads\/2026\/03\/AdobeStock_444526507-scaled.jpeg","datePublished":"2026-03-05T11:36:11+00:00","dateModified":"2026-03-05T11:36:11+00:00","author":{"@id":"https:\/\/expresso.estadao.com.br\/sao-paulo\/#\/schema\/person\/f45f9e313ba8cbe5af9424f387ddef42"},"description":"Iniciativa re\u00fane \u00f3rg\u00e3os de Justi\u00e7a, Prefeitura de S\u00e3o Paulo e empresas para ampliar acesso ao emprego","breadcrumb":{"@id":"https:\/\/expresso.estadao.com.br\/sao-paulo\/2026\/03\/05\/programa-tem-saida-ja-cadastrou-1-106-mulheres-em-situacao-de-violencia\/#breadcrumb"},"inLanguage":"pt-BR","potentialAction":[{"@type":"ReadAction","target":["https:\/\/expresso.estadao.com.br\/sao-paulo\/2026\/03\/05\/programa-tem-saida-ja-cadastrou-1-106-mulheres-em-situacao-de-violencia\/"]}]},{"@type":"ImageObject","inLanguage":"pt-BR","@id":"https:\/\/expresso.estadao.com.br\/sao-paulo\/2026\/03\/05\/programa-tem-saida-ja-cadastrou-1-106-mulheres-em-situacao-de-violencia\/#primaryimage","url":"https:\/\/expresso.estadao.com.br\/sao-paulo\/wp-content\/uploads\/2026\/03\/AdobeStock_444526507-scaled.jpeg","contentUrl":"https:\/\/expresso.estadao.com.br\/sao-paulo\/wp-content\/uploads\/2026\/03\/AdobeStock_444526507-scaled.jpeg","width":2560,"height":1707,"caption":"Foto: Adobe Stock"},{"@type":"BreadcrumbList","@id":"https:\/\/expresso.estadao.com.br\/sao-paulo\/2026\/03\/05\/programa-tem-saida-ja-cadastrou-1-106-mulheres-em-situacao-de-violencia\/#breadcrumb","itemListElement":[{"@type":"ListItem","position":1,"name":"In\u00edcio","item":"https:\/\/expresso.estadao.com.br\/sao-paulo\/"},{"@type":"ListItem","position":2,"name":"Programa Tem Sa\u00edda j\u00e1 cadastrou 1.106 mulheres em situa\u00e7\u00e3o de viol\u00eancia"}]},{"@type":"WebSite","@id":"https:\/\/expresso.estadao.com.br\/sao-paulo\/#website","url":"https:\/\/expresso.estadao.com.br\/sao-paulo\/","name":"Estad\u00e3o Expresso S\u00e3o Paulo","description":"Conte\u00fado de presta\u00e7\u00e3o de servi\u00e7o para que os moradores da cidade de S\u00e3o Paulo possam se informar melhor e usar de maneira mais eficaz os servi\u00e7os p\u00fablicos municipais.","potentialAction":[{"@type":"SearchAction","target":{"@type":"EntryPoint","urlTemplate":"https:\/\/expresso.estadao.com.br\/sao-paulo\/?s={search_term_string}"},"query-input":{"@type":"PropertyValueSpecification","valueRequired":true,"valueName":"search_term_string"}}],"inLanguage":"pt-BR"},{"@type":"Person","@id":"https:\/\/expresso.estadao.com.br\/sao-paulo\/#\/schema\/person\/f45f9e313ba8cbe5af9424f387ddef42","name":"fabio_bairros","image":{"@type":"ImageObject","inLanguage":"pt-BR","@id":"https:\/\/expresso.estadao.com.br\/sao-paulo\/#\/schema\/person\/image\/","url":"https:\/\/secure.gravatar.com\/avatar\/fbecca90befcfda9505216ce0dc87261326cb6644deb5861e7ab404061c24246?s=96&d=mm&r=g","contentUrl":"https:\/\/secure.gravatar.com\/avatar\/fbecca90befcfda9505216ce0dc87261326cb6644deb5861e7ab404061c24246?s=96&d=mm&r=g","caption":"fabio_bairros"}}]}},"_links":{"self":[{"href":"https:\/\/expresso.estadao.com.br\/sao-paulo\/wp-json\/wp\/v2\/posts\/12660","targetHints":{"allow":["GET"]}}],"collection":[{"href":"https:\/\/expresso.estadao.com.br\/sao-paulo\/wp-json\/wp\/v2\/posts"}],"about":[{"href":"https:\/\/expresso.estadao.com.br\/sao-paulo\/wp-json\/wp\/v2\/types\/post"}],"author":[{"embeddable":true,"href":"https:\/\/expresso.estadao.com.br\/sao-paulo\/wp-json\/wp\/v2\/users\/4"}],"replies":[{"embeddable":true,"href":"https:\/\/expresso.estadao.com.br\/sao-paulo\/wp-json\/wp\/v2\/comments?post=12660"}],"version-history":[{"count":3,"href":"https:\/\/expresso.estadao.com.br\/sao-paulo\/wp-json\/wp\/v2\/posts\/12660\/revisions"}],"predecessor-version":[{"id":12664,"href":"https:\/\/expresso.estadao.com.br\/sao-paulo\/wp-json\/wp\/v2\/posts\/12660\/revisions\/12664"}],"wp:featuredmedia":[{"embeddable":true,"href":"https:\/\/expresso.estadao.com.br\/sao-paulo\/wp-json\/wp\/v2\/media\/12662"}],"wp:attachment":[{"href":"https:\/\/expresso.estadao.com.br\/sao-paulo\/wp-json\/wp\/v2\/media?parent=12660"}],"wp:term":[{"taxonomy":"category","embeddable":true,"href":"https:\/\/expresso.estadao.com.br\/sao-paulo\/wp-json\/wp\/v2\/categories?post=12660"},{"taxonomy":"post_tag","embeddable":true,"href":"https:\/\/expresso.estadao.com.br\/sao-paulo\/wp-json\/wp\/v2\/tags?post=12660"}],"curies":[{"name":"wp","href":"https:\/\/api.w.org\/{rel}","templated":true}]}}