{"id":12680,"date":"2026-03-09T12:59:20","date_gmt":"2026-03-09T15:59:20","guid":{"rendered":"https:\/\/expresso.estadao.com.br\/sao-paulo\/?p=12680"},"modified":"2026-03-09T12:59:20","modified_gmt":"2026-03-09T15:59:20","slug":"prefeitura-acolheu-470-mulheres-vitimas-de-violencia-em-2025","status":"publish","type":"post","link":"https:\/\/expresso.estadao.com.br\/sao-paulo\/2026\/03\/09\/prefeitura-acolheu-470-mulheres-vitimas-de-violencia-em-2025\/","title":{"rendered":"Prefeitura acolheu 470 mulheres v\u00edtimas de viol\u00eancia em 2025"},"content":{"rendered":"<p>A rede socioassistencial da Prefeitura de S\u00e3o Paulo registrou, em 2025, 470 acolhimentos de mulheres v\u00edtimas de viol\u00eancia na capital. Os atendimentos oferecem prote\u00e7\u00e3o imediata, interrompem situa\u00e7\u00f5es de risco e criam condi\u00e7\u00f5es para a reconstru\u00e7\u00e3o de vida.<\/p>\n<p>Segundo o Censo da Popula\u00e7\u00e3o em Situa\u00e7\u00e3o de Rua da cidade de S\u00e3o Paulo, de 2021, as mulheres representam 16,6% dessa popula\u00e7\u00e3o. Diante de situa\u00e7\u00f5es de viol\u00eancia dom\u00e9stica e familiar, especialmente em casos de risco iminente de morte, a Prefeitura mant\u00e9m servi\u00e7os especializados de acolhimento voltados \u00e0 prote\u00e7\u00e3o de mulheres.<\/p>\n<p>O atendimento ocorre em unidades sigilosas de Prote\u00e7\u00e3o Social Especial de Alta Complexidade regulamentadas por normas municipais. Entre elas est\u00e3o a Casa de Passagem para Mulheres V\u00edtimas de Viol\u00eancia, institu\u00edda pela Portaria 76 da SMADS, de 2022, e o Centro de Acolhida Especial para Mulheres em Situa\u00e7\u00e3o de Viol\u00eancia, de car\u00e1ter sigiloso.<\/p>\n<p>O acesso ocorre mediante avalia\u00e7\u00e3o t\u00e9cnica de risco, com fluxos definidos junto \u00e0 Central de Vagas e articula\u00e7\u00e3o com os Centros de Refer\u00eancia Especializados de Assist\u00eancia Social. Tamb\u00e9m \u00e9 poss\u00edvel buscar atendimento por meio do Centro de Refer\u00eancia de Assist\u00eancia Social, do Centro Pop ou pelo <a href=\"https:\/\/sp156.prefeitura.sp.gov.br\/portal\/servicos-online\">Portal SP156<\/a>.<\/p>\n<p>Nas unidades, as mulheres recebem abrigo protegido, alimenta\u00e7\u00e3o e suporte 24 horas, al\u00e9m de acompanhamento t\u00e9cnico. O atendimento inclui escuta especializada, orienta\u00e7\u00e3o para acesso a direitos, regulariza\u00e7\u00e3o documental da mulher e de seus filhos e encaminhamentos para servi\u00e7os de sa\u00fade, trabalho e gera\u00e7\u00e3o de renda.<\/p>\n<p>O sigilo \u00e9 uma diretriz central do atendimento. Dados pessoais e informa\u00e7\u00f5es sobre as usu\u00e1rias permanecem protegidos durante todo o per\u00edodo de acolhimento.<\/p>\n<p>A prote\u00e7\u00e3o das informa\u00e7\u00f5es segue protocolos da pol\u00edtica de assist\u00eancia social e est\u00e1 em conformidade com a Lei de Acesso \u00e0 Informa\u00e7\u00e3o. O endere\u00e7o das unidades tamb\u00e9m \u00e9 classificado como informa\u00e7\u00e3o confidencial, conforme termo de classifica\u00e7\u00e3o da SMADS.<\/p>\n<p>Atualmente, as unidades sigilosas somam 130 vagas na cidade. Outras modalidades de acolhimento tamb\u00e9m recebem essa demanda, como os Centros de Acolhida Especial para mulheres e fam\u00edlias.<\/p>\n<p>Em 2025, 42% das mulheres acolhidas nesses servi\u00e7os alcan\u00e7aram autonomia ap\u00f3s o per\u00edodo de atendimento. As sa\u00eddas incluem retorno \u00e0 conviv\u00eancia familiar segura, inser\u00e7\u00e3o no mercado de trabalho ou acesso \u00e0 moradia, com acompanhamento t\u00e9cnico da rede socioassistencial.<\/p>\n","protected":false},"excerpt":{"rendered":"<p>A rede socioassistencial da Prefeitura de S\u00e3o Paulo registrou, em 2025, 470 acolhimentos de mulheres v\u00edtimas de viol\u00eancia na capital. Os atendimentos oferecem prote\u00e7\u00e3o imediata, interrompem situa\u00e7\u00f5es de risco e criam condi\u00e7\u00f5es para a reconstru\u00e7\u00e3o de vida. Segundo o Censo da Popula\u00e7\u00e3o em Situa\u00e7\u00e3o de Rua da cidade de S\u00e3o Paulo, de 2021, as mulheres [&hellip;]<\/p>\n","protected":false},"author":4,"featured_media":12683,"comment_status":"open","ping_status":"closed","sticky":false,"template":"","format":"standard","meta":{"_acf_changed":false,"_monsterinsights_skip_tracking":false,"_monsterinsights_sitenote_active":false,"_monsterinsights_sitenote_note":"","_monsterinsights_sitenote_category":0,"footnotes":""},"categories":[740],"tags":[52,839],"class_list":["post-12680","post","type-post","status-publish","format-standard","has-post-thumbnail","hentry","category-assistencia-social","tag-prefeitura-de-sao-paulo","tag-violencia-contra-mulheres"],"acf":[],"yoast_head":"<!-- This site is optimized with the Yoast SEO plugin v24.1 - https:\/\/yoast.com\/wordpress\/plugins\/seo\/ -->\n<title>Mulheres v\u00edtimas de viol\u00eancia - Estad\u00e3o Expresso S\u00e3o Paulo<\/title>\n<meta name=\"description\" content=\"Rede socioassistencial da Prefeitura garante prote\u00e7\u00e3o imediata e apoio \u00e0 reconstru\u00e7\u00e3o de vida na cidade de S\u00e3o Paulo\" \/>\n<meta name=\"robots\" content=\"index, follow, max-snippet:-1, max-image-preview:large, max-video-preview:-1\" \/>\n<link rel=\"canonical\" href=\"https:\/\/expresso.estadao.com.br\/sao-paulo\/2026\/03\/09\/prefeitura-acolheu-470-mulheres-vitimas-de-violencia-em-2025\/\" \/>\n<meta property=\"og:locale\" content=\"pt_BR\" \/>\n<meta property=\"og:type\" content=\"article\" \/>\n<meta property=\"og:title\" content=\"Mulheres v\u00edtimas de viol\u00eancia - Estad\u00e3o Expresso S\u00e3o Paulo\" \/>\n<meta property=\"og:description\" content=\"Rede socioassistencial da Prefeitura garante prote\u00e7\u00e3o imediata e apoio \u00e0 reconstru\u00e7\u00e3o de vida na cidade de S\u00e3o Paulo\" \/>\n<meta property=\"og:url\" content=\"https:\/\/expresso.estadao.com.br\/sao-paulo\/2026\/03\/09\/prefeitura-acolheu-470-mulheres-vitimas-de-violencia-em-2025\/\" \/>\n<meta property=\"og:site_name\" content=\"Estad\u00e3o Expresso S\u00e3o Paulo\" \/>\n<meta property=\"article:published_time\" content=\"2026-03-09T15:59:20+00:00\" \/>\n<meta property=\"og:image\" content=\"https:\/\/expresso.estadao.com.br\/sao-paulo\/wp-content\/uploads\/2026\/03\/AdobeStock_591429680-scaled.jpeg\" \/>\n\t<meta property=\"og:image:type\" content=\"image\/jpeg\" \/>\n<meta name=\"author\" content=\"fabio_bairros\" \/>\n<meta name=\"twitter:card\" content=\"summary_large_image\" \/>\n<meta name=\"twitter:label1\" content=\"Escrito por\" \/>\n\t<meta name=\"twitter:data1\" content=\"fabio_bairros\" \/>\n\t<meta name=\"twitter:label2\" content=\"Est. tempo de leitura\" \/>\n\t<meta name=\"twitter:data2\" content=\"3 minutos\" \/>\n<script type=\"application\/ld+json\" class=\"yoast-schema-graph\">{\"@context\":\"https:\/\/schema.org\",\"@graph\":[{\"@type\":\"WebPage\",\"@id\":\"https:\/\/expresso.estadao.com.br\/sao-paulo\/2026\/03\/09\/prefeitura-acolheu-470-mulheres-vitimas-de-violencia-em-2025\/\",\"url\":\"https:\/\/expresso.estadao.com.br\/sao-paulo\/2026\/03\/09\/prefeitura-acolheu-470-mulheres-vitimas-de-violencia-em-2025\/\",\"name\":\"Mulheres v\u00edtimas de viol\u00eancia - Estad\u00e3o Expresso S\u00e3o Paulo\",\"isPartOf\":{\"@id\":\"https:\/\/expresso.estadao.com.br\/sao-paulo\/#website\"},\"primaryImageOfPage\":{\"@id\":\"https:\/\/expresso.estadao.com.br\/sao-paulo\/2026\/03\/09\/prefeitura-acolheu-470-mulheres-vitimas-de-violencia-em-2025\/#primaryimage\"},\"image\":{\"@id\":\"https:\/\/expresso.estadao.com.br\/sao-paulo\/2026\/03\/09\/prefeitura-acolheu-470-mulheres-vitimas-de-violencia-em-2025\/#primaryimage\"},\"thumbnailUrl\":\"https:\/\/expresso.estadao.com.br\/sao-paulo\/wp-content\/uploads\/2026\/03\/AdobeStock_591429680-scaled.jpeg\",\"datePublished\":\"2026-03-09T15:59:20+00:00\",\"dateModified\":\"2026-03-09T15:59:20+00:00\",\"author\":{\"@id\":\"https:\/\/expresso.estadao.com.br\/sao-paulo\/#\/schema\/person\/f45f9e313ba8cbe5af9424f387ddef42\"},\"description\":\"Rede socioassistencial da Prefeitura garante prote\u00e7\u00e3o imediata e apoio \u00e0 reconstru\u00e7\u00e3o de vida na cidade de S\u00e3o Paulo\",\"breadcrumb\":{\"@id\":\"https:\/\/expresso.estadao.com.br\/sao-paulo\/2026\/03\/09\/prefeitura-acolheu-470-mulheres-vitimas-de-violencia-em-2025\/#breadcrumb\"},\"inLanguage\":\"pt-BR\",\"potentialAction\":[{\"@type\":\"ReadAction\",\"target\":[\"https:\/\/expresso.estadao.com.br\/sao-paulo\/2026\/03\/09\/prefeitura-acolheu-470-mulheres-vitimas-de-violencia-em-2025\/\"]}]},{\"@type\":\"ImageObject\",\"inLanguage\":\"pt-BR\",\"@id\":\"https:\/\/expresso.estadao.com.br\/sao-paulo\/2026\/03\/09\/prefeitura-acolheu-470-mulheres-vitimas-de-violencia-em-2025\/#primaryimage\",\"url\":\"https:\/\/expresso.estadao.com.br\/sao-paulo\/wp-content\/uploads\/2026\/03\/AdobeStock_591429680-scaled.jpeg\",\"contentUrl\":\"https:\/\/expresso.estadao.com.br\/sao-paulo\/wp-content\/uploads\/2026\/03\/AdobeStock_591429680-scaled.jpeg\",\"width\":2560,\"height\":1708,\"caption\":\"Foto: Adobe Stock\"},{\"@type\":\"BreadcrumbList\",\"@id\":\"https:\/\/expresso.estadao.com.br\/sao-paulo\/2026\/03\/09\/prefeitura-acolheu-470-mulheres-vitimas-de-violencia-em-2025\/#breadcrumb\",\"itemListElement\":[{\"@type\":\"ListItem\",\"position\":1,\"name\":\"In\u00edcio\",\"item\":\"https:\/\/expresso.estadao.com.br\/sao-paulo\/\"},{\"@type\":\"ListItem\",\"position\":2,\"name\":\"Prefeitura acolheu 470 mulheres v\u00edtimas de viol\u00eancia em 2025\"}]},{\"@type\":\"WebSite\",\"@id\":\"https:\/\/expresso.estadao.com.br\/sao-paulo\/#website\",\"url\":\"https:\/\/expresso.estadao.com.br\/sao-paulo\/\",\"name\":\"Estad\u00e3o Expresso S\u00e3o Paulo\",\"description\":\"Conte\u00fado de presta\u00e7\u00e3o de servi\u00e7o para que os moradores da cidade de S\u00e3o Paulo possam se informar melhor e usar de maneira mais eficaz os servi\u00e7os p\u00fablicos municipais.\",\"potentialAction\":[{\"@type\":\"SearchAction\",\"target\":{\"@type\":\"EntryPoint\",\"urlTemplate\":\"https:\/\/expresso.estadao.com.br\/sao-paulo\/?s={search_term_string}\"},\"query-input\":{\"@type\":\"PropertyValueSpecification\",\"valueRequired\":true,\"valueName\":\"search_term_string\"}}],\"inLanguage\":\"pt-BR\"},{\"@type\":\"Person\",\"@id\":\"https:\/\/expresso.estadao.com.br\/sao-paulo\/#\/schema\/person\/f45f9e313ba8cbe5af9424f387ddef42\",\"name\":\"fabio_bairros\",\"image\":{\"@type\":\"ImageObject\",\"inLanguage\":\"pt-BR\",\"@id\":\"https:\/\/expresso.estadao.com.br\/sao-paulo\/#\/schema\/person\/image\/\",\"url\":\"https:\/\/secure.gravatar.com\/avatar\/fbecca90befcfda9505216ce0dc87261326cb6644deb5861e7ab404061c24246?s=96&d=mm&r=g\",\"contentUrl\":\"https:\/\/secure.gravatar.com\/avatar\/fbecca90befcfda9505216ce0dc87261326cb6644deb5861e7ab404061c24246?s=96&d=mm&r=g\",\"caption\":\"fabio_bairros\"}}]}<\/script>\n<!-- \/ Yoast SEO plugin. -->","yoast_head_json":{"title":"Mulheres v\u00edtimas de viol\u00eancia - Estad\u00e3o Expresso S\u00e3o Paulo","description":"Rede socioassistencial da Prefeitura garante prote\u00e7\u00e3o imediata e apoio \u00e0 reconstru\u00e7\u00e3o de vida na cidade de S\u00e3o Paulo","robots":{"index":"index","follow":"follow","max-snippet":"max-snippet:-1","max-image-preview":"max-image-preview:large","max-video-preview":"max-video-preview:-1"},"canonical":"https:\/\/expresso.estadao.com.br\/sao-paulo\/2026\/03\/09\/prefeitura-acolheu-470-mulheres-vitimas-de-violencia-em-2025\/","og_locale":"pt_BR","og_type":"article","og_title":"Mulheres v\u00edtimas de viol\u00eancia - Estad\u00e3o Expresso S\u00e3o Paulo","og_description":"Rede socioassistencial da Prefeitura garante prote\u00e7\u00e3o imediata e apoio \u00e0 reconstru\u00e7\u00e3o de vida na cidade de S\u00e3o Paulo","og_url":"https:\/\/expresso.estadao.com.br\/sao-paulo\/2026\/03\/09\/prefeitura-acolheu-470-mulheres-vitimas-de-violencia-em-2025\/","og_site_name":"Estad\u00e3o Expresso S\u00e3o Paulo","article_published_time":"2026-03-09T15:59:20+00:00","og_image":[{"width":"","height":"","url":"https:\/\/expresso.estadao.com.br\/sao-paulo\/wp-content\/uploads\/2026\/03\/AdobeStock_591429680-scaled.jpeg","type":"image\/jpeg"}],"author":"fabio_bairros","twitter_card":"summary_large_image","twitter_misc":{"Escrito por":"fabio_bairros","Est. tempo de leitura":"3 minutos"},"schema":{"@context":"https:\/\/schema.org","@graph":[{"@type":"WebPage","@id":"https:\/\/expresso.estadao.com.br\/sao-paulo\/2026\/03\/09\/prefeitura-acolheu-470-mulheres-vitimas-de-violencia-em-2025\/","url":"https:\/\/expresso.estadao.com.br\/sao-paulo\/2026\/03\/09\/prefeitura-acolheu-470-mulheres-vitimas-de-violencia-em-2025\/","name":"Mulheres v\u00edtimas de viol\u00eancia - Estad\u00e3o Expresso S\u00e3o Paulo","isPartOf":{"@id":"https:\/\/expresso.estadao.com.br\/sao-paulo\/#website"},"primaryImageOfPage":{"@id":"https:\/\/expresso.estadao.com.br\/sao-paulo\/2026\/03\/09\/prefeitura-acolheu-470-mulheres-vitimas-de-violencia-em-2025\/#primaryimage"},"image":{"@id":"https:\/\/expresso.estadao.com.br\/sao-paulo\/2026\/03\/09\/prefeitura-acolheu-470-mulheres-vitimas-de-violencia-em-2025\/#primaryimage"},"thumbnailUrl":"https:\/\/expresso.estadao.com.br\/sao-paulo\/wp-content\/uploads\/2026\/03\/AdobeStock_591429680-scaled.jpeg","datePublished":"2026-03-09T15:59:20+00:00","dateModified":"2026-03-09T15:59:20+00:00","author":{"@id":"https:\/\/expresso.estadao.com.br\/sao-paulo\/#\/schema\/person\/f45f9e313ba8cbe5af9424f387ddef42"},"description":"Rede socioassistencial da Prefeitura garante prote\u00e7\u00e3o imediata e apoio \u00e0 reconstru\u00e7\u00e3o de vida na cidade de S\u00e3o Paulo","breadcrumb":{"@id":"https:\/\/expresso.estadao.com.br\/sao-paulo\/2026\/03\/09\/prefeitura-acolheu-470-mulheres-vitimas-de-violencia-em-2025\/#breadcrumb"},"inLanguage":"pt-BR","potentialAction":[{"@type":"ReadAction","target":["https:\/\/expresso.estadao.com.br\/sao-paulo\/2026\/03\/09\/prefeitura-acolheu-470-mulheres-vitimas-de-violencia-em-2025\/"]}]},{"@type":"ImageObject","inLanguage":"pt-BR","@id":"https:\/\/expresso.estadao.com.br\/sao-paulo\/2026\/03\/09\/prefeitura-acolheu-470-mulheres-vitimas-de-violencia-em-2025\/#primaryimage","url":"https:\/\/expresso.estadao.com.br\/sao-paulo\/wp-content\/uploads\/2026\/03\/AdobeStock_591429680-scaled.jpeg","contentUrl":"https:\/\/expresso.estadao.com.br\/sao-paulo\/wp-content\/uploads\/2026\/03\/AdobeStock_591429680-scaled.jpeg","width":2560,"height":1708,"caption":"Foto: Adobe Stock"},{"@type":"BreadcrumbList","@id":"https:\/\/expresso.estadao.com.br\/sao-paulo\/2026\/03\/09\/prefeitura-acolheu-470-mulheres-vitimas-de-violencia-em-2025\/#breadcrumb","itemListElement":[{"@type":"ListItem","position":1,"name":"In\u00edcio","item":"https:\/\/expresso.estadao.com.br\/sao-paulo\/"},{"@type":"ListItem","position":2,"name":"Prefeitura acolheu 470 mulheres v\u00edtimas de viol\u00eancia em 2025"}]},{"@type":"WebSite","@id":"https:\/\/expresso.estadao.com.br\/sao-paulo\/#website","url":"https:\/\/expresso.estadao.com.br\/sao-paulo\/","name":"Estad\u00e3o Expresso S\u00e3o Paulo","description":"Conte\u00fado de presta\u00e7\u00e3o de servi\u00e7o para que os moradores da cidade de S\u00e3o Paulo possam se informar melhor e usar de maneira mais eficaz os servi\u00e7os p\u00fablicos municipais.","potentialAction":[{"@type":"SearchAction","target":{"@type":"EntryPoint","urlTemplate":"https:\/\/expresso.estadao.com.br\/sao-paulo\/?s={search_term_string}"},"query-input":{"@type":"PropertyValueSpecification","valueRequired":true,"valueName":"search_term_string"}}],"inLanguage":"pt-BR"},{"@type":"Person","@id":"https:\/\/expresso.estadao.com.br\/sao-paulo\/#\/schema\/person\/f45f9e313ba8cbe5af9424f387ddef42","name":"fabio_bairros","image":{"@type":"ImageObject","inLanguage":"pt-BR","@id":"https:\/\/expresso.estadao.com.br\/sao-paulo\/#\/schema\/person\/image\/","url":"https:\/\/secure.gravatar.com\/avatar\/fbecca90befcfda9505216ce0dc87261326cb6644deb5861e7ab404061c24246?s=96&d=mm&r=g","contentUrl":"https:\/\/secure.gravatar.com\/avatar\/fbecca90befcfda9505216ce0dc87261326cb6644deb5861e7ab404061c24246?s=96&d=mm&r=g","caption":"fabio_bairros"}}]}},"_links":{"self":[{"href":"https:\/\/expresso.estadao.com.br\/sao-paulo\/wp-json\/wp\/v2\/posts\/12680","targetHints":{"allow":["GET"]}}],"collection":[{"href":"https:\/\/expresso.estadao.com.br\/sao-paulo\/wp-json\/wp\/v2\/posts"}],"about":[{"href":"https:\/\/expresso.estadao.com.br\/sao-paulo\/wp-json\/wp\/v2\/types\/post"}],"author":[{"embeddable":true,"href":"https:\/\/expresso.estadao.com.br\/sao-paulo\/wp-json\/wp\/v2\/users\/4"}],"replies":[{"embeddable":true,"href":"https:\/\/expresso.estadao.com.br\/sao-paulo\/wp-json\/wp\/v2\/comments?post=12680"}],"version-history":[{"count":2,"href":"https:\/\/expresso.estadao.com.br\/sao-paulo\/wp-json\/wp\/v2\/posts\/12680\/revisions"}],"predecessor-version":[{"id":12682,"href":"https:\/\/expresso.estadao.com.br\/sao-paulo\/wp-json\/wp\/v2\/posts\/12680\/revisions\/12682"}],"wp:featuredmedia":[{"embeddable":true,"href":"https:\/\/expresso.estadao.com.br\/sao-paulo\/wp-json\/wp\/v2\/media\/12683"}],"wp:attachment":[{"href":"https:\/\/expresso.estadao.com.br\/sao-paulo\/wp-json\/wp\/v2\/media?parent=12680"}],"wp:term":[{"taxonomy":"category","embeddable":true,"href":"https:\/\/expresso.estadao.com.br\/sao-paulo\/wp-json\/wp\/v2\/categories?post=12680"},{"taxonomy":"post_tag","embeddable":true,"href":"https:\/\/expresso.estadao.com.br\/sao-paulo\/wp-json\/wp\/v2\/tags?post=12680"}],"curies":[{"name":"wp","href":"https:\/\/api.w.org\/{rel}","templated":true}]}}