{"id":12685,"date":"2026-03-10T08:38:58","date_gmt":"2026-03-10T11:38:58","guid":{"rendered":"https:\/\/expresso.estadao.com.br\/sao-paulo\/?p=12685"},"modified":"2026-03-11T16:11:28","modified_gmt":"2026-03-11T19:11:28","slug":"prefeitura-entrega-251-apartamentos-a-familias-que-moravam-em-area-de-risco","status":"publish","type":"post","link":"https:\/\/expresso.estadao.com.br\/sao-paulo\/2026\/03\/10\/prefeitura-entrega-251-apartamentos-a-familias-que-moravam-em-area-de-risco\/","title":{"rendered":"Prefeitura entrega 251 apartamentos a fam\u00edlias que moravam em \u00e1rea de risco"},"content":{"rendered":"<p>A Prefeitura de S\u00e3o Paulo entregou nesta segunda-feira (9) as primeiras 251 unidades habitacionais do residencial Boulevard da Paz, na regi\u00e3o do M&#8217;Boi Mirim, na zona sul da capital. Com investimento de R$ 48,5 milh\u00f5es, os apartamentos fazem parte da primeira etapa do empreendimento, que ter\u00e1 539 unidades ap\u00f3s a conclus\u00e3o das obras.<\/p>\n<p>As moradias foram viabilizadas pelo <a href=\"https:\/\/prefeitura.sp.gov.br\/web\/secretaria_executiva_do_programa_mananciais\/w\/332560\">Programa Mananciais<\/a>, voltado \u00e0 urbaniza\u00e7\u00e3o de \u00e1reas pr\u00f3ximas \u00e0s represas Guarapiranga e Billings e ao reassentamento de fam\u00edlias que viviam em \u00e1reas de risco ou recebiam aux\u00edlio aluguel. O programa integra a\u00e7\u00f5es de habita\u00e7\u00e3o, saneamento e recupera\u00e7\u00e3o ambiental em regi\u00f5es de mananciais.<\/p>\n<p>Cada apartamento tem cerca de 48 metros quadrados, com dois dormit\u00f3rios, sala, cozinha, banheiro e \u00e1rea de servi\u00e7o. O edif\u00edcio conta com elevador e unidades adapt\u00e1veis para pessoas com defici\u00eancia ou mobilidade reduzida. As \u00e1reas comuns incluem sal\u00e3o de festas, biciclet\u00e1rio, parquinho infantil, red\u00e1rio e churrasqueira.<\/p>\n<p><img loading=\"lazy\" decoding=\"async\" class=\"alignnone size-large wp-image-12688\" src=\"https:\/\/expresso.estadao.com.br\/sao-paulo\/wp-content\/uploads\/2026\/03\/20260309_entrega_Boulevard_da_Paz_SB-29-1110x740.jpg\" alt=\"\" width=\"1110\" height=\"740\" srcset=\"https:\/\/expresso.estadao.com.br\/sao-paulo\/wp-content\/uploads\/2026\/03\/20260309_entrega_Boulevard_da_Paz_SB-29-1110x740.jpg 1110w, https:\/\/expresso.estadao.com.br\/sao-paulo\/wp-content\/uploads\/2026\/03\/20260309_entrega_Boulevard_da_Paz_SB-29-450x300.jpg 450w, https:\/\/expresso.estadao.com.br\/sao-paulo\/wp-content\/uploads\/2026\/03\/20260309_entrega_Boulevard_da_Paz_SB-29-768x512.jpg 768w, https:\/\/expresso.estadao.com.br\/sao-paulo\/wp-content\/uploads\/2026\/03\/20260309_entrega_Boulevard_da_Paz_SB-29-1536x1025.jpg 1536w, https:\/\/expresso.estadao.com.br\/sao-paulo\/wp-content\/uploads\/2026\/03\/20260309_entrega_Boulevard_da_Paz_SB-29.jpg 2048w\" sizes=\"auto, (max-width: 1110px) 100vw, 1110px\" \/><\/p>\n<p>O pr\u00e9dio possui piso t\u00e9rreo e 11 andares. No quarto pavimento foram instaladas tr\u00eas salas multiuso: uma com biblioteca e sala de estudos, outra com brinquedoteca e sala de jogos e uma terceira com academia e sala de dan\u00e7a.<\/p>\n<p>No entorno do residencial h\u00e1 equipamentos p\u00fablicos como creches e escolas, os Centros Educacionais Unificados Feiti\u00e7o da Vila e Guarapiranga, al\u00e9m de uma Unidade B\u00e1sica de Sa\u00fade (UBS), uma Assist\u00eancia M\u00e9dica Ambulatorial (AMA) e um centro esportivo.<\/p>\n<p><strong>Urbaniza\u00e7\u00e3o<\/strong><\/p>\n<p>Al\u00e9m das unidades habitacionais, o Programa Mananciais inclui obras de urbaniza\u00e7\u00e3o no entorno do empreendimento. As interven\u00e7\u00f5es beneficiam cerca de 2,6 mil fam\u00edlias da regi\u00e3o.<\/p>\n<p>At\u00e9 o momento, foram aplicados R$ 56,6 milh\u00f5es nas obras, que incluem implanta\u00e7\u00e3o de redes de \u00e1gua, esgoto e drenagem, canaliza\u00e7\u00e3o de c\u00f3rrego, abertura de sistema vi\u00e1rio e vielas, al\u00e9m da constru\u00e7\u00e3o de escadarias e conten\u00e7\u00f5es em \u00e1reas de risco.<\/p>\n<p>Foram executados 1,4 mil metros de redes de \u00e1gua, 2,3 mil metros de redes de esgoto, 1,5 mil metros de redes de drenagem e 309 metros de canaliza\u00e7\u00e3o de c\u00f3rrego. As obras tamb\u00e9m incluem 36,7 mil metros quadrados de conten\u00e7\u00e3o de encostas, 37,5 mil metros de muros de conten\u00e7\u00e3o, 2,9 mil metros quadrados de pavimenta\u00e7\u00e3o e 36,7 mil metros quadrados de plantio de grama.<\/p>\n<p><strong>Novos equipamentos p\u00fablicos<\/strong><\/p>\n<p>O projeto prev\u00ea ainda a instala\u00e7\u00e3o de novos equipamentos p\u00fablicos no conjunto. Uma Unidade B\u00e1sica de Sa\u00fade ser\u00e1 entregue na segunda etapa do empreendimento. Tamb\u00e9m est\u00e1 em implanta\u00e7\u00e3o um espa\u00e7o Teia, rede de ambientes de trabalho gratuitos e compartilhados administrada pela Ag\u00eancia S\u00e3o Paulo de Desenvolvimento (Adesampa), vinculada \u00e0 Secretaria Municipal de Desenvolvimento Econ\u00f4mico e Trabalho.<\/p>\n","protected":false},"excerpt":{"rendered":"<p>A Prefeitura de S\u00e3o Paulo entregou nesta segunda-feira (9) as primeiras 251 unidades habitacionais do residencial Boulevard da Paz, na regi\u00e3o do M&#8217;Boi Mirim, na zona sul da capital. Com investimento de R$ 48,5 milh\u00f5es, os apartamentos fazem parte da primeira etapa do empreendimento, que ter\u00e1 539 unidades ap\u00f3s a conclus\u00e3o das obras. As moradias [&hellip;]<\/p>\n","protected":false},"author":4,"featured_media":12687,"comment_status":"open","ping_status":"closed","sticky":false,"template":"","format":"standard","meta":{"_acf_changed":false,"_monsterinsights_skip_tracking":false,"_monsterinsights_sitenote_active":false,"_monsterinsights_sitenote_note":"","_monsterinsights_sitenote_category":0,"footnotes":""},"categories":[750],"tags":[1359,52],"class_list":["post-12685","post","type-post","status-publish","format-standard","has-post-thumbnail","hentry","category-habitacao","tag-apartamentos-populares","tag-prefeitura-de-sao-paulo"],"acf":[],"yoast_head":"<!-- This site is optimized with the Yoast SEO plugin v24.1 - https:\/\/yoast.com\/wordpress\/plugins\/seo\/ -->\n<title>Prefeitura entrega apartamentos - Estad\u00e3o Expresso S\u00e3o Paulo<\/title>\n<meta name=\"description\" content=\"Unidades fazem do residencial Boulevard da Paz, na zona sul de S\u00e3o Paulo; regi\u00e3o que est\u00e1 recebendo interven\u00e7\u00f5es de urbaniza\u00e7\u00e3o\" \/>\n<meta name=\"robots\" content=\"index, follow, max-snippet:-1, max-image-preview:large, max-video-preview:-1\" \/>\n<link rel=\"canonical\" href=\"https:\/\/expresso.estadao.com.br\/sao-paulo\/2026\/03\/10\/prefeitura-entrega-251-apartamentos-a-familias-que-moravam-em-area-de-risco\/\" \/>\n<meta property=\"og:locale\" content=\"pt_BR\" \/>\n<meta property=\"og:type\" content=\"article\" \/>\n<meta property=\"og:title\" content=\"Prefeitura entrega apartamentos - Estad\u00e3o Expresso S\u00e3o Paulo\" \/>\n<meta property=\"og:description\" content=\"Unidades fazem do residencial Boulevard da Paz, na zona sul de S\u00e3o Paulo; regi\u00e3o que est\u00e1 recebendo interven\u00e7\u00f5es de urbaniza\u00e7\u00e3o\" \/>\n<meta property=\"og:url\" content=\"https:\/\/expresso.estadao.com.br\/sao-paulo\/2026\/03\/10\/prefeitura-entrega-251-apartamentos-a-familias-que-moravam-em-area-de-risco\/\" \/>\n<meta property=\"og:site_name\" content=\"Estad\u00e3o Expresso S\u00e3o Paulo\" \/>\n<meta property=\"article:published_time\" content=\"2026-03-10T11:38:58+00:00\" \/>\n<meta property=\"article:modified_time\" content=\"2026-03-11T19:11:28+00:00\" \/>\n<meta property=\"og:image\" content=\"https:\/\/expresso.estadao.com.br\/sao-paulo\/wp-content\/uploads\/2026\/03\/20260309_entrega_Boulevard_da_Paz_SB-24-scaled.jpg\" \/>\n\t<meta property=\"og:image:type\" content=\"image\/jpeg\" \/>\n<meta name=\"author\" content=\"fabio_bairros\" \/>\n<meta name=\"twitter:card\" content=\"summary_large_image\" \/>\n<meta name=\"twitter:label1\" content=\"Escrito por\" \/>\n\t<meta name=\"twitter:data1\" content=\"fabio_bairros\" \/>\n\t<meta name=\"twitter:label2\" content=\"Est. tempo de leitura\" \/>\n\t<meta name=\"twitter:data2\" content=\"3 minutos\" \/>\n<script type=\"application\/ld+json\" class=\"yoast-schema-graph\">{\"@context\":\"https:\/\/schema.org\",\"@graph\":[{\"@type\":\"WebPage\",\"@id\":\"https:\/\/expresso.estadao.com.br\/sao-paulo\/2026\/03\/10\/prefeitura-entrega-251-apartamentos-a-familias-que-moravam-em-area-de-risco\/\",\"url\":\"https:\/\/expresso.estadao.com.br\/sao-paulo\/2026\/03\/10\/prefeitura-entrega-251-apartamentos-a-familias-que-moravam-em-area-de-risco\/\",\"name\":\"Prefeitura entrega apartamentos - Estad\u00e3o Expresso S\u00e3o Paulo\",\"isPartOf\":{\"@id\":\"https:\/\/expresso.estadao.com.br\/sao-paulo\/#website\"},\"primaryImageOfPage\":{\"@id\":\"https:\/\/expresso.estadao.com.br\/sao-paulo\/2026\/03\/10\/prefeitura-entrega-251-apartamentos-a-familias-que-moravam-em-area-de-risco\/#primaryimage\"},\"image\":{\"@id\":\"https:\/\/expresso.estadao.com.br\/sao-paulo\/2026\/03\/10\/prefeitura-entrega-251-apartamentos-a-familias-que-moravam-em-area-de-risco\/#primaryimage\"},\"thumbnailUrl\":\"https:\/\/expresso.estadao.com.br\/sao-paulo\/wp-content\/uploads\/2026\/03\/20260309_entrega_Boulevard_da_Paz_SB-24-scaled.jpg\",\"datePublished\":\"2026-03-10T11:38:58+00:00\",\"dateModified\":\"2026-03-11T19:11:28+00:00\",\"author\":{\"@id\":\"https:\/\/expresso.estadao.com.br\/sao-paulo\/#\/schema\/person\/f45f9e313ba8cbe5af9424f387ddef42\"},\"description\":\"Unidades fazem do residencial Boulevard da Paz, na zona sul de S\u00e3o Paulo; regi\u00e3o que est\u00e1 recebendo interven\u00e7\u00f5es de urbaniza\u00e7\u00e3o\",\"breadcrumb\":{\"@id\":\"https:\/\/expresso.estadao.com.br\/sao-paulo\/2026\/03\/10\/prefeitura-entrega-251-apartamentos-a-familias-que-moravam-em-area-de-risco\/#breadcrumb\"},\"inLanguage\":\"pt-BR\",\"potentialAction\":[{\"@type\":\"ReadAction\",\"target\":[\"https:\/\/expresso.estadao.com.br\/sao-paulo\/2026\/03\/10\/prefeitura-entrega-251-apartamentos-a-familias-que-moravam-em-area-de-risco\/\"]}]},{\"@type\":\"ImageObject\",\"inLanguage\":\"pt-BR\",\"@id\":\"https:\/\/expresso.estadao.com.br\/sao-paulo\/2026\/03\/10\/prefeitura-entrega-251-apartamentos-a-familias-que-moravam-em-area-de-risco\/#primaryimage\",\"url\":\"https:\/\/expresso.estadao.com.br\/sao-paulo\/wp-content\/uploads\/2026\/03\/20260309_entrega_Boulevard_da_Paz_SB-24-scaled.jpg\",\"contentUrl\":\"https:\/\/expresso.estadao.com.br\/sao-paulo\/wp-content\/uploads\/2026\/03\/20260309_entrega_Boulevard_da_Paz_SB-24-scaled.jpg\",\"width\":2048,\"height\":1536,\"caption\":\"Fotos: Sergio Barzaghi\/Divulga\u00e7\u00e3o\/Secom\"},{\"@type\":\"BreadcrumbList\",\"@id\":\"https:\/\/expresso.estadao.com.br\/sao-paulo\/2026\/03\/10\/prefeitura-entrega-251-apartamentos-a-familias-que-moravam-em-area-de-risco\/#breadcrumb\",\"itemListElement\":[{\"@type\":\"ListItem\",\"position\":1,\"name\":\"In\u00edcio\",\"item\":\"https:\/\/expresso.estadao.com.br\/sao-paulo\/\"},{\"@type\":\"ListItem\",\"position\":2,\"name\":\"Prefeitura entrega 251 apartamentos a fam\u00edlias que moravam em \u00e1rea de risco\"}]},{\"@type\":\"WebSite\",\"@id\":\"https:\/\/expresso.estadao.com.br\/sao-paulo\/#website\",\"url\":\"https:\/\/expresso.estadao.com.br\/sao-paulo\/\",\"name\":\"Estad\u00e3o Expresso S\u00e3o Paulo\",\"description\":\"Conte\u00fado de presta\u00e7\u00e3o de servi\u00e7o para que os moradores da cidade de S\u00e3o Paulo possam se informar melhor e usar de maneira mais eficaz os servi\u00e7os p\u00fablicos municipais.\",\"potentialAction\":[{\"@type\":\"SearchAction\",\"target\":{\"@type\":\"EntryPoint\",\"urlTemplate\":\"https:\/\/expresso.estadao.com.br\/sao-paulo\/?s={search_term_string}\"},\"query-input\":{\"@type\":\"PropertyValueSpecification\",\"valueRequired\":true,\"valueName\":\"search_term_string\"}}],\"inLanguage\":\"pt-BR\"},{\"@type\":\"Person\",\"@id\":\"https:\/\/expresso.estadao.com.br\/sao-paulo\/#\/schema\/person\/f45f9e313ba8cbe5af9424f387ddef42\",\"name\":\"fabio_bairros\",\"image\":{\"@type\":\"ImageObject\",\"inLanguage\":\"pt-BR\",\"@id\":\"https:\/\/expresso.estadao.com.br\/sao-paulo\/#\/schema\/person\/image\/\",\"url\":\"https:\/\/secure.gravatar.com\/avatar\/fbecca90befcfda9505216ce0dc87261326cb6644deb5861e7ab404061c24246?s=96&d=mm&r=g\",\"contentUrl\":\"https:\/\/secure.gravatar.com\/avatar\/fbecca90befcfda9505216ce0dc87261326cb6644deb5861e7ab404061c24246?s=96&d=mm&r=g\",\"caption\":\"fabio_bairros\"}}]}<\/script>\n<!-- \/ Yoast SEO plugin. -->","yoast_head_json":{"title":"Prefeitura entrega apartamentos - Estad\u00e3o Expresso S\u00e3o Paulo","description":"Unidades fazem do residencial Boulevard da Paz, na zona sul de S\u00e3o Paulo; regi\u00e3o que est\u00e1 recebendo interven\u00e7\u00f5es de urbaniza\u00e7\u00e3o","robots":{"index":"index","follow":"follow","max-snippet":"max-snippet:-1","max-image-preview":"max-image-preview:large","max-video-preview":"max-video-preview:-1"},"canonical":"https:\/\/expresso.estadao.com.br\/sao-paulo\/2026\/03\/10\/prefeitura-entrega-251-apartamentos-a-familias-que-moravam-em-area-de-risco\/","og_locale":"pt_BR","og_type":"article","og_title":"Prefeitura entrega apartamentos - Estad\u00e3o Expresso S\u00e3o Paulo","og_description":"Unidades fazem do residencial Boulevard da Paz, na zona sul de S\u00e3o Paulo; regi\u00e3o que est\u00e1 recebendo interven\u00e7\u00f5es de urbaniza\u00e7\u00e3o","og_url":"https:\/\/expresso.estadao.com.br\/sao-paulo\/2026\/03\/10\/prefeitura-entrega-251-apartamentos-a-familias-que-moravam-em-area-de-risco\/","og_site_name":"Estad\u00e3o Expresso S\u00e3o Paulo","article_published_time":"2026-03-10T11:38:58+00:00","article_modified_time":"2026-03-11T19:11:28+00:00","og_image":[{"width":"","height":"","url":"https:\/\/expresso.estadao.com.br\/sao-paulo\/wp-content\/uploads\/2026\/03\/20260309_entrega_Boulevard_da_Paz_SB-24-scaled.jpg","type":"image\/jpeg"}],"author":"fabio_bairros","twitter_card":"summary_large_image","twitter_misc":{"Escrito por":"fabio_bairros","Est. tempo de leitura":"3 minutos"},"schema":{"@context":"https:\/\/schema.org","@graph":[{"@type":"WebPage","@id":"https:\/\/expresso.estadao.com.br\/sao-paulo\/2026\/03\/10\/prefeitura-entrega-251-apartamentos-a-familias-que-moravam-em-area-de-risco\/","url":"https:\/\/expresso.estadao.com.br\/sao-paulo\/2026\/03\/10\/prefeitura-entrega-251-apartamentos-a-familias-que-moravam-em-area-de-risco\/","name":"Prefeitura entrega apartamentos - Estad\u00e3o Expresso S\u00e3o Paulo","isPartOf":{"@id":"https:\/\/expresso.estadao.com.br\/sao-paulo\/#website"},"primaryImageOfPage":{"@id":"https:\/\/expresso.estadao.com.br\/sao-paulo\/2026\/03\/10\/prefeitura-entrega-251-apartamentos-a-familias-que-moravam-em-area-de-risco\/#primaryimage"},"image":{"@id":"https:\/\/expresso.estadao.com.br\/sao-paulo\/2026\/03\/10\/prefeitura-entrega-251-apartamentos-a-familias-que-moravam-em-area-de-risco\/#primaryimage"},"thumbnailUrl":"https:\/\/expresso.estadao.com.br\/sao-paulo\/wp-content\/uploads\/2026\/03\/20260309_entrega_Boulevard_da_Paz_SB-24-scaled.jpg","datePublished":"2026-03-10T11:38:58+00:00","dateModified":"2026-03-11T19:11:28+00:00","author":{"@id":"https:\/\/expresso.estadao.com.br\/sao-paulo\/#\/schema\/person\/f45f9e313ba8cbe5af9424f387ddef42"},"description":"Unidades fazem do residencial Boulevard da Paz, na zona sul de S\u00e3o Paulo; regi\u00e3o que est\u00e1 recebendo interven\u00e7\u00f5es de urbaniza\u00e7\u00e3o","breadcrumb":{"@id":"https:\/\/expresso.estadao.com.br\/sao-paulo\/2026\/03\/10\/prefeitura-entrega-251-apartamentos-a-familias-que-moravam-em-area-de-risco\/#breadcrumb"},"inLanguage":"pt-BR","potentialAction":[{"@type":"ReadAction","target":["https:\/\/expresso.estadao.com.br\/sao-paulo\/2026\/03\/10\/prefeitura-entrega-251-apartamentos-a-familias-que-moravam-em-area-de-risco\/"]}]},{"@type":"ImageObject","inLanguage":"pt-BR","@id":"https:\/\/expresso.estadao.com.br\/sao-paulo\/2026\/03\/10\/prefeitura-entrega-251-apartamentos-a-familias-que-moravam-em-area-de-risco\/#primaryimage","url":"https:\/\/expresso.estadao.com.br\/sao-paulo\/wp-content\/uploads\/2026\/03\/20260309_entrega_Boulevard_da_Paz_SB-24-scaled.jpg","contentUrl":"https:\/\/expresso.estadao.com.br\/sao-paulo\/wp-content\/uploads\/2026\/03\/20260309_entrega_Boulevard_da_Paz_SB-24-scaled.jpg","width":2048,"height":1536,"caption":"Fotos: Sergio Barzaghi\/Divulga\u00e7\u00e3o\/Secom"},{"@type":"BreadcrumbList","@id":"https:\/\/expresso.estadao.com.br\/sao-paulo\/2026\/03\/10\/prefeitura-entrega-251-apartamentos-a-familias-que-moravam-em-area-de-risco\/#breadcrumb","itemListElement":[{"@type":"ListItem","position":1,"name":"In\u00edcio","item":"https:\/\/expresso.estadao.com.br\/sao-paulo\/"},{"@type":"ListItem","position":2,"name":"Prefeitura entrega 251 apartamentos a fam\u00edlias que moravam em \u00e1rea de risco"}]},{"@type":"WebSite","@id":"https:\/\/expresso.estadao.com.br\/sao-paulo\/#website","url":"https:\/\/expresso.estadao.com.br\/sao-paulo\/","name":"Estad\u00e3o Expresso S\u00e3o Paulo","description":"Conte\u00fado de presta\u00e7\u00e3o de servi\u00e7o para que os moradores da cidade de S\u00e3o Paulo possam se informar melhor e usar de maneira mais eficaz os servi\u00e7os p\u00fablicos municipais.","potentialAction":[{"@type":"SearchAction","target":{"@type":"EntryPoint","urlTemplate":"https:\/\/expresso.estadao.com.br\/sao-paulo\/?s={search_term_string}"},"query-input":{"@type":"PropertyValueSpecification","valueRequired":true,"valueName":"search_term_string"}}],"inLanguage":"pt-BR"},{"@type":"Person","@id":"https:\/\/expresso.estadao.com.br\/sao-paulo\/#\/schema\/person\/f45f9e313ba8cbe5af9424f387ddef42","name":"fabio_bairros","image":{"@type":"ImageObject","inLanguage":"pt-BR","@id":"https:\/\/expresso.estadao.com.br\/sao-paulo\/#\/schema\/person\/image\/","url":"https:\/\/secure.gravatar.com\/avatar\/fbecca90befcfda9505216ce0dc87261326cb6644deb5861e7ab404061c24246?s=96&d=mm&r=g","contentUrl":"https:\/\/secure.gravatar.com\/avatar\/fbecca90befcfda9505216ce0dc87261326cb6644deb5861e7ab404061c24246?s=96&d=mm&r=g","caption":"fabio_bairros"}}]}},"_links":{"self":[{"href":"https:\/\/expresso.estadao.com.br\/sao-paulo\/wp-json\/wp\/v2\/posts\/12685","targetHints":{"allow":["GET"]}}],"collection":[{"href":"https:\/\/expresso.estadao.com.br\/sao-paulo\/wp-json\/wp\/v2\/posts"}],"about":[{"href":"https:\/\/expresso.estadao.com.br\/sao-paulo\/wp-json\/wp\/v2\/types\/post"}],"author":[{"embeddable":true,"href":"https:\/\/expresso.estadao.com.br\/sao-paulo\/wp-json\/wp\/v2\/users\/4"}],"replies":[{"embeddable":true,"href":"https:\/\/expresso.estadao.com.br\/sao-paulo\/wp-json\/wp\/v2\/comments?post=12685"}],"version-history":[{"count":6,"href":"https:\/\/expresso.estadao.com.br\/sao-paulo\/wp-json\/wp\/v2\/posts\/12685\/revisions"}],"predecessor-version":[{"id":12719,"href":"https:\/\/expresso.estadao.com.br\/sao-paulo\/wp-json\/wp\/v2\/posts\/12685\/revisions\/12719"}],"wp:featuredmedia":[{"embeddable":true,"href":"https:\/\/expresso.estadao.com.br\/sao-paulo\/wp-json\/wp\/v2\/media\/12687"}],"wp:attachment":[{"href":"https:\/\/expresso.estadao.com.br\/sao-paulo\/wp-json\/wp\/v2\/media?parent=12685"}],"wp:term":[{"taxonomy":"category","embeddable":true,"href":"https:\/\/expresso.estadao.com.br\/sao-paulo\/wp-json\/wp\/v2\/categories?post=12685"},{"taxonomy":"post_tag","embeddable":true,"href":"https:\/\/expresso.estadao.com.br\/sao-paulo\/wp-json\/wp\/v2\/tags?post=12685"}],"curies":[{"name":"wp","href":"https:\/\/api.w.org\/{rel}","templated":true}]}}