{"id":12693,"date":"2026-03-10T09:00:26","date_gmt":"2026-03-10T12:00:26","guid":{"rendered":"https:\/\/expresso.estadao.com.br\/sao-paulo\/?p=12693"},"modified":"2026-03-10T09:00:26","modified_gmt":"2026-03-10T12:00:26","slug":"prefeitura-transforma-area-degradada-em-parque-na-zona-leste","status":"publish","type":"post","link":"https:\/\/expresso.estadao.com.br\/sao-paulo\/2026\/03\/10\/prefeitura-transforma-area-degradada-em-parque-na-zona-leste\/","title":{"rendered":"Prefeitura transforma \u00e1rea degradada em parque na zona leste"},"content":{"rendered":"<p>A Prefeitura de S\u00e3o Paulo inaugurou nesta sexta-feira (6), na zona leste, o <a href=\"https:\/\/prefeitura.sp.gov.br\/web\/meio_ambiente\/w\/pnm-parque-natural-municipal-cabeceiras-do-aricanduva\">Parque Natural Municipal Cabeceiras do Aricanduva<\/a>, criado para proteger nascentes do rio Aricanduva e recuperar uma \u00e1rea que por anos registrou descarte irregular de lixo e degrada\u00e7\u00e3o ambiental.<\/p>\n<p>O parque \u00e9 o 14\u00ba inaugurado desde 2021, o s\u00e9timo parque natural e o 122\u00ba parque municipal da capital. A cria\u00e7\u00e3o do espa\u00e7o integra a pol\u00edtica municipal de amplia\u00e7\u00e3o de \u00e1reas verdes, que elevou a cobertura vegetal da cidade para mais de 50% do territ\u00f3rio, com plantio de mais de 165 mil \u00e1rvores at\u00e9 fevereiro de 2026 e publica\u00e7\u00e3o de 49 decretos de utilidade p\u00fablica para prote\u00e7\u00e3o de \u00e1reas verdes.<\/p>\n<p>A unidade contar\u00e1 com quatro n\u00facleos distribu\u00eddos em uma \u00e1rea total de 2.214.301,80 metros quadrados. Nesta primeira etapa foram abertos ao p\u00fablico cerca de 100 mil metros quadrados.<\/p>\n<p><img loading=\"lazy\" decoding=\"async\" class=\"alignnone size-large wp-image-12696\" src=\"https:\/\/expresso.estadao.com.br\/sao-paulo\/wp-content\/uploads\/2026\/03\/20260306_parque_cabeceiras_Aricanduva_SB-07-1110x740.jpg\" alt=\"\" width=\"1110\" height=\"740\" srcset=\"https:\/\/expresso.estadao.com.br\/sao-paulo\/wp-content\/uploads\/2026\/03\/20260306_parque_cabeceiras_Aricanduva_SB-07-1110x740.jpg 1110w, https:\/\/expresso.estadao.com.br\/sao-paulo\/wp-content\/uploads\/2026\/03\/20260306_parque_cabeceiras_Aricanduva_SB-07-450x300.jpg 450w, https:\/\/expresso.estadao.com.br\/sao-paulo\/wp-content\/uploads\/2026\/03\/20260306_parque_cabeceiras_Aricanduva_SB-07-768x512.jpg 768w, https:\/\/expresso.estadao.com.br\/sao-paulo\/wp-content\/uploads\/2026\/03\/20260306_parque_cabeceiras_Aricanduva_SB-07-1536x1025.jpg 1536w, https:\/\/expresso.estadao.com.br\/sao-paulo\/wp-content\/uploads\/2026\/03\/20260306_parque_cabeceiras_Aricanduva_SB-07.jpg 2048w\" sizes=\"auto, (max-width: 1110px) 100vw, 1110px\" \/><\/p>\n<p>A aquisi\u00e7\u00e3o dos terrenos foi conclu\u00edda em 2023, com investimento aproximado de R$ 49 milh\u00f5es em desapropria\u00e7\u00f5es e mais R$ 9,4 milh\u00f5es destinados \u00e0 implanta\u00e7\u00e3o do parque.<\/p>\n<p>Formada pelos n\u00facleos Cabeceiras, Nascentes 02, Limoeiro e Carvalho Brasileiro, a \u00e1rea tem como objetivo preservar as nascentes que d\u00e3o origem ao rio Aricanduva, conservar a biodiversidade local e permitir atividades de pesquisa cient\u00edfica e educa\u00e7\u00e3o ambiental.<\/p>\n<p><strong>Estrutura do parque<\/strong><\/p>\n<p>O n\u00facleo principal, com acesso pela Rua Gigi Damiani, possui mirante, passarela elevada, torre de observa\u00e7\u00e3o, ilumina\u00e7\u00e3o, parquinhos, pracinhas e pra\u00e7a de recrea\u00e7\u00e3o com miniquadra, al\u00e9m de equipamentos para atividade f\u00edsica, sede administrativa, guarita, cal\u00e7adas acess\u00edveis e mobili\u00e1rio urbano.<\/p>\n<p>O espa\u00e7o recebeu plantio de esp\u00e9cies nativas da Mata Atl\u00e2ntica e melhorias no entorno, incluindo novo abrigo para a parada da linha de \u00f4nibus 3789-10. Os demais n\u00facleos \u2014 Nascentes 02, Limoeiro e Carvalho Brasileiro \u2014 contam com guaritas e cercamento para prote\u00e7\u00e3o ambiental da \u00e1rea.<\/p>\n<p><strong>Sustentabilidade e pesquisa<\/strong><\/p>\n<p>A sede administrativa foi projetada com solu\u00e7\u00f5es de sustentabilidade, incluindo estrutura elevada para aumentar a permeabilidade do solo, pain\u00e9is fotovoltaicos com capacidade de 13.310 W, sistema de capta\u00e7\u00e3o de \u00e1gua da chuva com reservat\u00f3rio de 15 mil litros, ventila\u00e7\u00e3o cruzada e ilumina\u00e7\u00e3o natural.<\/p>\n<p>A estrutura tamb\u00e9m inclui dormit\u00f3rios destinados a pesquisadores, permitindo a realiza\u00e7\u00e3o de estudos cient\u00edficos e monitoramento ambiental no local.<\/p>\n<p>Classificado como Unidade de Conserva\u00e7\u00e3o de Prote\u00e7\u00e3o Integral, o parque prioriza a preserva\u00e7\u00e3o da natureza e permite apenas o uso indireto dos recursos naturais, como pesquisa cient\u00edfica, educa\u00e7\u00e3o ambiental e observa\u00e7\u00e3o da biodiversidade.<\/p>\n<p><strong>Conectividade ambiental<\/strong><\/p>\n<p>A \u00e1rea integra o Corredor Ecol\u00f3gico Leste, previsto no Plano Municipal de Conserva\u00e7\u00e3o e Recupera\u00e7\u00e3o da Mata Atl\u00e2ntica, iniciativa voltada a garantir o fluxo de esp\u00e9cies entre fragmentos florestais da regi\u00e3o e fortalecer a biodiversidade na paisagem urbana.<\/p>\n","protected":false},"excerpt":{"rendered":"<p>A Prefeitura de S\u00e3o Paulo inaugurou nesta sexta-feira (6), na zona leste, o Parque Natural Municipal Cabeceiras do Aricanduva, criado para proteger nascentes do rio Aricanduva e recuperar uma \u00e1rea que por anos registrou descarte irregular de lixo e degrada\u00e7\u00e3o ambiental. O parque \u00e9 o 14\u00ba inaugurado desde 2021, o s\u00e9timo parque natural e o [&hellip;]<\/p>\n","protected":false},"author":4,"featured_media":12695,"comment_status":"open","ping_status":"closed","sticky":false,"template":"","format":"standard","meta":{"_acf_changed":false,"_monsterinsights_skip_tracking":false,"_monsterinsights_sitenote_active":false,"_monsterinsights_sitenote_note":"","_monsterinsights_sitenote_category":0,"footnotes":""},"categories":[756],"tags":[1360,52],"class_list":["post-12693","post","type-post","status-publish","format-standard","has-post-thumbnail","hentry","category-meio-ambiente","tag-parque-natural-cabeceiras-do-aricanduva","tag-prefeitura-de-sao-paulo"],"acf":[],"yoast_head":"<!-- This site is optimized with the Yoast SEO plugin v24.1 - https:\/\/yoast.com\/wordpress\/plugins\/seo\/ -->\n<title>Parque Natural Cabeceiras do Aricanduva - Estad\u00e3o Expresso<\/title>\n<meta name=\"description\" content=\"Unidade na zona leste protege nascentes do rio Aricanduva e recupera espa\u00e7o com mais de 2,2 milh\u00f5es de metros quadrados\" \/>\n<meta name=\"robots\" content=\"index, follow, max-snippet:-1, max-image-preview:large, max-video-preview:-1\" \/>\n<link rel=\"canonical\" href=\"https:\/\/expresso.estadao.com.br\/sao-paulo\/2026\/03\/10\/prefeitura-transforma-area-degradada-em-parque-na-zona-leste\/\" \/>\n<meta property=\"og:locale\" content=\"pt_BR\" \/>\n<meta property=\"og:type\" content=\"article\" \/>\n<meta property=\"og:title\" content=\"Parque Natural Cabeceiras do Aricanduva - Estad\u00e3o Expresso\" \/>\n<meta property=\"og:description\" content=\"Unidade na zona leste protege nascentes do rio Aricanduva e recupera espa\u00e7o com mais de 2,2 milh\u00f5es de metros quadrados\" \/>\n<meta property=\"og:url\" content=\"https:\/\/expresso.estadao.com.br\/sao-paulo\/2026\/03\/10\/prefeitura-transforma-area-degradada-em-parque-na-zona-leste\/\" \/>\n<meta property=\"og:site_name\" content=\"Estad\u00e3o Expresso S\u00e3o Paulo\" \/>\n<meta property=\"article:published_time\" content=\"2026-03-10T12:00:26+00:00\" \/>\n<meta property=\"og:image\" content=\"https:\/\/expresso.estadao.com.br\/sao-paulo\/wp-content\/uploads\/2026\/03\/20260306_parque_cabeceiras_Aricanduva_SB-02-scaled.jpg\" \/>\n\t<meta property=\"og:image:type\" content=\"image\/jpeg\" \/>\n<meta name=\"author\" content=\"fabio_bairros\" \/>\n<meta name=\"twitter:card\" content=\"summary_large_image\" \/>\n<meta name=\"twitter:label1\" content=\"Escrito por\" \/>\n\t<meta name=\"twitter:data1\" content=\"fabio_bairros\" \/>\n\t<meta name=\"twitter:label2\" content=\"Est. tempo de leitura\" \/>\n\t<meta name=\"twitter:data2\" content=\"3 minutos\" \/>\n<script type=\"application\/ld+json\" class=\"yoast-schema-graph\">{\"@context\":\"https:\/\/schema.org\",\"@graph\":[{\"@type\":\"WebPage\",\"@id\":\"https:\/\/expresso.estadao.com.br\/sao-paulo\/2026\/03\/10\/prefeitura-transforma-area-degradada-em-parque-na-zona-leste\/\",\"url\":\"https:\/\/expresso.estadao.com.br\/sao-paulo\/2026\/03\/10\/prefeitura-transforma-area-degradada-em-parque-na-zona-leste\/\",\"name\":\"Parque Natural Cabeceiras do Aricanduva - Estad\u00e3o Expresso\",\"isPartOf\":{\"@id\":\"https:\/\/expresso.estadao.com.br\/sao-paulo\/#website\"},\"primaryImageOfPage\":{\"@id\":\"https:\/\/expresso.estadao.com.br\/sao-paulo\/2026\/03\/10\/prefeitura-transforma-area-degradada-em-parque-na-zona-leste\/#primaryimage\"},\"image\":{\"@id\":\"https:\/\/expresso.estadao.com.br\/sao-paulo\/2026\/03\/10\/prefeitura-transforma-area-degradada-em-parque-na-zona-leste\/#primaryimage\"},\"thumbnailUrl\":\"https:\/\/expresso.estadao.com.br\/sao-paulo\/wp-content\/uploads\/2026\/03\/20260306_parque_cabeceiras_Aricanduva_SB-02-scaled.jpg\",\"datePublished\":\"2026-03-10T12:00:26+00:00\",\"dateModified\":\"2026-03-10T12:00:26+00:00\",\"author\":{\"@id\":\"https:\/\/expresso.estadao.com.br\/sao-paulo\/#\/schema\/person\/f45f9e313ba8cbe5af9424f387ddef42\"},\"description\":\"Unidade na zona leste protege nascentes do rio Aricanduva e recupera espa\u00e7o com mais de 2,2 milh\u00f5es de metros quadrados\",\"breadcrumb\":{\"@id\":\"https:\/\/expresso.estadao.com.br\/sao-paulo\/2026\/03\/10\/prefeitura-transforma-area-degradada-em-parque-na-zona-leste\/#breadcrumb\"},\"inLanguage\":\"pt-BR\",\"potentialAction\":[{\"@type\":\"ReadAction\",\"target\":[\"https:\/\/expresso.estadao.com.br\/sao-paulo\/2026\/03\/10\/prefeitura-transforma-area-degradada-em-parque-na-zona-leste\/\"]}]},{\"@type\":\"ImageObject\",\"inLanguage\":\"pt-BR\",\"@id\":\"https:\/\/expresso.estadao.com.br\/sao-paulo\/2026\/03\/10\/prefeitura-transforma-area-degradada-em-parque-na-zona-leste\/#primaryimage\",\"url\":\"https:\/\/expresso.estadao.com.br\/sao-paulo\/wp-content\/uploads\/2026\/03\/20260306_parque_cabeceiras_Aricanduva_SB-02-scaled.jpg\",\"contentUrl\":\"https:\/\/expresso.estadao.com.br\/sao-paulo\/wp-content\/uploads\/2026\/03\/20260306_parque_cabeceiras_Aricanduva_SB-02-scaled.jpg\",\"width\":2048,\"height\":1536,\"caption\":\"Fotos: Sergio Barzaghi\/Divulga\u00e7\u00e3o\/Secom\"},{\"@type\":\"BreadcrumbList\",\"@id\":\"https:\/\/expresso.estadao.com.br\/sao-paulo\/2026\/03\/10\/prefeitura-transforma-area-degradada-em-parque-na-zona-leste\/#breadcrumb\",\"itemListElement\":[{\"@type\":\"ListItem\",\"position\":1,\"name\":\"In\u00edcio\",\"item\":\"https:\/\/expresso.estadao.com.br\/sao-paulo\/\"},{\"@type\":\"ListItem\",\"position\":2,\"name\":\"Prefeitura transforma \u00e1rea degradada em parque na zona leste\"}]},{\"@type\":\"WebSite\",\"@id\":\"https:\/\/expresso.estadao.com.br\/sao-paulo\/#website\",\"url\":\"https:\/\/expresso.estadao.com.br\/sao-paulo\/\",\"name\":\"Estad\u00e3o Expresso S\u00e3o Paulo\",\"description\":\"Conte\u00fado de presta\u00e7\u00e3o de servi\u00e7o para que os moradores da cidade de S\u00e3o Paulo possam se informar melhor e usar de maneira mais eficaz os servi\u00e7os p\u00fablicos municipais.\",\"potentialAction\":[{\"@type\":\"SearchAction\",\"target\":{\"@type\":\"EntryPoint\",\"urlTemplate\":\"https:\/\/expresso.estadao.com.br\/sao-paulo\/?s={search_term_string}\"},\"query-input\":{\"@type\":\"PropertyValueSpecification\",\"valueRequired\":true,\"valueName\":\"search_term_string\"}}],\"inLanguage\":\"pt-BR\"},{\"@type\":\"Person\",\"@id\":\"https:\/\/expresso.estadao.com.br\/sao-paulo\/#\/schema\/person\/f45f9e313ba8cbe5af9424f387ddef42\",\"name\":\"fabio_bairros\",\"image\":{\"@type\":\"ImageObject\",\"inLanguage\":\"pt-BR\",\"@id\":\"https:\/\/expresso.estadao.com.br\/sao-paulo\/#\/schema\/person\/image\/\",\"url\":\"https:\/\/secure.gravatar.com\/avatar\/fbecca90befcfda9505216ce0dc87261326cb6644deb5861e7ab404061c24246?s=96&d=mm&r=g\",\"contentUrl\":\"https:\/\/secure.gravatar.com\/avatar\/fbecca90befcfda9505216ce0dc87261326cb6644deb5861e7ab404061c24246?s=96&d=mm&r=g\",\"caption\":\"fabio_bairros\"}}]}<\/script>\n<!-- \/ Yoast SEO plugin. -->","yoast_head_json":{"title":"Parque Natural Cabeceiras do Aricanduva - Estad\u00e3o Expresso","description":"Unidade na zona leste protege nascentes do rio Aricanduva e recupera espa\u00e7o com mais de 2,2 milh\u00f5es de metros quadrados","robots":{"index":"index","follow":"follow","max-snippet":"max-snippet:-1","max-image-preview":"max-image-preview:large","max-video-preview":"max-video-preview:-1"},"canonical":"https:\/\/expresso.estadao.com.br\/sao-paulo\/2026\/03\/10\/prefeitura-transforma-area-degradada-em-parque-na-zona-leste\/","og_locale":"pt_BR","og_type":"article","og_title":"Parque Natural Cabeceiras do Aricanduva - Estad\u00e3o Expresso","og_description":"Unidade na zona leste protege nascentes do rio Aricanduva e recupera espa\u00e7o com mais de 2,2 milh\u00f5es de metros quadrados","og_url":"https:\/\/expresso.estadao.com.br\/sao-paulo\/2026\/03\/10\/prefeitura-transforma-area-degradada-em-parque-na-zona-leste\/","og_site_name":"Estad\u00e3o Expresso S\u00e3o Paulo","article_published_time":"2026-03-10T12:00:26+00:00","og_image":[{"width":"","height":"","url":"https:\/\/expresso.estadao.com.br\/sao-paulo\/wp-content\/uploads\/2026\/03\/20260306_parque_cabeceiras_Aricanduva_SB-02-scaled.jpg","type":"image\/jpeg"}],"author":"fabio_bairros","twitter_card":"summary_large_image","twitter_misc":{"Escrito por":"fabio_bairros","Est. tempo de leitura":"3 minutos"},"schema":{"@context":"https:\/\/schema.org","@graph":[{"@type":"WebPage","@id":"https:\/\/expresso.estadao.com.br\/sao-paulo\/2026\/03\/10\/prefeitura-transforma-area-degradada-em-parque-na-zona-leste\/","url":"https:\/\/expresso.estadao.com.br\/sao-paulo\/2026\/03\/10\/prefeitura-transforma-area-degradada-em-parque-na-zona-leste\/","name":"Parque Natural Cabeceiras do Aricanduva - Estad\u00e3o Expresso","isPartOf":{"@id":"https:\/\/expresso.estadao.com.br\/sao-paulo\/#website"},"primaryImageOfPage":{"@id":"https:\/\/expresso.estadao.com.br\/sao-paulo\/2026\/03\/10\/prefeitura-transforma-area-degradada-em-parque-na-zona-leste\/#primaryimage"},"image":{"@id":"https:\/\/expresso.estadao.com.br\/sao-paulo\/2026\/03\/10\/prefeitura-transforma-area-degradada-em-parque-na-zona-leste\/#primaryimage"},"thumbnailUrl":"https:\/\/expresso.estadao.com.br\/sao-paulo\/wp-content\/uploads\/2026\/03\/20260306_parque_cabeceiras_Aricanduva_SB-02-scaled.jpg","datePublished":"2026-03-10T12:00:26+00:00","dateModified":"2026-03-10T12:00:26+00:00","author":{"@id":"https:\/\/expresso.estadao.com.br\/sao-paulo\/#\/schema\/person\/f45f9e313ba8cbe5af9424f387ddef42"},"description":"Unidade na zona leste protege nascentes do rio Aricanduva e recupera espa\u00e7o com mais de 2,2 milh\u00f5es de metros quadrados","breadcrumb":{"@id":"https:\/\/expresso.estadao.com.br\/sao-paulo\/2026\/03\/10\/prefeitura-transforma-area-degradada-em-parque-na-zona-leste\/#breadcrumb"},"inLanguage":"pt-BR","potentialAction":[{"@type":"ReadAction","target":["https:\/\/expresso.estadao.com.br\/sao-paulo\/2026\/03\/10\/prefeitura-transforma-area-degradada-em-parque-na-zona-leste\/"]}]},{"@type":"ImageObject","inLanguage":"pt-BR","@id":"https:\/\/expresso.estadao.com.br\/sao-paulo\/2026\/03\/10\/prefeitura-transforma-area-degradada-em-parque-na-zona-leste\/#primaryimage","url":"https:\/\/expresso.estadao.com.br\/sao-paulo\/wp-content\/uploads\/2026\/03\/20260306_parque_cabeceiras_Aricanduva_SB-02-scaled.jpg","contentUrl":"https:\/\/expresso.estadao.com.br\/sao-paulo\/wp-content\/uploads\/2026\/03\/20260306_parque_cabeceiras_Aricanduva_SB-02-scaled.jpg","width":2048,"height":1536,"caption":"Fotos: Sergio Barzaghi\/Divulga\u00e7\u00e3o\/Secom"},{"@type":"BreadcrumbList","@id":"https:\/\/expresso.estadao.com.br\/sao-paulo\/2026\/03\/10\/prefeitura-transforma-area-degradada-em-parque-na-zona-leste\/#breadcrumb","itemListElement":[{"@type":"ListItem","position":1,"name":"In\u00edcio","item":"https:\/\/expresso.estadao.com.br\/sao-paulo\/"},{"@type":"ListItem","position":2,"name":"Prefeitura transforma \u00e1rea degradada em parque na zona leste"}]},{"@type":"WebSite","@id":"https:\/\/expresso.estadao.com.br\/sao-paulo\/#website","url":"https:\/\/expresso.estadao.com.br\/sao-paulo\/","name":"Estad\u00e3o Expresso S\u00e3o Paulo","description":"Conte\u00fado de presta\u00e7\u00e3o de servi\u00e7o para que os moradores da cidade de S\u00e3o Paulo possam se informar melhor e usar de maneira mais eficaz os servi\u00e7os p\u00fablicos municipais.","potentialAction":[{"@type":"SearchAction","target":{"@type":"EntryPoint","urlTemplate":"https:\/\/expresso.estadao.com.br\/sao-paulo\/?s={search_term_string}"},"query-input":{"@type":"PropertyValueSpecification","valueRequired":true,"valueName":"search_term_string"}}],"inLanguage":"pt-BR"},{"@type":"Person","@id":"https:\/\/expresso.estadao.com.br\/sao-paulo\/#\/schema\/person\/f45f9e313ba8cbe5af9424f387ddef42","name":"fabio_bairros","image":{"@type":"ImageObject","inLanguage":"pt-BR","@id":"https:\/\/expresso.estadao.com.br\/sao-paulo\/#\/schema\/person\/image\/","url":"https:\/\/secure.gravatar.com\/avatar\/fbecca90befcfda9505216ce0dc87261326cb6644deb5861e7ab404061c24246?s=96&d=mm&r=g","contentUrl":"https:\/\/secure.gravatar.com\/avatar\/fbecca90befcfda9505216ce0dc87261326cb6644deb5861e7ab404061c24246?s=96&d=mm&r=g","caption":"fabio_bairros"}}]}},"_links":{"self":[{"href":"https:\/\/expresso.estadao.com.br\/sao-paulo\/wp-json\/wp\/v2\/posts\/12693","targetHints":{"allow":["GET"]}}],"collection":[{"href":"https:\/\/expresso.estadao.com.br\/sao-paulo\/wp-json\/wp\/v2\/posts"}],"about":[{"href":"https:\/\/expresso.estadao.com.br\/sao-paulo\/wp-json\/wp\/v2\/types\/post"}],"author":[{"embeddable":true,"href":"https:\/\/expresso.estadao.com.br\/sao-paulo\/wp-json\/wp\/v2\/users\/4"}],"replies":[{"embeddable":true,"href":"https:\/\/expresso.estadao.com.br\/sao-paulo\/wp-json\/wp\/v2\/comments?post=12693"}],"version-history":[{"count":4,"href":"https:\/\/expresso.estadao.com.br\/sao-paulo\/wp-json\/wp\/v2\/posts\/12693\/revisions"}],"predecessor-version":[{"id":12699,"href":"https:\/\/expresso.estadao.com.br\/sao-paulo\/wp-json\/wp\/v2\/posts\/12693\/revisions\/12699"}],"wp:featuredmedia":[{"embeddable":true,"href":"https:\/\/expresso.estadao.com.br\/sao-paulo\/wp-json\/wp\/v2\/media\/12695"}],"wp:attachment":[{"href":"https:\/\/expresso.estadao.com.br\/sao-paulo\/wp-json\/wp\/v2\/media?parent=12693"}],"wp:term":[{"taxonomy":"category","embeddable":true,"href":"https:\/\/expresso.estadao.com.br\/sao-paulo\/wp-json\/wp\/v2\/categories?post=12693"},{"taxonomy":"post_tag","embeddable":true,"href":"https:\/\/expresso.estadao.com.br\/sao-paulo\/wp-json\/wp\/v2\/tags?post=12693"}],"curies":[{"name":"wp","href":"https:\/\/api.w.org\/{rel}","templated":true}]}}