{"id":12716,"date":"2026-03-12T08:20:43","date_gmt":"2026-03-12T11:20:43","guid":{"rendered":"https:\/\/expresso.estadao.com.br\/sao-paulo\/?p=12716"},"modified":"2026-03-12T08:20:43","modified_gmt":"2026-03-12T11:20:43","slug":"prefeitura-abre-vagas-para-capacitacao-voltada-a-pequenos-empreendedores","status":"publish","type":"post","link":"https:\/\/expresso.estadao.com.br\/sao-paulo\/2026\/03\/12\/prefeitura-abre-vagas-para-capacitacao-voltada-a-pequenos-empreendedores\/","title":{"rendered":"Prefeitura abre vagas para capacita\u00e7\u00e3o voltada a pequenos empreendedores"},"content":{"rendered":"<p>A Prefeitura de S\u00e3o Paulo abriu 450 vagas para a capacita\u00e7\u00e3o gratuita F\u00e1brica de Neg\u00f3cios, voltada a empreendedores que desejam iniciar ou ampliar seus pr\u00f3prios neg\u00f3cios. As inscri\u00e7\u00f5es est\u00e3o abertas at\u00e9 27 de mar\u00e7o pelo site da <a href=\"https:\/\/adesampa.com.br\/\">Ag\u00eancia S\u00e3o Paulo de Desenvolvimento<\/a> (ADE Sampa), onde tamb\u00e9m \u00e9 poss\u00edvel consultar os hor\u00e1rios das 15 turmas desta edi\u00e7\u00e3o.<\/p>\n<p>O programa capacitou mais de 5 mil pessoas nos \u00faltimos cinco anos. A forma\u00e7\u00e3o aborda temas do cotidiano do pequeno empreendedor, como precifica\u00e7\u00e3o de servi\u00e7os \u2014 manicure, cabeleireira, trancista e designer de sobrancelhas \u2014 e organiza\u00e7\u00e3o de custos para quem atua na produ\u00e7\u00e3o e venda de alimentos, como doces e salgados.<\/p>\n<p>Os participantes tamb\u00e9m aprendem a estruturar canais de venda online, desenvolver identidade visual e criar p\u00e1ginas de vendas.<\/p>\n<p>Com seis encontros presenciais, as aulas come\u00e7am nos dias 6, 7 ou 8 de abril, de acordo com o local. As turmas ser\u00e3o realizadas nos espa\u00e7os p\u00fablicos compartilhados de trabalho (TEIAs) do Centro, Cachoeirinha, Curu\u00e7\u00e1, Interlagos, Ja\u00e7an\u00e3, Lapa, Vergueiro e Tr\u00eas Lagos, al\u00e9m do CEU Guarapiranga, Achiropita, F\u00e1brica de Cultura Brasil\u00e2ndia, Subprefeitura de S\u00e3o Mateus, Hub Green Sampa e Hub Fiel. O curso oferece certificado e kit lanche em todos os encontros.<\/p>\n<p>O F\u00e1brica de Neg\u00f3cios \u00e9 uma iniciativa da Prefeitura de S\u00e3o Paulo realizada pela Ag\u00eancia S\u00e3o Paulo de Desenvolvimento, vinculada \u00e0 Secretaria Municipal de Desenvolvimento Econ\u00f4mico e Trabalho.<\/p>\n","protected":false},"excerpt":{"rendered":"<p>A Prefeitura de S\u00e3o Paulo abriu 450 vagas para a capacita\u00e7\u00e3o gratuita F\u00e1brica de Neg\u00f3cios, voltada a empreendedores que desejam iniciar ou ampliar seus pr\u00f3prios neg\u00f3cios. As inscri\u00e7\u00f5es est\u00e3o abertas at\u00e9 27 de mar\u00e7o pelo site da Ag\u00eancia S\u00e3o Paulo de Desenvolvimento (ADE Sampa), onde tamb\u00e9m \u00e9 poss\u00edvel consultar os hor\u00e1rios das 15 turmas desta [&hellip;]<\/p>\n","protected":false},"author":4,"featured_media":12721,"comment_status":"open","ping_status":"closed","sticky":false,"template":"","format":"standard","meta":{"_acf_changed":false,"_monsterinsights_skip_tracking":false,"_monsterinsights_sitenote_active":false,"_monsterinsights_sitenote_note":"","_monsterinsights_sitenote_category":0,"footnotes":""},"categories":[742],"tags":[147,180,52],"class_list":["post-12716","post","type-post","status-publish","format-standard","has-post-thumbnail","hentry","category-desenvolvimento-economico","tag-ade-sampa","tag-empreendedorismo","tag-prefeitura-de-sao-paulo"],"acf":[],"yoast_head":"<!-- This site is optimized with the Yoast SEO plugin v24.1 - https:\/\/yoast.com\/wordpress\/plugins\/seo\/ -->\n<title>Capacita\u00e7\u00e3o voltada a empreendedores - Estad\u00e3o Expresso SP<\/title>\n<meta name=\"description\" content=\"Curso F\u00e1brica de Neg\u00f3cios ter\u00e1 15 turmas em diferentes regi\u00f5es da cidade e inscri\u00e7\u00f5es abertas at\u00e9 27 de mar\u00e7o\" \/>\n<meta name=\"robots\" content=\"index, follow, max-snippet:-1, max-image-preview:large, max-video-preview:-1\" \/>\n<link rel=\"canonical\" href=\"https:\/\/expresso.estadao.com.br\/sao-paulo\/2026\/03\/12\/prefeitura-abre-vagas-para-capacitacao-voltada-a-pequenos-empreendedores\/\" \/>\n<meta property=\"og:locale\" content=\"pt_BR\" \/>\n<meta property=\"og:type\" content=\"article\" \/>\n<meta property=\"og:title\" content=\"Capacita\u00e7\u00e3o voltada a empreendedores - Estad\u00e3o Expresso SP\" \/>\n<meta property=\"og:description\" content=\"Curso F\u00e1brica de Neg\u00f3cios ter\u00e1 15 turmas em diferentes regi\u00f5es da cidade e inscri\u00e7\u00f5es abertas at\u00e9 27 de mar\u00e7o\" \/>\n<meta property=\"og:url\" content=\"https:\/\/expresso.estadao.com.br\/sao-paulo\/2026\/03\/12\/prefeitura-abre-vagas-para-capacitacao-voltada-a-pequenos-empreendedores\/\" \/>\n<meta property=\"og:site_name\" content=\"Estad\u00e3o Expresso S\u00e3o Paulo\" \/>\n<meta property=\"article:published_time\" content=\"2026-03-12T11:20:43+00:00\" \/>\n<meta property=\"og:image\" content=\"https:\/\/expresso.estadao.com.br\/sao-paulo\/wp-content\/uploads\/2026\/03\/54731649238_937292f247_k-scaled.jpg\" \/>\n\t<meta property=\"og:image:type\" content=\"image\/jpeg\" \/>\n<meta name=\"author\" content=\"fabio_bairros\" \/>\n<meta name=\"twitter:card\" content=\"summary_large_image\" \/>\n<meta name=\"twitter:label1\" content=\"Escrito por\" \/>\n\t<meta name=\"twitter:data1\" content=\"fabio_bairros\" \/>\n\t<meta name=\"twitter:label2\" content=\"Est. tempo de leitura\" \/>\n\t<meta name=\"twitter:data2\" content=\"2 minutos\" \/>\n<script type=\"application\/ld+json\" class=\"yoast-schema-graph\">{\"@context\":\"https:\/\/schema.org\",\"@graph\":[{\"@type\":\"WebPage\",\"@id\":\"https:\/\/expresso.estadao.com.br\/sao-paulo\/2026\/03\/12\/prefeitura-abre-vagas-para-capacitacao-voltada-a-pequenos-empreendedores\/\",\"url\":\"https:\/\/expresso.estadao.com.br\/sao-paulo\/2026\/03\/12\/prefeitura-abre-vagas-para-capacitacao-voltada-a-pequenos-empreendedores\/\",\"name\":\"Capacita\u00e7\u00e3o voltada a empreendedores - Estad\u00e3o Expresso SP\",\"isPartOf\":{\"@id\":\"https:\/\/expresso.estadao.com.br\/sao-paulo\/#website\"},\"primaryImageOfPage\":{\"@id\":\"https:\/\/expresso.estadao.com.br\/sao-paulo\/2026\/03\/12\/prefeitura-abre-vagas-para-capacitacao-voltada-a-pequenos-empreendedores\/#primaryimage\"},\"image\":{\"@id\":\"https:\/\/expresso.estadao.com.br\/sao-paulo\/2026\/03\/12\/prefeitura-abre-vagas-para-capacitacao-voltada-a-pequenos-empreendedores\/#primaryimage\"},\"thumbnailUrl\":\"https:\/\/expresso.estadao.com.br\/sao-paulo\/wp-content\/uploads\/2026\/03\/54731649238_937292f247_k-scaled.jpg\",\"datePublished\":\"2026-03-12T11:20:43+00:00\",\"dateModified\":\"2026-03-12T11:20:43+00:00\",\"author\":{\"@id\":\"https:\/\/expresso.estadao.com.br\/sao-paulo\/#\/schema\/person\/f45f9e313ba8cbe5af9424f387ddef42\"},\"description\":\"Curso F\u00e1brica de Neg\u00f3cios ter\u00e1 15 turmas em diferentes regi\u00f5es da cidade e inscri\u00e7\u00f5es abertas at\u00e9 27 de mar\u00e7o\",\"breadcrumb\":{\"@id\":\"https:\/\/expresso.estadao.com.br\/sao-paulo\/2026\/03\/12\/prefeitura-abre-vagas-para-capacitacao-voltada-a-pequenos-empreendedores\/#breadcrumb\"},\"inLanguage\":\"pt-BR\",\"potentialAction\":[{\"@type\":\"ReadAction\",\"target\":[\"https:\/\/expresso.estadao.com.br\/sao-paulo\/2026\/03\/12\/prefeitura-abre-vagas-para-capacitacao-voltada-a-pequenos-empreendedores\/\"]}]},{\"@type\":\"ImageObject\",\"inLanguage\":\"pt-BR\",\"@id\":\"https:\/\/expresso.estadao.com.br\/sao-paulo\/2026\/03\/12\/prefeitura-abre-vagas-para-capacitacao-voltada-a-pequenos-empreendedores\/#primaryimage\",\"url\":\"https:\/\/expresso.estadao.com.br\/sao-paulo\/wp-content\/uploads\/2026\/03\/54731649238_937292f247_k-scaled.jpg\",\"contentUrl\":\"https:\/\/expresso.estadao.com.br\/sao-paulo\/wp-content\/uploads\/2026\/03\/54731649238_937292f247_k-scaled.jpg\",\"width\":2048,\"height\":1365,\"caption\":\"TEIA Vergueiro - Foto: Ciete Silv\u00e9rio\/Divulga\u00e7\u00e3o\/Secom\"},{\"@type\":\"BreadcrumbList\",\"@id\":\"https:\/\/expresso.estadao.com.br\/sao-paulo\/2026\/03\/12\/prefeitura-abre-vagas-para-capacitacao-voltada-a-pequenos-empreendedores\/#breadcrumb\",\"itemListElement\":[{\"@type\":\"ListItem\",\"position\":1,\"name\":\"In\u00edcio\",\"item\":\"https:\/\/expresso.estadao.com.br\/sao-paulo\/\"},{\"@type\":\"ListItem\",\"position\":2,\"name\":\"Prefeitura abre vagas para capacita\u00e7\u00e3o voltada a pequenos empreendedores\"}]},{\"@type\":\"WebSite\",\"@id\":\"https:\/\/expresso.estadao.com.br\/sao-paulo\/#website\",\"url\":\"https:\/\/expresso.estadao.com.br\/sao-paulo\/\",\"name\":\"Estad\u00e3o Expresso S\u00e3o Paulo\",\"description\":\"Conte\u00fado de presta\u00e7\u00e3o de servi\u00e7o para que os moradores da cidade de S\u00e3o Paulo possam se informar melhor e usar de maneira mais eficaz os servi\u00e7os p\u00fablicos municipais.\",\"potentialAction\":[{\"@type\":\"SearchAction\",\"target\":{\"@type\":\"EntryPoint\",\"urlTemplate\":\"https:\/\/expresso.estadao.com.br\/sao-paulo\/?s={search_term_string}\"},\"query-input\":{\"@type\":\"PropertyValueSpecification\",\"valueRequired\":true,\"valueName\":\"search_term_string\"}}],\"inLanguage\":\"pt-BR\"},{\"@type\":\"Person\",\"@id\":\"https:\/\/expresso.estadao.com.br\/sao-paulo\/#\/schema\/person\/f45f9e313ba8cbe5af9424f387ddef42\",\"name\":\"fabio_bairros\",\"image\":{\"@type\":\"ImageObject\",\"inLanguage\":\"pt-BR\",\"@id\":\"https:\/\/expresso.estadao.com.br\/sao-paulo\/#\/schema\/person\/image\/\",\"url\":\"https:\/\/secure.gravatar.com\/avatar\/fbecca90befcfda9505216ce0dc87261326cb6644deb5861e7ab404061c24246?s=96&d=mm&r=g\",\"contentUrl\":\"https:\/\/secure.gravatar.com\/avatar\/fbecca90befcfda9505216ce0dc87261326cb6644deb5861e7ab404061c24246?s=96&d=mm&r=g\",\"caption\":\"fabio_bairros\"}}]}<\/script>\n<!-- \/ Yoast SEO plugin. -->","yoast_head_json":{"title":"Capacita\u00e7\u00e3o voltada a empreendedores - Estad\u00e3o Expresso SP","description":"Curso F\u00e1brica de Neg\u00f3cios ter\u00e1 15 turmas em diferentes regi\u00f5es da cidade e inscri\u00e7\u00f5es abertas at\u00e9 27 de mar\u00e7o","robots":{"index":"index","follow":"follow","max-snippet":"max-snippet:-1","max-image-preview":"max-image-preview:large","max-video-preview":"max-video-preview:-1"},"canonical":"https:\/\/expresso.estadao.com.br\/sao-paulo\/2026\/03\/12\/prefeitura-abre-vagas-para-capacitacao-voltada-a-pequenos-empreendedores\/","og_locale":"pt_BR","og_type":"article","og_title":"Capacita\u00e7\u00e3o voltada a empreendedores - Estad\u00e3o Expresso SP","og_description":"Curso F\u00e1brica de Neg\u00f3cios ter\u00e1 15 turmas em diferentes regi\u00f5es da cidade e inscri\u00e7\u00f5es abertas at\u00e9 27 de mar\u00e7o","og_url":"https:\/\/expresso.estadao.com.br\/sao-paulo\/2026\/03\/12\/prefeitura-abre-vagas-para-capacitacao-voltada-a-pequenos-empreendedores\/","og_site_name":"Estad\u00e3o Expresso S\u00e3o Paulo","article_published_time":"2026-03-12T11:20:43+00:00","og_image":[{"width":"","height":"","url":"https:\/\/expresso.estadao.com.br\/sao-paulo\/wp-content\/uploads\/2026\/03\/54731649238_937292f247_k-scaled.jpg","type":"image\/jpeg"}],"author":"fabio_bairros","twitter_card":"summary_large_image","twitter_misc":{"Escrito por":"fabio_bairros","Est. tempo de leitura":"2 minutos"},"schema":{"@context":"https:\/\/schema.org","@graph":[{"@type":"WebPage","@id":"https:\/\/expresso.estadao.com.br\/sao-paulo\/2026\/03\/12\/prefeitura-abre-vagas-para-capacitacao-voltada-a-pequenos-empreendedores\/","url":"https:\/\/expresso.estadao.com.br\/sao-paulo\/2026\/03\/12\/prefeitura-abre-vagas-para-capacitacao-voltada-a-pequenos-empreendedores\/","name":"Capacita\u00e7\u00e3o voltada a empreendedores - Estad\u00e3o Expresso SP","isPartOf":{"@id":"https:\/\/expresso.estadao.com.br\/sao-paulo\/#website"},"primaryImageOfPage":{"@id":"https:\/\/expresso.estadao.com.br\/sao-paulo\/2026\/03\/12\/prefeitura-abre-vagas-para-capacitacao-voltada-a-pequenos-empreendedores\/#primaryimage"},"image":{"@id":"https:\/\/expresso.estadao.com.br\/sao-paulo\/2026\/03\/12\/prefeitura-abre-vagas-para-capacitacao-voltada-a-pequenos-empreendedores\/#primaryimage"},"thumbnailUrl":"https:\/\/expresso.estadao.com.br\/sao-paulo\/wp-content\/uploads\/2026\/03\/54731649238_937292f247_k-scaled.jpg","datePublished":"2026-03-12T11:20:43+00:00","dateModified":"2026-03-12T11:20:43+00:00","author":{"@id":"https:\/\/expresso.estadao.com.br\/sao-paulo\/#\/schema\/person\/f45f9e313ba8cbe5af9424f387ddef42"},"description":"Curso F\u00e1brica de Neg\u00f3cios ter\u00e1 15 turmas em diferentes regi\u00f5es da cidade e inscri\u00e7\u00f5es abertas at\u00e9 27 de mar\u00e7o","breadcrumb":{"@id":"https:\/\/expresso.estadao.com.br\/sao-paulo\/2026\/03\/12\/prefeitura-abre-vagas-para-capacitacao-voltada-a-pequenos-empreendedores\/#breadcrumb"},"inLanguage":"pt-BR","potentialAction":[{"@type":"ReadAction","target":["https:\/\/expresso.estadao.com.br\/sao-paulo\/2026\/03\/12\/prefeitura-abre-vagas-para-capacitacao-voltada-a-pequenos-empreendedores\/"]}]},{"@type":"ImageObject","inLanguage":"pt-BR","@id":"https:\/\/expresso.estadao.com.br\/sao-paulo\/2026\/03\/12\/prefeitura-abre-vagas-para-capacitacao-voltada-a-pequenos-empreendedores\/#primaryimage","url":"https:\/\/expresso.estadao.com.br\/sao-paulo\/wp-content\/uploads\/2026\/03\/54731649238_937292f247_k-scaled.jpg","contentUrl":"https:\/\/expresso.estadao.com.br\/sao-paulo\/wp-content\/uploads\/2026\/03\/54731649238_937292f247_k-scaled.jpg","width":2048,"height":1365,"caption":"TEIA Vergueiro - Foto: Ciete Silv\u00e9rio\/Divulga\u00e7\u00e3o\/Secom"},{"@type":"BreadcrumbList","@id":"https:\/\/expresso.estadao.com.br\/sao-paulo\/2026\/03\/12\/prefeitura-abre-vagas-para-capacitacao-voltada-a-pequenos-empreendedores\/#breadcrumb","itemListElement":[{"@type":"ListItem","position":1,"name":"In\u00edcio","item":"https:\/\/expresso.estadao.com.br\/sao-paulo\/"},{"@type":"ListItem","position":2,"name":"Prefeitura abre vagas para capacita\u00e7\u00e3o voltada a pequenos empreendedores"}]},{"@type":"WebSite","@id":"https:\/\/expresso.estadao.com.br\/sao-paulo\/#website","url":"https:\/\/expresso.estadao.com.br\/sao-paulo\/","name":"Estad\u00e3o Expresso S\u00e3o Paulo","description":"Conte\u00fado de presta\u00e7\u00e3o de servi\u00e7o para que os moradores da cidade de S\u00e3o Paulo possam se informar melhor e usar de maneira mais eficaz os servi\u00e7os p\u00fablicos municipais.","potentialAction":[{"@type":"SearchAction","target":{"@type":"EntryPoint","urlTemplate":"https:\/\/expresso.estadao.com.br\/sao-paulo\/?s={search_term_string}"},"query-input":{"@type":"PropertyValueSpecification","valueRequired":true,"valueName":"search_term_string"}}],"inLanguage":"pt-BR"},{"@type":"Person","@id":"https:\/\/expresso.estadao.com.br\/sao-paulo\/#\/schema\/person\/f45f9e313ba8cbe5af9424f387ddef42","name":"fabio_bairros","image":{"@type":"ImageObject","inLanguage":"pt-BR","@id":"https:\/\/expresso.estadao.com.br\/sao-paulo\/#\/schema\/person\/image\/","url":"https:\/\/secure.gravatar.com\/avatar\/fbecca90befcfda9505216ce0dc87261326cb6644deb5861e7ab404061c24246?s=96&d=mm&r=g","contentUrl":"https:\/\/secure.gravatar.com\/avatar\/fbecca90befcfda9505216ce0dc87261326cb6644deb5861e7ab404061c24246?s=96&d=mm&r=g","caption":"fabio_bairros"}}]}},"_links":{"self":[{"href":"https:\/\/expresso.estadao.com.br\/sao-paulo\/wp-json\/wp\/v2\/posts\/12716","targetHints":{"allow":["GET"]}}],"collection":[{"href":"https:\/\/expresso.estadao.com.br\/sao-paulo\/wp-json\/wp\/v2\/posts"}],"about":[{"href":"https:\/\/expresso.estadao.com.br\/sao-paulo\/wp-json\/wp\/v2\/types\/post"}],"author":[{"embeddable":true,"href":"https:\/\/expresso.estadao.com.br\/sao-paulo\/wp-json\/wp\/v2\/users\/4"}],"replies":[{"embeddable":true,"href":"https:\/\/expresso.estadao.com.br\/sao-paulo\/wp-json\/wp\/v2\/comments?post=12716"}],"version-history":[{"count":2,"href":"https:\/\/expresso.estadao.com.br\/sao-paulo\/wp-json\/wp\/v2\/posts\/12716\/revisions"}],"predecessor-version":[{"id":12720,"href":"https:\/\/expresso.estadao.com.br\/sao-paulo\/wp-json\/wp\/v2\/posts\/12716\/revisions\/12720"}],"wp:featuredmedia":[{"embeddable":true,"href":"https:\/\/expresso.estadao.com.br\/sao-paulo\/wp-json\/wp\/v2\/media\/12721"}],"wp:attachment":[{"href":"https:\/\/expresso.estadao.com.br\/sao-paulo\/wp-json\/wp\/v2\/media?parent=12716"}],"wp:term":[{"taxonomy":"category","embeddable":true,"href":"https:\/\/expresso.estadao.com.br\/sao-paulo\/wp-json\/wp\/v2\/categories?post=12716"},{"taxonomy":"post_tag","embeddable":true,"href":"https:\/\/expresso.estadao.com.br\/sao-paulo\/wp-json\/wp\/v2\/tags?post=12716"}],"curies":[{"name":"wp","href":"https:\/\/api.w.org\/{rel}","templated":true}]}}