{"id":12734,"date":"2026-03-14T08:46:45","date_gmt":"2026-03-14T11:46:45","guid":{"rendered":"https:\/\/expresso.estadao.com.br\/sao-paulo\/?p=12734"},"modified":"2026-03-14T08:46:45","modified_gmt":"2026-03-14T11:46:45","slug":"prefeitura-de-sao-paulo-amplia-acesso-a-proteses-dentarias","status":"publish","type":"post","link":"https:\/\/expresso.estadao.com.br\/sao-paulo\/2026\/03\/14\/prefeitura-de-sao-paulo-amplia-acesso-a-proteses-dentarias\/","title":{"rendered":"Prefeitura de S\u00e3o Paulo amplia acesso a pr\u00f3teses dent\u00e1rias"},"content":{"rendered":"<p data-start=\"196\" data-end=\"536\">A Prefeitura de S\u00e3o Paulo ampliou o acesso da popula\u00e7\u00e3o aos servi\u00e7os de sa\u00fade bucal e alcan\u00e7ou a marca de mais de 518 mil pr\u00f3teses dent\u00e1rias entregues entre 2021 e 2025, entre pr\u00f3teses totais, parciais remov\u00edveis e fixas. A expans\u00e3o ocorreu com o fortalecimento da rede de atendimento odontol\u00f3gico e a amplia\u00e7\u00e3o dos servi\u00e7os nas UBS e UPAs.<\/p>\n<p data-start=\"538\" data-end=\"804\">At\u00e9 2020, as pr\u00f3teses odontol\u00f3gicas eram instaladas apenas nos Centros de Especialidades Odontol\u00f3gicas (CEOs). Com a amplia\u00e7\u00e3o da rede, 446 UBS passaram a contar com equipes de sa\u00fade bucal capacitadas para realizar o procedimento, ampliando os pontos de atendimento.<\/p>\n<p data-start=\"806\" data-end=\"966\">A fila de espera por pr\u00f3teses dent\u00e1rias foi reduzida em cerca de 81%, segundo a Prefeitura. O n\u00famero de pessoas aguardando passou de 81 mil, em 2020, para 15.337 em dezembro de 2025.<\/p>\n<p data-start=\"968\" data-end=\"1125\">Entre 2021 e 2025, a rede municipal realizou 10.536.716 atendimentos odontol\u00f3gicos, considerando procedimentos da aten\u00e7\u00e3o b\u00e1sica, especialidades e urg\u00eancias. No per\u00edodo, o n\u00famero de atendimentos aumentou mais de 132%, associado \u00e0 amplia\u00e7\u00e3o das equipes de sa\u00fade bucal, ao aumento do n\u00famero de profissionais e \u00e0 expans\u00e3o da infraestrutura odontol\u00f3gica na rede p\u00fablica.<\/p>\n<p data-start=\"1337\" data-end=\"1430\">O atendimento odontol\u00f3gico da rede municipal est\u00e1 presente em diversos equipamentos de sa\u00fade:<\/p>\n<ul>\n<li data-start=\"1432\" data-end=\"2259\">\n<h6>446 UBS (das 481 existentes na cidade)<\/h6>\n<\/li>\n<li data-start=\"1432\" data-end=\"2259\">\n<h6>24 UPAs (das 34 existentes na cidade)<\/h6>\n<\/li>\n<li data-start=\"1432\" data-end=\"2259\">\n<h6>6 servi\u00e7os de urg\u00eancia e emerg\u00eancia: Pronto Atendimento Dra. Gl\u00f3ria Rodrigues Santos Bonfim; Pronto Socorro Municipal Dr. \u00c1lvaro de Dino Almeida; Pronto Socorro Municipal Santana \u2013 Lauro Ribas Braga; Pronto Socorro do Hospital Municipal Tide Setubal; Pronto Socorro do Hospital Municipal Dr. Benedito Montenegro; Assist\u00eancia M\u00e9dica Ambulatorial Cap\u00e3o Redondo<\/h6>\n<\/li>\n<li data-start=\"1432\" data-end=\"2259\">\n<h6>4 hospitais municipais: Tatuap\u00e9, Campo Limpo, Saboya e Ermelino Matarazzo<\/h6>\n<\/li>\n<li data-start=\"1432\" data-end=\"2259\">\n<h6>5 Hospitais Dia com atendimento odontol\u00f3gico sob anestesia geral para pacientes com necessidades especiais: Hospital Dia S\u00e3o Miguel Dr. Tito Lopes da Silva; Hospital Dia S\u00e3o Mateus Dr. Henrique Carlos Gon\u00e7alves; Hospital Dia Vila Guilherme; Hospital Dia Fl\u00e1vio Giannotti; Hospital Dia M Boi Mirim II Vera Cruz<\/h6>\n<\/li>\n<li data-start=\"2261\" data-end=\"2338\">\n<h6>A rede municipal tamb\u00e9m conta com equipamentos especializados em odontologia:<\/h6>\n<\/li>\n<li data-start=\"2340\" data-end=\"2656\">\n<h6>31 Centros de Especialidades Odontol\u00f3gicas (CEOs)<\/h6>\n<\/li>\n<li data-start=\"2340\" data-end=\"2656\">\n<h6>2 Centros de Cuidado Odontol\u00f3gico (CCOs) \u2013 Centro e Norte<\/h6>\n<\/li>\n<li data-start=\"2340\" data-end=\"2656\">\n<h6>6 Unidades Odontol\u00f3gicas M\u00f3veis (UOMs), uma em cada Coordenadoria Regional de Sa\u00fade, incluindo o \u00f4nibus de tratamento odontol\u00f3gico que atende a CRS Centro<\/h6>\n<\/li>\n<li data-start=\"2340\" data-end=\"2656\">\n<h6>15 Servi\u00e7os de Assist\u00eancia Especializada (SAEs)<\/h6>\n<\/li>\n<li data-start=\"2658\" data-end=\"2839\">\n<h6>A Rede Municipal de Sa\u00fade de S\u00e3o Paulo conta com 4.248 profissionais de sa\u00fade bucal, sendo 2.581 cirurgi\u00f5es-dentistas, 1.373 auxiliares de sa\u00fade bucal e 294 t\u00e9cnicos de sa\u00fade bucal.<\/h6>\n<\/li>\n<\/ul>\n<p data-start=\"2841\" data-end=\"3052\">Entre 2021 e 2025, foram implementadas 328 novas equipes de sa\u00fade bucal. No mesmo per\u00edodo, tamb\u00e9m foram contratados 141 cirurgi\u00f5es-dentistas com carga hor\u00e1ria de 20 horas semanais e 237 plantonistas de 12 horas.<\/p>\n<p data-start=\"3054\" data-end=\"3201\" data-is-last-node=\"\" data-is-only-node=\"\">A popula\u00e7\u00e3o pode procurar a UBS mais pr\u00f3xima para agendar uma triagem odontol\u00f3gica. A localiza\u00e7\u00e3o das unidades est\u00e1 dispon\u00edvel no <a href=\"https:\/\/buscasaude.prefeitura.sp.gov.br\/\">site Busca Sa\u00fade<\/a>.<\/p>\n","protected":false},"excerpt":{"rendered":"<p>A Prefeitura de S\u00e3o Paulo ampliou o acesso da popula\u00e7\u00e3o aos servi\u00e7os de sa\u00fade bucal e alcan\u00e7ou a marca de mais de 518 mil pr\u00f3teses dent\u00e1rias entregues entre 2021 e 2025, entre pr\u00f3teses totais, parciais remov\u00edveis e fixas. A expans\u00e3o ocorreu com o fortalecimento da rede de atendimento odontol\u00f3gico e a amplia\u00e7\u00e3o dos servi\u00e7os nas [&hellip;]<\/p>\n","protected":false},"author":4,"featured_media":12736,"comment_status":"open","ping_status":"closed","sticky":false,"template":"","format":"standard","meta":{"_acf_changed":false,"_monsterinsights_skip_tracking":false,"_monsterinsights_sitenote_active":false,"_monsterinsights_sitenote_note":"","_monsterinsights_sitenote_category":0,"footnotes":""},"categories":[758],"tags":[52,1361],"class_list":["post-12734","post","type-post","status-publish","format-standard","has-post-thumbnail","hentry","category-saude","tag-prefeitura-de-sao-paulo","tag-proteses-dentarias"],"acf":[],"yoast_head":"<!-- This site is optimized with the Yoast SEO plugin v24.1 - https:\/\/yoast.com\/wordpress\/plugins\/seo\/ -->\n<title>Pr\u00f3teses dent\u00e1rias - Estad\u00e3o Expresso S\u00e3o Paulo<\/title>\n<meta name=\"description\" content=\"Rede municipal realizou mais de 10,5 milh\u00f5es de atendimentos odontol\u00f3gicos entre 2021 e 2025\" \/>\n<meta name=\"robots\" content=\"index, follow, max-snippet:-1, max-image-preview:large, max-video-preview:-1\" \/>\n<link rel=\"canonical\" href=\"https:\/\/expresso.estadao.com.br\/sao-paulo\/2026\/03\/14\/prefeitura-de-sao-paulo-amplia-acesso-a-proteses-dentarias\/\" \/>\n<meta property=\"og:locale\" content=\"pt_BR\" \/>\n<meta property=\"og:type\" content=\"article\" \/>\n<meta property=\"og:title\" content=\"Pr\u00f3teses dent\u00e1rias - Estad\u00e3o Expresso S\u00e3o Paulo\" \/>\n<meta property=\"og:description\" content=\"Rede municipal realizou mais de 10,5 milh\u00f5es de atendimentos odontol\u00f3gicos entre 2021 e 2025\" \/>\n<meta property=\"og:url\" content=\"https:\/\/expresso.estadao.com.br\/sao-paulo\/2026\/03\/14\/prefeitura-de-sao-paulo-amplia-acesso-a-proteses-dentarias\/\" \/>\n<meta property=\"og:site_name\" content=\"Estad\u00e3o Expresso S\u00e3o Paulo\" \/>\n<meta property=\"article:published_time\" content=\"2026-03-14T11:46:45+00:00\" \/>\n<meta property=\"og:image\" content=\"https:\/\/expresso.estadao.com.br\/sao-paulo\/wp-content\/uploads\/2026\/03\/WhatsApp-Image-2026-03-10-at-12.01.04.jpeg\" \/>\n\t<meta property=\"og:image:type\" content=\"image\/jpeg\" \/>\n<meta name=\"author\" content=\"fabio_bairros\" \/>\n<meta name=\"twitter:card\" content=\"summary_large_image\" \/>\n<meta name=\"twitter:label1\" content=\"Escrito por\" \/>\n\t<meta name=\"twitter:data1\" content=\"fabio_bairros\" \/>\n\t<meta name=\"twitter:label2\" content=\"Est. tempo de leitura\" \/>\n\t<meta name=\"twitter:data2\" content=\"3 minutos\" \/>\n<script type=\"application\/ld+json\" class=\"yoast-schema-graph\">{\"@context\":\"https:\/\/schema.org\",\"@graph\":[{\"@type\":\"WebPage\",\"@id\":\"https:\/\/expresso.estadao.com.br\/sao-paulo\/2026\/03\/14\/prefeitura-de-sao-paulo-amplia-acesso-a-proteses-dentarias\/\",\"url\":\"https:\/\/expresso.estadao.com.br\/sao-paulo\/2026\/03\/14\/prefeitura-de-sao-paulo-amplia-acesso-a-proteses-dentarias\/\",\"name\":\"Pr\u00f3teses dent\u00e1rias - Estad\u00e3o Expresso S\u00e3o Paulo\",\"isPartOf\":{\"@id\":\"https:\/\/expresso.estadao.com.br\/sao-paulo\/#website\"},\"primaryImageOfPage\":{\"@id\":\"https:\/\/expresso.estadao.com.br\/sao-paulo\/2026\/03\/14\/prefeitura-de-sao-paulo-amplia-acesso-a-proteses-dentarias\/#primaryimage\"},\"image\":{\"@id\":\"https:\/\/expresso.estadao.com.br\/sao-paulo\/2026\/03\/14\/prefeitura-de-sao-paulo-amplia-acesso-a-proteses-dentarias\/#primaryimage\"},\"thumbnailUrl\":\"https:\/\/expresso.estadao.com.br\/sao-paulo\/wp-content\/uploads\/2026\/03\/WhatsApp-Image-2026-03-10-at-12.01.04.jpeg\",\"datePublished\":\"2026-03-14T11:46:45+00:00\",\"dateModified\":\"2026-03-14T11:46:45+00:00\",\"author\":{\"@id\":\"https:\/\/expresso.estadao.com.br\/sao-paulo\/#\/schema\/person\/f45f9e313ba8cbe5af9424f387ddef42\"},\"description\":\"Rede municipal realizou mais de 10,5 milh\u00f5es de atendimentos odontol\u00f3gicos entre 2021 e 2025\",\"breadcrumb\":{\"@id\":\"https:\/\/expresso.estadao.com.br\/sao-paulo\/2026\/03\/14\/prefeitura-de-sao-paulo-amplia-acesso-a-proteses-dentarias\/#breadcrumb\"},\"inLanguage\":\"pt-BR\",\"potentialAction\":[{\"@type\":\"ReadAction\",\"target\":[\"https:\/\/expresso.estadao.com.br\/sao-paulo\/2026\/03\/14\/prefeitura-de-sao-paulo-amplia-acesso-a-proteses-dentarias\/\"]}]},{\"@type\":\"ImageObject\",\"inLanguage\":\"pt-BR\",\"@id\":\"https:\/\/expresso.estadao.com.br\/sao-paulo\/2026\/03\/14\/prefeitura-de-sao-paulo-amplia-acesso-a-proteses-dentarias\/#primaryimage\",\"url\":\"https:\/\/expresso.estadao.com.br\/sao-paulo\/wp-content\/uploads\/2026\/03\/WhatsApp-Image-2026-03-10-at-12.01.04.jpeg\",\"contentUrl\":\"https:\/\/expresso.estadao.com.br\/sao-paulo\/wp-content\/uploads\/2026\/03\/WhatsApp-Image-2026-03-10-at-12.01.04.jpeg\",\"width\":1600,\"height\":1050,\"caption\":\"Foto: Divulga\u00e7\u00e3o\/Secom\"},{\"@type\":\"BreadcrumbList\",\"@id\":\"https:\/\/expresso.estadao.com.br\/sao-paulo\/2026\/03\/14\/prefeitura-de-sao-paulo-amplia-acesso-a-proteses-dentarias\/#breadcrumb\",\"itemListElement\":[{\"@type\":\"ListItem\",\"position\":1,\"name\":\"In\u00edcio\",\"item\":\"https:\/\/expresso.estadao.com.br\/sao-paulo\/\"},{\"@type\":\"ListItem\",\"position\":2,\"name\":\"Prefeitura de S\u00e3o Paulo amplia acesso a pr\u00f3teses dent\u00e1rias\"}]},{\"@type\":\"WebSite\",\"@id\":\"https:\/\/expresso.estadao.com.br\/sao-paulo\/#website\",\"url\":\"https:\/\/expresso.estadao.com.br\/sao-paulo\/\",\"name\":\"Estad\u00e3o Expresso S\u00e3o Paulo\",\"description\":\"Conte\u00fado de presta\u00e7\u00e3o de servi\u00e7o para que os moradores da cidade de S\u00e3o Paulo possam se informar melhor e usar de maneira mais eficaz os servi\u00e7os p\u00fablicos municipais.\",\"potentialAction\":[{\"@type\":\"SearchAction\",\"target\":{\"@type\":\"EntryPoint\",\"urlTemplate\":\"https:\/\/expresso.estadao.com.br\/sao-paulo\/?s={search_term_string}\"},\"query-input\":{\"@type\":\"PropertyValueSpecification\",\"valueRequired\":true,\"valueName\":\"search_term_string\"}}],\"inLanguage\":\"pt-BR\"},{\"@type\":\"Person\",\"@id\":\"https:\/\/expresso.estadao.com.br\/sao-paulo\/#\/schema\/person\/f45f9e313ba8cbe5af9424f387ddef42\",\"name\":\"fabio_bairros\",\"image\":{\"@type\":\"ImageObject\",\"inLanguage\":\"pt-BR\",\"@id\":\"https:\/\/expresso.estadao.com.br\/sao-paulo\/#\/schema\/person\/image\/\",\"url\":\"https:\/\/secure.gravatar.com\/avatar\/fbecca90befcfda9505216ce0dc87261326cb6644deb5861e7ab404061c24246?s=96&d=mm&r=g\",\"contentUrl\":\"https:\/\/secure.gravatar.com\/avatar\/fbecca90befcfda9505216ce0dc87261326cb6644deb5861e7ab404061c24246?s=96&d=mm&r=g\",\"caption\":\"fabio_bairros\"}}]}<\/script>\n<!-- \/ Yoast SEO plugin. -->","yoast_head_json":{"title":"Pr\u00f3teses dent\u00e1rias - Estad\u00e3o Expresso S\u00e3o Paulo","description":"Rede municipal realizou mais de 10,5 milh\u00f5es de atendimentos odontol\u00f3gicos entre 2021 e 2025","robots":{"index":"index","follow":"follow","max-snippet":"max-snippet:-1","max-image-preview":"max-image-preview:large","max-video-preview":"max-video-preview:-1"},"canonical":"https:\/\/expresso.estadao.com.br\/sao-paulo\/2026\/03\/14\/prefeitura-de-sao-paulo-amplia-acesso-a-proteses-dentarias\/","og_locale":"pt_BR","og_type":"article","og_title":"Pr\u00f3teses dent\u00e1rias - Estad\u00e3o Expresso S\u00e3o Paulo","og_description":"Rede municipal realizou mais de 10,5 milh\u00f5es de atendimentos odontol\u00f3gicos entre 2021 e 2025","og_url":"https:\/\/expresso.estadao.com.br\/sao-paulo\/2026\/03\/14\/prefeitura-de-sao-paulo-amplia-acesso-a-proteses-dentarias\/","og_site_name":"Estad\u00e3o Expresso S\u00e3o Paulo","article_published_time":"2026-03-14T11:46:45+00:00","og_image":[{"width":"","height":"","url":"https:\/\/expresso.estadao.com.br\/sao-paulo\/wp-content\/uploads\/2026\/03\/WhatsApp-Image-2026-03-10-at-12.01.04.jpeg","type":"image\/jpeg"}],"author":"fabio_bairros","twitter_card":"summary_large_image","twitter_misc":{"Escrito por":"fabio_bairros","Est. tempo de leitura":"3 minutos"},"schema":{"@context":"https:\/\/schema.org","@graph":[{"@type":"WebPage","@id":"https:\/\/expresso.estadao.com.br\/sao-paulo\/2026\/03\/14\/prefeitura-de-sao-paulo-amplia-acesso-a-proteses-dentarias\/","url":"https:\/\/expresso.estadao.com.br\/sao-paulo\/2026\/03\/14\/prefeitura-de-sao-paulo-amplia-acesso-a-proteses-dentarias\/","name":"Pr\u00f3teses dent\u00e1rias - Estad\u00e3o Expresso S\u00e3o Paulo","isPartOf":{"@id":"https:\/\/expresso.estadao.com.br\/sao-paulo\/#website"},"primaryImageOfPage":{"@id":"https:\/\/expresso.estadao.com.br\/sao-paulo\/2026\/03\/14\/prefeitura-de-sao-paulo-amplia-acesso-a-proteses-dentarias\/#primaryimage"},"image":{"@id":"https:\/\/expresso.estadao.com.br\/sao-paulo\/2026\/03\/14\/prefeitura-de-sao-paulo-amplia-acesso-a-proteses-dentarias\/#primaryimage"},"thumbnailUrl":"https:\/\/expresso.estadao.com.br\/sao-paulo\/wp-content\/uploads\/2026\/03\/WhatsApp-Image-2026-03-10-at-12.01.04.jpeg","datePublished":"2026-03-14T11:46:45+00:00","dateModified":"2026-03-14T11:46:45+00:00","author":{"@id":"https:\/\/expresso.estadao.com.br\/sao-paulo\/#\/schema\/person\/f45f9e313ba8cbe5af9424f387ddef42"},"description":"Rede municipal realizou mais de 10,5 milh\u00f5es de atendimentos odontol\u00f3gicos entre 2021 e 2025","breadcrumb":{"@id":"https:\/\/expresso.estadao.com.br\/sao-paulo\/2026\/03\/14\/prefeitura-de-sao-paulo-amplia-acesso-a-proteses-dentarias\/#breadcrumb"},"inLanguage":"pt-BR","potentialAction":[{"@type":"ReadAction","target":["https:\/\/expresso.estadao.com.br\/sao-paulo\/2026\/03\/14\/prefeitura-de-sao-paulo-amplia-acesso-a-proteses-dentarias\/"]}]},{"@type":"ImageObject","inLanguage":"pt-BR","@id":"https:\/\/expresso.estadao.com.br\/sao-paulo\/2026\/03\/14\/prefeitura-de-sao-paulo-amplia-acesso-a-proteses-dentarias\/#primaryimage","url":"https:\/\/expresso.estadao.com.br\/sao-paulo\/wp-content\/uploads\/2026\/03\/WhatsApp-Image-2026-03-10-at-12.01.04.jpeg","contentUrl":"https:\/\/expresso.estadao.com.br\/sao-paulo\/wp-content\/uploads\/2026\/03\/WhatsApp-Image-2026-03-10-at-12.01.04.jpeg","width":1600,"height":1050,"caption":"Foto: Divulga\u00e7\u00e3o\/Secom"},{"@type":"BreadcrumbList","@id":"https:\/\/expresso.estadao.com.br\/sao-paulo\/2026\/03\/14\/prefeitura-de-sao-paulo-amplia-acesso-a-proteses-dentarias\/#breadcrumb","itemListElement":[{"@type":"ListItem","position":1,"name":"In\u00edcio","item":"https:\/\/expresso.estadao.com.br\/sao-paulo\/"},{"@type":"ListItem","position":2,"name":"Prefeitura de S\u00e3o Paulo amplia acesso a pr\u00f3teses dent\u00e1rias"}]},{"@type":"WebSite","@id":"https:\/\/expresso.estadao.com.br\/sao-paulo\/#website","url":"https:\/\/expresso.estadao.com.br\/sao-paulo\/","name":"Estad\u00e3o Expresso S\u00e3o Paulo","description":"Conte\u00fado de presta\u00e7\u00e3o de servi\u00e7o para que os moradores da cidade de S\u00e3o Paulo possam se informar melhor e usar de maneira mais eficaz os servi\u00e7os p\u00fablicos municipais.","potentialAction":[{"@type":"SearchAction","target":{"@type":"EntryPoint","urlTemplate":"https:\/\/expresso.estadao.com.br\/sao-paulo\/?s={search_term_string}"},"query-input":{"@type":"PropertyValueSpecification","valueRequired":true,"valueName":"search_term_string"}}],"inLanguage":"pt-BR"},{"@type":"Person","@id":"https:\/\/expresso.estadao.com.br\/sao-paulo\/#\/schema\/person\/f45f9e313ba8cbe5af9424f387ddef42","name":"fabio_bairros","image":{"@type":"ImageObject","inLanguage":"pt-BR","@id":"https:\/\/expresso.estadao.com.br\/sao-paulo\/#\/schema\/person\/image\/","url":"https:\/\/secure.gravatar.com\/avatar\/fbecca90befcfda9505216ce0dc87261326cb6644deb5861e7ab404061c24246?s=96&d=mm&r=g","contentUrl":"https:\/\/secure.gravatar.com\/avatar\/fbecca90befcfda9505216ce0dc87261326cb6644deb5861e7ab404061c24246?s=96&d=mm&r=g","caption":"fabio_bairros"}}]}},"_links":{"self":[{"href":"https:\/\/expresso.estadao.com.br\/sao-paulo\/wp-json\/wp\/v2\/posts\/12734","targetHints":{"allow":["GET"]}}],"collection":[{"href":"https:\/\/expresso.estadao.com.br\/sao-paulo\/wp-json\/wp\/v2\/posts"}],"about":[{"href":"https:\/\/expresso.estadao.com.br\/sao-paulo\/wp-json\/wp\/v2\/types\/post"}],"author":[{"embeddable":true,"href":"https:\/\/expresso.estadao.com.br\/sao-paulo\/wp-json\/wp\/v2\/users\/4"}],"replies":[{"embeddable":true,"href":"https:\/\/expresso.estadao.com.br\/sao-paulo\/wp-json\/wp\/v2\/comments?post=12734"}],"version-history":[{"count":3,"href":"https:\/\/expresso.estadao.com.br\/sao-paulo\/wp-json\/wp\/v2\/posts\/12734\/revisions"}],"predecessor-version":[{"id":12738,"href":"https:\/\/expresso.estadao.com.br\/sao-paulo\/wp-json\/wp\/v2\/posts\/12734\/revisions\/12738"}],"wp:featuredmedia":[{"embeddable":true,"href":"https:\/\/expresso.estadao.com.br\/sao-paulo\/wp-json\/wp\/v2\/media\/12736"}],"wp:attachment":[{"href":"https:\/\/expresso.estadao.com.br\/sao-paulo\/wp-json\/wp\/v2\/media?parent=12734"}],"wp:term":[{"taxonomy":"category","embeddable":true,"href":"https:\/\/expresso.estadao.com.br\/sao-paulo\/wp-json\/wp\/v2\/categories?post=12734"},{"taxonomy":"post_tag","embeddable":true,"href":"https:\/\/expresso.estadao.com.br\/sao-paulo\/wp-json\/wp\/v2\/tags?post=12734"}],"curies":[{"name":"wp","href":"https:\/\/api.w.org\/{rel}","templated":true}]}}