{"id":12740,"date":"2026-03-16T15:02:53","date_gmt":"2026-03-16T18:02:53","guid":{"rendered":"https:\/\/expresso.estadao.com.br\/sao-paulo\/?p=12740"},"modified":"2026-03-16T15:02:53","modified_gmt":"2026-03-16T18:02:53","slug":"parque-jardim-primavera-e-aberto-ao-publico-em-sao-miguel-paulista","status":"publish","type":"post","link":"https:\/\/expresso.estadao.com.br\/sao-paulo\/2026\/03\/16\/parque-jardim-primavera-e-aberto-ao-publico-em-sao-miguel-paulista\/","title":{"rendered":"Parque Jardim Primavera \u00e9 aberto ao p\u00fablico em S\u00e3o Miguel Paulista"},"content":{"rendered":"<p>A Prefeitura de S\u00e3o Paulo inaugurou neste s\u00e1bado (14) a primeira fase do Parque Jardim Primavera, em S\u00e3o Miguel Paulista, zona leste da capital. \u00c9 o primeiro parque da regi\u00e3o. Com a entrega, a cidade passa a contar com 123 parques.<\/p>\n<p>Nesta etapa inicial, 27,3 mil m\u00b2 est\u00e3o abertos ao p\u00fablico. O terreno total tem cerca de 155 mil m\u00b2. A segunda fase, com 127,4 mil m\u00b2, passar\u00e1 por Plano de Interven\u00e7\u00e3o e estudos para a implanta\u00e7\u00e3o de novos equipamentos.<\/p>\n<p>O parque recebeu sede administrativa, guarita, sanit\u00e1rios p\u00fablicos, quiosques, mobili\u00e1rio urbano, ilumina\u00e7\u00e3o, cercamento, parquinho naturalizado e Academia da Terceira Idade (ATI). As cal\u00e7adas do entorno foram remodeladas e transformadas em passeios verdes.<\/p>\n<p>Para a abertura ao p\u00fablico, o espa\u00e7o tamb\u00e9m recebeu servi\u00e7os de manuten\u00e7\u00e3o, pintura, interven\u00e7\u00f5es no piso intertravado, no alambrado e jardinagem.<\/p>\n<p><strong>Fauna e flora<\/strong><\/p>\n<p>O parque abriga 38 esp\u00e9cies de aves, entre elas quero-quero, pomba-silvestre, anu, beija-flor, periquito-rico, jo\u00e3o-de-barro, bem-te-vi e sabi\u00e1. No ver\u00e3o tamb\u00e9m s\u00e3o registradas esp\u00e9cies como suiriri e tesourinha. A \u00e1rea tamb\u00e9m recebe aves de rapina, como urubu, gavi\u00e3o-carij\u00f3, carcar\u00e1 e carrapateiro.<\/p>\n<p>A vegeta\u00e7\u00e3o re\u00fane 36 esp\u00e9cies, sendo 16 nativas. Entre elas est\u00e1 a Collaea speciosa, arbusto com flora\u00e7\u00e3o intensa considerado amea\u00e7ado de extin\u00e7\u00e3o. O parque tamb\u00e9m abriga abelhas nativas sem ferr\u00e3o, importantes para a poliniza\u00e7\u00e3o.<\/p>\n<p><strong>Hist\u00f3rico<\/strong><\/p>\n<p>As obras do Parque Jardim Primavera foram conclu\u00eddas em 2012. A \u00e1rea permaneceu fechada por decis\u00e3o judicial ap\u00f3s questionamentos sobre poss\u00edvel contamina\u00e7\u00e3o do solo, onde funcionava o aterro Jacu\u00ed, desativado em 1988.<\/p>\n<p>Com decis\u00e3o da Justi\u00e7a que autorizou a abertura da primeira fase e determinou a execu\u00e7\u00e3o de Plano de Interven\u00e7\u00e3o na segunda etapa, o espa\u00e7o p\u00f4de ser liberado ao p\u00fablico.<\/p>\n<p><strong>Servi\u00e7o<\/strong><\/p>\n<p>Endere\u00e7o: Rua Perp\u00e9tua do Campo, 481 x Av. Ant\u00f4nio Louzada Antunes, 671<br \/>\nHor\u00e1rio de funcionamento: 6h \u00e0s 18h<\/p>\n","protected":false},"excerpt":{"rendered":"<p>A Prefeitura de S\u00e3o Paulo inaugurou neste s\u00e1bado (14) a primeira fase do Parque Jardim Primavera, em S\u00e3o Miguel Paulista, zona leste da capital. \u00c9 o primeiro parque da regi\u00e3o. Com a entrega, a cidade passa a contar com 123 parques. Nesta etapa inicial, 27,3 mil m\u00b2 est\u00e3o abertos ao p\u00fablico. O terreno total tem [&hellip;]<\/p>\n","protected":false},"author":4,"featured_media":12743,"comment_status":"open","ping_status":"closed","sticky":false,"template":"","format":"standard","meta":{"_acf_changed":false,"_monsterinsights_skip_tracking":false,"_monsterinsights_sitenote_active":false,"_monsterinsights_sitenote_note":"","_monsterinsights_sitenote_category":0,"footnotes":""},"categories":[756],"tags":[52],"class_list":["post-12740","post","type-post","status-publish","format-standard","has-post-thumbnail","hentry","category-meio-ambiente","tag-prefeitura-de-sao-paulo"],"acf":[],"yoast_head":"<!-- This site is optimized with the Yoast SEO plugin v24.1 - https:\/\/yoast.com\/wordpress\/plugins\/seo\/ -->\n<title>Parque Jardim Primavera - Estad\u00e3o Expresso S\u00e3o Paulo<\/title>\n<meta name=\"description\" content=\"\u00c1rea de 27,3 mil metros quadrados \u00e9 liberada na primeira fase do projeto\" \/>\n<meta name=\"robots\" content=\"index, follow, max-snippet:-1, max-image-preview:large, max-video-preview:-1\" \/>\n<link rel=\"canonical\" href=\"https:\/\/expresso.estadao.com.br\/sao-paulo\/2026\/03\/16\/parque-jardim-primavera-e-aberto-ao-publico-em-sao-miguel-paulista\/\" \/>\n<meta property=\"og:locale\" content=\"pt_BR\" \/>\n<meta property=\"og:type\" content=\"article\" \/>\n<meta property=\"og:title\" content=\"Parque Jardim Primavera - Estad\u00e3o Expresso S\u00e3o Paulo\" \/>\n<meta property=\"og:description\" content=\"\u00c1rea de 27,3 mil metros quadrados \u00e9 liberada na primeira fase do projeto\" \/>\n<meta property=\"og:url\" content=\"https:\/\/expresso.estadao.com.br\/sao-paulo\/2026\/03\/16\/parque-jardim-primavera-e-aberto-ao-publico-em-sao-miguel-paulista\/\" \/>\n<meta property=\"og:site_name\" content=\"Estad\u00e3o Expresso S\u00e3o Paulo\" \/>\n<meta property=\"article:published_time\" content=\"2026-03-16T18:02:53+00:00\" \/>\n<meta property=\"og:image\" content=\"https:\/\/expresso.estadao.com.br\/sao-paulo\/wp-content\/uploads\/2026\/03\/20260314_inauguracao_parque_Jardim_Primavera_SB-21-scaled.jpg\" \/>\n\t<meta property=\"og:image:type\" content=\"image\/jpeg\" \/>\n<meta name=\"author\" content=\"fabio_bairros\" \/>\n<meta name=\"twitter:card\" content=\"summary_large_image\" \/>\n<meta name=\"twitter:label1\" content=\"Escrito por\" \/>\n\t<meta name=\"twitter:data1\" content=\"fabio_bairros\" \/>\n\t<meta name=\"twitter:label2\" content=\"Est. tempo de leitura\" \/>\n\t<meta name=\"twitter:data2\" content=\"2 minutos\" \/>\n<script type=\"application\/ld+json\" class=\"yoast-schema-graph\">{\"@context\":\"https:\/\/schema.org\",\"@graph\":[{\"@type\":\"WebPage\",\"@id\":\"https:\/\/expresso.estadao.com.br\/sao-paulo\/2026\/03\/16\/parque-jardim-primavera-e-aberto-ao-publico-em-sao-miguel-paulista\/\",\"url\":\"https:\/\/expresso.estadao.com.br\/sao-paulo\/2026\/03\/16\/parque-jardim-primavera-e-aberto-ao-publico-em-sao-miguel-paulista\/\",\"name\":\"Parque Jardim Primavera - Estad\u00e3o Expresso S\u00e3o Paulo\",\"isPartOf\":{\"@id\":\"https:\/\/expresso.estadao.com.br\/sao-paulo\/#website\"},\"primaryImageOfPage\":{\"@id\":\"https:\/\/expresso.estadao.com.br\/sao-paulo\/2026\/03\/16\/parque-jardim-primavera-e-aberto-ao-publico-em-sao-miguel-paulista\/#primaryimage\"},\"image\":{\"@id\":\"https:\/\/expresso.estadao.com.br\/sao-paulo\/2026\/03\/16\/parque-jardim-primavera-e-aberto-ao-publico-em-sao-miguel-paulista\/#primaryimage\"},\"thumbnailUrl\":\"https:\/\/expresso.estadao.com.br\/sao-paulo\/wp-content\/uploads\/2026\/03\/20260314_inauguracao_parque_Jardim_Primavera_SB-21-scaled.jpg\",\"datePublished\":\"2026-03-16T18:02:53+00:00\",\"dateModified\":\"2026-03-16T18:02:53+00:00\",\"author\":{\"@id\":\"https:\/\/expresso.estadao.com.br\/sao-paulo\/#\/schema\/person\/f45f9e313ba8cbe5af9424f387ddef42\"},\"description\":\"\u00c1rea de 27,3 mil metros quadrados \u00e9 liberada na primeira fase do projeto\",\"breadcrumb\":{\"@id\":\"https:\/\/expresso.estadao.com.br\/sao-paulo\/2026\/03\/16\/parque-jardim-primavera-e-aberto-ao-publico-em-sao-miguel-paulista\/#breadcrumb\"},\"inLanguage\":\"pt-BR\",\"potentialAction\":[{\"@type\":\"ReadAction\",\"target\":[\"https:\/\/expresso.estadao.com.br\/sao-paulo\/2026\/03\/16\/parque-jardim-primavera-e-aberto-ao-publico-em-sao-miguel-paulista\/\"]}]},{\"@type\":\"ImageObject\",\"inLanguage\":\"pt-BR\",\"@id\":\"https:\/\/expresso.estadao.com.br\/sao-paulo\/2026\/03\/16\/parque-jardim-primavera-e-aberto-ao-publico-em-sao-miguel-paulista\/#primaryimage\",\"url\":\"https:\/\/expresso.estadao.com.br\/sao-paulo\/wp-content\/uploads\/2026\/03\/20260314_inauguracao_parque_Jardim_Primavera_SB-21-scaled.jpg\",\"contentUrl\":\"https:\/\/expresso.estadao.com.br\/sao-paulo\/wp-content\/uploads\/2026\/03\/20260314_inauguracao_parque_Jardim_Primavera_SB-21-scaled.jpg\",\"width\":2048,\"height\":1536,\"caption\":\"Foto: Sergio Barzaghi\/Divulga\u00e7\u00e3o\/Secom\"},{\"@type\":\"BreadcrumbList\",\"@id\":\"https:\/\/expresso.estadao.com.br\/sao-paulo\/2026\/03\/16\/parque-jardim-primavera-e-aberto-ao-publico-em-sao-miguel-paulista\/#breadcrumb\",\"itemListElement\":[{\"@type\":\"ListItem\",\"position\":1,\"name\":\"In\u00edcio\",\"item\":\"https:\/\/expresso.estadao.com.br\/sao-paulo\/\"},{\"@type\":\"ListItem\",\"position\":2,\"name\":\"Parque Jardim Primavera \u00e9 aberto ao p\u00fablico em S\u00e3o Miguel Paulista\"}]},{\"@type\":\"WebSite\",\"@id\":\"https:\/\/expresso.estadao.com.br\/sao-paulo\/#website\",\"url\":\"https:\/\/expresso.estadao.com.br\/sao-paulo\/\",\"name\":\"Estad\u00e3o Expresso S\u00e3o Paulo\",\"description\":\"Conte\u00fado de presta\u00e7\u00e3o de servi\u00e7o para que os moradores da cidade de S\u00e3o Paulo possam se informar melhor e usar de maneira mais eficaz os servi\u00e7os p\u00fablicos municipais.\",\"potentialAction\":[{\"@type\":\"SearchAction\",\"target\":{\"@type\":\"EntryPoint\",\"urlTemplate\":\"https:\/\/expresso.estadao.com.br\/sao-paulo\/?s={search_term_string}\"},\"query-input\":{\"@type\":\"PropertyValueSpecification\",\"valueRequired\":true,\"valueName\":\"search_term_string\"}}],\"inLanguage\":\"pt-BR\"},{\"@type\":\"Person\",\"@id\":\"https:\/\/expresso.estadao.com.br\/sao-paulo\/#\/schema\/person\/f45f9e313ba8cbe5af9424f387ddef42\",\"name\":\"fabio_bairros\",\"image\":{\"@type\":\"ImageObject\",\"inLanguage\":\"pt-BR\",\"@id\":\"https:\/\/expresso.estadao.com.br\/sao-paulo\/#\/schema\/person\/image\/\",\"url\":\"https:\/\/secure.gravatar.com\/avatar\/fbecca90befcfda9505216ce0dc87261326cb6644deb5861e7ab404061c24246?s=96&d=mm&r=g\",\"contentUrl\":\"https:\/\/secure.gravatar.com\/avatar\/fbecca90befcfda9505216ce0dc87261326cb6644deb5861e7ab404061c24246?s=96&d=mm&r=g\",\"caption\":\"fabio_bairros\"}}]}<\/script>\n<!-- \/ Yoast SEO plugin. -->","yoast_head_json":{"title":"Parque Jardim Primavera - Estad\u00e3o Expresso S\u00e3o Paulo","description":"\u00c1rea de 27,3 mil metros quadrados \u00e9 liberada na primeira fase do projeto","robots":{"index":"index","follow":"follow","max-snippet":"max-snippet:-1","max-image-preview":"max-image-preview:large","max-video-preview":"max-video-preview:-1"},"canonical":"https:\/\/expresso.estadao.com.br\/sao-paulo\/2026\/03\/16\/parque-jardim-primavera-e-aberto-ao-publico-em-sao-miguel-paulista\/","og_locale":"pt_BR","og_type":"article","og_title":"Parque Jardim Primavera - Estad\u00e3o Expresso S\u00e3o Paulo","og_description":"\u00c1rea de 27,3 mil metros quadrados \u00e9 liberada na primeira fase do projeto","og_url":"https:\/\/expresso.estadao.com.br\/sao-paulo\/2026\/03\/16\/parque-jardim-primavera-e-aberto-ao-publico-em-sao-miguel-paulista\/","og_site_name":"Estad\u00e3o Expresso S\u00e3o Paulo","article_published_time":"2026-03-16T18:02:53+00:00","og_image":[{"width":"","height":"","url":"https:\/\/expresso.estadao.com.br\/sao-paulo\/wp-content\/uploads\/2026\/03\/20260314_inauguracao_parque_Jardim_Primavera_SB-21-scaled.jpg","type":"image\/jpeg"}],"author":"fabio_bairros","twitter_card":"summary_large_image","twitter_misc":{"Escrito por":"fabio_bairros","Est. tempo de leitura":"2 minutos"},"schema":{"@context":"https:\/\/schema.org","@graph":[{"@type":"WebPage","@id":"https:\/\/expresso.estadao.com.br\/sao-paulo\/2026\/03\/16\/parque-jardim-primavera-e-aberto-ao-publico-em-sao-miguel-paulista\/","url":"https:\/\/expresso.estadao.com.br\/sao-paulo\/2026\/03\/16\/parque-jardim-primavera-e-aberto-ao-publico-em-sao-miguel-paulista\/","name":"Parque Jardim Primavera - Estad\u00e3o Expresso S\u00e3o Paulo","isPartOf":{"@id":"https:\/\/expresso.estadao.com.br\/sao-paulo\/#website"},"primaryImageOfPage":{"@id":"https:\/\/expresso.estadao.com.br\/sao-paulo\/2026\/03\/16\/parque-jardim-primavera-e-aberto-ao-publico-em-sao-miguel-paulista\/#primaryimage"},"image":{"@id":"https:\/\/expresso.estadao.com.br\/sao-paulo\/2026\/03\/16\/parque-jardim-primavera-e-aberto-ao-publico-em-sao-miguel-paulista\/#primaryimage"},"thumbnailUrl":"https:\/\/expresso.estadao.com.br\/sao-paulo\/wp-content\/uploads\/2026\/03\/20260314_inauguracao_parque_Jardim_Primavera_SB-21-scaled.jpg","datePublished":"2026-03-16T18:02:53+00:00","dateModified":"2026-03-16T18:02:53+00:00","author":{"@id":"https:\/\/expresso.estadao.com.br\/sao-paulo\/#\/schema\/person\/f45f9e313ba8cbe5af9424f387ddef42"},"description":"\u00c1rea de 27,3 mil metros quadrados \u00e9 liberada na primeira fase do projeto","breadcrumb":{"@id":"https:\/\/expresso.estadao.com.br\/sao-paulo\/2026\/03\/16\/parque-jardim-primavera-e-aberto-ao-publico-em-sao-miguel-paulista\/#breadcrumb"},"inLanguage":"pt-BR","potentialAction":[{"@type":"ReadAction","target":["https:\/\/expresso.estadao.com.br\/sao-paulo\/2026\/03\/16\/parque-jardim-primavera-e-aberto-ao-publico-em-sao-miguel-paulista\/"]}]},{"@type":"ImageObject","inLanguage":"pt-BR","@id":"https:\/\/expresso.estadao.com.br\/sao-paulo\/2026\/03\/16\/parque-jardim-primavera-e-aberto-ao-publico-em-sao-miguel-paulista\/#primaryimage","url":"https:\/\/expresso.estadao.com.br\/sao-paulo\/wp-content\/uploads\/2026\/03\/20260314_inauguracao_parque_Jardim_Primavera_SB-21-scaled.jpg","contentUrl":"https:\/\/expresso.estadao.com.br\/sao-paulo\/wp-content\/uploads\/2026\/03\/20260314_inauguracao_parque_Jardim_Primavera_SB-21-scaled.jpg","width":2048,"height":1536,"caption":"Foto: Sergio Barzaghi\/Divulga\u00e7\u00e3o\/Secom"},{"@type":"BreadcrumbList","@id":"https:\/\/expresso.estadao.com.br\/sao-paulo\/2026\/03\/16\/parque-jardim-primavera-e-aberto-ao-publico-em-sao-miguel-paulista\/#breadcrumb","itemListElement":[{"@type":"ListItem","position":1,"name":"In\u00edcio","item":"https:\/\/expresso.estadao.com.br\/sao-paulo\/"},{"@type":"ListItem","position":2,"name":"Parque Jardim Primavera \u00e9 aberto ao p\u00fablico em S\u00e3o Miguel Paulista"}]},{"@type":"WebSite","@id":"https:\/\/expresso.estadao.com.br\/sao-paulo\/#website","url":"https:\/\/expresso.estadao.com.br\/sao-paulo\/","name":"Estad\u00e3o Expresso S\u00e3o Paulo","description":"Conte\u00fado de presta\u00e7\u00e3o de servi\u00e7o para que os moradores da cidade de S\u00e3o Paulo possam se informar melhor e usar de maneira mais eficaz os servi\u00e7os p\u00fablicos municipais.","potentialAction":[{"@type":"SearchAction","target":{"@type":"EntryPoint","urlTemplate":"https:\/\/expresso.estadao.com.br\/sao-paulo\/?s={search_term_string}"},"query-input":{"@type":"PropertyValueSpecification","valueRequired":true,"valueName":"search_term_string"}}],"inLanguage":"pt-BR"},{"@type":"Person","@id":"https:\/\/expresso.estadao.com.br\/sao-paulo\/#\/schema\/person\/f45f9e313ba8cbe5af9424f387ddef42","name":"fabio_bairros","image":{"@type":"ImageObject","inLanguage":"pt-BR","@id":"https:\/\/expresso.estadao.com.br\/sao-paulo\/#\/schema\/person\/image\/","url":"https:\/\/secure.gravatar.com\/avatar\/fbecca90befcfda9505216ce0dc87261326cb6644deb5861e7ab404061c24246?s=96&d=mm&r=g","contentUrl":"https:\/\/secure.gravatar.com\/avatar\/fbecca90befcfda9505216ce0dc87261326cb6644deb5861e7ab404061c24246?s=96&d=mm&r=g","caption":"fabio_bairros"}}]}},"_links":{"self":[{"href":"https:\/\/expresso.estadao.com.br\/sao-paulo\/wp-json\/wp\/v2\/posts\/12740","targetHints":{"allow":["GET"]}}],"collection":[{"href":"https:\/\/expresso.estadao.com.br\/sao-paulo\/wp-json\/wp\/v2\/posts"}],"about":[{"href":"https:\/\/expresso.estadao.com.br\/sao-paulo\/wp-json\/wp\/v2\/types\/post"}],"author":[{"embeddable":true,"href":"https:\/\/expresso.estadao.com.br\/sao-paulo\/wp-json\/wp\/v2\/users\/4"}],"replies":[{"embeddable":true,"href":"https:\/\/expresso.estadao.com.br\/sao-paulo\/wp-json\/wp\/v2\/comments?post=12740"}],"version-history":[{"count":2,"href":"https:\/\/expresso.estadao.com.br\/sao-paulo\/wp-json\/wp\/v2\/posts\/12740\/revisions"}],"predecessor-version":[{"id":12742,"href":"https:\/\/expresso.estadao.com.br\/sao-paulo\/wp-json\/wp\/v2\/posts\/12740\/revisions\/12742"}],"wp:featuredmedia":[{"embeddable":true,"href":"https:\/\/expresso.estadao.com.br\/sao-paulo\/wp-json\/wp\/v2\/media\/12743"}],"wp:attachment":[{"href":"https:\/\/expresso.estadao.com.br\/sao-paulo\/wp-json\/wp\/v2\/media?parent=12740"}],"wp:term":[{"taxonomy":"category","embeddable":true,"href":"https:\/\/expresso.estadao.com.br\/sao-paulo\/wp-json\/wp\/v2\/categories?post=12740"},{"taxonomy":"post_tag","embeddable":true,"href":"https:\/\/expresso.estadao.com.br\/sao-paulo\/wp-json\/wp\/v2\/tags?post=12740"}],"curies":[{"name":"wp","href":"https:\/\/api.w.org\/{rel}","templated":true}]}}