{"id":12891,"date":"2026-04-07T10:49:30","date_gmt":"2026-04-07T13:49:30","guid":{"rendered":"https:\/\/expresso.estadao.com.br\/sao-paulo\/?p=12891"},"modified":"2026-04-07T10:49:30","modified_gmt":"2026-04-07T13:49:30","slug":"atendimentos-da-rede-de-assistencia-social-crescem-no-inicio-de-2026","status":"publish","type":"post","link":"https:\/\/expresso.estadao.com.br\/sao-paulo\/2026\/04\/07\/atendimentos-da-rede-de-assistencia-social-crescem-no-inicio-de-2026\/","title":{"rendered":"Atendimentos da rede de assist\u00eancia social crescem no in\u00edcio de 2026"},"content":{"rendered":"<p>A Prefeitura de S\u00e3o Paulo realizou mais de 113 mil atendimentos nos tr\u00eas primeiros meses de 2026, aumento de 12 mil em rela\u00e7\u00e3o ao mesmo per\u00edodo de 2025. Os servi\u00e7os s\u00e3o prestados pelos Centros de Refer\u00eancia de Assist\u00eancia Social (CRAS), Centros de Refer\u00eancia Especializados de Assist\u00eancia Social (CREAS) e Centros de Refer\u00eancia Especializados para Popula\u00e7\u00e3o em Situa\u00e7\u00e3o de Rua (Centro POP).<\/p>\n<p>Os CRAS atuam na preven\u00e7\u00e3o de situa\u00e7\u00f5es de vulnerabilidade social. Os CREAS atendem casos com viola\u00e7\u00e3o de direitos. J\u00e1 os Centros POP prestam atendimento especializado \u00e0 popula\u00e7\u00e3o em situa\u00e7\u00e3o de rua. As unidades est\u00e3o distribu\u00eddas pelo munic\u00edpio, organizadas conforme as subprefeituras, o que amplia o acesso aos servi\u00e7os socioassistenciais.<\/p>\n<p>No per\u00edodo, foram registrados 103 mil encaminhamentos para diferentes demandas da rede, que incluem atendimento e orienta\u00e7\u00e3o sobre benef\u00edcios sociais, como Cad\u00danico, Benef\u00edcio de Presta\u00e7\u00e3o Continuada (BPC), Bolsa Fam\u00edlia e benef\u00edcios eventuais. Tamb\u00e9m h\u00e1 encaminhamentos para outras \u00e1reas, apoio em situa\u00e7\u00f5es de vulnerabilidade, regulariza\u00e7\u00e3o de documentos e acesso a programas e direitos.<\/p>\n<p>A rede tamb\u00e9m atende a popula\u00e7\u00e3o imigrante, com servi\u00e7os voltados a quest\u00f5es como barreiras lingu\u00edsticas, documenta\u00e7\u00e3o e inser\u00e7\u00e3o social, por meio do Sistema \u00danico de Assist\u00eancia Social (SUAS). Segundo dados do Observat\u00f3rio de Assist\u00eancia Social, cerca de 2 mil pessoas imigrantes foram atendidas em 2026.<\/p>\n","protected":false},"excerpt":{"rendered":"<p>A Prefeitura de S\u00e3o Paulo realizou mais de 113 mil atendimentos nos tr\u00eas primeiros meses de 2026, aumento de 12 mil em rela\u00e7\u00e3o ao mesmo per\u00edodo de 2025. Os servi\u00e7os s\u00e3o prestados pelos Centros de Refer\u00eancia de Assist\u00eancia Social (CRAS), Centros de Refer\u00eancia Especializados de Assist\u00eancia Social (CREAS) e Centros de Refer\u00eancia Especializados para Popula\u00e7\u00e3o [&hellip;]<\/p>\n","protected":false},"author":4,"featured_media":12892,"comment_status":"open","ping_status":"closed","sticky":false,"template":"","format":"standard","meta":{"_acf_changed":false,"_monsterinsights_skip_tracking":false,"_monsterinsights_sitenote_active":false,"_monsterinsights_sitenote_note":"","_monsterinsights_sitenote_category":0,"footnotes":""},"categories":[740],"tags":[1370,1371,52,220],"class_list":["post-12891","post","type-post","status-publish","format-standard","has-post-thumbnail","hentry","category-assistencia-social","tag-assistencia-social","tag-cras","tag-prefeitura-de-sao-paulo","tag-smads"],"acf":[],"yoast_head":"<!-- This site is optimized with the Yoast SEO plugin v24.1 - https:\/\/yoast.com\/wordpress\/plugins\/seo\/ -->\n<title>Rede de assist\u00eancia social - Estad\u00e3o Expresso S\u00e3o Paulo<\/title>\n<meta name=\"description\" content=\"Prefeitura registra aumento em rela\u00e7\u00e3o ao mesmo per\u00edodo de 2025 e amplia encaminhamentos e acesso a benef\u00edcios\" \/>\n<meta name=\"robots\" content=\"index, follow, max-snippet:-1, max-image-preview:large, max-video-preview:-1\" \/>\n<link rel=\"canonical\" href=\"https:\/\/expresso.estadao.com.br\/sao-paulo\/2026\/04\/07\/atendimentos-da-rede-de-assistencia-social-crescem-no-inicio-de-2026\/\" \/>\n<meta property=\"og:locale\" content=\"pt_BR\" \/>\n<meta property=\"og:type\" content=\"article\" \/>\n<meta property=\"og:title\" content=\"Rede de assist\u00eancia social - Estad\u00e3o Expresso S\u00e3o Paulo\" \/>\n<meta property=\"og:description\" content=\"Prefeitura registra aumento em rela\u00e7\u00e3o ao mesmo per\u00edodo de 2025 e amplia encaminhamentos e acesso a benef\u00edcios\" \/>\n<meta property=\"og:url\" content=\"https:\/\/expresso.estadao.com.br\/sao-paulo\/2026\/04\/07\/atendimentos-da-rede-de-assistencia-social-crescem-no-inicio-de-2026\/\" \/>\n<meta property=\"og:site_name\" content=\"Estad\u00e3o Expresso S\u00e3o Paulo\" \/>\n<meta property=\"article:published_time\" content=\"2026-04-07T13:49:30+00:00\" \/>\n<meta property=\"og:image\" content=\"https:\/\/expresso.estadao.com.br\/sao-paulo\/wp-content\/uploads\/2026\/04\/agenteseas.png\" \/>\n\t<meta property=\"og:image:type\" content=\"image\/png\" \/>\n<meta name=\"author\" content=\"fabio_bairros\" \/>\n<meta name=\"twitter:card\" content=\"summary_large_image\" \/>\n<meta name=\"twitter:label1\" content=\"Escrito por\" \/>\n\t<meta name=\"twitter:data1\" content=\"fabio_bairros\" \/>\n\t<meta name=\"twitter:label2\" content=\"Est. tempo de leitura\" \/>\n\t<meta name=\"twitter:data2\" content=\"2 minutos\" \/>\n<script type=\"application\/ld+json\" class=\"yoast-schema-graph\">{\"@context\":\"https:\/\/schema.org\",\"@graph\":[{\"@type\":\"WebPage\",\"@id\":\"https:\/\/expresso.estadao.com.br\/sao-paulo\/2026\/04\/07\/atendimentos-da-rede-de-assistencia-social-crescem-no-inicio-de-2026\/\",\"url\":\"https:\/\/expresso.estadao.com.br\/sao-paulo\/2026\/04\/07\/atendimentos-da-rede-de-assistencia-social-crescem-no-inicio-de-2026\/\",\"name\":\"Rede de assist\u00eancia social - Estad\u00e3o Expresso S\u00e3o Paulo\",\"isPartOf\":{\"@id\":\"https:\/\/expresso.estadao.com.br\/sao-paulo\/#website\"},\"primaryImageOfPage\":{\"@id\":\"https:\/\/expresso.estadao.com.br\/sao-paulo\/2026\/04\/07\/atendimentos-da-rede-de-assistencia-social-crescem-no-inicio-de-2026\/#primaryimage\"},\"image\":{\"@id\":\"https:\/\/expresso.estadao.com.br\/sao-paulo\/2026\/04\/07\/atendimentos-da-rede-de-assistencia-social-crescem-no-inicio-de-2026\/#primaryimage\"},\"thumbnailUrl\":\"https:\/\/expresso.estadao.com.br\/sao-paulo\/wp-content\/uploads\/2026\/04\/agenteseas.png\",\"datePublished\":\"2026-04-07T13:49:30+00:00\",\"dateModified\":\"2026-04-07T13:49:30+00:00\",\"author\":{\"@id\":\"https:\/\/expresso.estadao.com.br\/sao-paulo\/#\/schema\/person\/f45f9e313ba8cbe5af9424f387ddef42\"},\"description\":\"Prefeitura registra aumento em rela\u00e7\u00e3o ao mesmo per\u00edodo de 2025 e amplia encaminhamentos e acesso a benef\u00edcios\",\"breadcrumb\":{\"@id\":\"https:\/\/expresso.estadao.com.br\/sao-paulo\/2026\/04\/07\/atendimentos-da-rede-de-assistencia-social-crescem-no-inicio-de-2026\/#breadcrumb\"},\"inLanguage\":\"pt-BR\",\"potentialAction\":[{\"@type\":\"ReadAction\",\"target\":[\"https:\/\/expresso.estadao.com.br\/sao-paulo\/2026\/04\/07\/atendimentos-da-rede-de-assistencia-social-crescem-no-inicio-de-2026\/\"]}]},{\"@type\":\"ImageObject\",\"inLanguage\":\"pt-BR\",\"@id\":\"https:\/\/expresso.estadao.com.br\/sao-paulo\/2026\/04\/07\/atendimentos-da-rede-de-assistencia-social-crescem-no-inicio-de-2026\/#primaryimage\",\"url\":\"https:\/\/expresso.estadao.com.br\/sao-paulo\/wp-content\/uploads\/2026\/04\/agenteseas.png\",\"contentUrl\":\"https:\/\/expresso.estadao.com.br\/sao-paulo\/wp-content\/uploads\/2026\/04\/agenteseas.png\",\"width\":869,\"height\":508,\"caption\":\"Foto: Divulga\u00e7\u00e3o\/Secom\"},{\"@type\":\"BreadcrumbList\",\"@id\":\"https:\/\/expresso.estadao.com.br\/sao-paulo\/2026\/04\/07\/atendimentos-da-rede-de-assistencia-social-crescem-no-inicio-de-2026\/#breadcrumb\",\"itemListElement\":[{\"@type\":\"ListItem\",\"position\":1,\"name\":\"In\u00edcio\",\"item\":\"https:\/\/expresso.estadao.com.br\/sao-paulo\/\"},{\"@type\":\"ListItem\",\"position\":2,\"name\":\"Atendimentos da rede de assist\u00eancia social crescem no in\u00edcio de 2026\"}]},{\"@type\":\"WebSite\",\"@id\":\"https:\/\/expresso.estadao.com.br\/sao-paulo\/#website\",\"url\":\"https:\/\/expresso.estadao.com.br\/sao-paulo\/\",\"name\":\"Estad\u00e3o Expresso S\u00e3o Paulo\",\"description\":\"Conte\u00fado de presta\u00e7\u00e3o de servi\u00e7o para que os moradores da cidade de S\u00e3o Paulo possam se informar melhor e usar de maneira mais eficaz os servi\u00e7os p\u00fablicos municipais.\",\"potentialAction\":[{\"@type\":\"SearchAction\",\"target\":{\"@type\":\"EntryPoint\",\"urlTemplate\":\"https:\/\/expresso.estadao.com.br\/sao-paulo\/?s={search_term_string}\"},\"query-input\":{\"@type\":\"PropertyValueSpecification\",\"valueRequired\":true,\"valueName\":\"search_term_string\"}}],\"inLanguage\":\"pt-BR\"},{\"@type\":\"Person\",\"@id\":\"https:\/\/expresso.estadao.com.br\/sao-paulo\/#\/schema\/person\/f45f9e313ba8cbe5af9424f387ddef42\",\"name\":\"fabio_bairros\",\"image\":{\"@type\":\"ImageObject\",\"inLanguage\":\"pt-BR\",\"@id\":\"https:\/\/expresso.estadao.com.br\/sao-paulo\/#\/schema\/person\/image\/\",\"url\":\"https:\/\/secure.gravatar.com\/avatar\/fbecca90befcfda9505216ce0dc87261326cb6644deb5861e7ab404061c24246?s=96&d=mm&r=g\",\"contentUrl\":\"https:\/\/secure.gravatar.com\/avatar\/fbecca90befcfda9505216ce0dc87261326cb6644deb5861e7ab404061c24246?s=96&d=mm&r=g\",\"caption\":\"fabio_bairros\"}}]}<\/script>\n<!-- \/ Yoast SEO plugin. -->","yoast_head_json":{"title":"Rede de assist\u00eancia social - Estad\u00e3o Expresso S\u00e3o Paulo","description":"Prefeitura registra aumento em rela\u00e7\u00e3o ao mesmo per\u00edodo de 2025 e amplia encaminhamentos e acesso a benef\u00edcios","robots":{"index":"index","follow":"follow","max-snippet":"max-snippet:-1","max-image-preview":"max-image-preview:large","max-video-preview":"max-video-preview:-1"},"canonical":"https:\/\/expresso.estadao.com.br\/sao-paulo\/2026\/04\/07\/atendimentos-da-rede-de-assistencia-social-crescem-no-inicio-de-2026\/","og_locale":"pt_BR","og_type":"article","og_title":"Rede de assist\u00eancia social - Estad\u00e3o Expresso S\u00e3o Paulo","og_description":"Prefeitura registra aumento em rela\u00e7\u00e3o ao mesmo per\u00edodo de 2025 e amplia encaminhamentos e acesso a benef\u00edcios","og_url":"https:\/\/expresso.estadao.com.br\/sao-paulo\/2026\/04\/07\/atendimentos-da-rede-de-assistencia-social-crescem-no-inicio-de-2026\/","og_site_name":"Estad\u00e3o Expresso S\u00e3o Paulo","article_published_time":"2026-04-07T13:49:30+00:00","og_image":[{"width":"","height":"","url":"https:\/\/expresso.estadao.com.br\/sao-paulo\/wp-content\/uploads\/2026\/04\/agenteseas.png","type":"image\/png"}],"author":"fabio_bairros","twitter_card":"summary_large_image","twitter_misc":{"Escrito por":"fabio_bairros","Est. tempo de leitura":"2 minutos"},"schema":{"@context":"https:\/\/schema.org","@graph":[{"@type":"WebPage","@id":"https:\/\/expresso.estadao.com.br\/sao-paulo\/2026\/04\/07\/atendimentos-da-rede-de-assistencia-social-crescem-no-inicio-de-2026\/","url":"https:\/\/expresso.estadao.com.br\/sao-paulo\/2026\/04\/07\/atendimentos-da-rede-de-assistencia-social-crescem-no-inicio-de-2026\/","name":"Rede de assist\u00eancia social - Estad\u00e3o Expresso S\u00e3o Paulo","isPartOf":{"@id":"https:\/\/expresso.estadao.com.br\/sao-paulo\/#website"},"primaryImageOfPage":{"@id":"https:\/\/expresso.estadao.com.br\/sao-paulo\/2026\/04\/07\/atendimentos-da-rede-de-assistencia-social-crescem-no-inicio-de-2026\/#primaryimage"},"image":{"@id":"https:\/\/expresso.estadao.com.br\/sao-paulo\/2026\/04\/07\/atendimentos-da-rede-de-assistencia-social-crescem-no-inicio-de-2026\/#primaryimage"},"thumbnailUrl":"https:\/\/expresso.estadao.com.br\/sao-paulo\/wp-content\/uploads\/2026\/04\/agenteseas.png","datePublished":"2026-04-07T13:49:30+00:00","dateModified":"2026-04-07T13:49:30+00:00","author":{"@id":"https:\/\/expresso.estadao.com.br\/sao-paulo\/#\/schema\/person\/f45f9e313ba8cbe5af9424f387ddef42"},"description":"Prefeitura registra aumento em rela\u00e7\u00e3o ao mesmo per\u00edodo de 2025 e amplia encaminhamentos e acesso a benef\u00edcios","breadcrumb":{"@id":"https:\/\/expresso.estadao.com.br\/sao-paulo\/2026\/04\/07\/atendimentos-da-rede-de-assistencia-social-crescem-no-inicio-de-2026\/#breadcrumb"},"inLanguage":"pt-BR","potentialAction":[{"@type":"ReadAction","target":["https:\/\/expresso.estadao.com.br\/sao-paulo\/2026\/04\/07\/atendimentos-da-rede-de-assistencia-social-crescem-no-inicio-de-2026\/"]}]},{"@type":"ImageObject","inLanguage":"pt-BR","@id":"https:\/\/expresso.estadao.com.br\/sao-paulo\/2026\/04\/07\/atendimentos-da-rede-de-assistencia-social-crescem-no-inicio-de-2026\/#primaryimage","url":"https:\/\/expresso.estadao.com.br\/sao-paulo\/wp-content\/uploads\/2026\/04\/agenteseas.png","contentUrl":"https:\/\/expresso.estadao.com.br\/sao-paulo\/wp-content\/uploads\/2026\/04\/agenteseas.png","width":869,"height":508,"caption":"Foto: Divulga\u00e7\u00e3o\/Secom"},{"@type":"BreadcrumbList","@id":"https:\/\/expresso.estadao.com.br\/sao-paulo\/2026\/04\/07\/atendimentos-da-rede-de-assistencia-social-crescem-no-inicio-de-2026\/#breadcrumb","itemListElement":[{"@type":"ListItem","position":1,"name":"In\u00edcio","item":"https:\/\/expresso.estadao.com.br\/sao-paulo\/"},{"@type":"ListItem","position":2,"name":"Atendimentos da rede de assist\u00eancia social crescem no in\u00edcio de 2026"}]},{"@type":"WebSite","@id":"https:\/\/expresso.estadao.com.br\/sao-paulo\/#website","url":"https:\/\/expresso.estadao.com.br\/sao-paulo\/","name":"Estad\u00e3o Expresso S\u00e3o Paulo","description":"Conte\u00fado de presta\u00e7\u00e3o de servi\u00e7o para que os moradores da cidade de S\u00e3o Paulo possam se informar melhor e usar de maneira mais eficaz os servi\u00e7os p\u00fablicos municipais.","potentialAction":[{"@type":"SearchAction","target":{"@type":"EntryPoint","urlTemplate":"https:\/\/expresso.estadao.com.br\/sao-paulo\/?s={search_term_string}"},"query-input":{"@type":"PropertyValueSpecification","valueRequired":true,"valueName":"search_term_string"}}],"inLanguage":"pt-BR"},{"@type":"Person","@id":"https:\/\/expresso.estadao.com.br\/sao-paulo\/#\/schema\/person\/f45f9e313ba8cbe5af9424f387ddef42","name":"fabio_bairros","image":{"@type":"ImageObject","inLanguage":"pt-BR","@id":"https:\/\/expresso.estadao.com.br\/sao-paulo\/#\/schema\/person\/image\/","url":"https:\/\/secure.gravatar.com\/avatar\/fbecca90befcfda9505216ce0dc87261326cb6644deb5861e7ab404061c24246?s=96&d=mm&r=g","contentUrl":"https:\/\/secure.gravatar.com\/avatar\/fbecca90befcfda9505216ce0dc87261326cb6644deb5861e7ab404061c24246?s=96&d=mm&r=g","caption":"fabio_bairros"}}]}},"_links":{"self":[{"href":"https:\/\/expresso.estadao.com.br\/sao-paulo\/wp-json\/wp\/v2\/posts\/12891","targetHints":{"allow":["GET"]}}],"collection":[{"href":"https:\/\/expresso.estadao.com.br\/sao-paulo\/wp-json\/wp\/v2\/posts"}],"about":[{"href":"https:\/\/expresso.estadao.com.br\/sao-paulo\/wp-json\/wp\/v2\/types\/post"}],"author":[{"embeddable":true,"href":"https:\/\/expresso.estadao.com.br\/sao-paulo\/wp-json\/wp\/v2\/users\/4"}],"replies":[{"embeddable":true,"href":"https:\/\/expresso.estadao.com.br\/sao-paulo\/wp-json\/wp\/v2\/comments?post=12891"}],"version-history":[{"count":2,"href":"https:\/\/expresso.estadao.com.br\/sao-paulo\/wp-json\/wp\/v2\/posts\/12891\/revisions"}],"predecessor-version":[{"id":12894,"href":"https:\/\/expresso.estadao.com.br\/sao-paulo\/wp-json\/wp\/v2\/posts\/12891\/revisions\/12894"}],"wp:featuredmedia":[{"embeddable":true,"href":"https:\/\/expresso.estadao.com.br\/sao-paulo\/wp-json\/wp\/v2\/media\/12892"}],"wp:attachment":[{"href":"https:\/\/expresso.estadao.com.br\/sao-paulo\/wp-json\/wp\/v2\/media?parent=12891"}],"wp:term":[{"taxonomy":"category","embeddable":true,"href":"https:\/\/expresso.estadao.com.br\/sao-paulo\/wp-json\/wp\/v2\/categories?post=12891"},{"taxonomy":"post_tag","embeddable":true,"href":"https:\/\/expresso.estadao.com.br\/sao-paulo\/wp-json\/wp\/v2\/tags?post=12891"}],"curies":[{"name":"wp","href":"https:\/\/api.w.org\/{rel}","templated":true}]}}