{"id":12998,"date":"2026-04-26T12:44:01","date_gmt":"2026-04-26T15:44:01","guid":{"rendered":"https:\/\/expresso.estadao.com.br\/sao-paulo\/?p=12998"},"modified":"2026-04-26T12:44:01","modified_gmt":"2026-04-26T15:44:01","slug":"mutirao-recolhe-150-toneladas-de-residuos-e-reune-19-mil-voluntarios","status":"publish","type":"post","link":"https:\/\/expresso.estadao.com.br\/sao-paulo\/2026\/04\/26\/mutirao-recolhe-150-toneladas-de-residuos-e-reune-19-mil-voluntarios\/","title":{"rendered":"Mutir\u00e3o recolhe 150 toneladas de res\u00edduos e re\u00fane 1,9 mil volunt\u00e1rios"},"content":{"rendered":"<p>Um mutir\u00e3o simult\u00e2neo de limpeza nas 32 subprefeituras de S\u00e3o Paulo recolheu cerca de 150 toneladas de res\u00edduos e reuniu mais de 1.900 volunt\u00e1rios neste s\u00e1bado (25). A a\u00e7\u00e3o marcou o lan\u00e7amento do Movimento SP, que ter\u00e1 edi\u00e7\u00f5es mensais.<\/p>\n<p>A atividade incluiu a distribui\u00e7\u00e3o de kits com colete, luvas e sacos para coleta. Os volunt\u00e1rios recolheram pl\u00e1stico, bitucas de cigarro, papel e outros res\u00edduos descartados irregularmente. Equipes da Prefeitura realizaram servi\u00e7os de zeladoria, como corte de grama, manuten\u00e7\u00e3o de galerias e lavagem de vias.<\/p>\n<p>Durante a a\u00e7\u00e3o, tamb\u00e9m foi formada a primeira turma de lideran\u00e7as comunit\u00e1rias. Cada subprefeitura indicou tr\u00eas participantes, que passaram por capacita\u00e7\u00e3o para atua\u00e7\u00e3o nos territ\u00f3rios.<\/p>\n<p>O Movimento SP resulta da integra\u00e7\u00e3o entre a Opera\u00e7\u00e3o S\u00e3o Paulo Limpa e o projeto Menos Lixo, Mais Clima, do Instituto Limpa Brasil. A iniciativa inclui um sistema de pontua\u00e7\u00e3o com reconhecimento p\u00fablico para lideran\u00e7as comunit\u00e1rias, escolas, universidades e moradores, com o objetivo de ampliar a participa\u00e7\u00e3o.<\/p>\n<p>A a\u00e7\u00e3o foi realizada em parceria com o Instituto Limpa Brasil e est\u00e1 alinhada ao Dia Mundial da Limpeza 2026, reconhecido pela Organiza\u00e7\u00e3o das Na\u00e7\u00f5es Unidas.<\/p>\n<p>&nbsp;<\/p>\n","protected":false},"excerpt":{"rendered":"<p>Um mutir\u00e3o simult\u00e2neo de limpeza nas 32 subprefeituras de S\u00e3o Paulo recolheu cerca de 150 toneladas de res\u00edduos e reuniu mais de 1.900 volunt\u00e1rios neste s\u00e1bado (25). A a\u00e7\u00e3o marcou o lan\u00e7amento do Movimento SP, que ter\u00e1 edi\u00e7\u00f5es mensais. A atividade incluiu a distribui\u00e7\u00e3o de kits com colete, luvas e sacos para coleta. Os volunt\u00e1rios [&hellip;]<\/p>\n","protected":false},"author":4,"featured_media":13000,"comment_status":"open","ping_status":"closed","sticky":false,"template":"","format":"standard","meta":{"_acf_changed":false,"_monsterinsights_skip_tracking":false,"_monsterinsights_sitenote_active":false,"_monsterinsights_sitenote_note":"","_monsterinsights_sitenote_category":0,"footnotes":""},"categories":[897],"tags":[482,52],"class_list":["post-12998","post","type-post","status-publish","format-standard","has-post-thumbnail","hentry","category-subprefeituras","tag-limpeza-urbana","tag-prefeitura-de-sao-paulo"],"acf":[],"yoast_head":"<!-- This site is optimized with the Yoast SEO plugin v24.1 - https:\/\/yoast.com\/wordpress\/plugins\/seo\/ -->\n<title>Mutir\u00e3o de limpeza - Estad\u00e3o Expresso S\u00e3o Paulo<\/title>\n<meta name=\"description\" content=\"A\u00e7\u00e3o simult\u00e2nea nas 32 subprefeituras marca lan\u00e7amento do Movimento SP e ter\u00e1 edi\u00e7\u00f5es mensais\" \/>\n<meta name=\"robots\" content=\"index, follow, max-snippet:-1, max-image-preview:large, max-video-preview:-1\" \/>\n<link rel=\"canonical\" href=\"https:\/\/expresso.estadao.com.br\/sao-paulo\/2026\/04\/26\/mutirao-recolhe-150-toneladas-de-residuos-e-reune-19-mil-voluntarios\/\" \/>\n<meta property=\"og:locale\" content=\"pt_BR\" \/>\n<meta property=\"og:type\" content=\"article\" \/>\n<meta property=\"og:title\" content=\"Mutir\u00e3o de limpeza - Estad\u00e3o Expresso S\u00e3o Paulo\" \/>\n<meta property=\"og:description\" content=\"A\u00e7\u00e3o simult\u00e2nea nas 32 subprefeituras marca lan\u00e7amento do Movimento SP e ter\u00e1 edi\u00e7\u00f5es mensais\" \/>\n<meta property=\"og:url\" content=\"https:\/\/expresso.estadao.com.br\/sao-paulo\/2026\/04\/26\/mutirao-recolhe-150-toneladas-de-residuos-e-reune-19-mil-voluntarios\/\" \/>\n<meta property=\"og:site_name\" content=\"Estad\u00e3o Expresso S\u00e3o Paulo\" \/>\n<meta property=\"article:published_time\" content=\"2026-04-26T15:44:01+00:00\" \/>\n<meta property=\"og:image\" content=\"https:\/\/expresso.estadao.com.br\/sao-paulo\/wp-content\/uploads\/2026\/04\/20260425_movimentospmutiraolimpeza_025_lr-scaled.jpg\" \/>\n\t<meta property=\"og:image:type\" content=\"image\/jpeg\" \/>\n<meta name=\"author\" content=\"fabio_bairros\" \/>\n<meta name=\"twitter:card\" content=\"summary_large_image\" \/>\n<meta name=\"twitter:label1\" content=\"Escrito por\" \/>\n\t<meta name=\"twitter:data1\" content=\"fabio_bairros\" \/>\n\t<meta name=\"twitter:label2\" content=\"Est. tempo de leitura\" \/>\n\t<meta name=\"twitter:data2\" content=\"2 minutos\" \/>\n<script type=\"application\/ld+json\" class=\"yoast-schema-graph\">{\"@context\":\"https:\/\/schema.org\",\"@graph\":[{\"@type\":\"WebPage\",\"@id\":\"https:\/\/expresso.estadao.com.br\/sao-paulo\/2026\/04\/26\/mutirao-recolhe-150-toneladas-de-residuos-e-reune-19-mil-voluntarios\/\",\"url\":\"https:\/\/expresso.estadao.com.br\/sao-paulo\/2026\/04\/26\/mutirao-recolhe-150-toneladas-de-residuos-e-reune-19-mil-voluntarios\/\",\"name\":\"Mutir\u00e3o de limpeza - Estad\u00e3o Expresso S\u00e3o Paulo\",\"isPartOf\":{\"@id\":\"https:\/\/expresso.estadao.com.br\/sao-paulo\/#website\"},\"primaryImageOfPage\":{\"@id\":\"https:\/\/expresso.estadao.com.br\/sao-paulo\/2026\/04\/26\/mutirao-recolhe-150-toneladas-de-residuos-e-reune-19-mil-voluntarios\/#primaryimage\"},\"image\":{\"@id\":\"https:\/\/expresso.estadao.com.br\/sao-paulo\/2026\/04\/26\/mutirao-recolhe-150-toneladas-de-residuos-e-reune-19-mil-voluntarios\/#primaryimage\"},\"thumbnailUrl\":\"https:\/\/expresso.estadao.com.br\/sao-paulo\/wp-content\/uploads\/2026\/04\/20260425_movimentospmutiraolimpeza_025_lr-scaled.jpg\",\"datePublished\":\"2026-04-26T15:44:01+00:00\",\"dateModified\":\"2026-04-26T15:44:01+00:00\",\"author\":{\"@id\":\"https:\/\/expresso.estadao.com.br\/sao-paulo\/#\/schema\/person\/f45f9e313ba8cbe5af9424f387ddef42\"},\"description\":\"A\u00e7\u00e3o simult\u00e2nea nas 32 subprefeituras marca lan\u00e7amento do Movimento SP e ter\u00e1 edi\u00e7\u00f5es mensais\",\"breadcrumb\":{\"@id\":\"https:\/\/expresso.estadao.com.br\/sao-paulo\/2026\/04\/26\/mutirao-recolhe-150-toneladas-de-residuos-e-reune-19-mil-voluntarios\/#breadcrumb\"},\"inLanguage\":\"pt-BR\",\"potentialAction\":[{\"@type\":\"ReadAction\",\"target\":[\"https:\/\/expresso.estadao.com.br\/sao-paulo\/2026\/04\/26\/mutirao-recolhe-150-toneladas-de-residuos-e-reune-19-mil-voluntarios\/\"]}]},{\"@type\":\"ImageObject\",\"inLanguage\":\"pt-BR\",\"@id\":\"https:\/\/expresso.estadao.com.br\/sao-paulo\/2026\/04\/26\/mutirao-recolhe-150-toneladas-de-residuos-e-reune-19-mil-voluntarios\/#primaryimage\",\"url\":\"https:\/\/expresso.estadao.com.br\/sao-paulo\/wp-content\/uploads\/2026\/04\/20260425_movimentospmutiraolimpeza_025_lr-scaled.jpg\",\"contentUrl\":\"https:\/\/expresso.estadao.com.br\/sao-paulo\/wp-content\/uploads\/2026\/04\/20260425_movimentospmutiraolimpeza_025_lr-scaled.jpg\",\"width\":2560,\"height\":1703,\"caption\":\"Foto: Leon Rodrigues\/Divulga\u00e7\u00e3o\/Secom\"},{\"@type\":\"BreadcrumbList\",\"@id\":\"https:\/\/expresso.estadao.com.br\/sao-paulo\/2026\/04\/26\/mutirao-recolhe-150-toneladas-de-residuos-e-reune-19-mil-voluntarios\/#breadcrumb\",\"itemListElement\":[{\"@type\":\"ListItem\",\"position\":1,\"name\":\"In\u00edcio\",\"item\":\"https:\/\/expresso.estadao.com.br\/sao-paulo\/\"},{\"@type\":\"ListItem\",\"position\":2,\"name\":\"Mutir\u00e3o recolhe 150 toneladas de res\u00edduos e re\u00fane 1,9 mil volunt\u00e1rios\"}]},{\"@type\":\"WebSite\",\"@id\":\"https:\/\/expresso.estadao.com.br\/sao-paulo\/#website\",\"url\":\"https:\/\/expresso.estadao.com.br\/sao-paulo\/\",\"name\":\"Estad\u00e3o Expresso S\u00e3o Paulo\",\"description\":\"Conte\u00fado de presta\u00e7\u00e3o de servi\u00e7o para que os moradores da cidade de S\u00e3o Paulo possam se informar melhor e usar de maneira mais eficaz os servi\u00e7os p\u00fablicos municipais.\",\"potentialAction\":[{\"@type\":\"SearchAction\",\"target\":{\"@type\":\"EntryPoint\",\"urlTemplate\":\"https:\/\/expresso.estadao.com.br\/sao-paulo\/?s={search_term_string}\"},\"query-input\":{\"@type\":\"PropertyValueSpecification\",\"valueRequired\":true,\"valueName\":\"search_term_string\"}}],\"inLanguage\":\"pt-BR\"},{\"@type\":\"Person\",\"@id\":\"https:\/\/expresso.estadao.com.br\/sao-paulo\/#\/schema\/person\/f45f9e313ba8cbe5af9424f387ddef42\",\"name\":\"fabio_bairros\",\"image\":{\"@type\":\"ImageObject\",\"inLanguage\":\"pt-BR\",\"@id\":\"https:\/\/expresso.estadao.com.br\/sao-paulo\/#\/schema\/person\/image\/\",\"url\":\"https:\/\/secure.gravatar.com\/avatar\/fbecca90befcfda9505216ce0dc87261326cb6644deb5861e7ab404061c24246?s=96&d=mm&r=g\",\"contentUrl\":\"https:\/\/secure.gravatar.com\/avatar\/fbecca90befcfda9505216ce0dc87261326cb6644deb5861e7ab404061c24246?s=96&d=mm&r=g\",\"caption\":\"fabio_bairros\"}}]}<\/script>\n<!-- \/ Yoast SEO plugin. -->","yoast_head_json":{"title":"Mutir\u00e3o de limpeza - Estad\u00e3o Expresso S\u00e3o Paulo","description":"A\u00e7\u00e3o simult\u00e2nea nas 32 subprefeituras marca lan\u00e7amento do Movimento SP e ter\u00e1 edi\u00e7\u00f5es mensais","robots":{"index":"index","follow":"follow","max-snippet":"max-snippet:-1","max-image-preview":"max-image-preview:large","max-video-preview":"max-video-preview:-1"},"canonical":"https:\/\/expresso.estadao.com.br\/sao-paulo\/2026\/04\/26\/mutirao-recolhe-150-toneladas-de-residuos-e-reune-19-mil-voluntarios\/","og_locale":"pt_BR","og_type":"article","og_title":"Mutir\u00e3o de limpeza - Estad\u00e3o Expresso S\u00e3o Paulo","og_description":"A\u00e7\u00e3o simult\u00e2nea nas 32 subprefeituras marca lan\u00e7amento do Movimento SP e ter\u00e1 edi\u00e7\u00f5es mensais","og_url":"https:\/\/expresso.estadao.com.br\/sao-paulo\/2026\/04\/26\/mutirao-recolhe-150-toneladas-de-residuos-e-reune-19-mil-voluntarios\/","og_site_name":"Estad\u00e3o Expresso S\u00e3o Paulo","article_published_time":"2026-04-26T15:44:01+00:00","og_image":[{"width":"","height":"","url":"https:\/\/expresso.estadao.com.br\/sao-paulo\/wp-content\/uploads\/2026\/04\/20260425_movimentospmutiraolimpeza_025_lr-scaled.jpg","type":"image\/jpeg"}],"author":"fabio_bairros","twitter_card":"summary_large_image","twitter_misc":{"Escrito por":"fabio_bairros","Est. tempo de leitura":"2 minutos"},"schema":{"@context":"https:\/\/schema.org","@graph":[{"@type":"WebPage","@id":"https:\/\/expresso.estadao.com.br\/sao-paulo\/2026\/04\/26\/mutirao-recolhe-150-toneladas-de-residuos-e-reune-19-mil-voluntarios\/","url":"https:\/\/expresso.estadao.com.br\/sao-paulo\/2026\/04\/26\/mutirao-recolhe-150-toneladas-de-residuos-e-reune-19-mil-voluntarios\/","name":"Mutir\u00e3o de limpeza - Estad\u00e3o Expresso S\u00e3o Paulo","isPartOf":{"@id":"https:\/\/expresso.estadao.com.br\/sao-paulo\/#website"},"primaryImageOfPage":{"@id":"https:\/\/expresso.estadao.com.br\/sao-paulo\/2026\/04\/26\/mutirao-recolhe-150-toneladas-de-residuos-e-reune-19-mil-voluntarios\/#primaryimage"},"image":{"@id":"https:\/\/expresso.estadao.com.br\/sao-paulo\/2026\/04\/26\/mutirao-recolhe-150-toneladas-de-residuos-e-reune-19-mil-voluntarios\/#primaryimage"},"thumbnailUrl":"https:\/\/expresso.estadao.com.br\/sao-paulo\/wp-content\/uploads\/2026\/04\/20260425_movimentospmutiraolimpeza_025_lr-scaled.jpg","datePublished":"2026-04-26T15:44:01+00:00","dateModified":"2026-04-26T15:44:01+00:00","author":{"@id":"https:\/\/expresso.estadao.com.br\/sao-paulo\/#\/schema\/person\/f45f9e313ba8cbe5af9424f387ddef42"},"description":"A\u00e7\u00e3o simult\u00e2nea nas 32 subprefeituras marca lan\u00e7amento do Movimento SP e ter\u00e1 edi\u00e7\u00f5es mensais","breadcrumb":{"@id":"https:\/\/expresso.estadao.com.br\/sao-paulo\/2026\/04\/26\/mutirao-recolhe-150-toneladas-de-residuos-e-reune-19-mil-voluntarios\/#breadcrumb"},"inLanguage":"pt-BR","potentialAction":[{"@type":"ReadAction","target":["https:\/\/expresso.estadao.com.br\/sao-paulo\/2026\/04\/26\/mutirao-recolhe-150-toneladas-de-residuos-e-reune-19-mil-voluntarios\/"]}]},{"@type":"ImageObject","inLanguage":"pt-BR","@id":"https:\/\/expresso.estadao.com.br\/sao-paulo\/2026\/04\/26\/mutirao-recolhe-150-toneladas-de-residuos-e-reune-19-mil-voluntarios\/#primaryimage","url":"https:\/\/expresso.estadao.com.br\/sao-paulo\/wp-content\/uploads\/2026\/04\/20260425_movimentospmutiraolimpeza_025_lr-scaled.jpg","contentUrl":"https:\/\/expresso.estadao.com.br\/sao-paulo\/wp-content\/uploads\/2026\/04\/20260425_movimentospmutiraolimpeza_025_lr-scaled.jpg","width":2560,"height":1703,"caption":"Foto: Leon Rodrigues\/Divulga\u00e7\u00e3o\/Secom"},{"@type":"BreadcrumbList","@id":"https:\/\/expresso.estadao.com.br\/sao-paulo\/2026\/04\/26\/mutirao-recolhe-150-toneladas-de-residuos-e-reune-19-mil-voluntarios\/#breadcrumb","itemListElement":[{"@type":"ListItem","position":1,"name":"In\u00edcio","item":"https:\/\/expresso.estadao.com.br\/sao-paulo\/"},{"@type":"ListItem","position":2,"name":"Mutir\u00e3o recolhe 150 toneladas de res\u00edduos e re\u00fane 1,9 mil volunt\u00e1rios"}]},{"@type":"WebSite","@id":"https:\/\/expresso.estadao.com.br\/sao-paulo\/#website","url":"https:\/\/expresso.estadao.com.br\/sao-paulo\/","name":"Estad\u00e3o Expresso S\u00e3o Paulo","description":"Conte\u00fado de presta\u00e7\u00e3o de servi\u00e7o para que os moradores da cidade de S\u00e3o Paulo possam se informar melhor e usar de maneira mais eficaz os servi\u00e7os p\u00fablicos municipais.","potentialAction":[{"@type":"SearchAction","target":{"@type":"EntryPoint","urlTemplate":"https:\/\/expresso.estadao.com.br\/sao-paulo\/?s={search_term_string}"},"query-input":{"@type":"PropertyValueSpecification","valueRequired":true,"valueName":"search_term_string"}}],"inLanguage":"pt-BR"},{"@type":"Person","@id":"https:\/\/expresso.estadao.com.br\/sao-paulo\/#\/schema\/person\/f45f9e313ba8cbe5af9424f387ddef42","name":"fabio_bairros","image":{"@type":"ImageObject","inLanguage":"pt-BR","@id":"https:\/\/expresso.estadao.com.br\/sao-paulo\/#\/schema\/person\/image\/","url":"https:\/\/secure.gravatar.com\/avatar\/fbecca90befcfda9505216ce0dc87261326cb6644deb5861e7ab404061c24246?s=96&d=mm&r=g","contentUrl":"https:\/\/secure.gravatar.com\/avatar\/fbecca90befcfda9505216ce0dc87261326cb6644deb5861e7ab404061c24246?s=96&d=mm&r=g","caption":"fabio_bairros"}}]}},"_links":{"self":[{"href":"https:\/\/expresso.estadao.com.br\/sao-paulo\/wp-json\/wp\/v2\/posts\/12998","targetHints":{"allow":["GET"]}}],"collection":[{"href":"https:\/\/expresso.estadao.com.br\/sao-paulo\/wp-json\/wp\/v2\/posts"}],"about":[{"href":"https:\/\/expresso.estadao.com.br\/sao-paulo\/wp-json\/wp\/v2\/types\/post"}],"author":[{"embeddable":true,"href":"https:\/\/expresso.estadao.com.br\/sao-paulo\/wp-json\/wp\/v2\/users\/4"}],"replies":[{"embeddable":true,"href":"https:\/\/expresso.estadao.com.br\/sao-paulo\/wp-json\/wp\/v2\/comments?post=12998"}],"version-history":[{"count":1,"href":"https:\/\/expresso.estadao.com.br\/sao-paulo\/wp-json\/wp\/v2\/posts\/12998\/revisions"}],"predecessor-version":[{"id":13001,"href":"https:\/\/expresso.estadao.com.br\/sao-paulo\/wp-json\/wp\/v2\/posts\/12998\/revisions\/13001"}],"wp:featuredmedia":[{"embeddable":true,"href":"https:\/\/expresso.estadao.com.br\/sao-paulo\/wp-json\/wp\/v2\/media\/13000"}],"wp:attachment":[{"href":"https:\/\/expresso.estadao.com.br\/sao-paulo\/wp-json\/wp\/v2\/media?parent=12998"}],"wp:term":[{"taxonomy":"category","embeddable":true,"href":"https:\/\/expresso.estadao.com.br\/sao-paulo\/wp-json\/wp\/v2\/categories?post=12998"},{"taxonomy":"post_tag","embeddable":true,"href":"https:\/\/expresso.estadao.com.br\/sao-paulo\/wp-json\/wp\/v2\/tags?post=12998"}],"curies":[{"name":"wp","href":"https:\/\/api.w.org\/{rel}","templated":true}]}}