{"id":13009,"date":"2026-04-28T09:34:13","date_gmt":"2026-04-28T12:34:13","guid":{"rendered":"https:\/\/expresso.estadao.com.br\/sao-paulo\/?p=13009"},"modified":"2026-04-28T09:34:13","modified_gmt":"2026-04-28T12:34:13","slug":"nova-mboi-mirim-preve-corredor-de-onibus-e-obras-de-requalificacao","status":"publish","type":"post","link":"https:\/\/expresso.estadao.com.br\/sao-paulo\/2026\/04\/28\/nova-mboi-mirim-preve-corredor-de-onibus-e-obras-de-requalificacao\/","title":{"rendered":"Nova M\u2019Boi Mirim prev\u00ea corredor de \u00f4nibus e obras de requalifica\u00e7\u00e3o"},"content":{"rendered":"<p>Ap\u00f3s a conclus\u00e3o dos estudos t\u00e9cnicos, a Prefeitura de S\u00e3o Paulo apresentou o projeto da Nova M\u2019Boi Mirim, conjunto de interven\u00e7\u00f5es que prev\u00ea mudan\u00e7as na mobilidade na zona sul. Com 6,3 km de extens\u00e3o, a proposta inclui corredor central de \u00f4nibus nos trechos entre a avenida dos Funcion\u00e1rios P\u00fablicos e o terminal Jardim \u00c2ngela, com prioridade ao transporte coletivo nesse segmento. O projeto tamb\u00e9m prev\u00ea baias nas paradas.<\/p>\n<p>As obras do trecho 1, com 1,2 km entre Itapecerica da Serra e a avenida dos Funcion\u00e1rios P\u00fablicos, come\u00e7aram em 5 de janeiro e t\u00eam conclus\u00e3o prevista para setembro. Nesse trecho, n\u00e3o haver\u00e1 corredor de \u00f4nibus devido \u00e0 menor demanda.<\/p>\n<p>O projeto inclui drenagem, novo cal\u00e7amento, faixa azul para motociclistas, ciclovia e ilumina\u00e7\u00e3o em LED ao longo da via. Tamb\u00e9m est\u00e1 previsto o enterramento de fios, sendo a primeira interven\u00e7\u00e3o desse tipo fora do centro expandido.<\/p>\n<p>A obra \u00e9 realizada em parceria com o Governo do Estado, por meio do Departamento de Estradas de Rodagem, com investimento de R$ 446 milh\u00f5es, sem considerar desapropria\u00e7\u00f5es.<\/p>\n<p>Os projetos funcional e executivo dos trechos 2 e 3 est\u00e3o em fase final. Nessa etapa, s\u00e3o definidos o faseamento das obras e as desapropria\u00e7\u00f5es, com valores estabelecidos e pagamento aos im\u00f3veis atingidos. A execu\u00e7\u00e3o ficar\u00e1 a cargo da Secretaria Municipal de Infraestrutura Urbana e Obras, com conclus\u00e3o prevista para 2028.<\/p>\n<p>A estrada do M\u2019Boi Mirim registra fluxo di\u00e1rio entre 41 mil ve\u00edculos, na altura do hospital M\u2019Boi Mirim, e 69 mil na interse\u00e7\u00e3o com a avenida Luiz Gushiken, segundo a CET. A via tamb\u00e9m recebe quase 300 \u00f4nibus por hora e cerca de 400 ciclistas por dia.<\/p>\n<p>A interven\u00e7\u00e3o atende moradores de 19 bairros, entre eles Jardim Copacabana, Jardim Nakamura, Alto da Riviera, Parque Bologne, Morro do \u00cdndio, Jardim Jangadeiro, Parque Independ\u00eancia, Parque Novo Santo Amaro, Jardim S\u00e3o Louren\u00e7o, Jardim Turquesa, Tr\u00eas Marias, Parque do Lago, Parque das Cerejeiras, Jardim Capela, Ch\u00e1cara Sonho Azul, Vila Calu, Jardim Jacira, Ch\u00e1cara Bandeirantes e Jardim Vera Cruz.<\/p>\n<p><strong>Transporte coletivo<\/strong><\/p>\n<p>A Secretaria Municipal de Mobilidade Urbana e Transporte e a SPTrans elaboraram um plano de desvios e opera\u00e7\u00e3o tempor\u00e1ria para manter o atendimento a cerca de 33 mil passageiros durante a primeira fase das obras. A SPTrans disponibilizou, em car\u00e1ter tempor\u00e1rio, a linha 7004-22 Vl. do Sol &#8211; Jd. \u00c2ngela, com opera\u00e7\u00e3o circular e funcionamento di\u00e1rio.<\/p>\n<p><strong>As seguintes linhas ter\u00e3o os percursos alterados:<\/strong><\/p>\n<p>6015-10 Vl. Calu &#8211; Jd. \u00c2ngela<br \/>\n6840-10 Term. Jd. Jacira &#8211; Term. Capelinha<br \/>\n7004-10 Term. Jd. Jacira &#8211; Est. Sto. Amaro\/Guido Caloi<\/p>\n","protected":false},"excerpt":{"rendered":"<p>Ap\u00f3s a conclus\u00e3o dos estudos t\u00e9cnicos, a Prefeitura de S\u00e3o Paulo apresentou o projeto da Nova M\u2019Boi Mirim, conjunto de interven\u00e7\u00f5es que prev\u00ea mudan\u00e7as na mobilidade na zona sul. Com 6,3 km de extens\u00e3o, a proposta inclui corredor central de \u00f4nibus nos trechos entre a avenida dos Funcion\u00e1rios P\u00fablicos e o terminal Jardim \u00c2ngela, com [&hellip;]<\/p>\n","protected":false},"author":4,"featured_media":13011,"comment_status":"open","ping_status":"closed","sticky":false,"template":"","format":"standard","meta":{"_acf_changed":false,"_monsterinsights_skip_tracking":false,"_monsterinsights_sitenote_active":false,"_monsterinsights_sitenote_note":"","_monsterinsights_sitenote_category":0,"footnotes":""},"categories":[752],"tags":[153,829,52],"class_list":["post-13009","post","type-post","status-publish","format-standard","has-post-thumbnail","hentry","category-infraestrutura-e-obras","tag-mboi-mirim","tag-mobilidade-urbana","tag-prefeitura-de-sao-paulo"],"acf":[],"yoast_head":"<!-- This site is optimized with the Yoast SEO plugin v24.1 - https:\/\/yoast.com\/wordpress\/plugins\/seo\/ -->\n<title>Nova M&#039;Boi Mirim - Estad\u00e3o Expresso S\u00e3o Paulo<\/title>\n<meta name=\"description\" content=\"Projeto da Prefeitura de S\u00e3o Paulo inclui drenagem, ciclovia, enterramento de fios e investimento de R$ 446 milh\u00f5es\" \/>\n<meta name=\"robots\" content=\"index, follow, max-snippet:-1, max-image-preview:large, max-video-preview:-1\" \/>\n<link rel=\"canonical\" href=\"https:\/\/expresso.estadao.com.br\/sao-paulo\/2026\/04\/28\/nova-mboi-mirim-preve-corredor-de-onibus-e-obras-de-requalificacao\/\" \/>\n<meta property=\"og:locale\" content=\"pt_BR\" \/>\n<meta property=\"og:type\" content=\"article\" \/>\n<meta property=\"og:title\" content=\"Nova M&#039;Boi Mirim - Estad\u00e3o Expresso S\u00e3o Paulo\" \/>\n<meta property=\"og:description\" content=\"Projeto da Prefeitura de S\u00e3o Paulo inclui drenagem, ciclovia, enterramento de fios e investimento de R$ 446 milh\u00f5es\" \/>\n<meta property=\"og:url\" content=\"https:\/\/expresso.estadao.com.br\/sao-paulo\/2026\/04\/28\/nova-mboi-mirim-preve-corredor-de-onibus-e-obras-de-requalificacao\/\" \/>\n<meta property=\"og:site_name\" content=\"Estad\u00e3o Expresso S\u00e3o Paulo\" \/>\n<meta property=\"article:published_time\" content=\"2026-04-28T12:34:13+00:00\" \/>\n<meta property=\"og:image\" content=\"https:\/\/expresso.estadao.com.br\/sao-paulo\/wp-content\/uploads\/2026\/04\/mirim-1110x517.jpeg\" \/>\n\t<meta property=\"og:image:type\" content=\"image\/jpeg\" \/>\n<meta name=\"author\" content=\"fabio_bairros\" \/>\n<meta name=\"twitter:card\" content=\"summary_large_image\" \/>\n<meta name=\"twitter:label1\" content=\"Escrito por\" \/>\n\t<meta name=\"twitter:data1\" content=\"fabio_bairros\" \/>\n\t<meta name=\"twitter:label2\" content=\"Est. tempo de leitura\" \/>\n\t<meta name=\"twitter:data2\" content=\"3 minutos\" \/>\n<script type=\"application\/ld+json\" class=\"yoast-schema-graph\">{\"@context\":\"https:\/\/schema.org\",\"@graph\":[{\"@type\":\"WebPage\",\"@id\":\"https:\/\/expresso.estadao.com.br\/sao-paulo\/2026\/04\/28\/nova-mboi-mirim-preve-corredor-de-onibus-e-obras-de-requalificacao\/\",\"url\":\"https:\/\/expresso.estadao.com.br\/sao-paulo\/2026\/04\/28\/nova-mboi-mirim-preve-corredor-de-onibus-e-obras-de-requalificacao\/\",\"name\":\"Nova M'Boi Mirim - Estad\u00e3o Expresso S\u00e3o Paulo\",\"isPartOf\":{\"@id\":\"https:\/\/expresso.estadao.com.br\/sao-paulo\/#website\"},\"primaryImageOfPage\":{\"@id\":\"https:\/\/expresso.estadao.com.br\/sao-paulo\/2026\/04\/28\/nova-mboi-mirim-preve-corredor-de-onibus-e-obras-de-requalificacao\/#primaryimage\"},\"image\":{\"@id\":\"https:\/\/expresso.estadao.com.br\/sao-paulo\/2026\/04\/28\/nova-mboi-mirim-preve-corredor-de-onibus-e-obras-de-requalificacao\/#primaryimage\"},\"thumbnailUrl\":\"https:\/\/expresso.estadao.com.br\/sao-paulo\/wp-content\/uploads\/2026\/04\/mirim-scaled.jpeg\",\"datePublished\":\"2026-04-28T12:34:13+00:00\",\"dateModified\":\"2026-04-28T12:34:13+00:00\",\"author\":{\"@id\":\"https:\/\/expresso.estadao.com.br\/sao-paulo\/#\/schema\/person\/f45f9e313ba8cbe5af9424f387ddef42\"},\"description\":\"Projeto da Prefeitura de S\u00e3o Paulo inclui drenagem, ciclovia, enterramento de fios e investimento de R$ 446 milh\u00f5es\",\"breadcrumb\":{\"@id\":\"https:\/\/expresso.estadao.com.br\/sao-paulo\/2026\/04\/28\/nova-mboi-mirim-preve-corredor-de-onibus-e-obras-de-requalificacao\/#breadcrumb\"},\"inLanguage\":\"pt-BR\",\"potentialAction\":[{\"@type\":\"ReadAction\",\"target\":[\"https:\/\/expresso.estadao.com.br\/sao-paulo\/2026\/04\/28\/nova-mboi-mirim-preve-corredor-de-onibus-e-obras-de-requalificacao\/\"]}]},{\"@type\":\"ImageObject\",\"inLanguage\":\"pt-BR\",\"@id\":\"https:\/\/expresso.estadao.com.br\/sao-paulo\/2026\/04\/28\/nova-mboi-mirim-preve-corredor-de-onibus-e-obras-de-requalificacao\/#primaryimage\",\"url\":\"https:\/\/expresso.estadao.com.br\/sao-paulo\/wp-content\/uploads\/2026\/04\/mirim-scaled.jpeg\",\"contentUrl\":\"https:\/\/expresso.estadao.com.br\/sao-paulo\/wp-content\/uploads\/2026\/04\/mirim-scaled.jpeg\",\"width\":2544,\"height\":1186,\"caption\":\"Imagem Ilustrativa\/Divulga\u00e7\u00e3o\/Secom\"},{\"@type\":\"BreadcrumbList\",\"@id\":\"https:\/\/expresso.estadao.com.br\/sao-paulo\/2026\/04\/28\/nova-mboi-mirim-preve-corredor-de-onibus-e-obras-de-requalificacao\/#breadcrumb\",\"itemListElement\":[{\"@type\":\"ListItem\",\"position\":1,\"name\":\"In\u00edcio\",\"item\":\"https:\/\/expresso.estadao.com.br\/sao-paulo\/\"},{\"@type\":\"ListItem\",\"position\":2,\"name\":\"Nova M\u2019Boi Mirim prev\u00ea corredor de \u00f4nibus e obras de requalifica\u00e7\u00e3o\"}]},{\"@type\":\"WebSite\",\"@id\":\"https:\/\/expresso.estadao.com.br\/sao-paulo\/#website\",\"url\":\"https:\/\/expresso.estadao.com.br\/sao-paulo\/\",\"name\":\"Estad\u00e3o Expresso S\u00e3o Paulo\",\"description\":\"Conte\u00fado de presta\u00e7\u00e3o de servi\u00e7o para que os moradores da cidade de S\u00e3o Paulo possam se informar melhor e usar de maneira mais eficaz os servi\u00e7os p\u00fablicos municipais.\",\"potentialAction\":[{\"@type\":\"SearchAction\",\"target\":{\"@type\":\"EntryPoint\",\"urlTemplate\":\"https:\/\/expresso.estadao.com.br\/sao-paulo\/?s={search_term_string}\"},\"query-input\":{\"@type\":\"PropertyValueSpecification\",\"valueRequired\":true,\"valueName\":\"search_term_string\"}}],\"inLanguage\":\"pt-BR\"},{\"@type\":\"Person\",\"@id\":\"https:\/\/expresso.estadao.com.br\/sao-paulo\/#\/schema\/person\/f45f9e313ba8cbe5af9424f387ddef42\",\"name\":\"fabio_bairros\",\"image\":{\"@type\":\"ImageObject\",\"inLanguage\":\"pt-BR\",\"@id\":\"https:\/\/expresso.estadao.com.br\/sao-paulo\/#\/schema\/person\/image\/\",\"url\":\"https:\/\/secure.gravatar.com\/avatar\/fbecca90befcfda9505216ce0dc87261326cb6644deb5861e7ab404061c24246?s=96&d=mm&r=g\",\"contentUrl\":\"https:\/\/secure.gravatar.com\/avatar\/fbecca90befcfda9505216ce0dc87261326cb6644deb5861e7ab404061c24246?s=96&d=mm&r=g\",\"caption\":\"fabio_bairros\"}}]}<\/script>\n<!-- \/ Yoast SEO plugin. -->","yoast_head_json":{"title":"Nova M'Boi Mirim - Estad\u00e3o Expresso S\u00e3o Paulo","description":"Projeto da Prefeitura de S\u00e3o Paulo inclui drenagem, ciclovia, enterramento de fios e investimento de R$ 446 milh\u00f5es","robots":{"index":"index","follow":"follow","max-snippet":"max-snippet:-1","max-image-preview":"max-image-preview:large","max-video-preview":"max-video-preview:-1"},"canonical":"https:\/\/expresso.estadao.com.br\/sao-paulo\/2026\/04\/28\/nova-mboi-mirim-preve-corredor-de-onibus-e-obras-de-requalificacao\/","og_locale":"pt_BR","og_type":"article","og_title":"Nova M'Boi Mirim - Estad\u00e3o Expresso S\u00e3o Paulo","og_description":"Projeto da Prefeitura de S\u00e3o Paulo inclui drenagem, ciclovia, enterramento de fios e investimento de R$ 446 milh\u00f5es","og_url":"https:\/\/expresso.estadao.com.br\/sao-paulo\/2026\/04\/28\/nova-mboi-mirim-preve-corredor-de-onibus-e-obras-de-requalificacao\/","og_site_name":"Estad\u00e3o Expresso S\u00e3o Paulo","article_published_time":"2026-04-28T12:34:13+00:00","og_image":[{"width":"","height":"","url":"https:\/\/expresso.estadao.com.br\/sao-paulo\/wp-content\/uploads\/2026\/04\/mirim-1110x517.jpeg","type":"image\/jpeg"}],"author":"fabio_bairros","twitter_card":"summary_large_image","twitter_misc":{"Escrito por":"fabio_bairros","Est. tempo de leitura":"3 minutos"},"schema":{"@context":"https:\/\/schema.org","@graph":[{"@type":"WebPage","@id":"https:\/\/expresso.estadao.com.br\/sao-paulo\/2026\/04\/28\/nova-mboi-mirim-preve-corredor-de-onibus-e-obras-de-requalificacao\/","url":"https:\/\/expresso.estadao.com.br\/sao-paulo\/2026\/04\/28\/nova-mboi-mirim-preve-corredor-de-onibus-e-obras-de-requalificacao\/","name":"Nova M'Boi Mirim - Estad\u00e3o Expresso S\u00e3o Paulo","isPartOf":{"@id":"https:\/\/expresso.estadao.com.br\/sao-paulo\/#website"},"primaryImageOfPage":{"@id":"https:\/\/expresso.estadao.com.br\/sao-paulo\/2026\/04\/28\/nova-mboi-mirim-preve-corredor-de-onibus-e-obras-de-requalificacao\/#primaryimage"},"image":{"@id":"https:\/\/expresso.estadao.com.br\/sao-paulo\/2026\/04\/28\/nova-mboi-mirim-preve-corredor-de-onibus-e-obras-de-requalificacao\/#primaryimage"},"thumbnailUrl":"https:\/\/expresso.estadao.com.br\/sao-paulo\/wp-content\/uploads\/2026\/04\/mirim-scaled.jpeg","datePublished":"2026-04-28T12:34:13+00:00","dateModified":"2026-04-28T12:34:13+00:00","author":{"@id":"https:\/\/expresso.estadao.com.br\/sao-paulo\/#\/schema\/person\/f45f9e313ba8cbe5af9424f387ddef42"},"description":"Projeto da Prefeitura de S\u00e3o Paulo inclui drenagem, ciclovia, enterramento de fios e investimento de R$ 446 milh\u00f5es","breadcrumb":{"@id":"https:\/\/expresso.estadao.com.br\/sao-paulo\/2026\/04\/28\/nova-mboi-mirim-preve-corredor-de-onibus-e-obras-de-requalificacao\/#breadcrumb"},"inLanguage":"pt-BR","potentialAction":[{"@type":"ReadAction","target":["https:\/\/expresso.estadao.com.br\/sao-paulo\/2026\/04\/28\/nova-mboi-mirim-preve-corredor-de-onibus-e-obras-de-requalificacao\/"]}]},{"@type":"ImageObject","inLanguage":"pt-BR","@id":"https:\/\/expresso.estadao.com.br\/sao-paulo\/2026\/04\/28\/nova-mboi-mirim-preve-corredor-de-onibus-e-obras-de-requalificacao\/#primaryimage","url":"https:\/\/expresso.estadao.com.br\/sao-paulo\/wp-content\/uploads\/2026\/04\/mirim-scaled.jpeg","contentUrl":"https:\/\/expresso.estadao.com.br\/sao-paulo\/wp-content\/uploads\/2026\/04\/mirim-scaled.jpeg","width":2544,"height":1186,"caption":"Imagem Ilustrativa\/Divulga\u00e7\u00e3o\/Secom"},{"@type":"BreadcrumbList","@id":"https:\/\/expresso.estadao.com.br\/sao-paulo\/2026\/04\/28\/nova-mboi-mirim-preve-corredor-de-onibus-e-obras-de-requalificacao\/#breadcrumb","itemListElement":[{"@type":"ListItem","position":1,"name":"In\u00edcio","item":"https:\/\/expresso.estadao.com.br\/sao-paulo\/"},{"@type":"ListItem","position":2,"name":"Nova M\u2019Boi Mirim prev\u00ea corredor de \u00f4nibus e obras de requalifica\u00e7\u00e3o"}]},{"@type":"WebSite","@id":"https:\/\/expresso.estadao.com.br\/sao-paulo\/#website","url":"https:\/\/expresso.estadao.com.br\/sao-paulo\/","name":"Estad\u00e3o Expresso S\u00e3o Paulo","description":"Conte\u00fado de presta\u00e7\u00e3o de servi\u00e7o para que os moradores da cidade de S\u00e3o Paulo possam se informar melhor e usar de maneira mais eficaz os servi\u00e7os p\u00fablicos municipais.","potentialAction":[{"@type":"SearchAction","target":{"@type":"EntryPoint","urlTemplate":"https:\/\/expresso.estadao.com.br\/sao-paulo\/?s={search_term_string}"},"query-input":{"@type":"PropertyValueSpecification","valueRequired":true,"valueName":"search_term_string"}}],"inLanguage":"pt-BR"},{"@type":"Person","@id":"https:\/\/expresso.estadao.com.br\/sao-paulo\/#\/schema\/person\/f45f9e313ba8cbe5af9424f387ddef42","name":"fabio_bairros","image":{"@type":"ImageObject","inLanguage":"pt-BR","@id":"https:\/\/expresso.estadao.com.br\/sao-paulo\/#\/schema\/person\/image\/","url":"https:\/\/secure.gravatar.com\/avatar\/fbecca90befcfda9505216ce0dc87261326cb6644deb5861e7ab404061c24246?s=96&d=mm&r=g","contentUrl":"https:\/\/secure.gravatar.com\/avatar\/fbecca90befcfda9505216ce0dc87261326cb6644deb5861e7ab404061c24246?s=96&d=mm&r=g","caption":"fabio_bairros"}}]}},"_links":{"self":[{"href":"https:\/\/expresso.estadao.com.br\/sao-paulo\/wp-json\/wp\/v2\/posts\/13009","targetHints":{"allow":["GET"]}}],"collection":[{"href":"https:\/\/expresso.estadao.com.br\/sao-paulo\/wp-json\/wp\/v2\/posts"}],"about":[{"href":"https:\/\/expresso.estadao.com.br\/sao-paulo\/wp-json\/wp\/v2\/types\/post"}],"author":[{"embeddable":true,"href":"https:\/\/expresso.estadao.com.br\/sao-paulo\/wp-json\/wp\/v2\/users\/4"}],"replies":[{"embeddable":true,"href":"https:\/\/expresso.estadao.com.br\/sao-paulo\/wp-json\/wp\/v2\/comments?post=13009"}],"version-history":[{"count":3,"href":"https:\/\/expresso.estadao.com.br\/sao-paulo\/wp-json\/wp\/v2\/posts\/13009\/revisions"}],"predecessor-version":[{"id":13013,"href":"https:\/\/expresso.estadao.com.br\/sao-paulo\/wp-json\/wp\/v2\/posts\/13009\/revisions\/13013"}],"wp:featuredmedia":[{"embeddable":true,"href":"https:\/\/expresso.estadao.com.br\/sao-paulo\/wp-json\/wp\/v2\/media\/13011"}],"wp:attachment":[{"href":"https:\/\/expresso.estadao.com.br\/sao-paulo\/wp-json\/wp\/v2\/media?parent=13009"}],"wp:term":[{"taxonomy":"category","embeddable":true,"href":"https:\/\/expresso.estadao.com.br\/sao-paulo\/wp-json\/wp\/v2\/categories?post=13009"},{"taxonomy":"post_tag","embeddable":true,"href":"https:\/\/expresso.estadao.com.br\/sao-paulo\/wp-json\/wp\/v2\/tags?post=13009"}],"curies":[{"name":"wp","href":"https:\/\/api.w.org\/{rel}","templated":true}]}}