{"id":13015,"date":"2026-04-28T09:56:57","date_gmt":"2026-04-28T12:56:57","guid":{"rendered":"https:\/\/expresso.estadao.com.br\/sao-paulo\/?p=13015"},"modified":"2026-04-28T09:56:57","modified_gmt":"2026-04-28T12:56:57","slug":"prefeitura-apresenta-em-maio-proposta-de-requalificacao-do-entorno-do-masp","status":"publish","type":"post","link":"https:\/\/expresso.estadao.com.br\/sao-paulo\/2026\/04\/28\/prefeitura-apresenta-em-maio-proposta-de-requalificacao-do-entorno-do-masp\/","title":{"rendered":"Prefeitura apresenta em maio proposta de requalifica\u00e7\u00e3o do entorno do Masp"},"content":{"rendered":"<p>A Prefeitura de S\u00e3o Paulo realiza no dia 13 de maio, \u00e0s 19h, no audit\u00f3rio do Museu de Arte de S\u00e3o Paulo Assis Chateaubriand (Masp), audi\u00eancia p\u00fablica para apresentar os resultados da consulta p\u00fablica e os avan\u00e7os do projeto Jardim do Masp, que prev\u00ea a requalifica\u00e7\u00e3o do entorno do museu.<\/p>\n<p>O encontro marca uma nova etapa do processo participativo iniciado em outubro de 2025, quando foi aberta consulta p\u00fablica on-line para coleta de sugest\u00f5es. Entre 26 de outubro e 16 de novembro, foram registradas 161 contribui\u00e7\u00f5es, utilizadas na atualiza\u00e7\u00e3o da proposta urban\u00edstica.<\/p>\n<p>Durante a audi\u00eancia, ser\u00e1 apresentado o relat\u00f3rio devolutivo da consulta, al\u00e9m de informa\u00e7\u00f5es sobre a abertura de chamamento p\u00fablico para formaliza\u00e7\u00e3o de acordo de coopera\u00e7\u00e3o voltado a viabilizar a implanta\u00e7\u00e3o do projeto.<\/p>\n<p>A proposta inclui a requalifica\u00e7\u00e3o da Rua Professor Ot\u00e1vio Mendes e da Pra\u00e7a Arquiteto Rodrigo Lef\u00e8vre, \u00e1rea de conex\u00e3o entre as avenidas Paulista e Nove de Julho. As diretrizes preveem amplia\u00e7\u00e3o da acessibilidade, aumento da permeabilidade do solo, amplia\u00e7\u00e3o da arboriza\u00e7\u00e3o, melhoria da ilumina\u00e7\u00e3o p\u00fablica e instala\u00e7\u00e3o de mobili\u00e1rio urbano. O trecho, interditado ao tr\u00e1fego de ve\u00edculos desde novembro de 2024, deve ser adaptado para circula\u00e7\u00e3o de pedestres, perman\u00eancia e lazer.<\/p>\n<p>A iniciativa tem origem em Manifesta\u00e7\u00e3o de Interesse Social apresentada pelo MASP e conta com aprova\u00e7\u00e3o conceitual da Comiss\u00e3o de Prote\u00e7\u00e3o \u00e0 Paisagem Urbana e da Comiss\u00e3o Permanente de Acessibilidade. A institui\u00e7\u00e3o prop\u00f5e colaborar com estudos t\u00e9cnicos e diretrizes urban\u00edsticas, al\u00e9m de viabilizar a execu\u00e7\u00e3o das obras e a manuten\u00e7\u00e3o do espa\u00e7o por 30 anos.<\/p>\n<p>O projeto integra o programa Repensando Espa\u00e7os P\u00fablicos e est\u00e1 alinhado \u00e0 Meta 52 do Plano de Metas da Prefeitura, voltada \u00e0 qualifica\u00e7\u00e3o de ruas, pra\u00e7as e cal\u00e7adas, com foco na mobilidade ativa e no uso do espa\u00e7o p\u00fablico.<\/p>\n<p><strong>Servi\u00e7o<\/strong><\/p>\n<p>Audi\u00eancia p\u00fablica \u2013 Requalifica\u00e7\u00e3o do entorno do MASP<\/p>\n<p>Data: 13 de maio<\/p>\n<p>Hor\u00e1rio: 19h<\/p>\n<p>Local: Audit\u00f3rio do Masp<\/p>\n<p>Endere\u00e7o: Av. Paulista, 1578 \u2013 Bela Vista \u2013 S\u00e3o Paulo<\/p>\n","protected":false},"excerpt":{"rendered":"<p>A Prefeitura de S\u00e3o Paulo realiza no dia 13 de maio, \u00e0s 19h, no audit\u00f3rio do Museu de Arte de S\u00e3o Paulo Assis Chateaubriand (Masp), audi\u00eancia p\u00fablica para apresentar os resultados da consulta p\u00fablica e os avan\u00e7os do projeto Jardim do Masp, que prev\u00ea a requalifica\u00e7\u00e3o do entorno do museu. O encontro marca uma nova [&hellip;]<\/p>\n","protected":false},"author":4,"featured_media":13016,"comment_status":"open","ping_status":"closed","sticky":false,"template":"","format":"standard","meta":{"_acf_changed":false,"_monsterinsights_skip_tracking":false,"_monsterinsights_sitenote_active":false,"_monsterinsights_sitenote_note":"","_monsterinsights_sitenote_category":0,"footnotes":""},"categories":[760],"tags":[447,52],"class_list":["post-13015","post","type-post","status-publish","format-standard","has-post-thumbnail","hentry","category-urbanismo","tag-masp","tag-prefeitura-de-sao-paulo"],"acf":[],"yoast_head":"<!-- This site is optimized with the Yoast SEO plugin v24.1 - https:\/\/yoast.com\/wordpress\/plugins\/seo\/ -->\n<title>Requalifica\u00e7\u00e3o do Masp - Estad\u00e3o Expresso S\u00e3o Paulo<\/title>\n<meta name=\"description\" content=\"Projeto prev\u00ea interven\u00e7\u00f5es urban\u00edsticas na regi\u00e3o da Paulista com base em consulta p\u00fablica\" \/>\n<meta name=\"robots\" content=\"index, follow, max-snippet:-1, max-image-preview:large, max-video-preview:-1\" \/>\n<link rel=\"canonical\" href=\"https:\/\/expresso.estadao.com.br\/sao-paulo\/2026\/04\/28\/prefeitura-apresenta-em-maio-proposta-de-requalificacao-do-entorno-do-masp\/\" \/>\n<meta property=\"og:locale\" content=\"pt_BR\" \/>\n<meta property=\"og:type\" content=\"article\" \/>\n<meta property=\"og:title\" content=\"Requalifica\u00e7\u00e3o do Masp - Estad\u00e3o Expresso S\u00e3o Paulo\" \/>\n<meta property=\"og:description\" content=\"Projeto prev\u00ea interven\u00e7\u00f5es urban\u00edsticas na regi\u00e3o da Paulista com base em consulta p\u00fablica\" \/>\n<meta property=\"og:url\" content=\"https:\/\/expresso.estadao.com.br\/sao-paulo\/2026\/04\/28\/prefeitura-apresenta-em-maio-proposta-de-requalificacao-do-entorno-do-masp\/\" \/>\n<meta property=\"og:site_name\" content=\"Estad\u00e3o Expresso S\u00e3o Paulo\" \/>\n<meta property=\"article:published_time\" content=\"2026-04-28T12:56:57+00:00\" \/>\n<meta property=\"og:image\" content=\"https:\/\/expresso.estadao.com.br\/sao-paulo\/wp-content\/uploads\/2026\/04\/AdobeStock_289322221-scaled.jpeg\" \/>\n\t<meta property=\"og:image:type\" content=\"image\/jpeg\" \/>\n<meta name=\"author\" content=\"fabio_bairros\" \/>\n<meta name=\"twitter:card\" content=\"summary_large_image\" \/>\n<meta name=\"twitter:label1\" content=\"Escrito por\" \/>\n\t<meta name=\"twitter:data1\" content=\"fabio_bairros\" \/>\n\t<meta name=\"twitter:label2\" content=\"Est. tempo de leitura\" \/>\n\t<meta name=\"twitter:data2\" content=\"2 minutos\" \/>\n<script type=\"application\/ld+json\" class=\"yoast-schema-graph\">{\"@context\":\"https:\/\/schema.org\",\"@graph\":[{\"@type\":\"WebPage\",\"@id\":\"https:\/\/expresso.estadao.com.br\/sao-paulo\/2026\/04\/28\/prefeitura-apresenta-em-maio-proposta-de-requalificacao-do-entorno-do-masp\/\",\"url\":\"https:\/\/expresso.estadao.com.br\/sao-paulo\/2026\/04\/28\/prefeitura-apresenta-em-maio-proposta-de-requalificacao-do-entorno-do-masp\/\",\"name\":\"Requalifica\u00e7\u00e3o do Masp - Estad\u00e3o Expresso S\u00e3o Paulo\",\"isPartOf\":{\"@id\":\"https:\/\/expresso.estadao.com.br\/sao-paulo\/#website\"},\"primaryImageOfPage\":{\"@id\":\"https:\/\/expresso.estadao.com.br\/sao-paulo\/2026\/04\/28\/prefeitura-apresenta-em-maio-proposta-de-requalificacao-do-entorno-do-masp\/#primaryimage\"},\"image\":{\"@id\":\"https:\/\/expresso.estadao.com.br\/sao-paulo\/2026\/04\/28\/prefeitura-apresenta-em-maio-proposta-de-requalificacao-do-entorno-do-masp\/#primaryimage\"},\"thumbnailUrl\":\"https:\/\/expresso.estadao.com.br\/sao-paulo\/wp-content\/uploads\/2026\/04\/AdobeStock_289322221-scaled.jpeg\",\"datePublished\":\"2026-04-28T12:56:57+00:00\",\"dateModified\":\"2026-04-28T12:56:57+00:00\",\"author\":{\"@id\":\"https:\/\/expresso.estadao.com.br\/sao-paulo\/#\/schema\/person\/f45f9e313ba8cbe5af9424f387ddef42\"},\"description\":\"Projeto prev\u00ea interven\u00e7\u00f5es urban\u00edsticas na regi\u00e3o da Paulista com base em consulta p\u00fablica\",\"breadcrumb\":{\"@id\":\"https:\/\/expresso.estadao.com.br\/sao-paulo\/2026\/04\/28\/prefeitura-apresenta-em-maio-proposta-de-requalificacao-do-entorno-do-masp\/#breadcrumb\"},\"inLanguage\":\"pt-BR\",\"potentialAction\":[{\"@type\":\"ReadAction\",\"target\":[\"https:\/\/expresso.estadao.com.br\/sao-paulo\/2026\/04\/28\/prefeitura-apresenta-em-maio-proposta-de-requalificacao-do-entorno-do-masp\/\"]}]},{\"@type\":\"ImageObject\",\"inLanguage\":\"pt-BR\",\"@id\":\"https:\/\/expresso.estadao.com.br\/sao-paulo\/2026\/04\/28\/prefeitura-apresenta-em-maio-proposta-de-requalificacao-do-entorno-do-masp\/#primaryimage\",\"url\":\"https:\/\/expresso.estadao.com.br\/sao-paulo\/wp-content\/uploads\/2026\/04\/AdobeStock_289322221-scaled.jpeg\",\"contentUrl\":\"https:\/\/expresso.estadao.com.br\/sao-paulo\/wp-content\/uploads\/2026\/04\/AdobeStock_289322221-scaled.jpeg\",\"width\":2560,\"height\":1707,\"caption\":\"Foto: Adobe Stock\"},{\"@type\":\"BreadcrumbList\",\"@id\":\"https:\/\/expresso.estadao.com.br\/sao-paulo\/2026\/04\/28\/prefeitura-apresenta-em-maio-proposta-de-requalificacao-do-entorno-do-masp\/#breadcrumb\",\"itemListElement\":[{\"@type\":\"ListItem\",\"position\":1,\"name\":\"In\u00edcio\",\"item\":\"https:\/\/expresso.estadao.com.br\/sao-paulo\/\"},{\"@type\":\"ListItem\",\"position\":2,\"name\":\"Prefeitura apresenta em maio proposta de requalifica\u00e7\u00e3o do entorno do Masp\"}]},{\"@type\":\"WebSite\",\"@id\":\"https:\/\/expresso.estadao.com.br\/sao-paulo\/#website\",\"url\":\"https:\/\/expresso.estadao.com.br\/sao-paulo\/\",\"name\":\"Estad\u00e3o Expresso S\u00e3o Paulo\",\"description\":\"Conte\u00fado de presta\u00e7\u00e3o de servi\u00e7o para que os moradores da cidade de S\u00e3o Paulo possam se informar melhor e usar de maneira mais eficaz os servi\u00e7os p\u00fablicos municipais.\",\"potentialAction\":[{\"@type\":\"SearchAction\",\"target\":{\"@type\":\"EntryPoint\",\"urlTemplate\":\"https:\/\/expresso.estadao.com.br\/sao-paulo\/?s={search_term_string}\"},\"query-input\":{\"@type\":\"PropertyValueSpecification\",\"valueRequired\":true,\"valueName\":\"search_term_string\"}}],\"inLanguage\":\"pt-BR\"},{\"@type\":\"Person\",\"@id\":\"https:\/\/expresso.estadao.com.br\/sao-paulo\/#\/schema\/person\/f45f9e313ba8cbe5af9424f387ddef42\",\"name\":\"fabio_bairros\",\"image\":{\"@type\":\"ImageObject\",\"inLanguage\":\"pt-BR\",\"@id\":\"https:\/\/expresso.estadao.com.br\/sao-paulo\/#\/schema\/person\/image\/\",\"url\":\"https:\/\/secure.gravatar.com\/avatar\/fbecca90befcfda9505216ce0dc87261326cb6644deb5861e7ab404061c24246?s=96&d=mm&r=g\",\"contentUrl\":\"https:\/\/secure.gravatar.com\/avatar\/fbecca90befcfda9505216ce0dc87261326cb6644deb5861e7ab404061c24246?s=96&d=mm&r=g\",\"caption\":\"fabio_bairros\"}}]}<\/script>\n<!-- \/ Yoast SEO plugin. -->","yoast_head_json":{"title":"Requalifica\u00e7\u00e3o do Masp - Estad\u00e3o Expresso S\u00e3o Paulo","description":"Projeto prev\u00ea interven\u00e7\u00f5es urban\u00edsticas na regi\u00e3o da Paulista com base em consulta p\u00fablica","robots":{"index":"index","follow":"follow","max-snippet":"max-snippet:-1","max-image-preview":"max-image-preview:large","max-video-preview":"max-video-preview:-1"},"canonical":"https:\/\/expresso.estadao.com.br\/sao-paulo\/2026\/04\/28\/prefeitura-apresenta-em-maio-proposta-de-requalificacao-do-entorno-do-masp\/","og_locale":"pt_BR","og_type":"article","og_title":"Requalifica\u00e7\u00e3o do Masp - Estad\u00e3o Expresso S\u00e3o Paulo","og_description":"Projeto prev\u00ea interven\u00e7\u00f5es urban\u00edsticas na regi\u00e3o da Paulista com base em consulta p\u00fablica","og_url":"https:\/\/expresso.estadao.com.br\/sao-paulo\/2026\/04\/28\/prefeitura-apresenta-em-maio-proposta-de-requalificacao-do-entorno-do-masp\/","og_site_name":"Estad\u00e3o Expresso S\u00e3o Paulo","article_published_time":"2026-04-28T12:56:57+00:00","og_image":[{"width":"","height":"","url":"https:\/\/expresso.estadao.com.br\/sao-paulo\/wp-content\/uploads\/2026\/04\/AdobeStock_289322221-scaled.jpeg","type":"image\/jpeg"}],"author":"fabio_bairros","twitter_card":"summary_large_image","twitter_misc":{"Escrito por":"fabio_bairros","Est. tempo de leitura":"2 minutos"},"schema":{"@context":"https:\/\/schema.org","@graph":[{"@type":"WebPage","@id":"https:\/\/expresso.estadao.com.br\/sao-paulo\/2026\/04\/28\/prefeitura-apresenta-em-maio-proposta-de-requalificacao-do-entorno-do-masp\/","url":"https:\/\/expresso.estadao.com.br\/sao-paulo\/2026\/04\/28\/prefeitura-apresenta-em-maio-proposta-de-requalificacao-do-entorno-do-masp\/","name":"Requalifica\u00e7\u00e3o do Masp - Estad\u00e3o Expresso S\u00e3o Paulo","isPartOf":{"@id":"https:\/\/expresso.estadao.com.br\/sao-paulo\/#website"},"primaryImageOfPage":{"@id":"https:\/\/expresso.estadao.com.br\/sao-paulo\/2026\/04\/28\/prefeitura-apresenta-em-maio-proposta-de-requalificacao-do-entorno-do-masp\/#primaryimage"},"image":{"@id":"https:\/\/expresso.estadao.com.br\/sao-paulo\/2026\/04\/28\/prefeitura-apresenta-em-maio-proposta-de-requalificacao-do-entorno-do-masp\/#primaryimage"},"thumbnailUrl":"https:\/\/expresso.estadao.com.br\/sao-paulo\/wp-content\/uploads\/2026\/04\/AdobeStock_289322221-scaled.jpeg","datePublished":"2026-04-28T12:56:57+00:00","dateModified":"2026-04-28T12:56:57+00:00","author":{"@id":"https:\/\/expresso.estadao.com.br\/sao-paulo\/#\/schema\/person\/f45f9e313ba8cbe5af9424f387ddef42"},"description":"Projeto prev\u00ea interven\u00e7\u00f5es urban\u00edsticas na regi\u00e3o da Paulista com base em consulta p\u00fablica","breadcrumb":{"@id":"https:\/\/expresso.estadao.com.br\/sao-paulo\/2026\/04\/28\/prefeitura-apresenta-em-maio-proposta-de-requalificacao-do-entorno-do-masp\/#breadcrumb"},"inLanguage":"pt-BR","potentialAction":[{"@type":"ReadAction","target":["https:\/\/expresso.estadao.com.br\/sao-paulo\/2026\/04\/28\/prefeitura-apresenta-em-maio-proposta-de-requalificacao-do-entorno-do-masp\/"]}]},{"@type":"ImageObject","inLanguage":"pt-BR","@id":"https:\/\/expresso.estadao.com.br\/sao-paulo\/2026\/04\/28\/prefeitura-apresenta-em-maio-proposta-de-requalificacao-do-entorno-do-masp\/#primaryimage","url":"https:\/\/expresso.estadao.com.br\/sao-paulo\/wp-content\/uploads\/2026\/04\/AdobeStock_289322221-scaled.jpeg","contentUrl":"https:\/\/expresso.estadao.com.br\/sao-paulo\/wp-content\/uploads\/2026\/04\/AdobeStock_289322221-scaled.jpeg","width":2560,"height":1707,"caption":"Foto: Adobe Stock"},{"@type":"BreadcrumbList","@id":"https:\/\/expresso.estadao.com.br\/sao-paulo\/2026\/04\/28\/prefeitura-apresenta-em-maio-proposta-de-requalificacao-do-entorno-do-masp\/#breadcrumb","itemListElement":[{"@type":"ListItem","position":1,"name":"In\u00edcio","item":"https:\/\/expresso.estadao.com.br\/sao-paulo\/"},{"@type":"ListItem","position":2,"name":"Prefeitura apresenta em maio proposta de requalifica\u00e7\u00e3o do entorno do Masp"}]},{"@type":"WebSite","@id":"https:\/\/expresso.estadao.com.br\/sao-paulo\/#website","url":"https:\/\/expresso.estadao.com.br\/sao-paulo\/","name":"Estad\u00e3o Expresso S\u00e3o Paulo","description":"Conte\u00fado de presta\u00e7\u00e3o de servi\u00e7o para que os moradores da cidade de S\u00e3o Paulo possam se informar melhor e usar de maneira mais eficaz os servi\u00e7os p\u00fablicos municipais.","potentialAction":[{"@type":"SearchAction","target":{"@type":"EntryPoint","urlTemplate":"https:\/\/expresso.estadao.com.br\/sao-paulo\/?s={search_term_string}"},"query-input":{"@type":"PropertyValueSpecification","valueRequired":true,"valueName":"search_term_string"}}],"inLanguage":"pt-BR"},{"@type":"Person","@id":"https:\/\/expresso.estadao.com.br\/sao-paulo\/#\/schema\/person\/f45f9e313ba8cbe5af9424f387ddef42","name":"fabio_bairros","image":{"@type":"ImageObject","inLanguage":"pt-BR","@id":"https:\/\/expresso.estadao.com.br\/sao-paulo\/#\/schema\/person\/image\/","url":"https:\/\/secure.gravatar.com\/avatar\/fbecca90befcfda9505216ce0dc87261326cb6644deb5861e7ab404061c24246?s=96&d=mm&r=g","contentUrl":"https:\/\/secure.gravatar.com\/avatar\/fbecca90befcfda9505216ce0dc87261326cb6644deb5861e7ab404061c24246?s=96&d=mm&r=g","caption":"fabio_bairros"}}]}},"_links":{"self":[{"href":"https:\/\/expresso.estadao.com.br\/sao-paulo\/wp-json\/wp\/v2\/posts\/13015","targetHints":{"allow":["GET"]}}],"collection":[{"href":"https:\/\/expresso.estadao.com.br\/sao-paulo\/wp-json\/wp\/v2\/posts"}],"about":[{"href":"https:\/\/expresso.estadao.com.br\/sao-paulo\/wp-json\/wp\/v2\/types\/post"}],"author":[{"embeddable":true,"href":"https:\/\/expresso.estadao.com.br\/sao-paulo\/wp-json\/wp\/v2\/users\/4"}],"replies":[{"embeddable":true,"href":"https:\/\/expresso.estadao.com.br\/sao-paulo\/wp-json\/wp\/v2\/comments?post=13015"}],"version-history":[{"count":5,"href":"https:\/\/expresso.estadao.com.br\/sao-paulo\/wp-json\/wp\/v2\/posts\/13015\/revisions"}],"predecessor-version":[{"id":13021,"href":"https:\/\/expresso.estadao.com.br\/sao-paulo\/wp-json\/wp\/v2\/posts\/13015\/revisions\/13021"}],"wp:featuredmedia":[{"embeddable":true,"href":"https:\/\/expresso.estadao.com.br\/sao-paulo\/wp-json\/wp\/v2\/media\/13016"}],"wp:attachment":[{"href":"https:\/\/expresso.estadao.com.br\/sao-paulo\/wp-json\/wp\/v2\/media?parent=13015"}],"wp:term":[{"taxonomy":"category","embeddable":true,"href":"https:\/\/expresso.estadao.com.br\/sao-paulo\/wp-json\/wp\/v2\/categories?post=13015"},{"taxonomy":"post_tag","embeddable":true,"href":"https:\/\/expresso.estadao.com.br\/sao-paulo\/wp-json\/wp\/v2\/tags?post=13015"}],"curies":[{"name":"wp","href":"https:\/\/api.w.org\/{rel}","templated":true}]}}