{"id":13025,"date":"2026-04-29T07:59:55","date_gmt":"2026-04-29T10:59:55","guid":{"rendered":"https:\/\/expresso.estadao.com.br\/sao-paulo\/?p=13025"},"modified":"2026-04-29T07:59:55","modified_gmt":"2026-04-29T10:59:55","slug":"capital-sedia-evento-de-reciclagem-organica-a-partir-de-10-de-maio","status":"publish","type":"post","link":"https:\/\/expresso.estadao.com.br\/sao-paulo\/2026\/04\/29\/capital-sedia-evento-de-reciclagem-organica-a-partir-de-10-de-maio\/","title":{"rendered":"Capital sedia evento de reciclagem org\u00e2nica a partir de 10 de maio"},"content":{"rendered":"<p>A capital recebe, entre 10 e 16 de maio, a 6\u00aa edi\u00e7\u00e3o da Semana de Compostagem Planta Feliz. O evento ser\u00e1 realizado no S\u00edtio Planta Feliz Adubo, na zona sul, com programa\u00e7\u00e3o gratuita voltada \u00e0 gest\u00e3o de res\u00edduos org\u00e2nicos. Est\u00e3o previstas oficinas, viv\u00eancias, visitas guiadas, atividades infantis, feira de expositores locais e a\u00e7\u00f5es educativas.<\/p>\n<p>A programa\u00e7\u00e3o aborda solu\u00e7\u00f5es para o tratamento de res\u00edduos org\u00e2nicos, que podem representar at\u00e9 50% do lixo gerado nas cidades. A proposta inclui atividades pr\u00e1ticas sobre compostagem e destina\u00e7\u00e3o adequada desses materiais.<\/p>\n<p>A iniciativa tem apoio da Secretaria Municipal de Turismo e do Polo de Ecoturismo SP. A programa\u00e7\u00e3o re\u00fane p\u00fablico diverso, incluindo fam\u00edlias, empreendedores e empresas.<\/p>\n<p>Entre os destaques est\u00e1 a plen\u00e1ria \u201cO futuro da compostagem na cidade de S\u00e3o Paulo\u201d, marcada para 13 de maio, das 15h \u00e0s 17h, na C\u00e2mara Municipal. O encontro vai discutir caminhos para ampliar a compostagem na capital.<\/p>\n<p>No dia 16 de maio, \u00e0s 11h, na sede da Planta Feliz, ser\u00e1 realizado o abastecimento coletivo da leira de compostagem. A atividade apresenta, na pr\u00e1tica, o processo de transforma\u00e7\u00e3o de res\u00edduos org\u00e2nicos em adubo.<\/p>\n<p><strong>Servi\u00e7o<\/strong><\/p>\n<p>Semana da Compostagem Planta Feliz 2026<br \/>\nDe 10 a 16 de maio<\/p>\n<p>Hor\u00e1rio: das 9h \u00e0s 17h<br \/>\nEndere\u00e7o: Avenida Professor Hermann Von Ihering, 6000 Jardim Casa Grande \u2013 S\u00e3o Paulo\/SP<br \/>\nContato: (11) 96326-8425<\/p>\n<p>Clique aqui para ter acesso \u00e0 <a href=\"https:\/\/www.semanadacompostagem.com.br\/\">programa\u00e7\u00e3o<\/a><\/p>\n<p>Para participar, \u00e9 necess\u00e1rio realizar inscri\u00e7\u00e3o pr\u00e9via gratuita. <a href=\"https:\/\/www.semanadacompostagem.com.br\/\">Acesse aqui<\/a>.<\/p>\n","protected":false},"excerpt":{"rendered":"<p>A capital recebe, entre 10 e 16 de maio, a 6\u00aa edi\u00e7\u00e3o da Semana de Compostagem Planta Feliz. O evento ser\u00e1 realizado no S\u00edtio Planta Feliz Adubo, na zona sul, com programa\u00e7\u00e3o gratuita voltada \u00e0 gest\u00e3o de res\u00edduos org\u00e2nicos. Est\u00e3o previstas oficinas, viv\u00eancias, visitas guiadas, atividades infantis, feira de expositores locais e a\u00e7\u00f5es educativas. A [&hellip;]<\/p>\n","protected":false},"author":4,"featured_media":13027,"comment_status":"open","ping_status":"closed","sticky":false,"template":"","format":"standard","meta":{"_acf_changed":false,"_monsterinsights_skip_tracking":false,"_monsterinsights_sitenote_active":false,"_monsterinsights_sitenote_note":"","_monsterinsights_sitenote_category":0,"footnotes":""},"categories":[756],"tags":[282,52],"class_list":["post-13025","post","type-post","status-publish","format-standard","has-post-thumbnail","hentry","category-meio-ambiente","tag-compostagem","tag-prefeitura-de-sao-paulo"],"acf":[],"yoast_head":"<!-- This site is optimized with the Yoast SEO plugin v24.1 - https:\/\/yoast.com\/wordpress\/plugins\/seo\/ -->\n<title>Reciclagem org\u00e2nica - Estad\u00e3o Expresso S\u00e3o Paulo<\/title>\n<meta name=\"description\" content=\"Oficinas, viv\u00eancias e visitas guiadas, entre outras atividades, integram a Semana de Compostagem Planta Feliz\" \/>\n<meta name=\"robots\" content=\"index, follow, max-snippet:-1, max-image-preview:large, max-video-preview:-1\" \/>\n<link rel=\"canonical\" href=\"https:\/\/expresso.estadao.com.br\/sao-paulo\/2026\/04\/29\/capital-sedia-evento-de-reciclagem-organica-a-partir-de-10-de-maio\/\" \/>\n<meta property=\"og:locale\" content=\"pt_BR\" \/>\n<meta property=\"og:type\" content=\"article\" \/>\n<meta property=\"og:title\" content=\"Reciclagem org\u00e2nica - Estad\u00e3o Expresso S\u00e3o Paulo\" \/>\n<meta property=\"og:description\" content=\"Oficinas, viv\u00eancias e visitas guiadas, entre outras atividades, integram a Semana de Compostagem Planta Feliz\" \/>\n<meta property=\"og:url\" content=\"https:\/\/expresso.estadao.com.br\/sao-paulo\/2026\/04\/29\/capital-sedia-evento-de-reciclagem-organica-a-partir-de-10-de-maio\/\" \/>\n<meta property=\"og:site_name\" content=\"Estad\u00e3o Expresso S\u00e3o Paulo\" \/>\n<meta property=\"article:published_time\" content=\"2026-04-29T10:59:55+00:00\" \/>\n<meta property=\"og:image\" content=\"https:\/\/expresso.estadao.com.br\/sao-paulo\/wp-content\/uploads\/2026\/04\/AdobeStock_1911063971-scaled.jpeg\" \/>\n\t<meta property=\"og:image:type\" content=\"image\/jpeg\" \/>\n<meta name=\"author\" content=\"fabio_bairros\" \/>\n<meta name=\"twitter:card\" content=\"summary_large_image\" \/>\n<meta name=\"twitter:label1\" content=\"Escrito por\" \/>\n\t<meta name=\"twitter:data1\" content=\"fabio_bairros\" \/>\n\t<meta name=\"twitter:label2\" content=\"Est. tempo de leitura\" \/>\n\t<meta name=\"twitter:data2\" content=\"2 minutos\" \/>\n<script type=\"application\/ld+json\" class=\"yoast-schema-graph\">{\"@context\":\"https:\/\/schema.org\",\"@graph\":[{\"@type\":\"WebPage\",\"@id\":\"https:\/\/expresso.estadao.com.br\/sao-paulo\/2026\/04\/29\/capital-sedia-evento-de-reciclagem-organica-a-partir-de-10-de-maio\/\",\"url\":\"https:\/\/expresso.estadao.com.br\/sao-paulo\/2026\/04\/29\/capital-sedia-evento-de-reciclagem-organica-a-partir-de-10-de-maio\/\",\"name\":\"Reciclagem org\u00e2nica - Estad\u00e3o Expresso S\u00e3o Paulo\",\"isPartOf\":{\"@id\":\"https:\/\/expresso.estadao.com.br\/sao-paulo\/#website\"},\"primaryImageOfPage\":{\"@id\":\"https:\/\/expresso.estadao.com.br\/sao-paulo\/2026\/04\/29\/capital-sedia-evento-de-reciclagem-organica-a-partir-de-10-de-maio\/#primaryimage\"},\"image\":{\"@id\":\"https:\/\/expresso.estadao.com.br\/sao-paulo\/2026\/04\/29\/capital-sedia-evento-de-reciclagem-organica-a-partir-de-10-de-maio\/#primaryimage\"},\"thumbnailUrl\":\"https:\/\/expresso.estadao.com.br\/sao-paulo\/wp-content\/uploads\/2026\/04\/AdobeStock_1911063971-scaled.jpeg\",\"datePublished\":\"2026-04-29T10:59:55+00:00\",\"dateModified\":\"2026-04-29T10:59:55+00:00\",\"author\":{\"@id\":\"https:\/\/expresso.estadao.com.br\/sao-paulo\/#\/schema\/person\/f45f9e313ba8cbe5af9424f387ddef42\"},\"description\":\"Oficinas, viv\u00eancias e visitas guiadas, entre outras atividades, integram a Semana de Compostagem Planta Feliz\",\"breadcrumb\":{\"@id\":\"https:\/\/expresso.estadao.com.br\/sao-paulo\/2026\/04\/29\/capital-sedia-evento-de-reciclagem-organica-a-partir-de-10-de-maio\/#breadcrumb\"},\"inLanguage\":\"pt-BR\",\"potentialAction\":[{\"@type\":\"ReadAction\",\"target\":[\"https:\/\/expresso.estadao.com.br\/sao-paulo\/2026\/04\/29\/capital-sedia-evento-de-reciclagem-organica-a-partir-de-10-de-maio\/\"]}]},{\"@type\":\"ImageObject\",\"inLanguage\":\"pt-BR\",\"@id\":\"https:\/\/expresso.estadao.com.br\/sao-paulo\/2026\/04\/29\/capital-sedia-evento-de-reciclagem-organica-a-partir-de-10-de-maio\/#primaryimage\",\"url\":\"https:\/\/expresso.estadao.com.br\/sao-paulo\/wp-content\/uploads\/2026\/04\/AdobeStock_1911063971-scaled.jpeg\",\"contentUrl\":\"https:\/\/expresso.estadao.com.br\/sao-paulo\/wp-content\/uploads\/2026\/04\/AdobeStock_1911063971-scaled.jpeg\",\"width\":2560,\"height\":1707,\"caption\":\"Foto: Viktor Iden\/Adobe Stock\"},{\"@type\":\"BreadcrumbList\",\"@id\":\"https:\/\/expresso.estadao.com.br\/sao-paulo\/2026\/04\/29\/capital-sedia-evento-de-reciclagem-organica-a-partir-de-10-de-maio\/#breadcrumb\",\"itemListElement\":[{\"@type\":\"ListItem\",\"position\":1,\"name\":\"In\u00edcio\",\"item\":\"https:\/\/expresso.estadao.com.br\/sao-paulo\/\"},{\"@type\":\"ListItem\",\"position\":2,\"name\":\"Capital sedia evento de reciclagem org\u00e2nica a partir de 10 de maio\"}]},{\"@type\":\"WebSite\",\"@id\":\"https:\/\/expresso.estadao.com.br\/sao-paulo\/#website\",\"url\":\"https:\/\/expresso.estadao.com.br\/sao-paulo\/\",\"name\":\"Estad\u00e3o Expresso S\u00e3o Paulo\",\"description\":\"Conte\u00fado de presta\u00e7\u00e3o de servi\u00e7o para que os moradores da cidade de S\u00e3o Paulo possam se informar melhor e usar de maneira mais eficaz os servi\u00e7os p\u00fablicos municipais.\",\"potentialAction\":[{\"@type\":\"SearchAction\",\"target\":{\"@type\":\"EntryPoint\",\"urlTemplate\":\"https:\/\/expresso.estadao.com.br\/sao-paulo\/?s={search_term_string}\"},\"query-input\":{\"@type\":\"PropertyValueSpecification\",\"valueRequired\":true,\"valueName\":\"search_term_string\"}}],\"inLanguage\":\"pt-BR\"},{\"@type\":\"Person\",\"@id\":\"https:\/\/expresso.estadao.com.br\/sao-paulo\/#\/schema\/person\/f45f9e313ba8cbe5af9424f387ddef42\",\"name\":\"fabio_bairros\",\"image\":{\"@type\":\"ImageObject\",\"inLanguage\":\"pt-BR\",\"@id\":\"https:\/\/expresso.estadao.com.br\/sao-paulo\/#\/schema\/person\/image\/\",\"url\":\"https:\/\/secure.gravatar.com\/avatar\/fbecca90befcfda9505216ce0dc87261326cb6644deb5861e7ab404061c24246?s=96&d=mm&r=g\",\"contentUrl\":\"https:\/\/secure.gravatar.com\/avatar\/fbecca90befcfda9505216ce0dc87261326cb6644deb5861e7ab404061c24246?s=96&d=mm&r=g\",\"caption\":\"fabio_bairros\"}}]}<\/script>\n<!-- \/ Yoast SEO plugin. -->","yoast_head_json":{"title":"Reciclagem org\u00e2nica - Estad\u00e3o Expresso S\u00e3o Paulo","description":"Oficinas, viv\u00eancias e visitas guiadas, entre outras atividades, integram a Semana de Compostagem Planta Feliz","robots":{"index":"index","follow":"follow","max-snippet":"max-snippet:-1","max-image-preview":"max-image-preview:large","max-video-preview":"max-video-preview:-1"},"canonical":"https:\/\/expresso.estadao.com.br\/sao-paulo\/2026\/04\/29\/capital-sedia-evento-de-reciclagem-organica-a-partir-de-10-de-maio\/","og_locale":"pt_BR","og_type":"article","og_title":"Reciclagem org\u00e2nica - Estad\u00e3o Expresso S\u00e3o Paulo","og_description":"Oficinas, viv\u00eancias e visitas guiadas, entre outras atividades, integram a Semana de Compostagem Planta Feliz","og_url":"https:\/\/expresso.estadao.com.br\/sao-paulo\/2026\/04\/29\/capital-sedia-evento-de-reciclagem-organica-a-partir-de-10-de-maio\/","og_site_name":"Estad\u00e3o Expresso S\u00e3o Paulo","article_published_time":"2026-04-29T10:59:55+00:00","og_image":[{"width":"","height":"","url":"https:\/\/expresso.estadao.com.br\/sao-paulo\/wp-content\/uploads\/2026\/04\/AdobeStock_1911063971-scaled.jpeg","type":"image\/jpeg"}],"author":"fabio_bairros","twitter_card":"summary_large_image","twitter_misc":{"Escrito por":"fabio_bairros","Est. tempo de leitura":"2 minutos"},"schema":{"@context":"https:\/\/schema.org","@graph":[{"@type":"WebPage","@id":"https:\/\/expresso.estadao.com.br\/sao-paulo\/2026\/04\/29\/capital-sedia-evento-de-reciclagem-organica-a-partir-de-10-de-maio\/","url":"https:\/\/expresso.estadao.com.br\/sao-paulo\/2026\/04\/29\/capital-sedia-evento-de-reciclagem-organica-a-partir-de-10-de-maio\/","name":"Reciclagem org\u00e2nica - Estad\u00e3o Expresso S\u00e3o Paulo","isPartOf":{"@id":"https:\/\/expresso.estadao.com.br\/sao-paulo\/#website"},"primaryImageOfPage":{"@id":"https:\/\/expresso.estadao.com.br\/sao-paulo\/2026\/04\/29\/capital-sedia-evento-de-reciclagem-organica-a-partir-de-10-de-maio\/#primaryimage"},"image":{"@id":"https:\/\/expresso.estadao.com.br\/sao-paulo\/2026\/04\/29\/capital-sedia-evento-de-reciclagem-organica-a-partir-de-10-de-maio\/#primaryimage"},"thumbnailUrl":"https:\/\/expresso.estadao.com.br\/sao-paulo\/wp-content\/uploads\/2026\/04\/AdobeStock_1911063971-scaled.jpeg","datePublished":"2026-04-29T10:59:55+00:00","dateModified":"2026-04-29T10:59:55+00:00","author":{"@id":"https:\/\/expresso.estadao.com.br\/sao-paulo\/#\/schema\/person\/f45f9e313ba8cbe5af9424f387ddef42"},"description":"Oficinas, viv\u00eancias e visitas guiadas, entre outras atividades, integram a Semana de Compostagem Planta Feliz","breadcrumb":{"@id":"https:\/\/expresso.estadao.com.br\/sao-paulo\/2026\/04\/29\/capital-sedia-evento-de-reciclagem-organica-a-partir-de-10-de-maio\/#breadcrumb"},"inLanguage":"pt-BR","potentialAction":[{"@type":"ReadAction","target":["https:\/\/expresso.estadao.com.br\/sao-paulo\/2026\/04\/29\/capital-sedia-evento-de-reciclagem-organica-a-partir-de-10-de-maio\/"]}]},{"@type":"ImageObject","inLanguage":"pt-BR","@id":"https:\/\/expresso.estadao.com.br\/sao-paulo\/2026\/04\/29\/capital-sedia-evento-de-reciclagem-organica-a-partir-de-10-de-maio\/#primaryimage","url":"https:\/\/expresso.estadao.com.br\/sao-paulo\/wp-content\/uploads\/2026\/04\/AdobeStock_1911063971-scaled.jpeg","contentUrl":"https:\/\/expresso.estadao.com.br\/sao-paulo\/wp-content\/uploads\/2026\/04\/AdobeStock_1911063971-scaled.jpeg","width":2560,"height":1707,"caption":"Foto: Viktor Iden\/Adobe Stock"},{"@type":"BreadcrumbList","@id":"https:\/\/expresso.estadao.com.br\/sao-paulo\/2026\/04\/29\/capital-sedia-evento-de-reciclagem-organica-a-partir-de-10-de-maio\/#breadcrumb","itemListElement":[{"@type":"ListItem","position":1,"name":"In\u00edcio","item":"https:\/\/expresso.estadao.com.br\/sao-paulo\/"},{"@type":"ListItem","position":2,"name":"Capital sedia evento de reciclagem org\u00e2nica a partir de 10 de maio"}]},{"@type":"WebSite","@id":"https:\/\/expresso.estadao.com.br\/sao-paulo\/#website","url":"https:\/\/expresso.estadao.com.br\/sao-paulo\/","name":"Estad\u00e3o Expresso S\u00e3o Paulo","description":"Conte\u00fado de presta\u00e7\u00e3o de servi\u00e7o para que os moradores da cidade de S\u00e3o Paulo possam se informar melhor e usar de maneira mais eficaz os servi\u00e7os p\u00fablicos municipais.","potentialAction":[{"@type":"SearchAction","target":{"@type":"EntryPoint","urlTemplate":"https:\/\/expresso.estadao.com.br\/sao-paulo\/?s={search_term_string}"},"query-input":{"@type":"PropertyValueSpecification","valueRequired":true,"valueName":"search_term_string"}}],"inLanguage":"pt-BR"},{"@type":"Person","@id":"https:\/\/expresso.estadao.com.br\/sao-paulo\/#\/schema\/person\/f45f9e313ba8cbe5af9424f387ddef42","name":"fabio_bairros","image":{"@type":"ImageObject","inLanguage":"pt-BR","@id":"https:\/\/expresso.estadao.com.br\/sao-paulo\/#\/schema\/person\/image\/","url":"https:\/\/secure.gravatar.com\/avatar\/fbecca90befcfda9505216ce0dc87261326cb6644deb5861e7ab404061c24246?s=96&d=mm&r=g","contentUrl":"https:\/\/secure.gravatar.com\/avatar\/fbecca90befcfda9505216ce0dc87261326cb6644deb5861e7ab404061c24246?s=96&d=mm&r=g","caption":"fabio_bairros"}}]}},"_links":{"self":[{"href":"https:\/\/expresso.estadao.com.br\/sao-paulo\/wp-json\/wp\/v2\/posts\/13025","targetHints":{"allow":["GET"]}}],"collection":[{"href":"https:\/\/expresso.estadao.com.br\/sao-paulo\/wp-json\/wp\/v2\/posts"}],"about":[{"href":"https:\/\/expresso.estadao.com.br\/sao-paulo\/wp-json\/wp\/v2\/types\/post"}],"author":[{"embeddable":true,"href":"https:\/\/expresso.estadao.com.br\/sao-paulo\/wp-json\/wp\/v2\/users\/4"}],"replies":[{"embeddable":true,"href":"https:\/\/expresso.estadao.com.br\/sao-paulo\/wp-json\/wp\/v2\/comments?post=13025"}],"version-history":[{"count":2,"href":"https:\/\/expresso.estadao.com.br\/sao-paulo\/wp-json\/wp\/v2\/posts\/13025\/revisions"}],"predecessor-version":[{"id":13028,"href":"https:\/\/expresso.estadao.com.br\/sao-paulo\/wp-json\/wp\/v2\/posts\/13025\/revisions\/13028"}],"wp:featuredmedia":[{"embeddable":true,"href":"https:\/\/expresso.estadao.com.br\/sao-paulo\/wp-json\/wp\/v2\/media\/13027"}],"wp:attachment":[{"href":"https:\/\/expresso.estadao.com.br\/sao-paulo\/wp-json\/wp\/v2\/media?parent=13025"}],"wp:term":[{"taxonomy":"category","embeddable":true,"href":"https:\/\/expresso.estadao.com.br\/sao-paulo\/wp-json\/wp\/v2\/categories?post=13025"},{"taxonomy":"post_tag","embeddable":true,"href":"https:\/\/expresso.estadao.com.br\/sao-paulo\/wp-json\/wp\/v2\/tags?post=13025"}],"curies":[{"name":"wp","href":"https:\/\/api.w.org\/{rel}","templated":true}]}}