{"id":13030,"date":"2026-04-29T09:00:02","date_gmt":"2026-04-29T12:00:02","guid":{"rendered":"https:\/\/expresso.estadao.com.br\/sao-paulo\/?p=13030"},"modified":"2026-04-29T09:00:02","modified_gmt":"2026-04-29T12:00:02","slug":"feiras-de-artesanato-ocupam-24-pontos-da-cidade-em-maio","status":"publish","type":"post","link":"https:\/\/expresso.estadao.com.br\/sao-paulo\/2026\/04\/29\/feiras-de-artesanato-ocupam-24-pontos-da-cidade-em-maio\/","title":{"rendered":"Feiras de artesanato ocupam 24 pontos da cidade em maio"},"content":{"rendered":"<p>Artes\u00e3os e manualistas ter\u00e3o estrutura gratuita para comercializar produtos autorais em 24 feiras distribu\u00eddas pela cidade ao longo de maio. A a\u00e7\u00e3o integra o programa M\u00e3os e Mentes Paulistanas e ocorre em diferentes regi\u00f5es.<\/p>\n<p>Na regi\u00e3o central, as feiras ser\u00e3o realizadas na Pra\u00e7a da S\u00e9, Pra\u00e7a do Patriarca, Largo S\u00e3o Bento, Viaduto Santa Ifig\u00eania, Tribunal Regional Federal da 3\u00aa Regi\u00e3o, C\u00e2mara Municipal e Parque Buenos Aires.<\/p>\n<p>Na zona norte, as atividades ocorrem no Parque Cidade de Toronto, Parque do Trote, Sacol\u00e3o da Freguesia do \u00d3 e no bairro de Santana. Na zona leste, haver\u00e1 feiras no Parque do Carmo e nos mercados municipais da Penha, de Vila Formosa e de S\u00e3o Miguel Paulista.<\/p>\n<p>Na zona oeste, a programa\u00e7\u00e3o inclui o Parque Jardim das Perdizes, o Mercad\u00e3o das Flores e o Mercado Municipal de Pinheiros. Na zona sul, as a\u00e7\u00f5es ser\u00e3o realizadas no Parque Severo Gomes, Parque Cordeiro \u2013 Martin Luther King, Parque Alto da Boa Vista, Maifest Brooklinfest e no Miles Street Jazz Festival.<\/p>\n<p>O programa M\u00e3os e Mentes Paulistanas foi criado em 2019 e atua no apoio a empreendedores do setor de artesanato e manualidades. A iniciativa oferece cadastramento municipal, cursos de capacita\u00e7\u00e3o e acesso a espa\u00e7os de comercializa\u00e7\u00e3o. Para participar, \u00e9 necess\u00e1rio credenciamento pr\u00e9vio.<\/p>\n<p><strong>Servi\u00e7o<\/strong><\/p>\n<section class=\"text-token-text-primary w-full focus:outline-none [--shadow-height:45px] has-data-writing-block:pointer-events-none has-data-writing-block:-mt-(--shadow-height) has-data-writing-block:pt-(--shadow-height) [&amp;:has([data-writing-block])&gt;*]:pointer-events-auto [content-visibility:auto] supports-[content-visibility:auto]:[contain-intrinsic-size:auto_100lvh] R6Vx5W_threadScrollVars scroll-mb-[calc(var(--scroll-root-safe-area-inset-bottom,0px)+var(--thread-response-height))] scroll-mt-[calc(var(--header-height)+min(200px,max(70px,20svh)))]\" dir=\"auto\" data-turn-id=\"request-WEB:6a2dc8f7-f789-443c-bd06-d4b5bf582cbd-2\" data-testid=\"conversation-turn-6\" data-scroll-anchor=\"false\" data-turn=\"assistant\">\n<div class=\"text-base my-auto mx-auto pb-10 [--thread-content-margin:var(--thread-content-margin-xs,calc(var(--spacing)*4))] @w-sm\/main:[--thread-content-margin:var(--thread-content-margin-sm,calc(var(--spacing)*6))] @w-lg\/main:[--thread-content-margin:var(--thread-content-margin-lg,calc(var(--spacing)*16))] px-(--thread-content-margin)\">\n<div class=\"[--thread-content-max-width:40rem] @w-lg\/main:[--thread-content-max-width:48rem] mx-auto max-w-(--thread-content-max-width) flex-1 group\/turn-messages focus-visible:outline-hidden relative flex w-full min-w-0 flex-col agent-turn\">\n<div class=\"flex max-w-full flex-col gap-4 grow\">\n<div class=\"min-h-8 text-message relative flex w-full flex-col items-end gap-2 text-start break-words whitespace-normal outline-none keyboard-focused:focus-ring [.text-message+&amp;]:mt-1\" dir=\"auto\" tabindex=\"0\" data-message-author-role=\"assistant\" data-message-id=\"182277e8-4d8e-4fd3-9d52-1478f8bd5d8e\" data-message-model-slug=\"gpt-5-3\" data-turn-start-message=\"true\">\n<div class=\"flex w-full flex-col gap-1 empty:hidden\">\n<div class=\"markdown prose dark:prose-invert w-full wrap-break-word light markdown-new-styling\">\n<p data-start=\"1511\" data-end=\"1725\">Feira TRF3 &#8211; Dia das M\u00e3es<br data-start=\"1536\" data-end=\"1539\" \/>Data 05 e 06, 07 e 08 de maio de 2026<br data-start=\"1576\" data-end=\"1579\" \/>Hor\u00e1rio 12h \u00e0s 18h<br data-start=\"1597\" data-end=\"1600\" \/>Local Tribunal Regional Federal da 3\u00aa Regi\u00e3o<br data-start=\"1644\" data-end=\"1647\" \/>Endere\u00e7o Avenida Paulista, 1842, Cetenco Plaza &#8211; Torre Sul, pavimento t\u00e9rreo<\/p>\n<p data-start=\"1727\" data-end=\"1898\">Feira das Na\u00e7\u00f5es<br data-start=\"1743\" data-end=\"1746\" \/>Data 07, 08 e 09 de maio de 2026<br data-start=\"1778\" data-end=\"1781\" \/>Hor\u00e1rio 11h \u00e0s 19h<br data-start=\"1799\" data-end=\"1802\" \/>Local Viaduto Santa Ifig\u00eania<br data-start=\"1830\" data-end=\"1833\" \/>Endere\u00e7o Viaduto Santa Ifig\u00eania &#8211; Centro Hist\u00f3rico de S\u00e3o Paulo<\/p>\n<p data-start=\"1900\" data-end=\"2086\">Feira C\u00e2mara de Portas Abertas<br data-start=\"1930\" data-end=\"1933\" \/>Data 09 e 16 de maio de 2026<br data-start=\"1961\" data-end=\"1964\" \/>Hor\u00e1rio 11h \u00e0s 16h<br data-start=\"1982\" data-end=\"1985\" \/>Local C\u00e2mara Municipal de S\u00e3o Paulo &#8211; Pal\u00e1cio Anchieta<br data-start=\"2039\" data-end=\"2042\" \/>Endere\u00e7o Viaduto Jacare\u00ed, 100 &#8211; Bela Vista<\/p>\n<p data-start=\"2088\" data-end=\"2252\">Feira Parque Buenos Aires<br data-start=\"2113\" data-end=\"2116\" \/>Data 01, 09, 17, 24 e 31 de maio de 2026<br data-start=\"2156\" data-end=\"2159\" \/>Hor\u00e1rio 10h \u00e0s 17h<br data-start=\"2177\" data-end=\"2180\" \/>Local Parque Buenos Aires<br data-start=\"2205\" data-end=\"2208\" \/>Endere\u00e7o Av. Ang\u00e9lica, 1500 &#8211; Higien\u00f3polis<\/p>\n<p data-start=\"2254\" data-end=\"2382\">Feira Pra\u00e7a da S\u00e9<br data-start=\"2271\" data-end=\"2274\" \/>Data 04 a 08, 18 a 22 de maio de 2026<br data-start=\"2311\" data-end=\"2314\" \/>Hor\u00e1rio 10h \u00e0s 17h<br data-start=\"2332\" data-end=\"2335\" \/>Local Pra\u00e7a da S\u00e9<br data-start=\"2352\" data-end=\"2355\" \/>Endere\u00e7o Pra\u00e7a da S\u00e9<\/p>\n<p data-start=\"2384\" data-end=\"2533\">Feira Pra\u00e7a do Patriarca<br data-start=\"2408\" data-end=\"2411\" \/>Data 04 a 08, 25 a 29 de maio de 2026<br data-start=\"2448\" data-end=\"2451\" \/>Hor\u00e1rio 10h \u00e0s 17h<br data-start=\"2469\" data-end=\"2472\" \/>Local Pra\u00e7a do Patriarca<br data-start=\"2496\" data-end=\"2499\" \/>Endere\u00e7o Pra\u00e7a do Patriarca &#8211; S\u00e9<\/p>\n<p data-start=\"2535\" data-end=\"2698\">Feira Largo S\u00e3o Bento<br data-start=\"2556\" data-end=\"2559\" \/>Data 04 a 08, 18 a 22, 25 a 29 de maio de 2026<br data-start=\"2605\" data-end=\"2608\" \/>Hor\u00e1rio 10h \u00e0s 17h<br data-start=\"2626\" data-end=\"2629\" \/>Local Largo S\u00e3o Bento<br data-start=\"2650\" data-end=\"2653\" \/>Endere\u00e7o Largo S\u00e3o Bento &#8211; Centro Hist\u00f3rico<\/p>\n<p data-start=\"2700\" data-end=\"2876\">Feira Mercado Municipal da Penha<br data-start=\"2732\" data-end=\"2735\" \/>Data 09 e 23 de maio de 2026<br data-start=\"2763\" data-end=\"2766\" \/>Hor\u00e1rio 10h \u00e0s 19h<br data-start=\"2784\" data-end=\"2787\" \/>Local Mercado Municipal da Penha<br data-start=\"2819\" data-end=\"2822\" \/>Endere\u00e7o Av. Gabriela Mistral, 160 &#8211; Penha de Fran\u00e7a<\/p>\n<p data-start=\"2878\" data-end=\"3090\">Feira Mercado Municipal de Vila Formosa<br data-start=\"2917\" data-end=\"2920\" \/>Data 08 e 09, 15 e 16, 22 e 23, 29 e 30 de maio de 2026<br data-start=\"2975\" data-end=\"2978\" \/>Hor\u00e1rio 10h \u00e0s 19h<br data-start=\"2996\" data-end=\"2999\" \/>Local Mercado Municipal de Vila Formosa<br data-start=\"3038\" data-end=\"3041\" \/>Endere\u00e7o Pra\u00e7a das Can\u00e1rias, s\/n &#8211; Vila Formosa<\/p>\n<p data-start=\"3092\" data-end=\"3326\">Feira Mercado Municipal de S\u00e3o Miguel Paulista<br data-start=\"3138\" data-end=\"3141\" \/>Data 04 a 09, 11 a 16, 18 a 23, 25 a 30 de maio de 2026<br data-start=\"3196\" data-end=\"3199\" \/>Hor\u00e1rio 10h \u00e0s 17h<br data-start=\"3217\" data-end=\"3220\" \/>Local Mercado Municipal de S\u00e3o Miguel Paulista<br data-start=\"3266\" data-end=\"3269\" \/>Endere\u00e7o Av. Marechal Tito, 567 &#8211; Cidade Nitro Oper\u00e1ria<\/p>\n<p data-start=\"3328\" data-end=\"3500\">Feira Parque do Carmo<br data-start=\"3349\" data-end=\"3352\" \/>Data 01, 09, 17, 24 e 31 de maio de 2026<br data-start=\"3392\" data-end=\"3395\" \/>Hor\u00e1rio 10h \u00e0s 17h<br data-start=\"3413\" data-end=\"3416\" \/>Local Parque do Carmo<br data-start=\"3437\" data-end=\"3440\" \/>Endere\u00e7o Avenida Afonso de Sampaio e Souza, 951 &#8211; Itaquera<\/p>\n<p data-start=\"3502\" data-end=\"3683\">Feira Parque Cidade de Toronto<br data-start=\"3532\" data-end=\"3535\" \/>Data 01, 09, 17, 24 e 31 de maio de 2026<br data-start=\"3575\" data-end=\"3578\" \/>Hor\u00e1rio 10h \u00e0s 17h<br data-start=\"3596\" data-end=\"3599\" \/>Local Parque Cidade de Toronto<br data-start=\"3629\" data-end=\"3632\" \/>Endere\u00e7o Avenida Cardeal Motta, 84 &#8211; City Am\u00e9rica<\/p>\n<p data-start=\"3685\" data-end=\"3855\">Feira Parque do Trote<br data-start=\"3706\" data-end=\"3709\" \/>Data 01, 09, 17, 24 e 31 de maio de 2026<br data-start=\"3749\" data-end=\"3752\" \/>Hor\u00e1rio 10h \u00e0s 17h<br data-start=\"3770\" data-end=\"3773\" \/>Local Parque do Trote<br data-start=\"3794\" data-end=\"3797\" \/>Endere\u00e7o Rua Nadir Dias Figueiredo, s\/n &#8211; Vila Guilherme<\/p>\n<p data-start=\"3857\" data-end=\"4028\">Feira Sacol\u00e3o da Freguesia do \u00d3<br data-start=\"3888\" data-end=\"3891\" \/>Data 10 e 24 de maio de 2026<br data-start=\"3919\" data-end=\"3922\" \/>Hor\u00e1rio 10h \u00e0s 14h<br data-start=\"3940\" data-end=\"3943\" \/>Local Sacol\u00e3o da Freguesia do \u00d3<br data-start=\"3974\" data-end=\"3977\" \/>Endere\u00e7o Av. Jo\u00e3o Paulo I, 2107 &#8211; Jardim Maracan\u00e3<\/p>\n<p data-start=\"4030\" data-end=\"4201\">Feira Santana<br data-start=\"4043\" data-end=\"4046\" \/>Data 04 a 08, 18 a 22, 25 a 29 de maio de 2026<br data-start=\"4092\" data-end=\"4095\" \/>Hor\u00e1rio 10h \u00e0s 17h<br data-start=\"4113\" data-end=\"4116\" \/>Local Santana<br data-start=\"4129\" data-end=\"4132\" \/>Endere\u00e7o Cruzamento da Rua Leite Morais com Avenida Cruzeiro do Sul<\/p>\n<p data-start=\"4203\" data-end=\"4382\">Feira Parque Jardim das Perdizes<br data-start=\"4235\" data-end=\"4238\" \/>Data 01, 09, 17, 24 e 31 de maio de 2026<br data-start=\"4278\" data-end=\"4281\" \/>Hor\u00e1rio 10h \u00e0s 17h<br data-start=\"4299\" data-end=\"4302\" \/>Local Parque Jardim das Perdizes<br data-start=\"4334\" data-end=\"4337\" \/>Endere\u00e7o Passagem Quatro, s\/n &#8211; \u00c1gua Branca<\/p>\n<p data-start=\"4384\" data-end=\"4536\">Feira Mercad\u00e3o das Flores<br data-start=\"4409\" data-end=\"4412\" \/>Data 09 e 23 de maio de 2026<br data-start=\"4440\" data-end=\"4443\" \/>Hor\u00e1rio 09h \u00e0s 17h<br data-start=\"4461\" data-end=\"4464\" \/>Local Mercad\u00e3o das Flores<br data-start=\"4489\" data-end=\"4492\" \/>Endere\u00e7o Rua Hayden, 105 &#8211; Vila Leopoldina<\/p>\n<p data-start=\"4538\" data-end=\"4719\">Feira Mercado Municipal de Pinheiros<br data-start=\"4574\" data-end=\"4577\" \/>Data 09, 16, 23 e 30 de maio de 2026<br data-start=\"4613\" data-end=\"4616\" \/>Hor\u00e1rio 09h \u00e0s 18h<br data-start=\"4634\" data-end=\"4637\" \/>Local Mercado Municipal de Pinheiros<br data-start=\"4673\" data-end=\"4676\" \/>Endere\u00e7o Rua Pedro Cristi, 89 &#8211; Pinheiros<\/p>\n<p data-start=\"4721\" data-end=\"4878\">Miles Street Jazz Festival<br data-start=\"4747\" data-end=\"4750\" \/>Data 01 de maio de 2026<br data-start=\"4773\" data-end=\"4776\" \/>Hor\u00e1rio 10h \u00e0s 20h<br data-start=\"4794\" data-end=\"4797\" \/>Local Miles Wine Bar<br data-start=\"4817\" data-end=\"4820\" \/>Endere\u00e7o Rua Ant\u00f4nio de Macedo Soares, 1369 &#8211; Campo Belo<\/p>\n<p data-start=\"4880\" data-end=\"5077\">Maifest Brooklinfest<br data-start=\"4900\" data-end=\"4903\" \/>Data 16 e 17 de maio de 2026<br data-start=\"4931\" data-end=\"4934\" \/>Hor\u00e1rio 10h \u00e0s 22h<br data-start=\"4952\" data-end=\"4955\" \/>Local Brooklin<br data-start=\"4969\" data-end=\"4972\" \/>Endere\u00e7o Quadril\u00e1tero das ruas Joaquim Nabuco, Princesa Isabel, Bar\u00e3o do Triunfo e Bernardino de Campos<\/p>\n<p data-start=\"5079\" data-end=\"5261\">Feira Parque Cordeiro<br data-start=\"5100\" data-end=\"5103\" \/>Data 01, 09, 17, 24 e 31 de maio de 2026<br data-start=\"5143\" data-end=\"5146\" \/>Hor\u00e1rio 10h \u00e0s 17h<br data-start=\"5164\" data-end=\"5167\" \/>Local Parque Cordeiro &#8211; Martin Luther King<br data-start=\"5209\" data-end=\"5212\" \/>Endere\u00e7o Rua Breves, 968 &#8211; Ch\u00e1cara Monte Alegre<\/p>\n<p data-start=\"5263\" data-end=\"5425\">Feira Parque Severo Gomes<br data-start=\"5288\" data-end=\"5291\" \/>Data 01 e 03 de maio de 2026<br data-start=\"5319\" data-end=\"5322\" \/>Hor\u00e1rio 10h \u00e0s 16h<br data-start=\"5340\" data-end=\"5343\" \/>Local Parque Severo Gomes<br data-start=\"5368\" data-end=\"5371\" \/>Endere\u00e7o Rua Pires de Oliveira, 356 &#8211; Granja Julieta<\/p>\n<p data-start=\"5427\" data-end=\"5611\" data-is-last-node=\"\" data-is-only-node=\"\">Feira Parque Alto da Boa Vista<br data-start=\"5457\" data-end=\"5460\" \/>Data 01, 09, 17, 24 e 31 de maio de 2026<br data-start=\"5500\" data-end=\"5503\" \/>Hor\u00e1rio 10h \u00e0s 17h<br data-start=\"5521\" data-end=\"5524\" \/>Local Parque Alto da Boa Vista<br data-start=\"5554\" data-end=\"5557\" \/>Endere\u00e7o Rua Vig\u00e1rio Jo\u00e3o de Pontes, 779 &#8211; Santo Amaro<\/p>\n<\/div>\n<\/div>\n<\/div>\n<\/div>\n<div class=\"z-0 flex min-h-[46px] justify-start\"><\/div>\n<\/div>\n<\/div>\n<\/section>\n<div class=\"pointer-events-none -mt-px h-px translate-y-[calc(var(--scroll-root-safe-area-inset-bottom)-14*var(--spacing))]\" aria-hidden=\"true\"><\/div>\n","protected":false},"excerpt":{"rendered":"<p>Artes\u00e3os e manualistas ter\u00e3o estrutura gratuita para comercializar produtos autorais em 24 feiras distribu\u00eddas pela cidade ao longo de maio. A a\u00e7\u00e3o integra o programa M\u00e3os e Mentes Paulistanas e ocorre em diferentes regi\u00f5es. Na regi\u00e3o central, as feiras ser\u00e3o realizadas na Pra\u00e7a da S\u00e9, Pra\u00e7a do Patriarca, Largo S\u00e3o Bento, Viaduto Santa Ifig\u00eania, Tribunal [&hellip;]<\/p>\n","protected":false},"author":4,"featured_media":13032,"comment_status":"open","ping_status":"closed","sticky":false,"template":"","format":"standard","meta":{"_acf_changed":false,"_monsterinsights_skip_tracking":false,"_monsterinsights_sitenote_active":false,"_monsterinsights_sitenote_note":"","_monsterinsights_sitenote_category":0,"footnotes":""},"categories":[742],"tags":[840,52],"class_list":["post-13030","post","type-post","status-publish","format-standard","has-post-thumbnail","hentry","category-desenvolvimento-economico","tag-maos-e-mentes-paulistanas","tag-prefeitura-de-sao-paulo"],"acf":[],"yoast_head":"<!-- This site is optimized with the Yoast SEO plugin v24.1 - https:\/\/yoast.com\/wordpress\/plugins\/seo\/ -->\n<title>Feiras do M\u00e3os e Mentes Paulistanas - Estad\u00e3o Expresso SP<\/title>\n<meta name=\"description\" content=\"Programa da Prefeitura de S\u00e3o Paulo leva estrutura gratuita a empreendedores e amplia pontos de venda\" \/>\n<meta name=\"robots\" content=\"index, follow, max-snippet:-1, max-image-preview:large, max-video-preview:-1\" \/>\n<link rel=\"canonical\" href=\"https:\/\/expresso.estadao.com.br\/sao-paulo\/2026\/04\/29\/feiras-de-artesanato-ocupam-24-pontos-da-cidade-em-maio\/\" \/>\n<meta property=\"og:locale\" content=\"pt_BR\" \/>\n<meta property=\"og:type\" content=\"article\" \/>\n<meta property=\"og:title\" content=\"Feiras do M\u00e3os e Mentes Paulistanas - Estad\u00e3o Expresso SP\" \/>\n<meta property=\"og:description\" content=\"Programa da Prefeitura de S\u00e3o Paulo leva estrutura gratuita a empreendedores e amplia pontos de venda\" \/>\n<meta property=\"og:url\" content=\"https:\/\/expresso.estadao.com.br\/sao-paulo\/2026\/04\/29\/feiras-de-artesanato-ocupam-24-pontos-da-cidade-em-maio\/\" \/>\n<meta property=\"og:site_name\" content=\"Estad\u00e3o Expresso S\u00e3o Paulo\" \/>\n<meta property=\"article:published_time\" content=\"2026-04-29T12:00:02+00:00\" \/>\n<meta property=\"og:image\" content=\"https:\/\/expresso.estadao.com.br\/sao-paulo\/wp-content\/uploads\/2026\/04\/Feira-artesao-site-scaled.jpg\" \/>\n\t<meta property=\"og:image:type\" content=\"image\/jpeg\" \/>\n<meta name=\"author\" content=\"fabio_bairros\" \/>\n<meta name=\"twitter:card\" content=\"summary_large_image\" \/>\n<meta name=\"twitter:label1\" content=\"Escrito por\" \/>\n\t<meta name=\"twitter:data1\" content=\"fabio_bairros\" \/>\n\t<meta name=\"twitter:label2\" content=\"Est. tempo de leitura\" \/>\n\t<meta name=\"twitter:data2\" content=\"6 minutos\" \/>\n<script type=\"application\/ld+json\" class=\"yoast-schema-graph\">{\"@context\":\"https:\/\/schema.org\",\"@graph\":[{\"@type\":\"WebPage\",\"@id\":\"https:\/\/expresso.estadao.com.br\/sao-paulo\/2026\/04\/29\/feiras-de-artesanato-ocupam-24-pontos-da-cidade-em-maio\/\",\"url\":\"https:\/\/expresso.estadao.com.br\/sao-paulo\/2026\/04\/29\/feiras-de-artesanato-ocupam-24-pontos-da-cidade-em-maio\/\",\"name\":\"Feiras do M\u00e3os e Mentes Paulistanas - Estad\u00e3o Expresso SP\",\"isPartOf\":{\"@id\":\"https:\/\/expresso.estadao.com.br\/sao-paulo\/#website\"},\"primaryImageOfPage\":{\"@id\":\"https:\/\/expresso.estadao.com.br\/sao-paulo\/2026\/04\/29\/feiras-de-artesanato-ocupam-24-pontos-da-cidade-em-maio\/#primaryimage\"},\"image\":{\"@id\":\"https:\/\/expresso.estadao.com.br\/sao-paulo\/2026\/04\/29\/feiras-de-artesanato-ocupam-24-pontos-da-cidade-em-maio\/#primaryimage\"},\"thumbnailUrl\":\"https:\/\/expresso.estadao.com.br\/sao-paulo\/wp-content\/uploads\/2026\/04\/Feira-artesao-site-scaled.jpg\",\"datePublished\":\"2026-04-29T12:00:02+00:00\",\"dateModified\":\"2026-04-29T12:00:02+00:00\",\"author\":{\"@id\":\"https:\/\/expresso.estadao.com.br\/sao-paulo\/#\/schema\/person\/f45f9e313ba8cbe5af9424f387ddef42\"},\"description\":\"Programa da Prefeitura de S\u00e3o Paulo leva estrutura gratuita a empreendedores e amplia pontos de venda\",\"breadcrumb\":{\"@id\":\"https:\/\/expresso.estadao.com.br\/sao-paulo\/2026\/04\/29\/feiras-de-artesanato-ocupam-24-pontos-da-cidade-em-maio\/#breadcrumb\"},\"inLanguage\":\"pt-BR\",\"potentialAction\":[{\"@type\":\"ReadAction\",\"target\":[\"https:\/\/expresso.estadao.com.br\/sao-paulo\/2026\/04\/29\/feiras-de-artesanato-ocupam-24-pontos-da-cidade-em-maio\/\"]}]},{\"@type\":\"ImageObject\",\"inLanguage\":\"pt-BR\",\"@id\":\"https:\/\/expresso.estadao.com.br\/sao-paulo\/2026\/04\/29\/feiras-de-artesanato-ocupam-24-pontos-da-cidade-em-maio\/#primaryimage\",\"url\":\"https:\/\/expresso.estadao.com.br\/sao-paulo\/wp-content\/uploads\/2026\/04\/Feira-artesao-site-scaled.jpg\",\"contentUrl\":\"https:\/\/expresso.estadao.com.br\/sao-paulo\/wp-content\/uploads\/2026\/04\/Feira-artesao-site-scaled.jpg\",\"width\":2560,\"height\":1707,\"caption\":\"Foto: Divulga\u00e7\u00e3o\/Secom\"},{\"@type\":\"BreadcrumbList\",\"@id\":\"https:\/\/expresso.estadao.com.br\/sao-paulo\/2026\/04\/29\/feiras-de-artesanato-ocupam-24-pontos-da-cidade-em-maio\/#breadcrumb\",\"itemListElement\":[{\"@type\":\"ListItem\",\"position\":1,\"name\":\"In\u00edcio\",\"item\":\"https:\/\/expresso.estadao.com.br\/sao-paulo\/\"},{\"@type\":\"ListItem\",\"position\":2,\"name\":\"Feiras de artesanato ocupam 24 pontos da cidade em maio\"}]},{\"@type\":\"WebSite\",\"@id\":\"https:\/\/expresso.estadao.com.br\/sao-paulo\/#website\",\"url\":\"https:\/\/expresso.estadao.com.br\/sao-paulo\/\",\"name\":\"Estad\u00e3o Expresso S\u00e3o Paulo\",\"description\":\"Conte\u00fado de presta\u00e7\u00e3o de servi\u00e7o para que os moradores da cidade de S\u00e3o Paulo possam se informar melhor e usar de maneira mais eficaz os servi\u00e7os p\u00fablicos municipais.\",\"potentialAction\":[{\"@type\":\"SearchAction\",\"target\":{\"@type\":\"EntryPoint\",\"urlTemplate\":\"https:\/\/expresso.estadao.com.br\/sao-paulo\/?s={search_term_string}\"},\"query-input\":{\"@type\":\"PropertyValueSpecification\",\"valueRequired\":true,\"valueName\":\"search_term_string\"}}],\"inLanguage\":\"pt-BR\"},{\"@type\":\"Person\",\"@id\":\"https:\/\/expresso.estadao.com.br\/sao-paulo\/#\/schema\/person\/f45f9e313ba8cbe5af9424f387ddef42\",\"name\":\"fabio_bairros\",\"image\":{\"@type\":\"ImageObject\",\"inLanguage\":\"pt-BR\",\"@id\":\"https:\/\/expresso.estadao.com.br\/sao-paulo\/#\/schema\/person\/image\/\",\"url\":\"https:\/\/secure.gravatar.com\/avatar\/fbecca90befcfda9505216ce0dc87261326cb6644deb5861e7ab404061c24246?s=96&d=mm&r=g\",\"contentUrl\":\"https:\/\/secure.gravatar.com\/avatar\/fbecca90befcfda9505216ce0dc87261326cb6644deb5861e7ab404061c24246?s=96&d=mm&r=g\",\"caption\":\"fabio_bairros\"}}]}<\/script>\n<!-- \/ Yoast SEO plugin. -->","yoast_head_json":{"title":"Feiras do M\u00e3os e Mentes Paulistanas - Estad\u00e3o Expresso SP","description":"Programa da Prefeitura de S\u00e3o Paulo leva estrutura gratuita a empreendedores e amplia pontos de venda","robots":{"index":"index","follow":"follow","max-snippet":"max-snippet:-1","max-image-preview":"max-image-preview:large","max-video-preview":"max-video-preview:-1"},"canonical":"https:\/\/expresso.estadao.com.br\/sao-paulo\/2026\/04\/29\/feiras-de-artesanato-ocupam-24-pontos-da-cidade-em-maio\/","og_locale":"pt_BR","og_type":"article","og_title":"Feiras do M\u00e3os e Mentes Paulistanas - Estad\u00e3o Expresso SP","og_description":"Programa da Prefeitura de S\u00e3o Paulo leva estrutura gratuita a empreendedores e amplia pontos de venda","og_url":"https:\/\/expresso.estadao.com.br\/sao-paulo\/2026\/04\/29\/feiras-de-artesanato-ocupam-24-pontos-da-cidade-em-maio\/","og_site_name":"Estad\u00e3o Expresso S\u00e3o Paulo","article_published_time":"2026-04-29T12:00:02+00:00","og_image":[{"width":"","height":"","url":"https:\/\/expresso.estadao.com.br\/sao-paulo\/wp-content\/uploads\/2026\/04\/Feira-artesao-site-scaled.jpg","type":"image\/jpeg"}],"author":"fabio_bairros","twitter_card":"summary_large_image","twitter_misc":{"Escrito por":"fabio_bairros","Est. tempo de leitura":"6 minutos"},"schema":{"@context":"https:\/\/schema.org","@graph":[{"@type":"WebPage","@id":"https:\/\/expresso.estadao.com.br\/sao-paulo\/2026\/04\/29\/feiras-de-artesanato-ocupam-24-pontos-da-cidade-em-maio\/","url":"https:\/\/expresso.estadao.com.br\/sao-paulo\/2026\/04\/29\/feiras-de-artesanato-ocupam-24-pontos-da-cidade-em-maio\/","name":"Feiras do M\u00e3os e Mentes Paulistanas - Estad\u00e3o Expresso SP","isPartOf":{"@id":"https:\/\/expresso.estadao.com.br\/sao-paulo\/#website"},"primaryImageOfPage":{"@id":"https:\/\/expresso.estadao.com.br\/sao-paulo\/2026\/04\/29\/feiras-de-artesanato-ocupam-24-pontos-da-cidade-em-maio\/#primaryimage"},"image":{"@id":"https:\/\/expresso.estadao.com.br\/sao-paulo\/2026\/04\/29\/feiras-de-artesanato-ocupam-24-pontos-da-cidade-em-maio\/#primaryimage"},"thumbnailUrl":"https:\/\/expresso.estadao.com.br\/sao-paulo\/wp-content\/uploads\/2026\/04\/Feira-artesao-site-scaled.jpg","datePublished":"2026-04-29T12:00:02+00:00","dateModified":"2026-04-29T12:00:02+00:00","author":{"@id":"https:\/\/expresso.estadao.com.br\/sao-paulo\/#\/schema\/person\/f45f9e313ba8cbe5af9424f387ddef42"},"description":"Programa da Prefeitura de S\u00e3o Paulo leva estrutura gratuita a empreendedores e amplia pontos de venda","breadcrumb":{"@id":"https:\/\/expresso.estadao.com.br\/sao-paulo\/2026\/04\/29\/feiras-de-artesanato-ocupam-24-pontos-da-cidade-em-maio\/#breadcrumb"},"inLanguage":"pt-BR","potentialAction":[{"@type":"ReadAction","target":["https:\/\/expresso.estadao.com.br\/sao-paulo\/2026\/04\/29\/feiras-de-artesanato-ocupam-24-pontos-da-cidade-em-maio\/"]}]},{"@type":"ImageObject","inLanguage":"pt-BR","@id":"https:\/\/expresso.estadao.com.br\/sao-paulo\/2026\/04\/29\/feiras-de-artesanato-ocupam-24-pontos-da-cidade-em-maio\/#primaryimage","url":"https:\/\/expresso.estadao.com.br\/sao-paulo\/wp-content\/uploads\/2026\/04\/Feira-artesao-site-scaled.jpg","contentUrl":"https:\/\/expresso.estadao.com.br\/sao-paulo\/wp-content\/uploads\/2026\/04\/Feira-artesao-site-scaled.jpg","width":2560,"height":1707,"caption":"Foto: Divulga\u00e7\u00e3o\/Secom"},{"@type":"BreadcrumbList","@id":"https:\/\/expresso.estadao.com.br\/sao-paulo\/2026\/04\/29\/feiras-de-artesanato-ocupam-24-pontos-da-cidade-em-maio\/#breadcrumb","itemListElement":[{"@type":"ListItem","position":1,"name":"In\u00edcio","item":"https:\/\/expresso.estadao.com.br\/sao-paulo\/"},{"@type":"ListItem","position":2,"name":"Feiras de artesanato ocupam 24 pontos da cidade em maio"}]},{"@type":"WebSite","@id":"https:\/\/expresso.estadao.com.br\/sao-paulo\/#website","url":"https:\/\/expresso.estadao.com.br\/sao-paulo\/","name":"Estad\u00e3o Expresso S\u00e3o Paulo","description":"Conte\u00fado de presta\u00e7\u00e3o de servi\u00e7o para que os moradores da cidade de S\u00e3o Paulo possam se informar melhor e usar de maneira mais eficaz os servi\u00e7os p\u00fablicos municipais.","potentialAction":[{"@type":"SearchAction","target":{"@type":"EntryPoint","urlTemplate":"https:\/\/expresso.estadao.com.br\/sao-paulo\/?s={search_term_string}"},"query-input":{"@type":"PropertyValueSpecification","valueRequired":true,"valueName":"search_term_string"}}],"inLanguage":"pt-BR"},{"@type":"Person","@id":"https:\/\/expresso.estadao.com.br\/sao-paulo\/#\/schema\/person\/f45f9e313ba8cbe5af9424f387ddef42","name":"fabio_bairros","image":{"@type":"ImageObject","inLanguage":"pt-BR","@id":"https:\/\/expresso.estadao.com.br\/sao-paulo\/#\/schema\/person\/image\/","url":"https:\/\/secure.gravatar.com\/avatar\/fbecca90befcfda9505216ce0dc87261326cb6644deb5861e7ab404061c24246?s=96&d=mm&r=g","contentUrl":"https:\/\/secure.gravatar.com\/avatar\/fbecca90befcfda9505216ce0dc87261326cb6644deb5861e7ab404061c24246?s=96&d=mm&r=g","caption":"fabio_bairros"}}]}},"_links":{"self":[{"href":"https:\/\/expresso.estadao.com.br\/sao-paulo\/wp-json\/wp\/v2\/posts\/13030","targetHints":{"allow":["GET"]}}],"collection":[{"href":"https:\/\/expresso.estadao.com.br\/sao-paulo\/wp-json\/wp\/v2\/posts"}],"about":[{"href":"https:\/\/expresso.estadao.com.br\/sao-paulo\/wp-json\/wp\/v2\/types\/post"}],"author":[{"embeddable":true,"href":"https:\/\/expresso.estadao.com.br\/sao-paulo\/wp-json\/wp\/v2\/users\/4"}],"replies":[{"embeddable":true,"href":"https:\/\/expresso.estadao.com.br\/sao-paulo\/wp-json\/wp\/v2\/comments?post=13030"}],"version-history":[{"count":3,"href":"https:\/\/expresso.estadao.com.br\/sao-paulo\/wp-json\/wp\/v2\/posts\/13030\/revisions"}],"predecessor-version":[{"id":13034,"href":"https:\/\/expresso.estadao.com.br\/sao-paulo\/wp-json\/wp\/v2\/posts\/13030\/revisions\/13034"}],"wp:featuredmedia":[{"embeddable":true,"href":"https:\/\/expresso.estadao.com.br\/sao-paulo\/wp-json\/wp\/v2\/media\/13032"}],"wp:attachment":[{"href":"https:\/\/expresso.estadao.com.br\/sao-paulo\/wp-json\/wp\/v2\/media?parent=13030"}],"wp:term":[{"taxonomy":"category","embeddable":true,"href":"https:\/\/expresso.estadao.com.br\/sao-paulo\/wp-json\/wp\/v2\/categories?post=13030"},{"taxonomy":"post_tag","embeddable":true,"href":"https:\/\/expresso.estadao.com.br\/sao-paulo\/wp-json\/wp\/v2\/tags?post=13030"}],"curies":[{"name":"wp","href":"https:\/\/api.w.org\/{rel}","templated":true}]}}