{"id":13840,"date":"2026-09-03T06:33:53","date_gmt":"2026-09-03T09:33:53","guid":{"rendered":"https:\/\/expresso.estadao.com.br\/sao-paulo\/?p=13840"},"modified":"2026-09-03T06:33:53","modified_gmt":"2026-09-03T09:33:53","slug":"prefeitura-lanca-saude-digital-sp-para-ampliar-acesso-a-teleconsultas","status":"publish","type":"post","link":"https:\/\/expresso.estadao.com.br\/sao-paulo\/2026\/09\/03\/prefeitura-lanca-saude-digital-sp-para-ampliar-acesso-a-teleconsultas\/","title":{"rendered":"Prefeitura lan\u00e7a Sa\u00fade Digital SP para ampliar acesso a teleconsultas"},"content":{"rendered":"<p>A Prefeitura de S\u00e3o Paulo lan\u00e7ou o Sa\u00fade Digital SP, programa que amplia a oferta de teleconsultas pelo aplicativo e-sa\u00fadeSP. Nesta primeira etapa, o servi\u00e7o oferece atendimento 24 horas com cl\u00ednico geral para casos de baixa gravidade e acompanhamento remoto de pacientes com hipertens\u00e3o, diabetes e obesidade atendidos pela rede municipal.<\/p>\n<p>No Pronto Sa\u00fade Digital, dispon\u00edvel no <a href=\"https:\/\/e-saudesp.prefeitura.sp.gov.br\/\">e-sa\u00fadeSP<\/a>, o usu\u00e1rio passa inicialmente por uma triagem realizada por profissional de enfermagem e, de acordo com a avalia\u00e7\u00e3o, pode ser encaminhado para teleconsulta com cl\u00ednico geral. O servi\u00e7o funciona 24 horas por dia, sete dias por semana.<\/p>\n<p>A segunda frente do programa \u00e9 destinada inicialmente a cerca de 3,8 milh\u00f5es de usu\u00e1rios do SUS diagnosticados ou autodeclarados hipertensos, diab\u00e9ticos ou obesos e j\u00e1 acompanhados pela rede municipal. Esses pacientes poder\u00e3o receber orienta\u00e7\u00f5es, ter suas condi\u00e7\u00f5es cl\u00ednicas monitoradas e realizar teleconsultas quando necess\u00e1rio.<\/p>\n<p>O convite para participar ser\u00e1 enviado pelo WhatsApp oficial da <a href=\"https:\/\/prefeitura.sp.gov.br\/web\/saude\">Secretaria Municipal da Sa\u00fade (SMS)<\/a>, no n\u00famero 11 5461-5600. Ap\u00f3s confirmar as informa\u00e7\u00f5es cadastrais e atualizar os dados no e-sa\u00fadeSP, o paciente poder\u00e1 aderir voluntariamente ao programa.<\/p>\n<p>Quem aceitar receber\u00e1 tr\u00eas op\u00e7\u00f5es de datas para a teleconsulta, realizada por videochamada diretamente pelo aplicativo. Caso prefira permanecer no modelo tradicional, continuar\u00e1 aguardando normalmente o atendimento presencial. O encaminhamento tamb\u00e9m poder\u00e1 ocorrer quando o profissional respons\u00e1vel pela teleconsulta avaliar que o atendimento presencial \u00e9 mais adequado.<\/p>\n<p>Segundo a Secretaria Municipal da Sa\u00fade, a proposta \u00e9 utilizar o atendimento digital para identificar os pacientes que podem ser acompanhados remotamente e aqueles que precisam de consulta presencial, al\u00e9m de manter o monitoramento ao longo do tratamento. Para quem n\u00e3o tem acesso \u00e0s ferramentas digitais, a rede municipal continuar\u00e1 oferecendo os Consult\u00f3rios Digitais, criados em 2022. Neles, a teleconsulta \u00e9 realizada em uma sala espec\u00edfica da unidade de sa\u00fade, com acompanhamento de um profissional de enfermagem.<\/p>\n<p>At\u00e9 julho deste ano, os Consult\u00f3rios Digitais haviam realizado mais de 1,4 milh\u00e3o de atendimentos. O servi\u00e7o est\u00e1 presente em 483 unidades, entre Unidades B\u00e1sicas de Sa\u00fade (UBSs), Assist\u00eancias M\u00e9dicas Ambulatoriais (AMAs) e Unidades de Pronto Atendimento (UPAs).<\/p>\n<p>Ap\u00f3s a implementa\u00e7\u00e3o para pacientes com hipertens\u00e3o, diabetes e obesidade, a previs\u00e3o \u00e9 ampliar gradualmente o Sa\u00fade Digital SP para outras \u00e1reas priorit\u00e1rias, como sa\u00fade materno-infantil, sa\u00fade da pessoa idosa e sa\u00fade mental.<\/p>\n<p>Desde o lan\u00e7amento, o e-sa\u00fadeSP registrou mais de 75 milh\u00f5es de acessos, 5,4 milh\u00f5es de usu\u00e1rios cadastrados e 5,3 milh\u00f5es de atendimentos digitais at\u00e9 julho deste ano.<\/p>\n<p>Para atendimento de casos de baixa gravidade, o usu\u00e1rio deve acessar o aplicativo e-sa\u00fadeSP e selecionar a op\u00e7\u00e3o Pronto Sa\u00fade Digital. Ap\u00f3s responder a perguntas sobre seu estado de sa\u00fade, as informa\u00e7\u00f5es ser\u00e3o avaliadas por um profissional de enfermagem, que far\u00e1 o atendimento ou orientar\u00e1 sobre o encaminhamento adequado.<\/p>\n<p><strong>Pacientes j\u00e1 acompanhados pela rede<\/strong><\/p>\n<p>O paciente receber\u00e1 uma mensagem pelo WhatsApp oficial da Secretaria Municipal da Sa\u00fade, no n\u00famero 11 5461-5600, com o convite para participar do programa. Ap\u00f3s confirmar as informa\u00e7\u00f5es e atualizar o cadastro no e-sa\u00fadeSP, poder\u00e1 aderir voluntariamente ao servi\u00e7o. Quem aceitar receber\u00e1 tr\u00eas op\u00e7\u00f5es de datas para a teleconsulta, realizada por videochamada no aplicativo.<\/p>\n<p>Depois do atendimento, o paciente poder\u00e1 continuar sendo acompanhado remotamente por uma equipe multiprofissional, com orienta\u00e7\u00f5es, monitoramento das condi\u00e7\u00f5es cl\u00ednicas, novas teleconsultas ou encaminhamento para atendimento presencial, quando necess\u00e1rio.<\/p>\n<p><img loading=\"lazy\" decoding=\"async\" class=\"alignnone size-large wp-image-13842\" src=\"https:\/\/expresso.estadao.com.br\/sao-paulo\/wp-content\/uploads\/2026\/09\/saudedigital-1110x740.png\" alt=\"\" width=\"1110\" height=\"740\" srcset=\"https:\/\/expresso.estadao.com.br\/sao-paulo\/wp-content\/uploads\/2026\/09\/saudedigital-1110x740.png 1110w, https:\/\/expresso.estadao.com.br\/sao-paulo\/wp-content\/uploads\/2026\/09\/saudedigital-450x300.png 450w, https:\/\/expresso.estadao.com.br\/sao-paulo\/wp-content\/uploads\/2026\/09\/saudedigital-768x512.png 768w, https:\/\/expresso.estadao.com.br\/sao-paulo\/wp-content\/uploads\/2026\/09\/saudedigital.png 1536w\" sizes=\"auto, (max-width: 1110px) 100vw, 1110px\" \/><\/p>\n","protected":false},"excerpt":{"rendered":"<p>A Prefeitura de S\u00e3o Paulo lan\u00e7ou o Sa\u00fade Digital SP, programa que amplia a oferta de teleconsultas pelo aplicativo e-sa\u00fadeSP. Nesta primeira etapa, o servi\u00e7o oferece atendimento 24 horas com cl\u00ednico geral para casos de baixa gravidade e acompanhamento remoto de pacientes com hipertens\u00e3o, diabetes e obesidade atendidos pela rede municipal. No Pronto Sa\u00fade Digital, [&hellip;]<\/p>\n","protected":false},"author":4,"featured_media":13844,"comment_status":"open","ping_status":"closed","sticky":false,"template":"","format":"standard","meta":{"_acf_changed":false,"_monsterinsights_skip_tracking":false,"_monsterinsights_sitenote_active":false,"_monsterinsights_sitenote_note":"","_monsterinsights_sitenote_category":0,"footnotes":""},"categories":[758],"tags":[52,1457],"class_list":["post-13840","post","type-post","status-publish","format-standard","has-post-thumbnail","hentry","category-saude","tag-prefeitura-de-sao-paulo","tag-saude-digital-sp"],"acf":[],"yoast_head":"<!-- This site is optimized with the Yoast SEO plugin v24.1 - https:\/\/yoast.com\/wordpress\/plugins\/seo\/ -->\n<title>Sa\u00fade Digital SP<\/title>\n<meta name=\"description\" content=\"Programa oferece atendimento 24 h para casos de baixa gravidade e acompanhamento remoto de pacientes com hipertens\u00e3o e diabetes\" \/>\n<meta name=\"robots\" content=\"index, follow, max-snippet:-1, max-image-preview:large, max-video-preview:-1\" \/>\n<link rel=\"canonical\" href=\"https:\/\/expresso.estadao.com.br\/sao-paulo\/2026\/09\/03\/prefeitura-lanca-saude-digital-sp-para-ampliar-acesso-a-teleconsultas\/\" \/>\n<meta property=\"og:locale\" content=\"pt_BR\" \/>\n<meta property=\"og:type\" content=\"article\" \/>\n<meta property=\"og:title\" content=\"Sa\u00fade Digital SP\" \/>\n<meta property=\"og:description\" content=\"Programa oferece atendimento 24 h para casos de baixa gravidade e acompanhamento remoto de pacientes com hipertens\u00e3o e diabetes\" \/>\n<meta property=\"og:url\" content=\"https:\/\/expresso.estadao.com.br\/sao-paulo\/2026\/09\/03\/prefeitura-lanca-saude-digital-sp-para-ampliar-acesso-a-teleconsultas\/\" \/>\n<meta property=\"og:site_name\" content=\"Estad\u00e3o Expresso S\u00e3o Paulo\" \/>\n<meta property=\"article:published_time\" content=\"2026-09-03T09:33:53+00:00\" \/>\n<meta property=\"og:image\" content=\"https:\/\/expresso.estadao.com.br\/sao-paulo\/wp-content\/uploads\/2026\/09\/WhatsApp-Image-2026-08-13-at-16.45.11.jpeg\" \/>\n\t<meta property=\"og:image:type\" content=\"image\/jpeg\" \/>\n<meta name=\"author\" content=\"fabio_bairros\" \/>\n<meta name=\"twitter:card\" content=\"summary_large_image\" \/>\n<meta name=\"twitter:label1\" content=\"Escrito por\" \/>\n\t<meta name=\"twitter:data1\" content=\"fabio_bairros\" \/>\n\t<meta name=\"twitter:label2\" content=\"Est. tempo de leitura\" \/>\n\t<meta name=\"twitter:data2\" content=\"4 minutos\" \/>\n<script type=\"application\/ld+json\" class=\"yoast-schema-graph\">{\"@context\":\"https:\/\/schema.org\",\"@graph\":[{\"@type\":\"WebPage\",\"@id\":\"https:\/\/expresso.estadao.com.br\/sao-paulo\/2026\/09\/03\/prefeitura-lanca-saude-digital-sp-para-ampliar-acesso-a-teleconsultas\/\",\"url\":\"https:\/\/expresso.estadao.com.br\/sao-paulo\/2026\/09\/03\/prefeitura-lanca-saude-digital-sp-para-ampliar-acesso-a-teleconsultas\/\",\"name\":\"Sa\u00fade Digital SP\",\"isPartOf\":{\"@id\":\"https:\/\/expresso.estadao.com.br\/sao-paulo\/#website\"},\"primaryImageOfPage\":{\"@id\":\"https:\/\/expresso.estadao.com.br\/sao-paulo\/2026\/09\/03\/prefeitura-lanca-saude-digital-sp-para-ampliar-acesso-a-teleconsultas\/#primaryimage\"},\"image\":{\"@id\":\"https:\/\/expresso.estadao.com.br\/sao-paulo\/2026\/09\/03\/prefeitura-lanca-saude-digital-sp-para-ampliar-acesso-a-teleconsultas\/#primaryimage\"},\"thumbnailUrl\":\"https:\/\/expresso.estadao.com.br\/sao-paulo\/wp-content\/uploads\/2026\/09\/WhatsApp-Image-2026-08-13-at-16.45.11.jpeg\",\"datePublished\":\"2026-09-03T09:33:53+00:00\",\"dateModified\":\"2026-09-03T09:33:53+00:00\",\"author\":{\"@id\":\"https:\/\/expresso.estadao.com.br\/sao-paulo\/#\/schema\/person\/f45f9e313ba8cbe5af9424f387ddef42\"},\"description\":\"Programa oferece atendimento 24 h para casos de baixa gravidade e acompanhamento remoto de pacientes com hipertens\u00e3o e diabetes\",\"breadcrumb\":{\"@id\":\"https:\/\/expresso.estadao.com.br\/sao-paulo\/2026\/09\/03\/prefeitura-lanca-saude-digital-sp-para-ampliar-acesso-a-teleconsultas\/#breadcrumb\"},\"inLanguage\":\"pt-BR\",\"potentialAction\":[{\"@type\":\"ReadAction\",\"target\":[\"https:\/\/expresso.estadao.com.br\/sao-paulo\/2026\/09\/03\/prefeitura-lanca-saude-digital-sp-para-ampliar-acesso-a-teleconsultas\/\"]}]},{\"@type\":\"ImageObject\",\"inLanguage\":\"pt-BR\",\"@id\":\"https:\/\/expresso.estadao.com.br\/sao-paulo\/2026\/09\/03\/prefeitura-lanca-saude-digital-sp-para-ampliar-acesso-a-teleconsultas\/#primaryimage\",\"url\":\"https:\/\/expresso.estadao.com.br\/sao-paulo\/wp-content\/uploads\/2026\/09\/WhatsApp-Image-2026-08-13-at-16.45.11.jpeg\",\"contentUrl\":\"https:\/\/expresso.estadao.com.br\/sao-paulo\/wp-content\/uploads\/2026\/09\/WhatsApp-Image-2026-08-13-at-16.45.11.jpeg\",\"width\":1600,\"height\":1080,\"caption\":\"Fonte: Divulga\u00e7\u00e3o\/PrefSP\"},{\"@type\":\"BreadcrumbList\",\"@id\":\"https:\/\/expresso.estadao.com.br\/sao-paulo\/2026\/09\/03\/prefeitura-lanca-saude-digital-sp-para-ampliar-acesso-a-teleconsultas\/#breadcrumb\",\"itemListElement\":[{\"@type\":\"ListItem\",\"position\":1,\"name\":\"In\u00edcio\",\"item\":\"https:\/\/expresso.estadao.com.br\/sao-paulo\/\"},{\"@type\":\"ListItem\",\"position\":2,\"name\":\"Prefeitura lan\u00e7a Sa\u00fade Digital SP para ampliar acesso a teleconsultas\"}]},{\"@type\":\"WebSite\",\"@id\":\"https:\/\/expresso.estadao.com.br\/sao-paulo\/#website\",\"url\":\"https:\/\/expresso.estadao.com.br\/sao-paulo\/\",\"name\":\"Estad\u00e3o Expresso S\u00e3o Paulo\",\"description\":\"Conte\u00fado de presta\u00e7\u00e3o de servi\u00e7o para que os moradores da cidade de S\u00e3o Paulo possam se informar melhor e usar de maneira mais eficaz os servi\u00e7os p\u00fablicos municipais.\",\"potentialAction\":[{\"@type\":\"SearchAction\",\"target\":{\"@type\":\"EntryPoint\",\"urlTemplate\":\"https:\/\/expresso.estadao.com.br\/sao-paulo\/?s={search_term_string}\"},\"query-input\":{\"@type\":\"PropertyValueSpecification\",\"valueRequired\":true,\"valueName\":\"search_term_string\"}}],\"inLanguage\":\"pt-BR\"},{\"@type\":\"Person\",\"@id\":\"https:\/\/expresso.estadao.com.br\/sao-paulo\/#\/schema\/person\/f45f9e313ba8cbe5af9424f387ddef42\",\"name\":\"fabio_bairros\",\"image\":{\"@type\":\"ImageObject\",\"inLanguage\":\"pt-BR\",\"@id\":\"https:\/\/expresso.estadao.com.br\/sao-paulo\/#\/schema\/person\/image\/\",\"url\":\"https:\/\/secure.gravatar.com\/avatar\/fbecca90befcfda9505216ce0dc87261326cb6644deb5861e7ab404061c24246?s=96&d=mm&r=g\",\"contentUrl\":\"https:\/\/secure.gravatar.com\/avatar\/fbecca90befcfda9505216ce0dc87261326cb6644deb5861e7ab404061c24246?s=96&d=mm&r=g\",\"caption\":\"fabio_bairros\"}}]}<\/script>\n<!-- \/ Yoast SEO plugin. -->","yoast_head_json":{"title":"Sa\u00fade Digital SP","description":"Programa oferece atendimento 24 h para casos de baixa gravidade e acompanhamento remoto de pacientes com hipertens\u00e3o e diabetes","robots":{"index":"index","follow":"follow","max-snippet":"max-snippet:-1","max-image-preview":"max-image-preview:large","max-video-preview":"max-video-preview:-1"},"canonical":"https:\/\/expresso.estadao.com.br\/sao-paulo\/2026\/09\/03\/prefeitura-lanca-saude-digital-sp-para-ampliar-acesso-a-teleconsultas\/","og_locale":"pt_BR","og_type":"article","og_title":"Sa\u00fade Digital SP","og_description":"Programa oferece atendimento 24 h para casos de baixa gravidade e acompanhamento remoto de pacientes com hipertens\u00e3o e diabetes","og_url":"https:\/\/expresso.estadao.com.br\/sao-paulo\/2026\/09\/03\/prefeitura-lanca-saude-digital-sp-para-ampliar-acesso-a-teleconsultas\/","og_site_name":"Estad\u00e3o Expresso S\u00e3o Paulo","article_published_time":"2026-09-03T09:33:53+00:00","og_image":[{"width":"","height":"","url":"https:\/\/expresso.estadao.com.br\/sao-paulo\/wp-content\/uploads\/2026\/09\/WhatsApp-Image-2026-08-13-at-16.45.11.jpeg","type":"image\/jpeg"}],"author":"fabio_bairros","twitter_card":"summary_large_image","twitter_misc":{"Escrito por":"fabio_bairros","Est. tempo de leitura":"4 minutos"},"schema":{"@context":"https:\/\/schema.org","@graph":[{"@type":"WebPage","@id":"https:\/\/expresso.estadao.com.br\/sao-paulo\/2026\/09\/03\/prefeitura-lanca-saude-digital-sp-para-ampliar-acesso-a-teleconsultas\/","url":"https:\/\/expresso.estadao.com.br\/sao-paulo\/2026\/09\/03\/prefeitura-lanca-saude-digital-sp-para-ampliar-acesso-a-teleconsultas\/","name":"Sa\u00fade Digital SP","isPartOf":{"@id":"https:\/\/expresso.estadao.com.br\/sao-paulo\/#website"},"primaryImageOfPage":{"@id":"https:\/\/expresso.estadao.com.br\/sao-paulo\/2026\/09\/03\/prefeitura-lanca-saude-digital-sp-para-ampliar-acesso-a-teleconsultas\/#primaryimage"},"image":{"@id":"https:\/\/expresso.estadao.com.br\/sao-paulo\/2026\/09\/03\/prefeitura-lanca-saude-digital-sp-para-ampliar-acesso-a-teleconsultas\/#primaryimage"},"thumbnailUrl":"https:\/\/expresso.estadao.com.br\/sao-paulo\/wp-content\/uploads\/2026\/09\/WhatsApp-Image-2026-08-13-at-16.45.11.jpeg","datePublished":"2026-09-03T09:33:53+00:00","dateModified":"2026-09-03T09:33:53+00:00","author":{"@id":"https:\/\/expresso.estadao.com.br\/sao-paulo\/#\/schema\/person\/f45f9e313ba8cbe5af9424f387ddef42"},"description":"Programa oferece atendimento 24 h para casos de baixa gravidade e acompanhamento remoto de pacientes com hipertens\u00e3o e diabetes","breadcrumb":{"@id":"https:\/\/expresso.estadao.com.br\/sao-paulo\/2026\/09\/03\/prefeitura-lanca-saude-digital-sp-para-ampliar-acesso-a-teleconsultas\/#breadcrumb"},"inLanguage":"pt-BR","potentialAction":[{"@type":"ReadAction","target":["https:\/\/expresso.estadao.com.br\/sao-paulo\/2026\/09\/03\/prefeitura-lanca-saude-digital-sp-para-ampliar-acesso-a-teleconsultas\/"]}]},{"@type":"ImageObject","inLanguage":"pt-BR","@id":"https:\/\/expresso.estadao.com.br\/sao-paulo\/2026\/09\/03\/prefeitura-lanca-saude-digital-sp-para-ampliar-acesso-a-teleconsultas\/#primaryimage","url":"https:\/\/expresso.estadao.com.br\/sao-paulo\/wp-content\/uploads\/2026\/09\/WhatsApp-Image-2026-08-13-at-16.45.11.jpeg","contentUrl":"https:\/\/expresso.estadao.com.br\/sao-paulo\/wp-content\/uploads\/2026\/09\/WhatsApp-Image-2026-08-13-at-16.45.11.jpeg","width":1600,"height":1080,"caption":"Fonte: Divulga\u00e7\u00e3o\/PrefSP"},{"@type":"BreadcrumbList","@id":"https:\/\/expresso.estadao.com.br\/sao-paulo\/2026\/09\/03\/prefeitura-lanca-saude-digital-sp-para-ampliar-acesso-a-teleconsultas\/#breadcrumb","itemListElement":[{"@type":"ListItem","position":1,"name":"In\u00edcio","item":"https:\/\/expresso.estadao.com.br\/sao-paulo\/"},{"@type":"ListItem","position":2,"name":"Prefeitura lan\u00e7a Sa\u00fade Digital SP para ampliar acesso a teleconsultas"}]},{"@type":"WebSite","@id":"https:\/\/expresso.estadao.com.br\/sao-paulo\/#website","url":"https:\/\/expresso.estadao.com.br\/sao-paulo\/","name":"Estad\u00e3o Expresso S\u00e3o Paulo","description":"Conte\u00fado de presta\u00e7\u00e3o de servi\u00e7o para que os moradores da cidade de S\u00e3o Paulo possam se informar melhor e usar de maneira mais eficaz os servi\u00e7os p\u00fablicos municipais.","potentialAction":[{"@type":"SearchAction","target":{"@type":"EntryPoint","urlTemplate":"https:\/\/expresso.estadao.com.br\/sao-paulo\/?s={search_term_string}"},"query-input":{"@type":"PropertyValueSpecification","valueRequired":true,"valueName":"search_term_string"}}],"inLanguage":"pt-BR"},{"@type":"Person","@id":"https:\/\/expresso.estadao.com.br\/sao-paulo\/#\/schema\/person\/f45f9e313ba8cbe5af9424f387ddef42","name":"fabio_bairros","image":{"@type":"ImageObject","inLanguage":"pt-BR","@id":"https:\/\/expresso.estadao.com.br\/sao-paulo\/#\/schema\/person\/image\/","url":"https:\/\/secure.gravatar.com\/avatar\/fbecca90befcfda9505216ce0dc87261326cb6644deb5861e7ab404061c24246?s=96&d=mm&r=g","contentUrl":"https:\/\/secure.gravatar.com\/avatar\/fbecca90befcfda9505216ce0dc87261326cb6644deb5861e7ab404061c24246?s=96&d=mm&r=g","caption":"fabio_bairros"}}]}},"_links":{"self":[{"href":"https:\/\/expresso.estadao.com.br\/sao-paulo\/wp-json\/wp\/v2\/posts\/13840","targetHints":{"allow":["GET"]}}],"collection":[{"href":"https:\/\/expresso.estadao.com.br\/sao-paulo\/wp-json\/wp\/v2\/posts"}],"about":[{"href":"https:\/\/expresso.estadao.com.br\/sao-paulo\/wp-json\/wp\/v2\/types\/post"}],"author":[{"embeddable":true,"href":"https:\/\/expresso.estadao.com.br\/sao-paulo\/wp-json\/wp\/v2\/users\/4"}],"replies":[{"embeddable":true,"href":"https:\/\/expresso.estadao.com.br\/sao-paulo\/wp-json\/wp\/v2\/comments?post=13840"}],"version-history":[{"count":2,"href":"https:\/\/expresso.estadao.com.br\/sao-paulo\/wp-json\/wp\/v2\/posts\/13840\/revisions"}],"predecessor-version":[{"id":13843,"href":"https:\/\/expresso.estadao.com.br\/sao-paulo\/wp-json\/wp\/v2\/posts\/13840\/revisions\/13843"}],"wp:featuredmedia":[{"embeddable":true,"href":"https:\/\/expresso.estadao.com.br\/sao-paulo\/wp-json\/wp\/v2\/media\/13844"}],"wp:attachment":[{"href":"https:\/\/expresso.estadao.com.br\/sao-paulo\/wp-json\/wp\/v2\/media?parent=13840"}],"wp:term":[{"taxonomy":"category","embeddable":true,"href":"https:\/\/expresso.estadao.com.br\/sao-paulo\/wp-json\/wp\/v2\/categories?post=13840"},{"taxonomy":"post_tag","embeddable":true,"href":"https:\/\/expresso.estadao.com.br\/sao-paulo\/wp-json\/wp\/v2\/tags?post=13840"}],"curies":[{"name":"wp","href":"https:\/\/api.w.org\/{rel}","templated":true}]}}