{"id":13858,"date":"2026-09-04T09:03:56","date_gmt":"2026-09-04T12:03:56","guid":{"rendered":"https:\/\/expresso.estadao.com.br\/sao-paulo\/?p=13858"},"modified":"2026-09-04T09:03:56","modified_gmt":"2026-09-04T12:03:56","slug":"obras-em-unidades-educacionais-avancam-na-zona-norte","status":"publish","type":"post","link":"https:\/\/expresso.estadao.com.br\/sao-paulo\/2026\/09\/04\/obras-em-unidades-educacionais-avancam-na-zona-norte\/","title":{"rendered":"Obras em unidades educacionais avan\u00e7am na zona norte"},"content":{"rendered":"<p>Obras em unidades educacionais avan\u00e7am na zona norte de S\u00e3o Paulo. A agenda do programa Prefeitura Presente em Pirituba\/Jaragu\u00e1 incluiu, nesta quinta-feira (3), uma visita \u00e0 constru\u00e7\u00e3o de duas escolas em City Jaragu\u00e1. As unidades ampliar\u00e3o a oferta de vagas na educa\u00e7\u00e3o infantil e no ensino fundamental, com investimento de cerca de R$ 29 milh\u00f5es.<\/p>\n<p>As escolas est\u00e3o sendo constru\u00eddas no mesmo terreno e passar\u00e3o a integrar um novo Centro Educacional Unificado (CEU). O complexo dever\u00e1 contar ainda com creche, piscina e teatro.<\/p>\n<p>Uma das unidades que integrar\u00e3o o novo CEU \u00e9 a Escola Municipal de Educa\u00e7\u00e3o Infantil (EMEI) Mary Fran\u00e7a. Com 1.636,21 m\u00b2 de \u00e1rea constru\u00edda, a escola ter\u00e1 nove salas de aula, todas com banheiro, distribu\u00eddas entre o t\u00e9rreo e dois pavimentos.<\/p>\n<p>A unidade oferecer\u00e1 232 vagas em per\u00edodo integral e contar\u00e1 com brinquedoteca, playground, refeit\u00f3rio e outros ambientes destinados ao atendimento e \u00e0s atividades das crian\u00e7as. Com investimento de R$ 14,4 milh\u00f5es, a obra tem conclus\u00e3o prevista para este ano.<\/p>\n<p>A Escola Municipal de Ensino Fundamental (EMEF) Miguel Franchini Neto ter\u00e1 17 salas de aula e 3.261,01 m\u00b2 de \u00e1rea constru\u00edda. Os espa\u00e7os ser\u00e3o distribu\u00eddos entre o t\u00e9rreo e dois pavimentos, com laborat\u00f3rios, p\u00e1tio, brinquedoteca, banheiros, vesti\u00e1rios e despensa. No terceiro pavimento, ser\u00e1 instalada uma quadra poliesportiva.<\/p>\n<p>Com investimento de R$ 14,6 milh\u00f5es, a obra dever\u00e1 ser conclu\u00edda no primeiro semestre de 2027. A unidade ter\u00e1 capacidade para atender 540 estudantes em per\u00edodo integral.<\/p>\n<p>Com a inaugura\u00e7\u00e3o das duas escolas, a Prefeitura de S\u00e3o Paulo chegar\u00e1 a 55 unidades educacionais entregues desde 2023. O total inclui 28 Centros de Educa\u00e7\u00e3o Infantil (CEIs), quatro Centros Municipais de Educa\u00e7\u00e3o Infantil (CEMEIs), 11 Escolas Municipais de Educa\u00e7\u00e3o Infantil (EMEIs), sete Escolas Municipais de Ensino Fundamental (EMEFs) e cinco Centros Educacionais Unificados (CEUs).<\/p>\n<p><strong>Sustentabilidade e acessibilidade<\/strong><\/p>\n<p>Os projetos incorporam solu\u00e7\u00f5es voltadas \u00e0 sustentabilidade, \u00e0 acessibilidade e ao conforto dos estudantes e profissionais da educa\u00e7\u00e3o. Entre as iniciativas previstas est\u00e3o ilumina\u00e7\u00e3o de LED, m\u00f3dulos fotovoltaicos na cobertura e placas solares para o aquecimento da \u00e1gua utilizada nos sanit\u00e1rios e na cozinha.<\/p>\n<p>As escolas tamb\u00e9m ter\u00e3o sistemas de aproveitamento de \u00e1gua da chuva para abastecer as bacias sanit\u00e1rias e auxiliar na limpeza das \u00e1reas externas. Torneiras e vasos sanit\u00e1rios contar\u00e3o com dispositivos destinados \u00e0 redu\u00e7\u00e3o do consumo de \u00e1gua. As unidades seguem os princ\u00edpios do desenho universal, com recursos destinados a garantir acessibilidade e mobilidade em ambientes como banheiros e vesti\u00e1rios. Os projetos foram aprovados pela Comiss\u00e3o Permanente de Acessibilidade (CPA).<\/p>\n<p>&nbsp;<\/p>\n","protected":false},"excerpt":{"rendered":"<p>Obras em unidades educacionais avan\u00e7am na zona norte de S\u00e3o Paulo. A agenda do programa Prefeitura Presente em Pirituba\/Jaragu\u00e1 incluiu, nesta quinta-feira (3), uma visita \u00e0 constru\u00e7\u00e3o de duas escolas em City Jaragu\u00e1. As unidades ampliar\u00e3o a oferta de vagas na educa\u00e7\u00e3o infantil e no ensino fundamental, com investimento de cerca de R$ 29 milh\u00f5es. [&hellip;]<\/p>\n","protected":false},"author":4,"featured_media":13860,"comment_status":"open","ping_status":"closed","sticky":false,"template":"","format":"standard","meta":{"_acf_changed":false,"_monsterinsights_skip_tracking":false,"_monsterinsights_sitenote_active":false,"_monsterinsights_sitenote_note":"","_monsterinsights_sitenote_category":0,"footnotes":""},"categories":[747],"tags":[52],"class_list":["post-13858","post","type-post","status-publish","format-standard","has-post-thumbnail","hentry","category-educacao","tag-prefeitura-de-sao-paulo"],"acf":[],"yoast_head":"<!-- This site is optimized with the Yoast SEO plugin v24.1 - https:\/\/yoast.com\/wordpress\/plugins\/seo\/ -->\n<title>Obras em escolas municipais - Estad\u00e3o Expresso S\u00e3o Paulo<\/title>\n<meta name=\"description\" content=\"EMEI e EMEF em constru\u00e7\u00e3o v\u00e3o ampliar a oferta de vagas em per\u00edodo integral na regi\u00e3o\" \/>\n<meta name=\"robots\" content=\"index, follow, max-snippet:-1, max-image-preview:large, max-video-preview:-1\" \/>\n<link rel=\"canonical\" href=\"https:\/\/expresso.estadao.com.br\/sao-paulo\/2026\/09\/04\/obras-em-unidades-educacionais-avancam-na-zona-norte\/\" \/>\n<meta property=\"og:locale\" content=\"pt_BR\" \/>\n<meta property=\"og:type\" content=\"article\" \/>\n<meta property=\"og:title\" content=\"Obras em escolas municipais - Estad\u00e3o Expresso S\u00e3o Paulo\" \/>\n<meta property=\"og:description\" content=\"EMEI e EMEF em constru\u00e7\u00e3o v\u00e3o ampliar a oferta de vagas em per\u00edodo integral na regi\u00e3o\" \/>\n<meta property=\"og:url\" content=\"https:\/\/expresso.estadao.com.br\/sao-paulo\/2026\/09\/04\/obras-em-unidades-educacionais-avancam-na-zona-norte\/\" \/>\n<meta property=\"og:site_name\" content=\"Estad\u00e3o Expresso S\u00e3o Paulo\" \/>\n<meta property=\"article:published_time\" content=\"2026-09-04T12:03:56+00:00\" \/>\n<meta property=\"og:image\" content=\"https:\/\/expresso.estadao.com.br\/sao-paulo\/wp-content\/uploads\/2026\/09\/20260903_EMEF-Miguel-Franchini-Neto-e-EMEI-Mary-Franca_4.jpg\" \/>\n\t<meta property=\"og:image:type\" content=\"image\/jpeg\" \/>\n<meta name=\"author\" content=\"fabio_bairros\" \/>\n<meta name=\"twitter:card\" content=\"summary_large_image\" \/>\n<meta name=\"twitter:label1\" content=\"Escrito por\" \/>\n\t<meta name=\"twitter:data1\" content=\"fabio_bairros\" \/>\n\t<meta name=\"twitter:label2\" content=\"Est. tempo de leitura\" \/>\n\t<meta name=\"twitter:data2\" content=\"3 minutos\" \/>\n<script type=\"application\/ld+json\" class=\"yoast-schema-graph\">{\"@context\":\"https:\/\/schema.org\",\"@graph\":[{\"@type\":\"WebPage\",\"@id\":\"https:\/\/expresso.estadao.com.br\/sao-paulo\/2026\/09\/04\/obras-em-unidades-educacionais-avancam-na-zona-norte\/\",\"url\":\"https:\/\/expresso.estadao.com.br\/sao-paulo\/2026\/09\/04\/obras-em-unidades-educacionais-avancam-na-zona-norte\/\",\"name\":\"Obras em escolas municipais - Estad\u00e3o Expresso S\u00e3o Paulo\",\"isPartOf\":{\"@id\":\"https:\/\/expresso.estadao.com.br\/sao-paulo\/#website\"},\"primaryImageOfPage\":{\"@id\":\"https:\/\/expresso.estadao.com.br\/sao-paulo\/2026\/09\/04\/obras-em-unidades-educacionais-avancam-na-zona-norte\/#primaryimage\"},\"image\":{\"@id\":\"https:\/\/expresso.estadao.com.br\/sao-paulo\/2026\/09\/04\/obras-em-unidades-educacionais-avancam-na-zona-norte\/#primaryimage\"},\"thumbnailUrl\":\"https:\/\/expresso.estadao.com.br\/sao-paulo\/wp-content\/uploads\/2026\/09\/20260903_EMEF-Miguel-Franchini-Neto-e-EMEI-Mary-Franca_4.jpg\",\"datePublished\":\"2026-09-04T12:03:56+00:00\",\"dateModified\":\"2026-09-04T12:03:56+00:00\",\"author\":{\"@id\":\"https:\/\/expresso.estadao.com.br\/sao-paulo\/#\/schema\/person\/f45f9e313ba8cbe5af9424f387ddef42\"},\"description\":\"EMEI e EMEF em constru\u00e7\u00e3o v\u00e3o ampliar a oferta de vagas em per\u00edodo integral na regi\u00e3o\",\"breadcrumb\":{\"@id\":\"https:\/\/expresso.estadao.com.br\/sao-paulo\/2026\/09\/04\/obras-em-unidades-educacionais-avancam-na-zona-norte\/#breadcrumb\"},\"inLanguage\":\"pt-BR\",\"potentialAction\":[{\"@type\":\"ReadAction\",\"target\":[\"https:\/\/expresso.estadao.com.br\/sao-paulo\/2026\/09\/04\/obras-em-unidades-educacionais-avancam-na-zona-norte\/\"]}]},{\"@type\":\"ImageObject\",\"inLanguage\":\"pt-BR\",\"@id\":\"https:\/\/expresso.estadao.com.br\/sao-paulo\/2026\/09\/04\/obras-em-unidades-educacionais-avancam-na-zona-norte\/#primaryimage\",\"url\":\"https:\/\/expresso.estadao.com.br\/sao-paulo\/wp-content\/uploads\/2026\/09\/20260903_EMEF-Miguel-Franchini-Neto-e-EMEI-Mary-Franca_4.jpg\",\"contentUrl\":\"https:\/\/expresso.estadao.com.br\/sao-paulo\/wp-content\/uploads\/2026\/09\/20260903_EMEF-Miguel-Franchini-Neto-e-EMEI-Mary-Franca_4.jpg\",\"width\":1600,\"height\":1050,\"caption\":\"Foto: Gildson di Souza\/Divulga\u00e7\u00e3o\/PrefSP\"},{\"@type\":\"BreadcrumbList\",\"@id\":\"https:\/\/expresso.estadao.com.br\/sao-paulo\/2026\/09\/04\/obras-em-unidades-educacionais-avancam-na-zona-norte\/#breadcrumb\",\"itemListElement\":[{\"@type\":\"ListItem\",\"position\":1,\"name\":\"In\u00edcio\",\"item\":\"https:\/\/expresso.estadao.com.br\/sao-paulo\/\"},{\"@type\":\"ListItem\",\"position\":2,\"name\":\"Obras em unidades educacionais avan\u00e7am na zona norte\"}]},{\"@type\":\"WebSite\",\"@id\":\"https:\/\/expresso.estadao.com.br\/sao-paulo\/#website\",\"url\":\"https:\/\/expresso.estadao.com.br\/sao-paulo\/\",\"name\":\"Estad\u00e3o Expresso S\u00e3o Paulo\",\"description\":\"Conte\u00fado de presta\u00e7\u00e3o de servi\u00e7o para que os moradores da cidade de S\u00e3o Paulo possam se informar melhor e usar de maneira mais eficaz os servi\u00e7os p\u00fablicos municipais.\",\"potentialAction\":[{\"@type\":\"SearchAction\",\"target\":{\"@type\":\"EntryPoint\",\"urlTemplate\":\"https:\/\/expresso.estadao.com.br\/sao-paulo\/?s={search_term_string}\"},\"query-input\":{\"@type\":\"PropertyValueSpecification\",\"valueRequired\":true,\"valueName\":\"search_term_string\"}}],\"inLanguage\":\"pt-BR\"},{\"@type\":\"Person\",\"@id\":\"https:\/\/expresso.estadao.com.br\/sao-paulo\/#\/schema\/person\/f45f9e313ba8cbe5af9424f387ddef42\",\"name\":\"fabio_bairros\",\"image\":{\"@type\":\"ImageObject\",\"inLanguage\":\"pt-BR\",\"@id\":\"https:\/\/expresso.estadao.com.br\/sao-paulo\/#\/schema\/person\/image\/\",\"url\":\"https:\/\/secure.gravatar.com\/avatar\/fbecca90befcfda9505216ce0dc87261326cb6644deb5861e7ab404061c24246?s=96&d=mm&r=g\",\"contentUrl\":\"https:\/\/secure.gravatar.com\/avatar\/fbecca90befcfda9505216ce0dc87261326cb6644deb5861e7ab404061c24246?s=96&d=mm&r=g\",\"caption\":\"fabio_bairros\"}}]}<\/script>\n<!-- \/ Yoast SEO plugin. -->","yoast_head_json":{"title":"Obras em escolas municipais - Estad\u00e3o Expresso S\u00e3o Paulo","description":"EMEI e EMEF em constru\u00e7\u00e3o v\u00e3o ampliar a oferta de vagas em per\u00edodo integral na regi\u00e3o","robots":{"index":"index","follow":"follow","max-snippet":"max-snippet:-1","max-image-preview":"max-image-preview:large","max-video-preview":"max-video-preview:-1"},"canonical":"https:\/\/expresso.estadao.com.br\/sao-paulo\/2026\/09\/04\/obras-em-unidades-educacionais-avancam-na-zona-norte\/","og_locale":"pt_BR","og_type":"article","og_title":"Obras em escolas municipais - Estad\u00e3o Expresso S\u00e3o Paulo","og_description":"EMEI e EMEF em constru\u00e7\u00e3o v\u00e3o ampliar a oferta de vagas em per\u00edodo integral na regi\u00e3o","og_url":"https:\/\/expresso.estadao.com.br\/sao-paulo\/2026\/09\/04\/obras-em-unidades-educacionais-avancam-na-zona-norte\/","og_site_name":"Estad\u00e3o Expresso S\u00e3o Paulo","article_published_time":"2026-09-04T12:03:56+00:00","og_image":[{"width":"","height":"","url":"https:\/\/expresso.estadao.com.br\/sao-paulo\/wp-content\/uploads\/2026\/09\/20260903_EMEF-Miguel-Franchini-Neto-e-EMEI-Mary-Franca_4.jpg","type":"image\/jpeg"}],"author":"fabio_bairros","twitter_card":"summary_large_image","twitter_misc":{"Escrito por":"fabio_bairros","Est. tempo de leitura":"3 minutos"},"schema":{"@context":"https:\/\/schema.org","@graph":[{"@type":"WebPage","@id":"https:\/\/expresso.estadao.com.br\/sao-paulo\/2026\/09\/04\/obras-em-unidades-educacionais-avancam-na-zona-norte\/","url":"https:\/\/expresso.estadao.com.br\/sao-paulo\/2026\/09\/04\/obras-em-unidades-educacionais-avancam-na-zona-norte\/","name":"Obras em escolas municipais - Estad\u00e3o Expresso S\u00e3o Paulo","isPartOf":{"@id":"https:\/\/expresso.estadao.com.br\/sao-paulo\/#website"},"primaryImageOfPage":{"@id":"https:\/\/expresso.estadao.com.br\/sao-paulo\/2026\/09\/04\/obras-em-unidades-educacionais-avancam-na-zona-norte\/#primaryimage"},"image":{"@id":"https:\/\/expresso.estadao.com.br\/sao-paulo\/2026\/09\/04\/obras-em-unidades-educacionais-avancam-na-zona-norte\/#primaryimage"},"thumbnailUrl":"https:\/\/expresso.estadao.com.br\/sao-paulo\/wp-content\/uploads\/2026\/09\/20260903_EMEF-Miguel-Franchini-Neto-e-EMEI-Mary-Franca_4.jpg","datePublished":"2026-09-04T12:03:56+00:00","dateModified":"2026-09-04T12:03:56+00:00","author":{"@id":"https:\/\/expresso.estadao.com.br\/sao-paulo\/#\/schema\/person\/f45f9e313ba8cbe5af9424f387ddef42"},"description":"EMEI e EMEF em constru\u00e7\u00e3o v\u00e3o ampliar a oferta de vagas em per\u00edodo integral na regi\u00e3o","breadcrumb":{"@id":"https:\/\/expresso.estadao.com.br\/sao-paulo\/2026\/09\/04\/obras-em-unidades-educacionais-avancam-na-zona-norte\/#breadcrumb"},"inLanguage":"pt-BR","potentialAction":[{"@type":"ReadAction","target":["https:\/\/expresso.estadao.com.br\/sao-paulo\/2026\/09\/04\/obras-em-unidades-educacionais-avancam-na-zona-norte\/"]}]},{"@type":"ImageObject","inLanguage":"pt-BR","@id":"https:\/\/expresso.estadao.com.br\/sao-paulo\/2026\/09\/04\/obras-em-unidades-educacionais-avancam-na-zona-norte\/#primaryimage","url":"https:\/\/expresso.estadao.com.br\/sao-paulo\/wp-content\/uploads\/2026\/09\/20260903_EMEF-Miguel-Franchini-Neto-e-EMEI-Mary-Franca_4.jpg","contentUrl":"https:\/\/expresso.estadao.com.br\/sao-paulo\/wp-content\/uploads\/2026\/09\/20260903_EMEF-Miguel-Franchini-Neto-e-EMEI-Mary-Franca_4.jpg","width":1600,"height":1050,"caption":"Foto: Gildson di Souza\/Divulga\u00e7\u00e3o\/PrefSP"},{"@type":"BreadcrumbList","@id":"https:\/\/expresso.estadao.com.br\/sao-paulo\/2026\/09\/04\/obras-em-unidades-educacionais-avancam-na-zona-norte\/#breadcrumb","itemListElement":[{"@type":"ListItem","position":1,"name":"In\u00edcio","item":"https:\/\/expresso.estadao.com.br\/sao-paulo\/"},{"@type":"ListItem","position":2,"name":"Obras em unidades educacionais avan\u00e7am na zona norte"}]},{"@type":"WebSite","@id":"https:\/\/expresso.estadao.com.br\/sao-paulo\/#website","url":"https:\/\/expresso.estadao.com.br\/sao-paulo\/","name":"Estad\u00e3o Expresso S\u00e3o Paulo","description":"Conte\u00fado de presta\u00e7\u00e3o de servi\u00e7o para que os moradores da cidade de S\u00e3o Paulo possam se informar melhor e usar de maneira mais eficaz os servi\u00e7os p\u00fablicos municipais.","potentialAction":[{"@type":"SearchAction","target":{"@type":"EntryPoint","urlTemplate":"https:\/\/expresso.estadao.com.br\/sao-paulo\/?s={search_term_string}"},"query-input":{"@type":"PropertyValueSpecification","valueRequired":true,"valueName":"search_term_string"}}],"inLanguage":"pt-BR"},{"@type":"Person","@id":"https:\/\/expresso.estadao.com.br\/sao-paulo\/#\/schema\/person\/f45f9e313ba8cbe5af9424f387ddef42","name":"fabio_bairros","image":{"@type":"ImageObject","inLanguage":"pt-BR","@id":"https:\/\/expresso.estadao.com.br\/sao-paulo\/#\/schema\/person\/image\/","url":"https:\/\/secure.gravatar.com\/avatar\/fbecca90befcfda9505216ce0dc87261326cb6644deb5861e7ab404061c24246?s=96&d=mm&r=g","contentUrl":"https:\/\/secure.gravatar.com\/avatar\/fbecca90befcfda9505216ce0dc87261326cb6644deb5861e7ab404061c24246?s=96&d=mm&r=g","caption":"fabio_bairros"}}]}},"_links":{"self":[{"href":"https:\/\/expresso.estadao.com.br\/sao-paulo\/wp-json\/wp\/v2\/posts\/13858","targetHints":{"allow":["GET"]}}],"collection":[{"href":"https:\/\/expresso.estadao.com.br\/sao-paulo\/wp-json\/wp\/v2\/posts"}],"about":[{"href":"https:\/\/expresso.estadao.com.br\/sao-paulo\/wp-json\/wp\/v2\/types\/post"}],"author":[{"embeddable":true,"href":"https:\/\/expresso.estadao.com.br\/sao-paulo\/wp-json\/wp\/v2\/users\/4"}],"replies":[{"embeddable":true,"href":"https:\/\/expresso.estadao.com.br\/sao-paulo\/wp-json\/wp\/v2\/comments?post=13858"}],"version-history":[{"count":2,"href":"https:\/\/expresso.estadao.com.br\/sao-paulo\/wp-json\/wp\/v2\/posts\/13858\/revisions"}],"predecessor-version":[{"id":13861,"href":"https:\/\/expresso.estadao.com.br\/sao-paulo\/wp-json\/wp\/v2\/posts\/13858\/revisions\/13861"}],"wp:featuredmedia":[{"embeddable":true,"href":"https:\/\/expresso.estadao.com.br\/sao-paulo\/wp-json\/wp\/v2\/media\/13860"}],"wp:attachment":[{"href":"https:\/\/expresso.estadao.com.br\/sao-paulo\/wp-json\/wp\/v2\/media?parent=13858"}],"wp:term":[{"taxonomy":"category","embeddable":true,"href":"https:\/\/expresso.estadao.com.br\/sao-paulo\/wp-json\/wp\/v2\/categories?post=13858"},{"taxonomy":"post_tag","embeddable":true,"href":"https:\/\/expresso.estadao.com.br\/sao-paulo\/wp-json\/wp\/v2\/tags?post=13858"}],"curies":[{"name":"wp","href":"https:\/\/api.w.org\/{rel}","templated":true}]}}