{"id":13863,"date":"2026-09-05T09:28:01","date_gmt":"2026-09-05T12:28:01","guid":{"rendered":"https:\/\/expresso.estadao.com.br\/sao-paulo\/?p=13863"},"modified":"2026-09-05T09:28:01","modified_gmt":"2026-09-05T12:28:01","slug":"piscina-semiolimpica-coberta-e-aquecida-e-entregue-no-centro-esportivo-pirituba","status":"publish","type":"post","link":"https:\/\/expresso.estadao.com.br\/sao-paulo\/2026\/09\/05\/piscina-semiolimpica-coberta-e-aquecida-e-entregue-no-centro-esportivo-pirituba\/","title":{"rendered":"Piscina semiol\u00edmpica coberta e aquecida \u00e9 entregue no Centro Esportivo Pirituba"},"content":{"rendered":"<p>A Prefeitura de S\u00e3o Paulo entregou nesta quinta-feira (3) a nova estrutura da piscina semiol\u00edmpica do Centro Esportivo Pirituba \u2013 Geraldo Jos\u00e9 de Almeida, na zona norte da capital. O espa\u00e7o recebeu cobertura e sistema de aquecimento e ser\u00e1 destinado exclusivamente \u00e0s aulas aqu\u00e1ticas.<\/p>\n<p>A interven\u00e7\u00e3o faz parte de um conjunto de obras de moderniza\u00e7\u00e3o do centro esportivo, que recebe investimento de mais de R$ 21 milh\u00f5es. O equipamento integra a Rede Ol\u00edmpica, programa voltado ao desenvolvimento esportivo e \u00e0 forma\u00e7\u00e3o de atletas na cidade. No local, s\u00e3o oferecidas seis modalidades: boxe, luta ol\u00edmpica, futebol feminino, handebol, basquete e nata\u00e7\u00e3o.<\/p>\n<p><strong>Moderniza\u00e7\u00e3o do espa\u00e7o<\/strong><\/p>\n<p>A revitaliza\u00e7\u00e3o tamb\u00e9m contempla a piscina em formato de feij\u00e3o, a reforma e a amplia\u00e7\u00e3o das salas e dos espa\u00e7os multiuso, al\u00e9m de reparos no gin\u00e1sio e nas duas canchas de bocha. As interven\u00e7\u00f5es incluem melhorias de acessibilidade e reformas nos vesti\u00e1rios, banheiros, \u00e1reas administrativas, instala\u00e7\u00f5es el\u00e9tricas e hidr\u00e1ulicas, casa de m\u00e1quinas, bombas, pr\u00e9dio administrativo e muro. O centro esportivo tamb\u00e9m ter\u00e1 oito novas salas destinadas a diferentes atividades. As melhorias ampliam as condi\u00e7\u00f5es de atendimento para p\u00fablicos de diferentes faixas et\u00e1rias, incluindo crian\u00e7as e idosos.<\/p>\n<p><img loading=\"lazy\" decoding=\"async\" class=\"alignnone size-large wp-image-13866\" src=\"https:\/\/expresso.estadao.com.br\/sao-paulo\/wp-content\/uploads\/2026\/09\/20260903_visita_obras_revitalizacao_CEE_Pirituba_RP-28-1110x833.jpg\" alt=\"\" width=\"1110\" height=\"833\" srcset=\"https:\/\/expresso.estadao.com.br\/sao-paulo\/wp-content\/uploads\/2026\/09\/20260903_visita_obras_revitalizacao_CEE_Pirituba_RP-28-1110x833.jpg 1110w, https:\/\/expresso.estadao.com.br\/sao-paulo\/wp-content\/uploads\/2026\/09\/20260903_visita_obras_revitalizacao_CEE_Pirituba_RP-28-400x300.jpg 400w, https:\/\/expresso.estadao.com.br\/sao-paulo\/wp-content\/uploads\/2026\/09\/20260903_visita_obras_revitalizacao_CEE_Pirituba_RP-28-768x576.jpg 768w, https:\/\/expresso.estadao.com.br\/sao-paulo\/wp-content\/uploads\/2026\/09\/20260903_visita_obras_revitalizacao_CEE_Pirituba_RP-28-1536x1152.jpg 1536w, https:\/\/expresso.estadao.com.br\/sao-paulo\/wp-content\/uploads\/2026\/09\/20260903_visita_obras_revitalizacao_CEE_Pirituba_RP-28-2048x1536.jpg 2048w\" sizes=\"auto, (max-width: 1110px) 100vw, 1110px\" \/><\/p>\n<p><strong>Atividades para a popula\u00e7\u00e3o<\/strong><\/p>\n<p>A nova estrutura ser\u00e1 utilizada, entre outras atividades, para aulas de nata\u00e7\u00e3o e hidrogin\u00e1stica. Frequentadores do centro esportivo destacaram a import\u00e2ncia dos exerc\u00edcios para a sa\u00fade f\u00edsica e mental e a expectativa de voltar a utilizar a piscina ap\u00f3s a moderniza\u00e7\u00e3o.<\/p>\n<p>A aposentada S\u00f4nia Regina Alves, de 66 anos, iniciar\u00e1 as aulas de hidrogin\u00e1stica ao lado da irm\u00e3. Moradora da Brasil\u00e2ndia, Marlene Silva, de 57 anos, tamb\u00e9m pretende participar das atividades aqu\u00e1ticas. Benedito Garcia Bernal, de 70 anos, frequenta o equipamento h\u00e1 cinco anos e participa de aulas de hidrogin\u00e1stica, caminhada e gin\u00e1stica de sal\u00e3o.<\/p>\n<p><strong>Mais de 50 anos de hist\u00f3ria<\/strong><\/p>\n<p>Localizado na Avenida Agenor Couto de Magalh\u00e3es, 32, o Centro Esportivo Pirituba possui aproximadamente 71 mil m\u00b2 e leva o nome de Geraldo Jos\u00e9 de Almeida, narrador e radialista brasileiro. Fundado em 21 de abril de 1976, o espa\u00e7o conta com campo de futebol, gin\u00e1sio multiuso, duas canchas de bocha e tr\u00eas piscinas, entre elas uma infantil.<\/p>\n<p>O equipamento tem mais de 100 mil associados e recebe cerca de 35 mil pessoas por m\u00eas, entre participantes das atividades e visitantes. A revitaliza\u00e7\u00e3o amplia a seguran\u00e7a, a acessibilidade e as condi\u00e7\u00f5es de atendimento \u00e0 popula\u00e7\u00e3o.<\/p>\n<p><strong>Como obter a carteirinha<\/strong><\/p>\n<p>Para frequentar o Centro Esportivo Pirituba e as outras 45 unidades da rede municipal, \u00e9 necess\u00e1rio possuir a carteirinha dos Centros Esportivos. O documento pode ser solicitado presencialmente, na administra\u00e7\u00e3o do equipamento escolhido, ou pela internet, no Portal SP156.<\/p>\n<p>No atendimento presencial, \u00e9 necess\u00e1rio apresentar c\u00f3pias do RG, CPF e comprovante de resid\u00eancia, al\u00e9m de uma foto 3&#215;4. Para fazer a solicita\u00e7\u00e3o pela internet, basta acessar o Portal SP156, buscar pelo servi\u00e7o \u201cCarteirinha de Centros Esportivos\u201d e seguir as orienta\u00e7\u00f5es para o cadastro.<\/p>\n<p><strong>Servi\u00e7o<\/strong><\/p>\n<p>Centro Esportivo Pirituba \u2013 CEE Geraldo Jos\u00e9 de Almeida<br \/>\nEndere\u00e7o: Avenida Agenor Couto de Magalh\u00e3es, 32 \u2013 Pirituba<br \/>\nHor\u00e1rio de atendimento: de segunda a sexta-feira, das 7h \u00e0s 22h<br \/>\nFinais de semana e feriados: das 8h \u00e0s 18h<br \/>\nPiscinas: de ter\u00e7a-feira a domingo, das 8h \u00e0s 12h e das 13h \u00e0s 17h<br \/>\n<strong>Observa\u00e7\u00e3o: as piscinas permanecem fechadas quando a temperatura registrada \u00e9 inferior a 21 \u00b0C<\/strong><br \/>\nTelefone: (11) 3902-6001<\/p>\n","protected":false},"excerpt":{"rendered":"<p>A Prefeitura de S\u00e3o Paulo entregou nesta quinta-feira (3) a nova estrutura da piscina semiol\u00edmpica do Centro Esportivo Pirituba \u2013 Geraldo Jos\u00e9 de Almeida, na zona norte da capital. O espa\u00e7o recebeu cobertura e sistema de aquecimento e ser\u00e1 destinado exclusivamente \u00e0s aulas aqu\u00e1ticas. A interven\u00e7\u00e3o faz parte de um conjunto de obras de moderniza\u00e7\u00e3o [&hellip;]<\/p>\n","protected":false},"author":4,"featured_media":13865,"comment_status":"open","ping_status":"closed","sticky":false,"template":"","format":"standard","meta":{"_acf_changed":false,"_monsterinsights_skip_tracking":false,"_monsterinsights_sitenote_active":false,"_monsterinsights_sitenote_note":"","_monsterinsights_sitenote_category":0,"footnotes":""},"categories":[748],"tags":[1458,52],"class_list":["post-13863","post","type-post","status-publish","format-standard","has-post-thumbnail","hentry","category-esportes-e-lazer","tag-centro-esportivo-pirituba","tag-prefeitura-de-sao-paulo"],"acf":[],"yoast_head":"<!-- This site is optimized with the Yoast SEO plugin v24.1 - https:\/\/yoast.com\/wordpress\/plugins\/seo\/ -->\n<title>Centro Esportivo Pirituba - Estad\u00e3o Expresso S\u00e3o Paulo<\/title>\n<meta name=\"description\" content=\"Moderniza\u00e7\u00e3o integra investimento de mais de R$ 21 milh\u00f5es e inclui melhorias de acessibilidade e reformas no equipamento\" \/>\n<meta name=\"robots\" content=\"index, follow, max-snippet:-1, max-image-preview:large, max-video-preview:-1\" \/>\n<link rel=\"canonical\" href=\"https:\/\/expresso.estadao.com.br\/sao-paulo\/2026\/09\/05\/piscina-semiolimpica-coberta-e-aquecida-e-entregue-no-centro-esportivo-pirituba\/\" \/>\n<meta property=\"og:locale\" content=\"pt_BR\" \/>\n<meta property=\"og:type\" content=\"article\" \/>\n<meta property=\"og:title\" content=\"Centro Esportivo Pirituba - Estad\u00e3o Expresso S\u00e3o Paulo\" \/>\n<meta property=\"og:description\" content=\"Moderniza\u00e7\u00e3o integra investimento de mais de R$ 21 milh\u00f5es e inclui melhorias de acessibilidade e reformas no equipamento\" \/>\n<meta property=\"og:url\" content=\"https:\/\/expresso.estadao.com.br\/sao-paulo\/2026\/09\/05\/piscina-semiolimpica-coberta-e-aquecida-e-entregue-no-centro-esportivo-pirituba\/\" \/>\n<meta property=\"og:site_name\" content=\"Estad\u00e3o Expresso S\u00e3o Paulo\" \/>\n<meta property=\"article:published_time\" content=\"2026-09-05T12:28:01+00:00\" \/>\n<meta property=\"og:image\" content=\"https:\/\/expresso.estadao.com.br\/sao-paulo\/wp-content\/uploads\/2026\/09\/20260903_visita_obras_revitalizacao_CEE_Pirituba_RP-47-scaled.jpg\" \/>\n\t<meta property=\"og:image:type\" content=\"image\/jpeg\" \/>\n<meta name=\"author\" content=\"fabio_bairros\" \/>\n<meta name=\"twitter:card\" content=\"summary_large_image\" \/>\n<meta name=\"twitter:label1\" content=\"Escrito por\" \/>\n\t<meta name=\"twitter:data1\" content=\"fabio_bairros\" \/>\n\t<meta name=\"twitter:label2\" content=\"Est. tempo de leitura\" \/>\n\t<meta name=\"twitter:data2\" content=\"4 minutos\" \/>\n<script type=\"application\/ld+json\" class=\"yoast-schema-graph\">{\"@context\":\"https:\/\/schema.org\",\"@graph\":[{\"@type\":\"WebPage\",\"@id\":\"https:\/\/expresso.estadao.com.br\/sao-paulo\/2026\/09\/05\/piscina-semiolimpica-coberta-e-aquecida-e-entregue-no-centro-esportivo-pirituba\/\",\"url\":\"https:\/\/expresso.estadao.com.br\/sao-paulo\/2026\/09\/05\/piscina-semiolimpica-coberta-e-aquecida-e-entregue-no-centro-esportivo-pirituba\/\",\"name\":\"Centro Esportivo Pirituba - Estad\u00e3o Expresso S\u00e3o Paulo\",\"isPartOf\":{\"@id\":\"https:\/\/expresso.estadao.com.br\/sao-paulo\/#website\"},\"primaryImageOfPage\":{\"@id\":\"https:\/\/expresso.estadao.com.br\/sao-paulo\/2026\/09\/05\/piscina-semiolimpica-coberta-e-aquecida-e-entregue-no-centro-esportivo-pirituba\/#primaryimage\"},\"image\":{\"@id\":\"https:\/\/expresso.estadao.com.br\/sao-paulo\/2026\/09\/05\/piscina-semiolimpica-coberta-e-aquecida-e-entregue-no-centro-esportivo-pirituba\/#primaryimage\"},\"thumbnailUrl\":\"https:\/\/expresso.estadao.com.br\/sao-paulo\/wp-content\/uploads\/2026\/09\/20260903_visita_obras_revitalizacao_CEE_Pirituba_RP-47-scaled.jpg\",\"datePublished\":\"2026-09-05T12:28:01+00:00\",\"dateModified\":\"2026-09-05T12:28:01+00:00\",\"author\":{\"@id\":\"https:\/\/expresso.estadao.com.br\/sao-paulo\/#\/schema\/person\/f45f9e313ba8cbe5af9424f387ddef42\"},\"description\":\"Moderniza\u00e7\u00e3o integra investimento de mais de R$ 21 milh\u00f5es e inclui melhorias de acessibilidade e reformas no equipamento\",\"breadcrumb\":{\"@id\":\"https:\/\/expresso.estadao.com.br\/sao-paulo\/2026\/09\/05\/piscina-semiolimpica-coberta-e-aquecida-e-entregue-no-centro-esportivo-pirituba\/#breadcrumb\"},\"inLanguage\":\"pt-BR\",\"potentialAction\":[{\"@type\":\"ReadAction\",\"target\":[\"https:\/\/expresso.estadao.com.br\/sao-paulo\/2026\/09\/05\/piscina-semiolimpica-coberta-e-aquecida-e-entregue-no-centro-esportivo-pirituba\/\"]}]},{\"@type\":\"ImageObject\",\"inLanguage\":\"pt-BR\",\"@id\":\"https:\/\/expresso.estadao.com.br\/sao-paulo\/2026\/09\/05\/piscina-semiolimpica-coberta-e-aquecida-e-entregue-no-centro-esportivo-pirituba\/#primaryimage\",\"url\":\"https:\/\/expresso.estadao.com.br\/sao-paulo\/wp-content\/uploads\/2026\/09\/20260903_visita_obras_revitalizacao_CEE_Pirituba_RP-47-scaled.jpg\",\"contentUrl\":\"https:\/\/expresso.estadao.com.br\/sao-paulo\/wp-content\/uploads\/2026\/09\/20260903_visita_obras_revitalizacao_CEE_Pirituba_RP-47-scaled.jpg\",\"width\":2560,\"height\":1440,\"caption\":\"Fotos: Renato Pinheiro\/Divulga\u00e7\u00e3o\/PrefSP\"},{\"@type\":\"BreadcrumbList\",\"@id\":\"https:\/\/expresso.estadao.com.br\/sao-paulo\/2026\/09\/05\/piscina-semiolimpica-coberta-e-aquecida-e-entregue-no-centro-esportivo-pirituba\/#breadcrumb\",\"itemListElement\":[{\"@type\":\"ListItem\",\"position\":1,\"name\":\"In\u00edcio\",\"item\":\"https:\/\/expresso.estadao.com.br\/sao-paulo\/\"},{\"@type\":\"ListItem\",\"position\":2,\"name\":\"Piscina semiol\u00edmpica coberta e aquecida \u00e9 entregue no Centro Esportivo Pirituba\"}]},{\"@type\":\"WebSite\",\"@id\":\"https:\/\/expresso.estadao.com.br\/sao-paulo\/#website\",\"url\":\"https:\/\/expresso.estadao.com.br\/sao-paulo\/\",\"name\":\"Estad\u00e3o Expresso S\u00e3o Paulo\",\"description\":\"Conte\u00fado de presta\u00e7\u00e3o de servi\u00e7o para que os moradores da cidade de S\u00e3o Paulo possam se informar melhor e usar de maneira mais eficaz os servi\u00e7os p\u00fablicos municipais.\",\"potentialAction\":[{\"@type\":\"SearchAction\",\"target\":{\"@type\":\"EntryPoint\",\"urlTemplate\":\"https:\/\/expresso.estadao.com.br\/sao-paulo\/?s={search_term_string}\"},\"query-input\":{\"@type\":\"PropertyValueSpecification\",\"valueRequired\":true,\"valueName\":\"search_term_string\"}}],\"inLanguage\":\"pt-BR\"},{\"@type\":\"Person\",\"@id\":\"https:\/\/expresso.estadao.com.br\/sao-paulo\/#\/schema\/person\/f45f9e313ba8cbe5af9424f387ddef42\",\"name\":\"fabio_bairros\",\"image\":{\"@type\":\"ImageObject\",\"inLanguage\":\"pt-BR\",\"@id\":\"https:\/\/expresso.estadao.com.br\/sao-paulo\/#\/schema\/person\/image\/\",\"url\":\"https:\/\/secure.gravatar.com\/avatar\/fbecca90befcfda9505216ce0dc87261326cb6644deb5861e7ab404061c24246?s=96&d=mm&r=g\",\"contentUrl\":\"https:\/\/secure.gravatar.com\/avatar\/fbecca90befcfda9505216ce0dc87261326cb6644deb5861e7ab404061c24246?s=96&d=mm&r=g\",\"caption\":\"fabio_bairros\"}}]}<\/script>\n<!-- \/ Yoast SEO plugin. -->","yoast_head_json":{"title":"Centro Esportivo Pirituba - Estad\u00e3o Expresso S\u00e3o Paulo","description":"Moderniza\u00e7\u00e3o integra investimento de mais de R$ 21 milh\u00f5es e inclui melhorias de acessibilidade e reformas no equipamento","robots":{"index":"index","follow":"follow","max-snippet":"max-snippet:-1","max-image-preview":"max-image-preview:large","max-video-preview":"max-video-preview:-1"},"canonical":"https:\/\/expresso.estadao.com.br\/sao-paulo\/2026\/09\/05\/piscina-semiolimpica-coberta-e-aquecida-e-entregue-no-centro-esportivo-pirituba\/","og_locale":"pt_BR","og_type":"article","og_title":"Centro Esportivo Pirituba - Estad\u00e3o Expresso S\u00e3o Paulo","og_description":"Moderniza\u00e7\u00e3o integra investimento de mais de R$ 21 milh\u00f5es e inclui melhorias de acessibilidade e reformas no equipamento","og_url":"https:\/\/expresso.estadao.com.br\/sao-paulo\/2026\/09\/05\/piscina-semiolimpica-coberta-e-aquecida-e-entregue-no-centro-esportivo-pirituba\/","og_site_name":"Estad\u00e3o Expresso S\u00e3o Paulo","article_published_time":"2026-09-05T12:28:01+00:00","og_image":[{"width":"","height":"","url":"https:\/\/expresso.estadao.com.br\/sao-paulo\/wp-content\/uploads\/2026\/09\/20260903_visita_obras_revitalizacao_CEE_Pirituba_RP-47-scaled.jpg","type":"image\/jpeg"}],"author":"fabio_bairros","twitter_card":"summary_large_image","twitter_misc":{"Escrito por":"fabio_bairros","Est. tempo de leitura":"4 minutos"},"schema":{"@context":"https:\/\/schema.org","@graph":[{"@type":"WebPage","@id":"https:\/\/expresso.estadao.com.br\/sao-paulo\/2026\/09\/05\/piscina-semiolimpica-coberta-e-aquecida-e-entregue-no-centro-esportivo-pirituba\/","url":"https:\/\/expresso.estadao.com.br\/sao-paulo\/2026\/09\/05\/piscina-semiolimpica-coberta-e-aquecida-e-entregue-no-centro-esportivo-pirituba\/","name":"Centro Esportivo Pirituba - Estad\u00e3o Expresso S\u00e3o Paulo","isPartOf":{"@id":"https:\/\/expresso.estadao.com.br\/sao-paulo\/#website"},"primaryImageOfPage":{"@id":"https:\/\/expresso.estadao.com.br\/sao-paulo\/2026\/09\/05\/piscina-semiolimpica-coberta-e-aquecida-e-entregue-no-centro-esportivo-pirituba\/#primaryimage"},"image":{"@id":"https:\/\/expresso.estadao.com.br\/sao-paulo\/2026\/09\/05\/piscina-semiolimpica-coberta-e-aquecida-e-entregue-no-centro-esportivo-pirituba\/#primaryimage"},"thumbnailUrl":"https:\/\/expresso.estadao.com.br\/sao-paulo\/wp-content\/uploads\/2026\/09\/20260903_visita_obras_revitalizacao_CEE_Pirituba_RP-47-scaled.jpg","datePublished":"2026-09-05T12:28:01+00:00","dateModified":"2026-09-05T12:28:01+00:00","author":{"@id":"https:\/\/expresso.estadao.com.br\/sao-paulo\/#\/schema\/person\/f45f9e313ba8cbe5af9424f387ddef42"},"description":"Moderniza\u00e7\u00e3o integra investimento de mais de R$ 21 milh\u00f5es e inclui melhorias de acessibilidade e reformas no equipamento","breadcrumb":{"@id":"https:\/\/expresso.estadao.com.br\/sao-paulo\/2026\/09\/05\/piscina-semiolimpica-coberta-e-aquecida-e-entregue-no-centro-esportivo-pirituba\/#breadcrumb"},"inLanguage":"pt-BR","potentialAction":[{"@type":"ReadAction","target":["https:\/\/expresso.estadao.com.br\/sao-paulo\/2026\/09\/05\/piscina-semiolimpica-coberta-e-aquecida-e-entregue-no-centro-esportivo-pirituba\/"]}]},{"@type":"ImageObject","inLanguage":"pt-BR","@id":"https:\/\/expresso.estadao.com.br\/sao-paulo\/2026\/09\/05\/piscina-semiolimpica-coberta-e-aquecida-e-entregue-no-centro-esportivo-pirituba\/#primaryimage","url":"https:\/\/expresso.estadao.com.br\/sao-paulo\/wp-content\/uploads\/2026\/09\/20260903_visita_obras_revitalizacao_CEE_Pirituba_RP-47-scaled.jpg","contentUrl":"https:\/\/expresso.estadao.com.br\/sao-paulo\/wp-content\/uploads\/2026\/09\/20260903_visita_obras_revitalizacao_CEE_Pirituba_RP-47-scaled.jpg","width":2560,"height":1440,"caption":"Fotos: Renato Pinheiro\/Divulga\u00e7\u00e3o\/PrefSP"},{"@type":"BreadcrumbList","@id":"https:\/\/expresso.estadao.com.br\/sao-paulo\/2026\/09\/05\/piscina-semiolimpica-coberta-e-aquecida-e-entregue-no-centro-esportivo-pirituba\/#breadcrumb","itemListElement":[{"@type":"ListItem","position":1,"name":"In\u00edcio","item":"https:\/\/expresso.estadao.com.br\/sao-paulo\/"},{"@type":"ListItem","position":2,"name":"Piscina semiol\u00edmpica coberta e aquecida \u00e9 entregue no Centro Esportivo Pirituba"}]},{"@type":"WebSite","@id":"https:\/\/expresso.estadao.com.br\/sao-paulo\/#website","url":"https:\/\/expresso.estadao.com.br\/sao-paulo\/","name":"Estad\u00e3o Expresso S\u00e3o Paulo","description":"Conte\u00fado de presta\u00e7\u00e3o de servi\u00e7o para que os moradores da cidade de S\u00e3o Paulo possam se informar melhor e usar de maneira mais eficaz os servi\u00e7os p\u00fablicos municipais.","potentialAction":[{"@type":"SearchAction","target":{"@type":"EntryPoint","urlTemplate":"https:\/\/expresso.estadao.com.br\/sao-paulo\/?s={search_term_string}"},"query-input":{"@type":"PropertyValueSpecification","valueRequired":true,"valueName":"search_term_string"}}],"inLanguage":"pt-BR"},{"@type":"Person","@id":"https:\/\/expresso.estadao.com.br\/sao-paulo\/#\/schema\/person\/f45f9e313ba8cbe5af9424f387ddef42","name":"fabio_bairros","image":{"@type":"ImageObject","inLanguage":"pt-BR","@id":"https:\/\/expresso.estadao.com.br\/sao-paulo\/#\/schema\/person\/image\/","url":"https:\/\/secure.gravatar.com\/avatar\/fbecca90befcfda9505216ce0dc87261326cb6644deb5861e7ab404061c24246?s=96&d=mm&r=g","contentUrl":"https:\/\/secure.gravatar.com\/avatar\/fbecca90befcfda9505216ce0dc87261326cb6644deb5861e7ab404061c24246?s=96&d=mm&r=g","caption":"fabio_bairros"}}]}},"_links":{"self":[{"href":"https:\/\/expresso.estadao.com.br\/sao-paulo\/wp-json\/wp\/v2\/posts\/13863","targetHints":{"allow":["GET"]}}],"collection":[{"href":"https:\/\/expresso.estadao.com.br\/sao-paulo\/wp-json\/wp\/v2\/posts"}],"about":[{"href":"https:\/\/expresso.estadao.com.br\/sao-paulo\/wp-json\/wp\/v2\/types\/post"}],"author":[{"embeddable":true,"href":"https:\/\/expresso.estadao.com.br\/sao-paulo\/wp-json\/wp\/v2\/users\/4"}],"replies":[{"embeddable":true,"href":"https:\/\/expresso.estadao.com.br\/sao-paulo\/wp-json\/wp\/v2\/comments?post=13863"}],"version-history":[{"count":2,"href":"https:\/\/expresso.estadao.com.br\/sao-paulo\/wp-json\/wp\/v2\/posts\/13863\/revisions"}],"predecessor-version":[{"id":13867,"href":"https:\/\/expresso.estadao.com.br\/sao-paulo\/wp-json\/wp\/v2\/posts\/13863\/revisions\/13867"}],"wp:featuredmedia":[{"embeddable":true,"href":"https:\/\/expresso.estadao.com.br\/sao-paulo\/wp-json\/wp\/v2\/media\/13865"}],"wp:attachment":[{"href":"https:\/\/expresso.estadao.com.br\/sao-paulo\/wp-json\/wp\/v2\/media?parent=13863"}],"wp:term":[{"taxonomy":"category","embeddable":true,"href":"https:\/\/expresso.estadao.com.br\/sao-paulo\/wp-json\/wp\/v2\/categories?post=13863"},{"taxonomy":"post_tag","embeddable":true,"href":"https:\/\/expresso.estadao.com.br\/sao-paulo\/wp-json\/wp\/v2\/tags?post=13863"}],"curies":[{"name":"wp","href":"https:\/\/api.w.org\/{rel}","templated":true}]}}