{"id":1454,"date":"2022-11-23T15:04:16","date_gmt":"2022-11-23T18:04:16","guid":{"rendered":"https:\/\/expresso.estadao.com.br\/sao-paulo\/?p=1454"},"modified":"2023-07-06T14:51:12","modified_gmt":"2023-07-06T17:51:12","slug":"3a-edicao-do-butanta-gibicon-comeca-nesta-sexta","status":"publish","type":"post","link":"https:\/\/expresso.estadao.com.br\/sao-paulo\/2022\/11\/23\/3a-edicao-do-butanta-gibicon-comeca-nesta-sexta\/","title":{"rendered":"3\u00aa edi\u00e7\u00e3o do Butant\u00e3 Gibicon come\u00e7a nesta sexta\u00a0"},"content":{"rendered":"<p><span style=\"font-weight: 400;\">A Casa de Cultura do Butant\u00e3, na zona oeste de S\u00e3o Paulo, sediar\u00e1 a 3\u00aa edi\u00e7\u00e3o do Butant\u00e3 Gibicon, que come\u00e7a nesta sexta-feira (25) e segue at\u00e9 domingo (27). Aberto ao p\u00fablico e gratuito, o evento vai homenagear a escritora e ilustradora Eva Furnari, conhecida por escrever obras da literatura infantil, como \u201cCacoete\u201d &#8211;\u00a0 vencedor da categoria Infantil do Pr\u00eamio Jabuti de 2006 .\u00a0<\/span><\/p>\n<p><span style=\"font-weight: 400;\">Na sexta-feira, as atividades come\u00e7am \u00e0s 12h e se estendem at\u00e9 as 19h. J\u00e1 no s\u00e1bado e no domingo, ocorrem entre 10h e 19h. A programa\u00e7\u00e3o conta com pain\u00e9is com diversos temas, como a descentraliza\u00e7\u00e3o da produ\u00e7\u00e3o de quadrinhos e quadrinhos ind\u00edgenas, al\u00e9m de oficinas, como de cria\u00e7\u00e3o de fanzines e jogos adaptados dos quadrinhos.\u00a0<\/span><\/p>\n<p><span style=\"font-weight: 400;\">Ao longo dos tr\u00eas dias de evento, o p\u00fablico poder\u00e1 conhecer e adquirir HQs de 320 artistas espalhados dentro da casa de cultura e nas tendas montadas na \u00e1rea externa do equipamento cultural &#8211; o chamado Beco dos Artistas.\u00a0\u00a0<\/span><\/p>\n<p><span style=\"font-weight: 400;\">Al\u00e9m disso,\u00a0 o\u00a0 acervo de quadrinhos do coletivo da zona leste de S\u00e3o Paulo &#8211; Gibiteca Bal\u00e3o- estar\u00e1 dispon\u00edvel para os visitantes.\u00a0 A biblioteca da Casa de Cultura do Butant\u00e3 fica aberta para visita\u00e7\u00e3o durante o evento.\u00a0\u00a0<\/span><\/p>\n<p><span style=\"font-weight: 400;\">Fomentar a leitura de quadrinhos e ajudar artistas do g\u00eanero a divulgarem as suas obras s\u00e3o os objetivos do <a href=\"https:\/\/butantagibicon.com.br\/\">Butant\u00e3 Gibicon<\/a>. A primeira edi\u00e7\u00e3o ocorreu em 2019, com a exposi\u00e7\u00e3o de mais de 250 artistas e a participa\u00e7\u00e3o de cerca de 4.500 pessoas, segundo os organizadores.\u00a0 Por conta da pandemia de Covid-19, a segunda edi\u00e7\u00e3o foi realizada em 2020 de forma virtual.\u00a0\u00a0<\/span><\/p>\n<h3><b>Onde\u00a0<\/b><\/h3>\n<p><span style=\"font-weight: 400;\">Casa de Cultura do Butant\u00e3\u00a0<\/span><\/p>\n<p><span style=\"font-weight: 400;\">Avenida Junta Mizumoto, 13<\/span><\/p>\n<h3><b>Programa\u00e7\u00e3o\u00a0<\/b><\/h3>\n<p><b>25\/11<br \/>\n<\/b><\/p>\n<p><strong>Sexta-feira &#8211; 12h \u00e0s 19h\u00a0<\/strong><\/p>\n<p><span style=\"font-weight: 400;\">Beco dos Artistas<br \/>\n<\/span><span style=\"font-weight: 400;\">12h \u00e0s 19h\u00a0<\/span><\/p>\n<p><span style=\"font-weight: 400;\">Espa\u00e7o Gibiteca Bal\u00e3o!<br \/>\n<\/span><span style=\"font-weight: 400;\">12h \u00e0s 19h\u00a0<\/span><\/p>\n<p><span style=\"font-weight: 400;\">Oficina:\u00a0 Cria\u00e7\u00e3o de Fanzines<br \/>\n<\/span><span style=\"font-weight: 400;\">13h \u00e0s 15h<\/span><\/p>\n<p><span style=\"font-weight: 400;\">Oficina: Ilustra\u00e7\u00e3o com aquarela e nanquim<br \/>\n<\/span><span style=\"font-weight: 400;\">15h \u00e0s 17h<\/span><\/p>\n<p><span style=\"font-weight: 400;\">Painel: HQs\u00a0 e educa\u00e7\u00e3o: especial 50 anos de carreira de Sonia Luyten<br \/>\n<\/span><span style=\"font-weight: 400;\">17h30 \u00e0s 18h30<\/span><\/p>\n<p><b>26\/11 <\/b><\/p>\n<p><b>S\u00e1bado &#8211; 10h \u00e0s 19h\u00a0<\/b><\/p>\n<p><span style=\"font-weight: 400;\">Beco dos Artistas<br \/>\n<\/span><span style=\"font-weight: 400;\">10h \u00e0s 19h\u00a0<\/span><\/p>\n<p><span style=\"font-weight: 400;\">Espa\u00e7o Gibiteca Bal\u00e3o!<br \/>\n1<\/span><span style=\"font-weight: 400;\">0h \u00e0s 19h\u00a0<\/span><\/p>\n<p><span style=\"font-weight: 400;\">Painel com a homenageada Eva Furnari<br \/>\n<\/span><span style=\"font-weight: 400;\">11h \u00e0s 12h<\/span><\/p>\n<p><span style=\"font-weight: 400;\">Oficina:\u00a0 Jornalismo em quadrinhos<br \/>\n<\/span><span style=\"font-weight: 400;\">14h \u00e0s 16h<\/span><\/p>\n<p><span style=\"font-weight: 400;\">Painel: Quadrinhos Ind\u00edgenas<br \/>\n<\/span><span style=\"font-weight: 400;\">16h\u00a0 \u00e0s 17h<\/span><\/p>\n<p><span style=\"font-weight: 400;\">Oficina: Jogos adaptados de quadrinhos<br \/>\n<\/span><span style=\"font-weight: 400;\">17h \u00e0s 19h<\/span><\/p>\n<p><b>27\/ 11<br \/>\n<\/b><\/p>\n<p><b>Domingo &#8211; 10h \u00e0s 19h\u00a0<\/b><\/p>\n<p><span style=\"font-weight: 400;\">Beco dos Artistas<br \/>\n<\/span><span style=\"font-weight: 400;\">10h \u00e0s 19h\u00a0<\/span><\/p>\n<p><span style=\"font-weight: 400;\">Espa\u00e7o Gibiteca Bal\u00e3o!<br \/>\n<\/span><span style=\"font-weight: 400;\">10h \u00e0s 19h\u00a0<\/span><\/p>\n<p><span style=\"font-weight: 400;\">Painel: A\u00e7\u00e3o e Aventura nas HQs Brasileiras Brasileiras<br \/>\n<\/span><span style=\"font-weight: 400;\">13h \u00e0s 14h<\/span><\/p>\n<p><span style=\"font-weight: 400;\">Oficina: Autobiografia queer<br \/>\n<\/span><span style=\"font-weight: 400;\">14h \u00e0s 16h<\/span><\/p>\n<p><span style=\"font-weight: 400;\">Painel: O poder das HQs independentes: descentraliza\u00e7\u00e3o da produ\u00e7\u00e3o de quadrinhos<br \/>\n<\/span><span style=\"font-weight: 400;\">16h\u00a0 \u00e0s 17h<\/span><\/p>\n<p><span style=\"font-weight: 400;\">Oficina: Periferia e quadrinhos: rela\u00e7\u00e3o, consumo e produ\u00e7\u00e3o<br \/>\n<\/span><span style=\"font-weight: 400;\">17h \u00e0s 19h<\/span><\/p>\n<p>&nbsp;<\/p>\n<p>&nbsp;<\/p>\n","protected":false},"excerpt":{"rendered":"<p>A Casa de Cultura do Butant\u00e3, na zona oeste de S\u00e3o Paulo, sediar\u00e1 a 3\u00aa edi\u00e7\u00e3o do Butant\u00e3 Gibicon, que come\u00e7a nesta sexta-feira (25) e segue at\u00e9 domingo (27). Aberto ao p\u00fablico e gratuito, o evento vai homenagear a escritora e ilustradora Eva Furnari, conhecida por escrever obras da literatura infantil, como \u201cCacoete\u201d &#8211;\u00a0 vencedor [&hellip;]<\/p>\n","protected":false},"author":4,"featured_media":1456,"comment_status":"open","ping_status":"closed","sticky":false,"template":"","format":"standard","meta":{"_acf_changed":false,"_monsterinsights_skip_tracking":false,"_monsterinsights_sitenote_active":false,"_monsterinsights_sitenote_note":"","_monsterinsights_sitenote_category":0,"footnotes":""},"categories":[741],"tags":[],"class_list":["post-1454","post","type-post","status-publish","format-standard","has-post-thumbnail","hentry","category-cultura"],"acf":[],"yoast_head":"<!-- This site is optimized with the Yoast SEO plugin v24.1 - https:\/\/yoast.com\/wordpress\/plugins\/seo\/ -->\n<title>Butant\u00e3 Gibicon - Estad\u00e3o Expresso Bairros<\/title>\n<meta name=\"description\" content=\"Gibicon homenageia este ano a escritora e ilustradora Eva Furnari, conhecida por escrever obras da literatura infantil\" \/>\n<meta name=\"robots\" content=\"index, follow, max-snippet:-1, max-image-preview:large, max-video-preview:-1\" \/>\n<link rel=\"canonical\" href=\"https:\/\/expresso.estadao.com.br\/sao-paulo\/2022\/11\/23\/3a-edicao-do-butanta-gibicon-comeca-nesta-sexta\/\" \/>\n<meta property=\"og:locale\" content=\"pt_BR\" \/>\n<meta property=\"og:type\" content=\"article\" \/>\n<meta property=\"og:title\" content=\"Butant\u00e3 Gibicon - Estad\u00e3o Expresso Bairros\" \/>\n<meta property=\"og:description\" content=\"Gibicon homenageia este ano a escritora e ilustradora Eva Furnari, conhecida por escrever obras da literatura infantil\" \/>\n<meta property=\"og:url\" content=\"https:\/\/expresso.estadao.com.br\/sao-paulo\/2022\/11\/23\/3a-edicao-do-butanta-gibicon-comeca-nesta-sexta\/\" \/>\n<meta property=\"og:site_name\" content=\"Estad\u00e3o Expresso S\u00e3o Paulo\" \/>\n<meta property=\"article:published_time\" content=\"2022-11-23T18:04:16+00:00\" \/>\n<meta property=\"article:modified_time\" content=\"2023-07-06T17:51:12+00:00\" \/>\n<meta property=\"og:image\" content=\"https:\/\/expresso.estadao.com.br\/sao-paulo\/wp-content\/uploads\/2022\/11\/dulce-carvalho-19.jpg\" \/>\n\t<meta property=\"og:image:type\" content=\"image\/jpeg\" \/>\n<meta name=\"author\" content=\"fabio_bairros\" \/>\n<meta name=\"twitter:card\" content=\"summary_large_image\" \/>\n<meta name=\"twitter:label1\" content=\"Escrito por\" \/>\n\t<meta name=\"twitter:data1\" content=\"fabio_bairros\" \/>\n\t<meta name=\"twitter:label2\" content=\"Est. tempo de leitura\" \/>\n\t<meta name=\"twitter:data2\" content=\"3 minutos\" \/>\n<script type=\"application\/ld+json\" class=\"yoast-schema-graph\">{\"@context\":\"https:\/\/schema.org\",\"@graph\":[{\"@type\":\"WebPage\",\"@id\":\"https:\/\/expresso.estadao.com.br\/sao-paulo\/2022\/11\/23\/3a-edicao-do-butanta-gibicon-comeca-nesta-sexta\/\",\"url\":\"https:\/\/expresso.estadao.com.br\/sao-paulo\/2022\/11\/23\/3a-edicao-do-butanta-gibicon-comeca-nesta-sexta\/\",\"name\":\"Butant\u00e3 Gibicon - Estad\u00e3o Expresso Bairros\",\"isPartOf\":{\"@id\":\"https:\/\/expresso.estadao.com.br\/sao-paulo\/#website\"},\"primaryImageOfPage\":{\"@id\":\"https:\/\/expresso.estadao.com.br\/sao-paulo\/2022\/11\/23\/3a-edicao-do-butanta-gibicon-comeca-nesta-sexta\/#primaryimage\"},\"image\":{\"@id\":\"https:\/\/expresso.estadao.com.br\/sao-paulo\/2022\/11\/23\/3a-edicao-do-butanta-gibicon-comeca-nesta-sexta\/#primaryimage\"},\"thumbnailUrl\":\"https:\/\/expresso.estadao.com.br\/sao-paulo\/wp-content\/uploads\/2022\/11\/dulce-carvalho-19.jpg\",\"datePublished\":\"2022-11-23T18:04:16+00:00\",\"dateModified\":\"2023-07-06T17:51:12+00:00\",\"author\":{\"@id\":\"https:\/\/expresso.estadao.com.br\/sao-paulo\/#\/schema\/person\/f45f9e313ba8cbe5af9424f387ddef42\"},\"description\":\"Gibicon homenageia este ano a escritora e ilustradora Eva Furnari, conhecida por escrever obras da literatura infantil\",\"breadcrumb\":{\"@id\":\"https:\/\/expresso.estadao.com.br\/sao-paulo\/2022\/11\/23\/3a-edicao-do-butanta-gibicon-comeca-nesta-sexta\/#breadcrumb\"},\"inLanguage\":\"pt-BR\",\"potentialAction\":[{\"@type\":\"ReadAction\",\"target\":[\"https:\/\/expresso.estadao.com.br\/sao-paulo\/2022\/11\/23\/3a-edicao-do-butanta-gibicon-comeca-nesta-sexta\/\"]}]},{\"@type\":\"ImageObject\",\"inLanguage\":\"pt-BR\",\"@id\":\"https:\/\/expresso.estadao.com.br\/sao-paulo\/2022\/11\/23\/3a-edicao-do-butanta-gibicon-comeca-nesta-sexta\/#primaryimage\",\"url\":\"https:\/\/expresso.estadao.com.br\/sao-paulo\/wp-content\/uploads\/2022\/11\/dulce-carvalho-19.jpg\",\"contentUrl\":\"https:\/\/expresso.estadao.com.br\/sao-paulo\/wp-content\/uploads\/2022\/11\/dulce-carvalho-19.jpg\",\"width\":1190,\"height\":793,\"caption\":\"Exposi\u00e7\u00e3o de artistas na primeira edi\u00e7\u00e3o do evento, em 2019 -Cr\u00e9dito: Divulga\u00e7\u00e3o\/ Butant\u00e3 Gibicon\u00a0\"},{\"@type\":\"BreadcrumbList\",\"@id\":\"https:\/\/expresso.estadao.com.br\/sao-paulo\/2022\/11\/23\/3a-edicao-do-butanta-gibicon-comeca-nesta-sexta\/#breadcrumb\",\"itemListElement\":[{\"@type\":\"ListItem\",\"position\":1,\"name\":\"In\u00edcio\",\"item\":\"https:\/\/expresso.estadao.com.br\/sao-paulo\/\"},{\"@type\":\"ListItem\",\"position\":2,\"name\":\"3\u00aa edi\u00e7\u00e3o do Butant\u00e3 Gibicon come\u00e7a nesta sexta\u00a0\"}]},{\"@type\":\"WebSite\",\"@id\":\"https:\/\/expresso.estadao.com.br\/sao-paulo\/#website\",\"url\":\"https:\/\/expresso.estadao.com.br\/sao-paulo\/\",\"name\":\"Estad\u00e3o Expresso S\u00e3o Paulo\",\"description\":\"Conte\u00fado de presta\u00e7\u00e3o de servi\u00e7o para que os moradores da cidade de S\u00e3o Paulo possam se informar melhor e usar de maneira mais eficaz os servi\u00e7os p\u00fablicos municipais.\",\"potentialAction\":[{\"@type\":\"SearchAction\",\"target\":{\"@type\":\"EntryPoint\",\"urlTemplate\":\"https:\/\/expresso.estadao.com.br\/sao-paulo\/?s={search_term_string}\"},\"query-input\":{\"@type\":\"PropertyValueSpecification\",\"valueRequired\":true,\"valueName\":\"search_term_string\"}}],\"inLanguage\":\"pt-BR\"},{\"@type\":\"Person\",\"@id\":\"https:\/\/expresso.estadao.com.br\/sao-paulo\/#\/schema\/person\/f45f9e313ba8cbe5af9424f387ddef42\",\"name\":\"fabio_bairros\",\"image\":{\"@type\":\"ImageObject\",\"inLanguage\":\"pt-BR\",\"@id\":\"https:\/\/expresso.estadao.com.br\/sao-paulo\/#\/schema\/person\/image\/\",\"url\":\"https:\/\/secure.gravatar.com\/avatar\/fbecca90befcfda9505216ce0dc87261326cb6644deb5861e7ab404061c24246?s=96&d=mm&r=g\",\"contentUrl\":\"https:\/\/secure.gravatar.com\/avatar\/fbecca90befcfda9505216ce0dc87261326cb6644deb5861e7ab404061c24246?s=96&d=mm&r=g\",\"caption\":\"fabio_bairros\"}}]}<\/script>\n<!-- \/ Yoast SEO plugin. -->","yoast_head_json":{"title":"Butant\u00e3 Gibicon - Estad\u00e3o Expresso Bairros","description":"Gibicon homenageia este ano a escritora e ilustradora Eva Furnari, conhecida por escrever obras da literatura infantil","robots":{"index":"index","follow":"follow","max-snippet":"max-snippet:-1","max-image-preview":"max-image-preview:large","max-video-preview":"max-video-preview:-1"},"canonical":"https:\/\/expresso.estadao.com.br\/sao-paulo\/2022\/11\/23\/3a-edicao-do-butanta-gibicon-comeca-nesta-sexta\/","og_locale":"pt_BR","og_type":"article","og_title":"Butant\u00e3 Gibicon - Estad\u00e3o Expresso Bairros","og_description":"Gibicon homenageia este ano a escritora e ilustradora Eva Furnari, conhecida por escrever obras da literatura infantil","og_url":"https:\/\/expresso.estadao.com.br\/sao-paulo\/2022\/11\/23\/3a-edicao-do-butanta-gibicon-comeca-nesta-sexta\/","og_site_name":"Estad\u00e3o Expresso S\u00e3o Paulo","article_published_time":"2022-11-23T18:04:16+00:00","article_modified_time":"2023-07-06T17:51:12+00:00","og_image":[{"width":"","height":"","url":"https:\/\/expresso.estadao.com.br\/sao-paulo\/wp-content\/uploads\/2022\/11\/dulce-carvalho-19.jpg","type":"image\/jpeg"}],"author":"fabio_bairros","twitter_card":"summary_large_image","twitter_misc":{"Escrito por":"fabio_bairros","Est. tempo de leitura":"3 minutos"},"schema":{"@context":"https:\/\/schema.org","@graph":[{"@type":"WebPage","@id":"https:\/\/expresso.estadao.com.br\/sao-paulo\/2022\/11\/23\/3a-edicao-do-butanta-gibicon-comeca-nesta-sexta\/","url":"https:\/\/expresso.estadao.com.br\/sao-paulo\/2022\/11\/23\/3a-edicao-do-butanta-gibicon-comeca-nesta-sexta\/","name":"Butant\u00e3 Gibicon - Estad\u00e3o Expresso Bairros","isPartOf":{"@id":"https:\/\/expresso.estadao.com.br\/sao-paulo\/#website"},"primaryImageOfPage":{"@id":"https:\/\/expresso.estadao.com.br\/sao-paulo\/2022\/11\/23\/3a-edicao-do-butanta-gibicon-comeca-nesta-sexta\/#primaryimage"},"image":{"@id":"https:\/\/expresso.estadao.com.br\/sao-paulo\/2022\/11\/23\/3a-edicao-do-butanta-gibicon-comeca-nesta-sexta\/#primaryimage"},"thumbnailUrl":"https:\/\/expresso.estadao.com.br\/sao-paulo\/wp-content\/uploads\/2022\/11\/dulce-carvalho-19.jpg","datePublished":"2022-11-23T18:04:16+00:00","dateModified":"2023-07-06T17:51:12+00:00","author":{"@id":"https:\/\/expresso.estadao.com.br\/sao-paulo\/#\/schema\/person\/f45f9e313ba8cbe5af9424f387ddef42"},"description":"Gibicon homenageia este ano a escritora e ilustradora Eva Furnari, conhecida por escrever obras da literatura infantil","breadcrumb":{"@id":"https:\/\/expresso.estadao.com.br\/sao-paulo\/2022\/11\/23\/3a-edicao-do-butanta-gibicon-comeca-nesta-sexta\/#breadcrumb"},"inLanguage":"pt-BR","potentialAction":[{"@type":"ReadAction","target":["https:\/\/expresso.estadao.com.br\/sao-paulo\/2022\/11\/23\/3a-edicao-do-butanta-gibicon-comeca-nesta-sexta\/"]}]},{"@type":"ImageObject","inLanguage":"pt-BR","@id":"https:\/\/expresso.estadao.com.br\/sao-paulo\/2022\/11\/23\/3a-edicao-do-butanta-gibicon-comeca-nesta-sexta\/#primaryimage","url":"https:\/\/expresso.estadao.com.br\/sao-paulo\/wp-content\/uploads\/2022\/11\/dulce-carvalho-19.jpg","contentUrl":"https:\/\/expresso.estadao.com.br\/sao-paulo\/wp-content\/uploads\/2022\/11\/dulce-carvalho-19.jpg","width":1190,"height":793,"caption":"Exposi\u00e7\u00e3o de artistas na primeira edi\u00e7\u00e3o do evento, em 2019 -Cr\u00e9dito: Divulga\u00e7\u00e3o\/ Butant\u00e3 Gibicon\u00a0"},{"@type":"BreadcrumbList","@id":"https:\/\/expresso.estadao.com.br\/sao-paulo\/2022\/11\/23\/3a-edicao-do-butanta-gibicon-comeca-nesta-sexta\/#breadcrumb","itemListElement":[{"@type":"ListItem","position":1,"name":"In\u00edcio","item":"https:\/\/expresso.estadao.com.br\/sao-paulo\/"},{"@type":"ListItem","position":2,"name":"3\u00aa edi\u00e7\u00e3o do Butant\u00e3 Gibicon come\u00e7a nesta sexta\u00a0"}]},{"@type":"WebSite","@id":"https:\/\/expresso.estadao.com.br\/sao-paulo\/#website","url":"https:\/\/expresso.estadao.com.br\/sao-paulo\/","name":"Estad\u00e3o Expresso S\u00e3o Paulo","description":"Conte\u00fado de presta\u00e7\u00e3o de servi\u00e7o para que os moradores da cidade de S\u00e3o Paulo possam se informar melhor e usar de maneira mais eficaz os servi\u00e7os p\u00fablicos municipais.","potentialAction":[{"@type":"SearchAction","target":{"@type":"EntryPoint","urlTemplate":"https:\/\/expresso.estadao.com.br\/sao-paulo\/?s={search_term_string}"},"query-input":{"@type":"PropertyValueSpecification","valueRequired":true,"valueName":"search_term_string"}}],"inLanguage":"pt-BR"},{"@type":"Person","@id":"https:\/\/expresso.estadao.com.br\/sao-paulo\/#\/schema\/person\/f45f9e313ba8cbe5af9424f387ddef42","name":"fabio_bairros","image":{"@type":"ImageObject","inLanguage":"pt-BR","@id":"https:\/\/expresso.estadao.com.br\/sao-paulo\/#\/schema\/person\/image\/","url":"https:\/\/secure.gravatar.com\/avatar\/fbecca90befcfda9505216ce0dc87261326cb6644deb5861e7ab404061c24246?s=96&d=mm&r=g","contentUrl":"https:\/\/secure.gravatar.com\/avatar\/fbecca90befcfda9505216ce0dc87261326cb6644deb5861e7ab404061c24246?s=96&d=mm&r=g","caption":"fabio_bairros"}}]}},"_links":{"self":[{"href":"https:\/\/expresso.estadao.com.br\/sao-paulo\/wp-json\/wp\/v2\/posts\/1454","targetHints":{"allow":["GET"]}}],"collection":[{"href":"https:\/\/expresso.estadao.com.br\/sao-paulo\/wp-json\/wp\/v2\/posts"}],"about":[{"href":"https:\/\/expresso.estadao.com.br\/sao-paulo\/wp-json\/wp\/v2\/types\/post"}],"author":[{"embeddable":true,"href":"https:\/\/expresso.estadao.com.br\/sao-paulo\/wp-json\/wp\/v2\/users\/4"}],"replies":[{"embeddable":true,"href":"https:\/\/expresso.estadao.com.br\/sao-paulo\/wp-json\/wp\/v2\/comments?post=1454"}],"version-history":[{"count":5,"href":"https:\/\/expresso.estadao.com.br\/sao-paulo\/wp-json\/wp\/v2\/posts\/1454\/revisions"}],"predecessor-version":[{"id":2167,"href":"https:\/\/expresso.estadao.com.br\/sao-paulo\/wp-json\/wp\/v2\/posts\/1454\/revisions\/2167"}],"wp:featuredmedia":[{"embeddable":true,"href":"https:\/\/expresso.estadao.com.br\/sao-paulo\/wp-json\/wp\/v2\/media\/1456"}],"wp:attachment":[{"href":"https:\/\/expresso.estadao.com.br\/sao-paulo\/wp-json\/wp\/v2\/media?parent=1454"}],"wp:term":[{"taxonomy":"category","embeddable":true,"href":"https:\/\/expresso.estadao.com.br\/sao-paulo\/wp-json\/wp\/v2\/categories?post=1454"},{"taxonomy":"post_tag","embeddable":true,"href":"https:\/\/expresso.estadao.com.br\/sao-paulo\/wp-json\/wp\/v2\/tags?post=1454"}],"curies":[{"name":"wp","href":"https:\/\/api.w.org\/{rel}","templated":true}]}}