{"id":3020,"date":"2023-02-15T15:40:48","date_gmt":"2023-02-15T18:40:48","guid":{"rendered":"https:\/\/expresso.estadao.com.br\/sao-paulo\/?p=3020"},"modified":"2023-07-06T11:50:47","modified_gmt":"2023-07-06T14:50:47","slug":"confira-as-opcoes-de-bloquinhos-na-lapa","status":"publish","type":"post","link":"https:\/\/expresso.estadao.com.br\/sao-paulo\/2023\/02\/15\/confira-as-opcoes-de-bloquinhos-na-lapa\/","title":{"rendered":"Confira as op\u00e7\u00f5es de blocos para curtir o Carnaval na Lapa"},"content":{"rendered":"<p><span style=\"font-weight: 400;\">Depois do per\u00edodo de<\/span><a href=\"https:\/\/expresso.estadao.com.br\/sao-paulo\/2023\/02\/09\/programacao-oficial-de-carnaval-comeca-nesta-sexta\/\"><span style=\"font-weight: 400;\"> pr\u00e9-carnaval paulistano<\/span><\/a><span style=\"font-weight: 400;\">, em que cerca de 200 blocos de rua j\u00e1 agitaram a cidade, a festa se repete neste fim de semana. A zona oeste lidera no n\u00famero de atra\u00e7\u00f5es: s\u00e3o 145 desfiles e, desses, quase 50 saem \u00e0s ruas nos dias 18, 19, 20 e 21 de fevereiro. Na subprefeitura da Lapa, na zona oeste, 11 agremia\u00e7\u00f5es participam das festividades.<\/span><\/p>\n<p><span style=\"font-weight: 400;\">A regi\u00e3o conta com uma diversidade de op\u00e7\u00f5es. O Bloco do Adorno, criado pelo ator Thiago Adorno, desfila na Lapa desde 2017. O grupo vai sair no s\u00e1bado e encoraja que os participantes estejam devidamente adornados por fantasias e adere\u00e7os para a ocasi\u00e3o. O Bunytos de Corpo \u00e9 um bloco LGBTQIA+ que encena coreografias de gin\u00e1stica com refer\u00eancias musicais dos anos 1980, em uma cr\u00edtica ao culto ao corpo e aos padr\u00f5es est\u00e9ticos.\u00a0<\/span><\/p>\n<p><span style=\"font-weight: 400;\">O Tia Eh o Caraleo, que estreou no carnaval paulistano em 2020, tem como p\u00fablico alvo quem tem mais de 50 anos e se apresenta com m\u00fasica ao vivo sem se deslocar pelo bairro. J\u00e1 o Bloquinho Gente Mi\u00fada, fundado h\u00e1 sete anos, vai percorrer as ruas de Perdizes com uma programa\u00e7\u00e3o pensada para divertir as crian\u00e7as e suas fam\u00edlias. A participa\u00e7\u00e3o \u00e9 gratuita.<\/span><\/p>\n<p><span style=\"font-weight: 400;\">Confira a programa\u00e7\u00e3o completa dos blocos que v\u00e3o sair \u00e0s ruas na Lapa para decidir onde fazer parte da festa. Um cronograma para todas as regi\u00f5es da cidade pode ser <\/span><a href=\"https:\/\/carnavalderua.prefeitura.sp.gov.br\/\"><span style=\"font-weight: 400;\">conferido aqui<\/span><\/a><span style=\"font-weight: 400;\"> e filtrado por data e estilo musical do bloco.<\/span><span style=\"font-weight: 400;\">\u00a0<\/span><\/p>\n<p><img loading=\"lazy\" decoding=\"async\" class=\"alignnone wp-image-3213 size-full\" src=\"https:\/\/expresso.estadao.com.br\/sao-paulo\/wp-content\/uploads\/2023\/02\/ZonaOeste_Carnaval.jpg\" alt=\"blocos da zona oeste de s\u00e3o paulo\" width=\"915\" height=\"700\" srcset=\"https:\/\/expresso.estadao.com.br\/sao-paulo\/wp-content\/uploads\/2023\/02\/ZonaOeste_Carnaval.jpg 915w, https:\/\/expresso.estadao.com.br\/sao-paulo\/wp-content\/uploads\/2023\/02\/ZonaOeste_Carnaval-392x300.jpg 392w, https:\/\/expresso.estadao.com.br\/sao-paulo\/wp-content\/uploads\/2023\/02\/ZonaOeste_Carnaval-768x588.jpg 768w\" sizes=\"auto, (max-width: 915px) 100vw, 915px\" \/><\/p>\n<p><b>Dia 18\/02<\/b><\/p>\n<p><span style=\"font-weight: 400;\">Bloco do Adorno (ax\u00e9) \u2013 Com concentra\u00e7\u00e3o na Rua Faustolo, 809, \u00e0s 14h<\/span><\/p>\n<p><span style=\"font-weight: 400;\">Unidos Venceremos (samba) \u2013 Com concentra\u00e7\u00e3o na Travessa Forte de Cravat\u00e1 \u00e0s 14h<\/span><\/p>\n<p><span style=\"font-weight: 400;\">Filhos de Plut\u00e3o (samba) \u2013 Com concentra\u00e7\u00e3o na Pra\u00e7a Jesu\u00edno Bandeira \u00e0s 10h<\/span><\/p>\n<p><span style=\"font-weight: 400;\">Bunytos de Corpo (anos 80) \u2013 Com concentra\u00e7\u00e3o no Largo Padre P\u00e9ricles \u00e0s 14h<\/span><\/p>\n<hr \/>\n<p><b>Dia 19\/02<\/b><\/p>\n<p><span style=\"font-weight: 400;\">Bloquinho Gente Mi\u00fada (infantil) \u2013 Com concentra\u00e7\u00e3o na Avenida Prof. Alfonso Bovero, 522, \u00e0s 10h<\/span><\/p>\n<p><span style=\"font-weight: 400;\">Tia Eh o Caraleo (marchinhas) \u2013 Com concentra\u00e7\u00e3o na Pra\u00e7a Padre Arnaldo \u00e0s 11h<\/span><\/p>\n<p><span style=\"font-weight: 400;\">Bloco Beatloko (rap) \u2013 Com concentra\u00e7\u00e3o na Avenida Marqu\u00eas de S\u00e3o Vicente, 230, \u00e0s 13h<\/span><\/p>\n<p><span style=\"font-weight: 400;\">Bloco N\u00e3o T\u00f4 Bem 279 (MPB) \u2013 Com concentra\u00e7\u00e3o no Largo da Lapa \u00e0s 14h<\/span><\/p>\n<hr \/>\n<p><b>Dia 20\/02<\/b><\/p>\n<p><span style=\"font-weight: 400;\">Acad\u00eamicos do Gato Mia (MPB) \u2013 Com concentra\u00e7\u00e3o na Rua Turiassu, 799, \u00e0s 12h<\/span><\/p>\n<p><span style=\"font-weight: 400;\">Bloco Lua Vai (pagode) \u2013 Com concentra\u00e7\u00e3o na Avenida Marqu\u00eas de S\u00e3o Vicente, 230, \u00e0s 13h<\/span><\/p>\n<hr \/>\n<p><b>Dia 21\/02<\/b><\/p>\n<p><span style=\"font-weight: 400;\">Os Cataratos do Ni\u00e1gara (marchinhas) \u2013 Com concentra\u00e7\u00e3o na Rua Caiubi \u00e0s 12h<\/span><\/p>\n<p>&nbsp;<\/p>\n","protected":false},"excerpt":{"rendered":"<p>Depois do per\u00edodo de pr\u00e9-carnaval paulistano, em que cerca de 200 blocos de rua j\u00e1 agitaram a cidade, a festa se repete neste fim de semana. A zona oeste lidera no n\u00famero de atra\u00e7\u00f5es: s\u00e3o 145 desfiles e, desses, quase 50 saem \u00e0s ruas nos dias 18, 19, 20 e 21 de fevereiro. Na subprefeitura [&hellip;]<\/p>\n","protected":false},"author":4,"featured_media":3115,"comment_status":"open","ping_status":"closed","sticky":false,"template":"","format":"standard","meta":{"_acf_changed":false,"_monsterinsights_skip_tracking":false,"_monsterinsights_sitenote_active":false,"_monsterinsights_sitenote_note":"","_monsterinsights_sitenote_category":0,"footnotes":""},"categories":[741],"tags":[316,127,315,271],"class_list":["post-3020","post","type-post","status-publish","format-standard","has-post-thumbnail","hentry","category-cultura","tag-bloco-do-adorno","tag-blocos","tag-bloquinhos","tag-carnaval-de-rua"],"acf":[],"yoast_head":"<!-- This site is optimized with the Yoast SEO plugin v24.1 - https:\/\/yoast.com\/wordpress\/plugins\/seo\/ -->\n<title>Carnaval de rua na Lapa - Estad\u00e3o Expresso Bairros<\/title>\n<meta name=\"description\" content=\"Entre os destaques do Carnaval de rua na Lapa, zona oeste, est\u00e3o o Bloco do Adorno, Bunytos de Corpo e o Gente Mi\u00fada\" \/>\n<meta name=\"robots\" content=\"index, follow, max-snippet:-1, max-image-preview:large, max-video-preview:-1\" \/>\n<link rel=\"canonical\" href=\"https:\/\/expresso.estadao.com.br\/sao-paulo\/2023\/02\/15\/confira-as-opcoes-de-bloquinhos-na-lapa\/\" \/>\n<meta property=\"og:locale\" content=\"pt_BR\" \/>\n<meta property=\"og:type\" content=\"article\" \/>\n<meta property=\"og:title\" content=\"Carnaval de rua na Lapa - Estad\u00e3o Expresso Bairros\" \/>\n<meta property=\"og:description\" content=\"Entre os destaques do Carnaval de rua na Lapa, zona oeste, est\u00e3o o Bloco do Adorno, Bunytos de Corpo e o Gente Mi\u00fada\" \/>\n<meta property=\"og:url\" content=\"https:\/\/expresso.estadao.com.br\/sao-paulo\/2023\/02\/15\/confira-as-opcoes-de-bloquinhos-na-lapa\/\" \/>\n<meta property=\"og:site_name\" content=\"Estad\u00e3o Expresso S\u00e3o Paulo\" \/>\n<meta property=\"article:published_time\" content=\"2023-02-15T18:40:48+00:00\" \/>\n<meta property=\"article:modified_time\" content=\"2023-07-06T14:50:47+00:00\" \/>\n<meta property=\"og:image\" content=\"https:\/\/expresso.estadao.com.br\/sao-paulo\/wp-content\/uploads\/2023\/02\/virada-cultural-3.jpg\" \/>\n\t<meta property=\"og:image:type\" content=\"image\/jpeg\" \/>\n<meta name=\"author\" content=\"fabio_bairros\" \/>\n<meta name=\"twitter:card\" content=\"summary_large_image\" \/>\n<meta name=\"twitter:label1\" content=\"Escrito por\" \/>\n\t<meta name=\"twitter:data1\" content=\"fabio_bairros\" \/>\n\t<meta name=\"twitter:label2\" content=\"Est. tempo de leitura\" \/>\n\t<meta name=\"twitter:data2\" content=\"3 minutos\" \/>\n<script type=\"application\/ld+json\" class=\"yoast-schema-graph\">{\"@context\":\"https:\/\/schema.org\",\"@graph\":[{\"@type\":\"WebPage\",\"@id\":\"https:\/\/expresso.estadao.com.br\/sao-paulo\/2023\/02\/15\/confira-as-opcoes-de-bloquinhos-na-lapa\/\",\"url\":\"https:\/\/expresso.estadao.com.br\/sao-paulo\/2023\/02\/15\/confira-as-opcoes-de-bloquinhos-na-lapa\/\",\"name\":\"Carnaval de rua na Lapa - Estad\u00e3o Expresso Bairros\",\"isPartOf\":{\"@id\":\"https:\/\/expresso.estadao.com.br\/sao-paulo\/#website\"},\"primaryImageOfPage\":{\"@id\":\"https:\/\/expresso.estadao.com.br\/sao-paulo\/2023\/02\/15\/confira-as-opcoes-de-bloquinhos-na-lapa\/#primaryimage\"},\"image\":{\"@id\":\"https:\/\/expresso.estadao.com.br\/sao-paulo\/2023\/02\/15\/confira-as-opcoes-de-bloquinhos-na-lapa\/#primaryimage\"},\"thumbnailUrl\":\"https:\/\/expresso.estadao.com.br\/sao-paulo\/wp-content\/uploads\/2023\/02\/virada-cultural-3.jpg\",\"datePublished\":\"2023-02-15T18:40:48+00:00\",\"dateModified\":\"2023-07-06T14:50:47+00:00\",\"author\":{\"@id\":\"https:\/\/expresso.estadao.com.br\/sao-paulo\/#\/schema\/person\/f45f9e313ba8cbe5af9424f387ddef42\"},\"description\":\"Entre os destaques do Carnaval de rua na Lapa, zona oeste, est\u00e3o o Bloco do Adorno, Bunytos de Corpo e o Gente Mi\u00fada\",\"breadcrumb\":{\"@id\":\"https:\/\/expresso.estadao.com.br\/sao-paulo\/2023\/02\/15\/confira-as-opcoes-de-bloquinhos-na-lapa\/#breadcrumb\"},\"inLanguage\":\"pt-BR\",\"potentialAction\":[{\"@type\":\"ReadAction\",\"target\":[\"https:\/\/expresso.estadao.com.br\/sao-paulo\/2023\/02\/15\/confira-as-opcoes-de-bloquinhos-na-lapa\/\"]}]},{\"@type\":\"ImageObject\",\"inLanguage\":\"pt-BR\",\"@id\":\"https:\/\/expresso.estadao.com.br\/sao-paulo\/2023\/02\/15\/confira-as-opcoes-de-bloquinhos-na-lapa\/#primaryimage\",\"url\":\"https:\/\/expresso.estadao.com.br\/sao-paulo\/wp-content\/uploads\/2023\/02\/virada-cultural-3.jpg\",\"contentUrl\":\"https:\/\/expresso.estadao.com.br\/sao-paulo\/wp-content\/uploads\/2023\/02\/virada-cultural-3.jpg\",\"width\":1190,\"height\":794},{\"@type\":\"BreadcrumbList\",\"@id\":\"https:\/\/expresso.estadao.com.br\/sao-paulo\/2023\/02\/15\/confira-as-opcoes-de-bloquinhos-na-lapa\/#breadcrumb\",\"itemListElement\":[{\"@type\":\"ListItem\",\"position\":1,\"name\":\"In\u00edcio\",\"item\":\"https:\/\/expresso.estadao.com.br\/sao-paulo\/\"},{\"@type\":\"ListItem\",\"position\":2,\"name\":\"Confira as op\u00e7\u00f5es de blocos para curtir o Carnaval na Lapa\"}]},{\"@type\":\"WebSite\",\"@id\":\"https:\/\/expresso.estadao.com.br\/sao-paulo\/#website\",\"url\":\"https:\/\/expresso.estadao.com.br\/sao-paulo\/\",\"name\":\"Estad\u00e3o Expresso S\u00e3o Paulo\",\"description\":\"Conte\u00fado de presta\u00e7\u00e3o de servi\u00e7o para que os moradores da cidade de S\u00e3o Paulo possam se informar melhor e usar de maneira mais eficaz os servi\u00e7os p\u00fablicos municipais.\",\"potentialAction\":[{\"@type\":\"SearchAction\",\"target\":{\"@type\":\"EntryPoint\",\"urlTemplate\":\"https:\/\/expresso.estadao.com.br\/sao-paulo\/?s={search_term_string}\"},\"query-input\":{\"@type\":\"PropertyValueSpecification\",\"valueRequired\":true,\"valueName\":\"search_term_string\"}}],\"inLanguage\":\"pt-BR\"},{\"@type\":\"Person\",\"@id\":\"https:\/\/expresso.estadao.com.br\/sao-paulo\/#\/schema\/person\/f45f9e313ba8cbe5af9424f387ddef42\",\"name\":\"fabio_bairros\",\"image\":{\"@type\":\"ImageObject\",\"inLanguage\":\"pt-BR\",\"@id\":\"https:\/\/expresso.estadao.com.br\/sao-paulo\/#\/schema\/person\/image\/\",\"url\":\"https:\/\/secure.gravatar.com\/avatar\/fbecca90befcfda9505216ce0dc87261326cb6644deb5861e7ab404061c24246?s=96&d=mm&r=g\",\"contentUrl\":\"https:\/\/secure.gravatar.com\/avatar\/fbecca90befcfda9505216ce0dc87261326cb6644deb5861e7ab404061c24246?s=96&d=mm&r=g\",\"caption\":\"fabio_bairros\"}}]}<\/script>\n<!-- \/ Yoast SEO plugin. -->","yoast_head_json":{"title":"Carnaval de rua na Lapa - Estad\u00e3o Expresso Bairros","description":"Entre os destaques do Carnaval de rua na Lapa, zona oeste, est\u00e3o o Bloco do Adorno, Bunytos de Corpo e o Gente Mi\u00fada","robots":{"index":"index","follow":"follow","max-snippet":"max-snippet:-1","max-image-preview":"max-image-preview:large","max-video-preview":"max-video-preview:-1"},"canonical":"https:\/\/expresso.estadao.com.br\/sao-paulo\/2023\/02\/15\/confira-as-opcoes-de-bloquinhos-na-lapa\/","og_locale":"pt_BR","og_type":"article","og_title":"Carnaval de rua na Lapa - Estad\u00e3o Expresso Bairros","og_description":"Entre os destaques do Carnaval de rua na Lapa, zona oeste, est\u00e3o o Bloco do Adorno, Bunytos de Corpo e o Gente Mi\u00fada","og_url":"https:\/\/expresso.estadao.com.br\/sao-paulo\/2023\/02\/15\/confira-as-opcoes-de-bloquinhos-na-lapa\/","og_site_name":"Estad\u00e3o Expresso S\u00e3o Paulo","article_published_time":"2023-02-15T18:40:48+00:00","article_modified_time":"2023-07-06T14:50:47+00:00","og_image":[{"width":"","height":"","url":"https:\/\/expresso.estadao.com.br\/sao-paulo\/wp-content\/uploads\/2023\/02\/virada-cultural-3.jpg","type":"image\/jpeg"}],"author":"fabio_bairros","twitter_card":"summary_large_image","twitter_misc":{"Escrito por":"fabio_bairros","Est. tempo de leitura":"3 minutos"},"schema":{"@context":"https:\/\/schema.org","@graph":[{"@type":"WebPage","@id":"https:\/\/expresso.estadao.com.br\/sao-paulo\/2023\/02\/15\/confira-as-opcoes-de-bloquinhos-na-lapa\/","url":"https:\/\/expresso.estadao.com.br\/sao-paulo\/2023\/02\/15\/confira-as-opcoes-de-bloquinhos-na-lapa\/","name":"Carnaval de rua na Lapa - Estad\u00e3o Expresso Bairros","isPartOf":{"@id":"https:\/\/expresso.estadao.com.br\/sao-paulo\/#website"},"primaryImageOfPage":{"@id":"https:\/\/expresso.estadao.com.br\/sao-paulo\/2023\/02\/15\/confira-as-opcoes-de-bloquinhos-na-lapa\/#primaryimage"},"image":{"@id":"https:\/\/expresso.estadao.com.br\/sao-paulo\/2023\/02\/15\/confira-as-opcoes-de-bloquinhos-na-lapa\/#primaryimage"},"thumbnailUrl":"https:\/\/expresso.estadao.com.br\/sao-paulo\/wp-content\/uploads\/2023\/02\/virada-cultural-3.jpg","datePublished":"2023-02-15T18:40:48+00:00","dateModified":"2023-07-06T14:50:47+00:00","author":{"@id":"https:\/\/expresso.estadao.com.br\/sao-paulo\/#\/schema\/person\/f45f9e313ba8cbe5af9424f387ddef42"},"description":"Entre os destaques do Carnaval de rua na Lapa, zona oeste, est\u00e3o o Bloco do Adorno, Bunytos de Corpo e o Gente Mi\u00fada","breadcrumb":{"@id":"https:\/\/expresso.estadao.com.br\/sao-paulo\/2023\/02\/15\/confira-as-opcoes-de-bloquinhos-na-lapa\/#breadcrumb"},"inLanguage":"pt-BR","potentialAction":[{"@type":"ReadAction","target":["https:\/\/expresso.estadao.com.br\/sao-paulo\/2023\/02\/15\/confira-as-opcoes-de-bloquinhos-na-lapa\/"]}]},{"@type":"ImageObject","inLanguage":"pt-BR","@id":"https:\/\/expresso.estadao.com.br\/sao-paulo\/2023\/02\/15\/confira-as-opcoes-de-bloquinhos-na-lapa\/#primaryimage","url":"https:\/\/expresso.estadao.com.br\/sao-paulo\/wp-content\/uploads\/2023\/02\/virada-cultural-3.jpg","contentUrl":"https:\/\/expresso.estadao.com.br\/sao-paulo\/wp-content\/uploads\/2023\/02\/virada-cultural-3.jpg","width":1190,"height":794},{"@type":"BreadcrumbList","@id":"https:\/\/expresso.estadao.com.br\/sao-paulo\/2023\/02\/15\/confira-as-opcoes-de-bloquinhos-na-lapa\/#breadcrumb","itemListElement":[{"@type":"ListItem","position":1,"name":"In\u00edcio","item":"https:\/\/expresso.estadao.com.br\/sao-paulo\/"},{"@type":"ListItem","position":2,"name":"Confira as op\u00e7\u00f5es de blocos para curtir o Carnaval na Lapa"}]},{"@type":"WebSite","@id":"https:\/\/expresso.estadao.com.br\/sao-paulo\/#website","url":"https:\/\/expresso.estadao.com.br\/sao-paulo\/","name":"Estad\u00e3o Expresso S\u00e3o Paulo","description":"Conte\u00fado de presta\u00e7\u00e3o de servi\u00e7o para que os moradores da cidade de S\u00e3o Paulo possam se informar melhor e usar de maneira mais eficaz os servi\u00e7os p\u00fablicos municipais.","potentialAction":[{"@type":"SearchAction","target":{"@type":"EntryPoint","urlTemplate":"https:\/\/expresso.estadao.com.br\/sao-paulo\/?s={search_term_string}"},"query-input":{"@type":"PropertyValueSpecification","valueRequired":true,"valueName":"search_term_string"}}],"inLanguage":"pt-BR"},{"@type":"Person","@id":"https:\/\/expresso.estadao.com.br\/sao-paulo\/#\/schema\/person\/f45f9e313ba8cbe5af9424f387ddef42","name":"fabio_bairros","image":{"@type":"ImageObject","inLanguage":"pt-BR","@id":"https:\/\/expresso.estadao.com.br\/sao-paulo\/#\/schema\/person\/image\/","url":"https:\/\/secure.gravatar.com\/avatar\/fbecca90befcfda9505216ce0dc87261326cb6644deb5861e7ab404061c24246?s=96&d=mm&r=g","contentUrl":"https:\/\/secure.gravatar.com\/avatar\/fbecca90befcfda9505216ce0dc87261326cb6644deb5861e7ab404061c24246?s=96&d=mm&r=g","caption":"fabio_bairros"}}]}},"_links":{"self":[{"href":"https:\/\/expresso.estadao.com.br\/sao-paulo\/wp-json\/wp\/v2\/posts\/3020","targetHints":{"allow":["GET"]}}],"collection":[{"href":"https:\/\/expresso.estadao.com.br\/sao-paulo\/wp-json\/wp\/v2\/posts"}],"about":[{"href":"https:\/\/expresso.estadao.com.br\/sao-paulo\/wp-json\/wp\/v2\/types\/post"}],"author":[{"embeddable":true,"href":"https:\/\/expresso.estadao.com.br\/sao-paulo\/wp-json\/wp\/v2\/users\/4"}],"replies":[{"embeddable":true,"href":"https:\/\/expresso.estadao.com.br\/sao-paulo\/wp-json\/wp\/v2\/comments?post=3020"}],"version-history":[{"count":7,"href":"https:\/\/expresso.estadao.com.br\/sao-paulo\/wp-json\/wp\/v2\/posts\/3020\/revisions"}],"predecessor-version":[{"id":3217,"href":"https:\/\/expresso.estadao.com.br\/sao-paulo\/wp-json\/wp\/v2\/posts\/3020\/revisions\/3217"}],"wp:featuredmedia":[{"embeddable":true,"href":"https:\/\/expresso.estadao.com.br\/sao-paulo\/wp-json\/wp\/v2\/media\/3115"}],"wp:attachment":[{"href":"https:\/\/expresso.estadao.com.br\/sao-paulo\/wp-json\/wp\/v2\/media?parent=3020"}],"wp:term":[{"taxonomy":"category","embeddable":true,"href":"https:\/\/expresso.estadao.com.br\/sao-paulo\/wp-json\/wp\/v2\/categories?post=3020"},{"taxonomy":"post_tag","embeddable":true,"href":"https:\/\/expresso.estadao.com.br\/sao-paulo\/wp-json\/wp\/v2\/tags?post=3020"}],"curies":[{"name":"wp","href":"https:\/\/api.w.org\/{rel}","templated":true}]}}